{"id":5890,"date":"2020-12-17T12:02:04","date_gmt":"2020-12-17T12:02:04","guid":{"rendered":"https:\/\/7culture.ci\/index.php\/2020\/12\/17\/le-couscous-entre-au-patrimoine-immateriel-de-lunesco\/"},"modified":"2020-12-17T12:02:04","modified_gmt":"2020-12-17T12:02:04","slug":"le-couscous-entre-au-patrimoine-immateriel-de-lunesco","status":"publish","type":"post","link":"https:\/\/7culture.ci\/index.php\/2020\/12\/17\/le-couscous-entre-au-patrimoine-immateriel-de-lunesco\/","title":{"rendered":"LE COUSCOUS ENTRE AU PATRIMOINE IMMATERIEL DE L\u2019UNESCO"},"content":{"rendered":"\n<p><strong><em>Le dossier \u00e9tait port\u00e9 par l\u2019Alg\u00e9rie, le Maroc, la Mauritanie et la Tunisie, pays qui se sont longtemps disput\u00e9 la paternit\u00e9 de ce plat ancestral.<\/em><\/strong><\/p>\n\n\n\n<p>Le couscous, plat embl\u00e9matique de l\u2019Afrique du Nord, est officiellement entr\u00e9 au patrimoine culturel immat\u00e9riel de l\u2019Unesco, mercredi 16 d\u00e9cembre, apr\u00e8s une candidature commune de quatre pays du Maghreb o\u00f9 les recettes de ce mets populaire se d\u00e9clinent \u00e0 l\u2019infini.<\/p>\n\n\n\n<figure class=\\\"wp-block-image size-large\\\"><img src=\\\"http:\/\/7culture.ci\/fbf\/uploads\/2020\/12\/Couscous2.jpg\\\" alt=\\\"\\\" class=\\\"wp-image-5893\\\"\/><\/figure>\n\n\n\n<p>Le dossier \u00ab Savoirs, savoir-faire et pratiques li\u00e9s \u00e0 la production et \u00e0 la consommation du couscous \u00bb a \u00e9t\u00e9 port\u00e9 par l\u2019Alg\u00e9rie, le Maroc, la Mauritanie et la Tunisie, pays qui se sont longtemps disput\u00e9 la paternit\u00e9 de ce plat ancestral \u00e0 base de semoule de bl\u00e9 dur, d\u2019orge ou de ma\u00efs, servi avec l\u00e9gumes et viande ou poisson savamment \u00e9pic\u00e9s. Mercredi, lors de la c\u00e9r\u00e9monie officielle retransmise sur le site web de l\u2019Unesco, les repr\u00e9sentants des quatre pays ont dit tour \u00e0 tour leur \u00ab <strong><em>joie<\/em><\/strong> \u00bb et leur \u00ab <strong><em>fiert\u00e9<\/em><\/strong> \u00bb pour cette reconnaissance gastronomique et culturelle.<\/p>\n\n\n\n<div class=\\\"wp-block-image\\\"><figure class=\\\"alignright size-large\\\"><img src=\\\"http:\/\/7culture.ci\/fbf\/uploads\/2020\/12\/Couscous4.jpg\\\" alt=\\\"\\\" class=\\\"wp-image-5894\\\"\/><\/figure><\/div>\n\n\n\n<p>Dans les quatre pays, \u00ab <strong><em>femmes et hommes, jeunes et moins jeunes, s\u00e9dentaires et nomades, issus du monde rural ou citadin ainsi que de l\u2019\u00e9migration <\/em><\/strong>\u00bb s\u2019identifient \u00e0 ce \u00ab <strong><em>mets embl\u00e9matique<\/em><\/strong> \u00bb propos\u00e9 dans les plus modestes restaurants et revisit\u00e9 par les plus grands chefs, selon le dossier de candidature. \u00ab <strong><em>L\u2019esprit du couscous est l\u2019expression de la vie en soci\u00e9t\u00e9<\/em><\/strong> \u00bb, souligne le dossier, qui ne donne aucune recette, information culinaire potentiellement sensible. Pr\u00e9sent \u00e0 tous les \u00e9v\u00e9nements familiaux ou culturels, que le moment soit \u00ab <strong><em>heureux ou tragique<\/em><\/strong> \u00bb, comme le rappelle le document, le plat ancestral a en effet autant de recettes que de noms. (\u2026).<\/p>\n\n\n\n<figure class=\\\"wp-block-image size-large\\\"><img src=\\\"http:\/\/7culture.ci\/fbf\/uploads\/2020\/12\/Couscous1-1024x682.jpg\\\" alt=\\\"\\\" class=\\\"wp-image-5895\\\"\/><\/figure>\n\n\n\n<p>Appel\u00e9 selon les r\u00e9gions \u2018\u2019seksou\u2019\u2019, \u2018\u2019kousksi\u2019\u2019, \u2018\u2019kseksou\u2019\u2019, le mot couscous est issu de la transcription latine des termes berb\u00e8res \u2018\u2019seksu\u2019\u2019, \u2018\u2019kuseksi\u2019\u2019 et \u2018\u2019kseksu\u2019\u2019. Certaines populations du Sahara l\u2019appellent \u2018\u2019ucu\u2019\u2019 (nourriture, en langue amazighe). En Alg\u00e9rie et en Tunisie, on le nomme aussi \u2018\u2019naama\u2019\u2019, ce qui pourrait signifier providence. Il appara\u00eet sous la forme \u2018\u2019kuskusi\u2019\u2019 dans les dictionnaires arabes \u00e0 partir du XIXe si\u00e8cle. (\u2026).<\/p>\n\n\n\n<p><\/p>\n\n\n\n<p>Par lemonde.fr<\/p>\n","protected":false},"excerpt":{"rendered":"<p>Le dossier \u00e9tait port\u00e9 par l\u2019Alg\u00e9rie, le Maroc, la Mauritanie et la Tunisie, pays qui se sont longtemps disput\u00e9 la paternit\u00e9 de ce plat ancestral. Le couscous, plat embl\u00e9matique de l\u2019Afrique du Nord, est officiellement entr\u00e9 au patrimoine culturel immat\u00e9riel de l\u2019Unesco, mercredi 16 d\u00e9cembre, apr\u00e8s une candidature commune de quatre pays du Maghreb o\u00f9 &hellip;<\/p>\n<p class=\"read-more\"> <a class=\"\" href=\"https:\/\/7culture.ci\/index.php\/2020\/12\/17\/le-couscous-entre-au-patrimoine-immateriel-de-lunesco\/\"> <span class=\"screen-reader-text\">LE COUSCOUS ENTRE AU PATRIMOINE IMMATERIEL DE L\u2019UNESCO<\/span> Lire la suite\u00a0\u00bb<\/a><\/p>\n","protected":false},"author":4,"featured_media":5892,"comment_status":"open","ping_status":"closed","sticky":false,"template":"","format":"standard","meta":{"_mi_skip_tracking":false,"_monsterinsights_sitenote_active":false,"_monsterinsights_sitenote_note":"","_monsterinsights_sitenote_category":0,"site-sidebar-layout":"default","site-content-layout":"default","ast-global-header-display":"","ast-main-header-display":"","ast-hfb-above-header-display":"","ast-hfb-below-header-display":"","ast-hfb-mobile-header-display":"","site-post-title":"","ast-breadcrumbs-content":"","ast-featured-img":"","footer-sml-layout":"","theme-transparent-header-meta":"","adv-header-id-meta":"","stick-header-meta":"","header-above-stick-meta":"","header-main-stick-meta":"","header-below-stick-meta":"","footnotes":"","jetpack_publicize_message":"","jetpack_is_tweetstorm":false,"jetpack_publicize_feature_enabled":true},"categories":[22],"tags":[],"jetpack_publicize_connections":[],"acf":[],"aioseo_notices":[],"yoast_head":"<!-- This site is optimized with the Yoast SEO plugin v19.6.1 - https:\/\/yoast.com\/wordpress\/plugins\/seo\/ -->\n<title>LE COUSCOUS ENTRE AU PATRIMOINE IMMATERIEL DE L\u2019UNESCO - 7culture<\/title>\n<meta name=\"robots\" content=\"index, follow, max-snippet:-1, max-image-preview:large, max-video-preview:-1\" \/>\n<link rel=\"canonical\" href=\"https:\/\/7culture.ci\/index.php\/2020\/12\/17\/le-couscous-entre-au-patrimoine-immateriel-de-lunesco\/\" \/>\n<meta property=\"og:locale\" content=\"fr_FR\" \/>\n<meta property=\"og:type\" content=\"article\" \/>\n<meta property=\"og:title\" content=\"LE COUSCOUS ENTRE AU PATRIMOINE IMMATERIEL DE L\u2019UNESCO - 7culture\" \/>\n<meta property=\"og:description\" content=\"Le dossier \u00e9tait port\u00e9 par l\u2019Alg\u00e9rie, le Maroc, la Mauritanie et la Tunisie, pays qui se sont longtemps disput\u00e9 la paternit\u00e9 de ce plat ancestral. Le couscous, plat embl\u00e9matique de l\u2019Afrique du Nord, est officiellement entr\u00e9 au patrimoine culturel immat\u00e9riel de l\u2019Unesco, mercredi 16 d\u00e9cembre, apr\u00e8s une candidature commune de quatre pays du Maghreb o\u00f9 &hellip; LE COUSCOUS ENTRE AU PATRIMOINE IMMATERIEL DE L\u2019UNESCO Lire la suite\u00a0\u00bb\" \/>\n<meta property=\"og:url\" content=\"https:\/\/7culture.ci\/index.php\/2020\/12\/17\/le-couscous-entre-au-patrimoine-immateriel-de-lunesco\/\" \/>\n<meta property=\"og:site_name\" content=\"7culture\" \/>\n<meta property=\"article:publisher\" content=\"https:\/\/www.facebook.com\/redchefclaude\" \/>\n<meta property=\"article:published_time\" content=\"2020-12-17T12:02:04+00:00\" \/>\n<meta name=\"author\" content=\"Waly Tani\" \/>\n<meta name=\"twitter:card\" content=\"summary_large_image\" \/>\n<meta name=\"twitter:creator\" content=\"@7culturec\" \/>\n<meta name=\"twitter:site\" content=\"@7culturec\" \/>\n<meta name=\"twitter:label1\" content=\"\u00c9crit par\" \/>\n\t<meta name=\"twitter:data1\" content=\"Waly Tani\" \/>\n\t<meta name=\"twitter:label2\" content=\"Dur\u00e9e de lecture estim\u00e9e\" \/>\n\t<meta name=\"twitter:data2\" content=\"2 minutes\" \/>\n<script type=\"application\/ld+json\" class=\"yoast-schema-graph\">{\"@context\":\"https:\/\/schema.org\",\"@graph\":[{\"@type\":\"Article\",\"@id\":\"https:\/\/7culture.ci\/index.php\/2020\/12\/17\/le-couscous-entre-au-patrimoine-immateriel-de-lunesco\/#article\",\"isPartOf\":{\"@id\":\"https:\/\/7culture.ci\/index.php\/2020\/12\/17\/le-couscous-entre-au-patrimoine-immateriel-de-lunesco\/\"},\"author\":{\"name\":\"Waly Tani\",\"@id\":\"https:\/\/7culture.ci\/#\/schema\/person\/ac6600b76b439b1d2b8a3b734da1a17b\"},\"headline\":\"LE COUSCOUS ENTRE AU PATRIMOINE IMMATERIEL DE L\u2019UNESCO\",\"datePublished\":\"2020-12-17T12:02:04+00:00\",\"dateModified\":\"2020-12-17T12:02:04+00:00\",\"mainEntityOfPage\":{\"@id\":\"https:\/\/7culture.ci\/index.php\/2020\/12\/17\/le-couscous-entre-au-patrimoine-immateriel-de-lunesco\/\"},\"wordCount\":362,\"commentCount\":0,\"publisher\":{\"@id\":\"https:\/\/7culture.ci\/#organization\"},\"articleSection\":[\"Actualit\u00e9\"],\"inLanguage\":\"fr-FR\",\"potentialAction\":[{\"@type\":\"CommentAction\",\"name\":\"Comment\",\"target\":[\"https:\/\/7culture.ci\/index.php\/2020\/12\/17\/le-couscous-entre-au-patrimoine-immateriel-de-lunesco\/#respond\"]}]},{\"@type\":\"WebPage\",\"@id\":\"https:\/\/7culture.ci\/index.php\/2020\/12\/17\/le-couscous-entre-au-patrimoine-immateriel-de-lunesco\/\",\"url\":\"https:\/\/7culture.ci\/index.php\/2020\/12\/17\/le-couscous-entre-au-patrimoine-immateriel-de-lunesco\/\",\"name\":\"LE COUSCOUS ENTRE AU PATRIMOINE IMMATERIEL DE L\u2019UNESCO - 7culture\",\"isPartOf\":{\"@id\":\"https:\/\/7culture.ci\/#website\"},\"datePublished\":\"2020-12-17T12:02:04+00:00\",\"dateModified\":\"2020-12-17T12:02:04+00:00\",\"breadcrumb\":{\"@id\":\"https:\/\/7culture.ci\/index.php\/2020\/12\/17\/le-couscous-entre-au-patrimoine-immateriel-de-lunesco\/#breadcrumb\"},\"inLanguage\":\"fr-FR\",\"potentialAction\":[{\"@type\":\"ReadAction\",\"target\":[\"https:\/\/7culture.ci\/index.php\/2020\/12\/17\/le-couscous-entre-au-patrimoine-immateriel-de-lunesco\/\"]}]},{\"@type\":\"BreadcrumbList\",\"@id\":\"https:\/\/7culture.ci\/index.php\/2020\/12\/17\/le-couscous-entre-au-patrimoine-immateriel-de-lunesco\/#breadcrumb\",\"itemListElement\":[{\"@type\":\"ListItem\",\"position\":1,\"name\":\"Accueil\",\"item\":\"https:\/\/7culture.ci\/\"},{\"@type\":\"ListItem\",\"position\":2,\"name\":\"LE COUSCOUS ENTRE AU PATRIMOINE IMMATERIEL DE L\u2019UNESCO\"}]},{\"@type\":\"WebSite\",\"@id\":\"https:\/\/7culture.ci\/#website\",\"url\":\"https:\/\/7culture.ci\/\",\"name\":\"7culture\",\"description\":\"Tout sur l&#039;actualit\u00e9\",\"publisher\":{\"@id\":\"https:\/\/7culture.ci\/#organization\"},\"potentialAction\":[{\"@type\":\"SearchAction\",\"target\":{\"@type\":\"EntryPoint\",\"urlTemplate\":\"https:\/\/7culture.ci\/?s={search_term_string}\"},\"query-input\":\"required name=search_term_string\"}],\"inLanguage\":\"fr-FR\"},{\"@type\":\"Organization\",\"@id\":\"https:\/\/7culture.ci\/#organization\",\"name\":\"7culture\",\"url\":\"https:\/\/7culture.ci\/\",\"sameAs\":[\"https:\/\/www.facebook.com\/redchefclaude\",\"https:\/\/twitter.com\/7culturec\"],\"logo\":{\"@type\":\"ImageObject\",\"inLanguage\":\"fr-FR\",\"@id\":\"https:\/\/7culture.ci\/#\/schema\/logo\/image\/\",\"url\":\"https:\/\/7culture.ci\/wp-content\/uploads\/2021\/12\/S1a-1.png\",\"contentUrl\":\"https:\/\/7culture.ci\/wp-content\/uploads\/2021\/12\/S1a-1.png\",\"width\":588,\"height\":192,\"caption\":\"7culture\"},\"image\":{\"@id\":\"https:\/\/7culture.ci\/#\/schema\/logo\/image\/\"}},{\"@type\":\"Person\",\"@id\":\"https:\/\/7culture.ci\/#\/schema\/person\/ac6600b76b439b1d2b8a3b734da1a17b\",\"name\":\"Waly Tani\",\"image\":{\"@type\":\"ImageObject\",\"inLanguage\":\"fr-FR\",\"@id\":\"https:\/\/7culture.ci\/#\/schema\/person\/image\/\",\"url\":\"https:\/\/secure.gravatar.com\/avatar\/f4ffa85bd7cfe6e4376efc1fd606cdb7?s=96&d=mm&r=g\",\"contentUrl\":\"https:\/\/secure.gravatar.com\/avatar\/f4ffa85bd7cfe6e4376efc1fd606cdb7?s=96&d=mm&r=g\",\"caption\":\"Waly Tani\"},\"url\":\"https:\/\/7culture.ci\/index.php\/author\/waly-tani\/\"}]}<\/script>\n<!-- \/ Yoast SEO plugin. -->","yoast_head_json":{"title":"LE COUSCOUS ENTRE AU PATRIMOINE IMMATERIEL DE L\u2019UNESCO - 7culture","robots":{"index":"index","follow":"follow","max-snippet":"max-snippet:-1","max-image-preview":"max-image-preview:large","max-video-preview":"max-video-preview:-1"},"canonical":"https:\/\/7culture.ci\/index.php\/2020\/12\/17\/le-couscous-entre-au-patrimoine-immateriel-de-lunesco\/","og_locale":"fr_FR","og_type":"article","og_title":"LE COUSCOUS ENTRE AU PATRIMOINE IMMATERIEL DE L\u2019UNESCO - 7culture","og_description":"Le dossier \u00e9tait port\u00e9 par l\u2019Alg\u00e9rie, le Maroc, la Mauritanie et la Tunisie, pays qui se sont longtemps disput\u00e9 la paternit\u00e9 de ce plat ancestral. Le couscous, plat embl\u00e9matique de l\u2019Afrique du Nord, est officiellement entr\u00e9 au patrimoine culturel immat\u00e9riel de l\u2019Unesco, mercredi 16 d\u00e9cembre, apr\u00e8s une candidature commune de quatre pays du Maghreb o\u00f9 &hellip; LE COUSCOUS ENTRE AU PATRIMOINE IMMATERIEL DE L\u2019UNESCO Lire la suite\u00a0\u00bb","og_url":"https:\/\/7culture.ci\/index.php\/2020\/12\/17\/le-couscous-entre-au-patrimoine-immateriel-de-lunesco\/","og_site_name":"7culture","article_publisher":"https:\/\/www.facebook.com\/redchefclaude","article_published_time":"2020-12-17T12:02:04+00:00","author":"Waly Tani","twitter_card":"summary_large_image","twitter_creator":"@7culturec","twitter_site":"@7culturec","twitter_misc":{"\u00c9crit par":"Waly Tani","Dur\u00e9e de lecture estim\u00e9e":"2 minutes"},"schema":{"@context":"https:\/\/schema.org","@graph":[{"@type":"Article","@id":"https:\/\/7culture.ci\/index.php\/2020\/12\/17\/le-couscous-entre-au-patrimoine-immateriel-de-lunesco\/#article","isPartOf":{"@id":"https:\/\/7culture.ci\/index.php\/2020\/12\/17\/le-couscous-entre-au-patrimoine-immateriel-de-lunesco\/"},"author":{"name":"Waly Tani","@id":"https:\/\/7culture.ci\/#\/schema\/person\/ac6600b76b439b1d2b8a3b734da1a17b"},"headline":"LE COUSCOUS ENTRE AU PATRIMOINE IMMATERIEL DE L\u2019UNESCO","datePublished":"2020-12-17T12:02:04+00:00","dateModified":"2020-12-17T12:02:04+00:00","mainEntityOfPage":{"@id":"https:\/\/7culture.ci\/index.php\/2020\/12\/17\/le-couscous-entre-au-patrimoine-immateriel-de-lunesco\/"},"wordCount":362,"commentCount":0,"publisher":{"@id":"https:\/\/7culture.ci\/#organization"},"articleSection":["Actualit\u00e9"],"inLanguage":"fr-FR","potentialAction":[{"@type":"CommentAction","name":"Comment","target":["https:\/\/7culture.ci\/index.php\/2020\/12\/17\/le-couscous-entre-au-patrimoine-immateriel-de-lunesco\/#respond"]}]},{"@type":"WebPage","@id":"https:\/\/7culture.ci\/index.php\/2020\/12\/17\/le-couscous-entre-au-patrimoine-immateriel-de-lunesco\/","url":"https:\/\/7culture.ci\/index.php\/2020\/12\/17\/le-couscous-entre-au-patrimoine-immateriel-de-lunesco\/","name":"LE COUSCOUS ENTRE AU PATRIMOINE IMMATERIEL DE L\u2019UNESCO - 7culture","isPartOf":{"@id":"https:\/\/7culture.ci\/#website"},"datePublished":"2020-12-17T12:02:04+00:00","dateModified":"2020-12-17T12:02:04+00:00","breadcrumb":{"@id":"https:\/\/7culture.ci\/index.php\/2020\/12\/17\/le-couscous-entre-au-patrimoine-immateriel-de-lunesco\/#breadcrumb"},"inLanguage":"fr-FR","potentialAction":[{"@type":"ReadAction","target":["https:\/\/7culture.ci\/index.php\/2020\/12\/17\/le-couscous-entre-au-patrimoine-immateriel-de-lunesco\/"]}]},{"@type":"BreadcrumbList","@id":"https:\/\/7culture.ci\/index.php\/2020\/12\/17\/le-couscous-entre-au-patrimoine-immateriel-de-lunesco\/#breadcrumb","itemListElement":[{"@type":"ListItem","position":1,"name":"Accueil","item":"https:\/\/7culture.ci\/"},{"@type":"ListItem","position":2,"name":"LE COUSCOUS ENTRE AU PATRIMOINE IMMATERIEL DE L\u2019UNESCO"}]},{"@type":"WebSite","@id":"https:\/\/7culture.ci\/#website","url":"https:\/\/7culture.ci\/","name":"7culture","description":"Tout sur l&#039;actualit\u00e9","publisher":{"@id":"https:\/\/7culture.ci\/#organization"},"potentialAction":[{"@type":"SearchAction","target":{"@type":"EntryPoint","urlTemplate":"https:\/\/7culture.ci\/?s={search_term_string}"},"query-input":"required name=search_term_string"}],"inLanguage":"fr-FR"},{"@type":"Organization","@id":"https:\/\/7culture.ci\/#organization","name":"7culture","url":"https:\/\/7culture.ci\/","sameAs":["https:\/\/www.facebook.com\/redchefclaude","https:\/\/twitter.com\/7culturec"],"logo":{"@type":"ImageObject","inLanguage":"fr-FR","@id":"https:\/\/7culture.ci\/#\/schema\/logo\/image\/","url":"https:\/\/7culture.ci\/wp-content\/uploads\/2021\/12\/S1a-1.png","contentUrl":"https:\/\/7culture.ci\/wp-content\/uploads\/2021\/12\/S1a-1.png","width":588,"height":192,"caption":"7culture"},"image":{"@id":"https:\/\/7culture.ci\/#\/schema\/logo\/image\/"}},{"@type":"Person","@id":"https:\/\/7culture.ci\/#\/schema\/person\/ac6600b76b439b1d2b8a3b734da1a17b","name":"Waly Tani","image":{"@type":"ImageObject","inLanguage":"fr-FR","@id":"https:\/\/7culture.ci\/#\/schema\/person\/image\/","url":"https:\/\/secure.gravatar.com\/avatar\/f4ffa85bd7cfe6e4376efc1fd606cdb7?s=96&d=mm&r=g","contentUrl":"https:\/\/secure.gravatar.com\/avatar\/f4ffa85bd7cfe6e4376efc1fd606cdb7?s=96&d=mm&r=g","caption":"Waly Tani"},"url":"https:\/\/7culture.ci\/index.php\/author\/waly-tani\/"}]}},"jetpack_featured_media_url":"","jetpack_likes_enabled":true,"jetpack_sharing_enabled":true,"_links":{"self":[{"href":"https:\/\/7culture.ci\/index.php\/wp-json\/wp\/v2\/posts\/5890"}],"collection":[{"href":"https:\/\/7culture.ci\/index.php\/wp-json\/wp\/v2\/posts"}],"about":[{"href":"https:\/\/7culture.ci\/index.php\/wp-json\/wp\/v2\/types\/post"}],"author":[{"embeddable":true,"href":"https:\/\/7culture.ci\/index.php\/wp-json\/wp\/v2\/users\/4"}],"replies":[{"embeddable":true,"href":"https:\/\/7culture.ci\/index.php\/wp-json\/wp\/v2\/comments?post=5890"}],"version-history":[{"count":0,"href":"https:\/\/7culture.ci\/index.php\/wp-json\/wp\/v2\/posts\/5890\/revisions"}],"wp:featuredmedia":[{"embeddable":true,"href":"https:\/\/7culture.ci\/index.php\/wp-json\/"}],"wp:attachment":[{"href":"https:\/\/7culture.ci\/index.php\/wp-json\/wp\/v2\/media?parent=5890"}],"wp:term":[{"taxonomy":"category","embeddable":true,"href":"https:\/\/7culture.ci\/index.php\/wp-json\/wp\/v2\/categories?post=5890"},{"taxonomy":"post_tag","embeddable":true,"href":"https:\/\/7culture.ci\/index.php\/wp-json\/wp\/v2\/tags?post=5890"}],"curies":[{"name":"wp","href":"https:\/\/api.w.org\/{rel}","templated":true}]}}