{"id":5802,"date":"2020-12-11T16:54:21","date_gmt":"2020-12-11T16:54:21","guid":{"rendered":"https:\/\/7culture.ci\/index.php\/2020\/12\/11\/le-realisateur-sud-coreen-kim-ki-duk-est-mort-de-la-covid-19\/"},"modified":"2020-12-11T16:54:21","modified_gmt":"2020-12-11T16:54:21","slug":"le-realisateur-sud-coreen-kim-ki-duk-est-mort-de-la-covid-19","status":"publish","type":"post","link":"https:\/\/7culture.ci\/index.php\/2020\/12\/11\/le-realisateur-sud-coreen-kim-ki-duk-est-mort-de-la-covid-19\/","title":{"rendered":"LE REALISATEUR SUD-COREEN KIM KI-DUK EST MORT DE LA COVID-19"},"content":{"rendered":"\n<p><strong><em>Le r\u00e9alisateur sud-cor\u00e9en Kim Ki-duk, qui avait notamment remport\u00e9 le Lion d\\&#8217;or \u00e0 Venise pour \u00abPieta\u00bb est d\u00e9c\u00e9d\u00e9 des suites de la Covid-19 \u00e0 l\\&#8217;\u00e2ge de 59 ans.<\/em><\/strong><\/p>\n\n\n\n<p>Le cin\u00e9aste sud-cor\u00e9en Kim Ki-duk est mort \u00e0 l\\&#8217;\u00e2ge de 59 ans. R\u00e9v\u00e9l\u00e9 par \u2018\u2019L\\&#8217;Ile\u2019\u2019 en 2000, il a connu le succ\u00e8s dans les festivals du monde entier, obtenant l\\&#8217;Ours d\\&#8217;argent du meilleur r\u00e9alisateur \u00e0 Berlin pour \u2018\u2019Samaria\u2019\u2019 en 2004, le Lion d\\&#8217;argent du meilleur r\u00e9alisateur \u00e0 la Mostra de Venise pour \u2018\u2019Locataires\u2019\u2019 \u00e9galement en 2004, le prix Un Certain Regard du Festival de Cannes en 2011 ainsi que le Lion d\\&#8217;or au Festival de Venise en 2012.<\/p>\n\n\n\n<p><\/p>\n\n\n\n<p>La fin de sa carri\u00e8re avait \u00e9t\u00e9 entach\u00e9e d\\&#8217;un scandale. En 2017, une actrice qui a gard\u00e9 l\\&#8217;anonymat, l\\&#8217;avait accus\u00e9 de l\\&#8217;avoir gifl\u00e9e et forc\u00e9e \u00e0 tourner des sc\u00e8nes de nu et de relations sexuelles qui n\\&#8217;\u00e9taient pas \u00e9crites dans le sc\u00e9nario de \u2018\u2019Moebius\u2019\u2019, sorti quatre ans auparavant. Elle avait au final \u00e9t\u00e9 remplac\u00e9e sur ce tournage et, traumatis\u00e9e par cette exp\u00e9rience, avait tourn\u00e9 la page du cin\u00e9ma. Le r\u00e9alisateur avait \u00e9t\u00e9 condamn\u00e9 \u00e0 payer une lourde amende.<\/p>\n\n\n\n<p>parismatch.com<\/p>\n\n\n\n<div class=\\\"wp-block-image\\\"><figure class=\\\"alignright size-large\\\"><img src=\\\"http:\/\/7culture.ci\/fbf\/uploads\/2020\/12\/Kim-Ki-duk2.jpg\\\" alt=\\\"\\\" class=\\\"wp-image-5805\\\"\/><\/figure><\/div>\n","protected":false},"excerpt":{"rendered":"<p>Le r\u00e9alisateur sud-cor\u00e9en Kim Ki-duk, qui avait notamment remport\u00e9 le Lion d\\&#8217;or \u00e0 Venise pour \u00abPieta\u00bb est d\u00e9c\u00e9d\u00e9 des suites de la Covid-19 \u00e0 l\\&#8217;\u00e2ge de 59 ans. Le cin\u00e9aste sud-cor\u00e9en Kim Ki-duk est mort \u00e0 l\\&#8217;\u00e2ge de 59 ans. R\u00e9v\u00e9l\u00e9 par \u2018\u2019L\\&#8217;Ile\u2019\u2019 en 2000, il a connu le succ\u00e8s dans les festivals du monde &hellip;<\/p>\n<p class=\"read-more\"> <a class=\"\" href=\"https:\/\/7culture.ci\/index.php\/2020\/12\/11\/le-realisateur-sud-coreen-kim-ki-duk-est-mort-de-la-covid-19\/\"> <span class=\"screen-reader-text\">LE REALISATEUR SUD-COREEN KIM KI-DUK EST MORT DE LA COVID-19<\/span> Lire la suite\u00a0\u00bb<\/a><\/p>\n","protected":false},"author":4,"featured_media":5804,"comment_status":"open","ping_status":"closed","sticky":false,"template":"","format":"standard","meta":{"_mi_skip_tracking":false,"_monsterinsights_sitenote_active":false,"_monsterinsights_sitenote_note":"","_monsterinsights_sitenote_category":0,"site-sidebar-layout":"default","site-content-layout":"default","ast-global-header-display":"","ast-main-header-display":"","ast-hfb-above-header-display":"","ast-hfb-below-header-display":"","ast-hfb-mobile-header-display":"","site-post-title":"","ast-breadcrumbs-content":"","ast-featured-img":"","footer-sml-layout":"","theme-transparent-header-meta":"","adv-header-id-meta":"","stick-header-meta":"","header-above-stick-meta":"","header-main-stick-meta":"","header-below-stick-meta":"","footnotes":"","jetpack_publicize_message":"","jetpack_is_tweetstorm":false,"jetpack_publicize_feature_enabled":true},"categories":[22,36],"tags":[],"jetpack_publicize_connections":[],"acf":[],"aioseo_notices":[],"yoast_head":"<!-- This site is optimized with the Yoast SEO plugin v19.6.1 - https:\/\/yoast.com\/wordpress\/plugins\/seo\/ -->\n<title>LE REALISATEUR SUD-COREEN KIM KI-DUK EST MORT DE LA COVID-19 - 7culture<\/title>\n<meta name=\"robots\" content=\"index, follow, max-snippet:-1, max-image-preview:large, max-video-preview:-1\" \/>\n<link rel=\"canonical\" href=\"https:\/\/7culture.ci\/index.php\/2020\/12\/11\/le-realisateur-sud-coreen-kim-ki-duk-est-mort-de-la-covid-19\/\" \/>\n<meta property=\"og:locale\" content=\"fr_FR\" \/>\n<meta property=\"og:type\" content=\"article\" \/>\n<meta property=\"og:title\" content=\"LE REALISATEUR SUD-COREEN KIM KI-DUK EST MORT DE LA COVID-19 - 7culture\" \/>\n<meta property=\"og:description\" content=\"Le r\u00e9alisateur sud-cor\u00e9en Kim Ki-duk, qui avait notamment remport\u00e9 le Lion d&#8217;or \u00e0 Venise pour \u00abPieta\u00bb est d\u00e9c\u00e9d\u00e9 des suites de la Covid-19 \u00e0 l&#8217;\u00e2ge de 59 ans. Le cin\u00e9aste sud-cor\u00e9en Kim Ki-duk est mort \u00e0 l&#8217;\u00e2ge de 59 ans. R\u00e9v\u00e9l\u00e9 par \u2018\u2019L&#8217;Ile\u2019\u2019 en 2000, il a connu le succ\u00e8s dans les festivals du monde &hellip; LE REALISATEUR SUD-COREEN KIM KI-DUK EST MORT DE LA COVID-19 Lire la suite\u00a0\u00bb\" \/>\n<meta property=\"og:url\" content=\"https:\/\/7culture.ci\/index.php\/2020\/12\/11\/le-realisateur-sud-coreen-kim-ki-duk-est-mort-de-la-covid-19\/\" \/>\n<meta property=\"og:site_name\" content=\"7culture\" \/>\n<meta property=\"article:publisher\" content=\"https:\/\/www.facebook.com\/redchefclaude\" \/>\n<meta property=\"article:published_time\" content=\"2020-12-11T16:54:21+00:00\" \/>\n<meta name=\"author\" content=\"Waly Tani\" \/>\n<meta name=\"twitter:card\" content=\"summary_large_image\" \/>\n<meta name=\"twitter:creator\" content=\"@7culturec\" \/>\n<meta name=\"twitter:site\" content=\"@7culturec\" \/>\n<meta name=\"twitter:label1\" content=\"\u00c9crit par\" \/>\n\t<meta name=\"twitter:data1\" content=\"Waly Tani\" \/>\n\t<meta name=\"twitter:label2\" content=\"Dur\u00e9e de lecture estim\u00e9e\" \/>\n\t<meta name=\"twitter:data2\" content=\"1 minute\" \/>\n<script type=\"application\/ld+json\" class=\"yoast-schema-graph\">{\"@context\":\"https:\/\/schema.org\",\"@graph\":[{\"@type\":\"Article\",\"@id\":\"https:\/\/7culture.ci\/index.php\/2020\/12\/11\/le-realisateur-sud-coreen-kim-ki-duk-est-mort-de-la-covid-19\/#article\",\"isPartOf\":{\"@id\":\"https:\/\/7culture.ci\/index.php\/2020\/12\/11\/le-realisateur-sud-coreen-kim-ki-duk-est-mort-de-la-covid-19\/\"},\"author\":{\"name\":\"Waly Tani\",\"@id\":\"https:\/\/7culture.ci\/#\/schema\/person\/ac6600b76b439b1d2b8a3b734da1a17b\"},\"headline\":\"LE REALISATEUR SUD-COREEN KIM KI-DUK EST MORT DE LA COVID-19\",\"datePublished\":\"2020-12-11T16:54:21+00:00\",\"dateModified\":\"2020-12-11T16:54:21+00:00\",\"mainEntityOfPage\":{\"@id\":\"https:\/\/7culture.ci\/index.php\/2020\/12\/11\/le-realisateur-sud-coreen-kim-ki-duk-est-mort-de-la-covid-19\/\"},\"wordCount\":219,\"commentCount\":0,\"publisher\":{\"@id\":\"https:\/\/7culture.ci\/#organization\"},\"articleSection\":[\"Actualit\u00e9\",\"Cin\u00e9ma\"],\"inLanguage\":\"fr-FR\",\"potentialAction\":[{\"@type\":\"CommentAction\",\"name\":\"Comment\",\"target\":[\"https:\/\/7culture.ci\/index.php\/2020\/12\/11\/le-realisateur-sud-coreen-kim-ki-duk-est-mort-de-la-covid-19\/#respond\"]}]},{\"@type\":\"WebPage\",\"@id\":\"https:\/\/7culture.ci\/index.php\/2020\/12\/11\/le-realisateur-sud-coreen-kim-ki-duk-est-mort-de-la-covid-19\/\",\"url\":\"https:\/\/7culture.ci\/index.php\/2020\/12\/11\/le-realisateur-sud-coreen-kim-ki-duk-est-mort-de-la-covid-19\/\",\"name\":\"LE REALISATEUR SUD-COREEN KIM KI-DUK EST MORT DE LA COVID-19 - 7culture\",\"isPartOf\":{\"@id\":\"https:\/\/7culture.ci\/#website\"},\"datePublished\":\"2020-12-11T16:54:21+00:00\",\"dateModified\":\"2020-12-11T16:54:21+00:00\",\"breadcrumb\":{\"@id\":\"https:\/\/7culture.ci\/index.php\/2020\/12\/11\/le-realisateur-sud-coreen-kim-ki-duk-est-mort-de-la-covid-19\/#breadcrumb\"},\"inLanguage\":\"fr-FR\",\"potentialAction\":[{\"@type\":\"ReadAction\",\"target\":[\"https:\/\/7culture.ci\/index.php\/2020\/12\/11\/le-realisateur-sud-coreen-kim-ki-duk-est-mort-de-la-covid-19\/\"]}]},{\"@type\":\"BreadcrumbList\",\"@id\":\"https:\/\/7culture.ci\/index.php\/2020\/12\/11\/le-realisateur-sud-coreen-kim-ki-duk-est-mort-de-la-covid-19\/#breadcrumb\",\"itemListElement\":[{\"@type\":\"ListItem\",\"position\":1,\"name\":\"Accueil\",\"item\":\"https:\/\/7culture.ci\/\"},{\"@type\":\"ListItem\",\"position\":2,\"name\":\"LE REALISATEUR SUD-COREEN KIM KI-DUK EST MORT DE LA COVID-19\"}]},{\"@type\":\"WebSite\",\"@id\":\"https:\/\/7culture.ci\/#website\",\"url\":\"https:\/\/7culture.ci\/\",\"name\":\"7culture\",\"description\":\"Tout sur l&#039;actualit\u00e9\",\"publisher\":{\"@id\":\"https:\/\/7culture.ci\/#organization\"},\"potentialAction\":[{\"@type\":\"SearchAction\",\"target\":{\"@type\":\"EntryPoint\",\"urlTemplate\":\"https:\/\/7culture.ci\/?s={search_term_string}\"},\"query-input\":\"required name=search_term_string\"}],\"inLanguage\":\"fr-FR\"},{\"@type\":\"Organization\",\"@id\":\"https:\/\/7culture.ci\/#organization\",\"name\":\"7culture\",\"url\":\"https:\/\/7culture.ci\/\",\"sameAs\":[\"https:\/\/www.facebook.com\/redchefclaude\",\"https:\/\/twitter.com\/7culturec\"],\"logo\":{\"@type\":\"ImageObject\",\"inLanguage\":\"fr-FR\",\"@id\":\"https:\/\/7culture.ci\/#\/schema\/logo\/image\/\",\"url\":\"https:\/\/7culture.ci\/wp-content\/uploads\/2021\/12\/S1a-1.png\",\"contentUrl\":\"https:\/\/7culture.ci\/wp-content\/uploads\/2021\/12\/S1a-1.png\",\"width\":588,\"height\":192,\"caption\":\"7culture\"},\"image\":{\"@id\":\"https:\/\/7culture.ci\/#\/schema\/logo\/image\/\"}},{\"@type\":\"Person\",\"@id\":\"https:\/\/7culture.ci\/#\/schema\/person\/ac6600b76b439b1d2b8a3b734da1a17b\",\"name\":\"Waly Tani\",\"image\":{\"@type\":\"ImageObject\",\"inLanguage\":\"fr-FR\",\"@id\":\"https:\/\/7culture.ci\/#\/schema\/person\/image\/\",\"url\":\"https:\/\/secure.gravatar.com\/avatar\/f4ffa85bd7cfe6e4376efc1fd606cdb7?s=96&d=mm&r=g\",\"contentUrl\":\"https:\/\/secure.gravatar.com\/avatar\/f4ffa85bd7cfe6e4376efc1fd606cdb7?s=96&d=mm&r=g\",\"caption\":\"Waly Tani\"},\"url\":\"https:\/\/7culture.ci\/index.php\/author\/waly-tani\/\"}]}<\/script>\n<!-- \/ Yoast SEO plugin. -->","yoast_head_json":{"title":"LE REALISATEUR SUD-COREEN KIM KI-DUK EST MORT DE LA COVID-19 - 7culture","robots":{"index":"index","follow":"follow","max-snippet":"max-snippet:-1","max-image-preview":"max-image-preview:large","max-video-preview":"max-video-preview:-1"},"canonical":"https:\/\/7culture.ci\/index.php\/2020\/12\/11\/le-realisateur-sud-coreen-kim-ki-duk-est-mort-de-la-covid-19\/","og_locale":"fr_FR","og_type":"article","og_title":"LE REALISATEUR SUD-COREEN KIM KI-DUK EST MORT DE LA COVID-19 - 7culture","og_description":"Le r\u00e9alisateur sud-cor\u00e9en Kim Ki-duk, qui avait notamment remport\u00e9 le Lion d&#8217;or \u00e0 Venise pour \u00abPieta\u00bb est d\u00e9c\u00e9d\u00e9 des suites de la Covid-19 \u00e0 l&#8217;\u00e2ge de 59 ans. Le cin\u00e9aste sud-cor\u00e9en Kim Ki-duk est mort \u00e0 l&#8217;\u00e2ge de 59 ans. R\u00e9v\u00e9l\u00e9 par \u2018\u2019L&#8217;Ile\u2019\u2019 en 2000, il a connu le succ\u00e8s dans les festivals du monde &hellip; LE REALISATEUR SUD-COREEN KIM KI-DUK EST MORT DE LA COVID-19 Lire la suite\u00a0\u00bb","og_url":"https:\/\/7culture.ci\/index.php\/2020\/12\/11\/le-realisateur-sud-coreen-kim-ki-duk-est-mort-de-la-covid-19\/","og_site_name":"7culture","article_publisher":"https:\/\/www.facebook.com\/redchefclaude","article_published_time":"2020-12-11T16:54:21+00:00","author":"Waly Tani","twitter_card":"summary_large_image","twitter_creator":"@7culturec","twitter_site":"@7culturec","twitter_misc":{"\u00c9crit par":"Waly Tani","Dur\u00e9e de lecture estim\u00e9e":"1 minute"},"schema":{"@context":"https:\/\/schema.org","@graph":[{"@type":"Article","@id":"https:\/\/7culture.ci\/index.php\/2020\/12\/11\/le-realisateur-sud-coreen-kim-ki-duk-est-mort-de-la-covid-19\/#article","isPartOf":{"@id":"https:\/\/7culture.ci\/index.php\/2020\/12\/11\/le-realisateur-sud-coreen-kim-ki-duk-est-mort-de-la-covid-19\/"},"author":{"name":"Waly Tani","@id":"https:\/\/7culture.ci\/#\/schema\/person\/ac6600b76b439b1d2b8a3b734da1a17b"},"headline":"LE REALISATEUR SUD-COREEN KIM KI-DUK EST MORT DE LA COVID-19","datePublished":"2020-12-11T16:54:21+00:00","dateModified":"2020-12-11T16:54:21+00:00","mainEntityOfPage":{"@id":"https:\/\/7culture.ci\/index.php\/2020\/12\/11\/le-realisateur-sud-coreen-kim-ki-duk-est-mort-de-la-covid-19\/"},"wordCount":219,"commentCount":0,"publisher":{"@id":"https:\/\/7culture.ci\/#organization"},"articleSection":["Actualit\u00e9","Cin\u00e9ma"],"inLanguage":"fr-FR","potentialAction":[{"@type":"CommentAction","name":"Comment","target":["https:\/\/7culture.ci\/index.php\/2020\/12\/11\/le-realisateur-sud-coreen-kim-ki-duk-est-mort-de-la-covid-19\/#respond"]}]},{"@type":"WebPage","@id":"https:\/\/7culture.ci\/index.php\/2020\/12\/11\/le-realisateur-sud-coreen-kim-ki-duk-est-mort-de-la-covid-19\/","url":"https:\/\/7culture.ci\/index.php\/2020\/12\/11\/le-realisateur-sud-coreen-kim-ki-duk-est-mort-de-la-covid-19\/","name":"LE REALISATEUR SUD-COREEN KIM KI-DUK EST MORT DE LA COVID-19 - 7culture","isPartOf":{"@id":"https:\/\/7culture.ci\/#website"},"datePublished":"2020-12-11T16:54:21+00:00","dateModified":"2020-12-11T16:54:21+00:00","breadcrumb":{"@id":"https:\/\/7culture.ci\/index.php\/2020\/12\/11\/le-realisateur-sud-coreen-kim-ki-duk-est-mort-de-la-covid-19\/#breadcrumb"},"inLanguage":"fr-FR","potentialAction":[{"@type":"ReadAction","target":["https:\/\/7culture.ci\/index.php\/2020\/12\/11\/le-realisateur-sud-coreen-kim-ki-duk-est-mort-de-la-covid-19\/"]}]},{"@type":"BreadcrumbList","@id":"https:\/\/7culture.ci\/index.php\/2020\/12\/11\/le-realisateur-sud-coreen-kim-ki-duk-est-mort-de-la-covid-19\/#breadcrumb","itemListElement":[{"@type":"ListItem","position":1,"name":"Accueil","item":"https:\/\/7culture.ci\/"},{"@type":"ListItem","position":2,"name":"LE REALISATEUR SUD-COREEN KIM KI-DUK EST MORT DE LA COVID-19"}]},{"@type":"WebSite","@id":"https:\/\/7culture.ci\/#website","url":"https:\/\/7culture.ci\/","name":"7culture","description":"Tout sur l&#039;actualit\u00e9","publisher":{"@id":"https:\/\/7culture.ci\/#organization"},"potentialAction":[{"@type":"SearchAction","target":{"@type":"EntryPoint","urlTemplate":"https:\/\/7culture.ci\/?s={search_term_string}"},"query-input":"required name=search_term_string"}],"inLanguage":"fr-FR"},{"@type":"Organization","@id":"https:\/\/7culture.ci\/#organization","name":"7culture","url":"https:\/\/7culture.ci\/","sameAs":["https:\/\/www.facebook.com\/redchefclaude","https:\/\/twitter.com\/7culturec"],"logo":{"@type":"ImageObject","inLanguage":"fr-FR","@id":"https:\/\/7culture.ci\/#\/schema\/logo\/image\/","url":"https:\/\/7culture.ci\/wp-content\/uploads\/2021\/12\/S1a-1.png","contentUrl":"https:\/\/7culture.ci\/wp-content\/uploads\/2021\/12\/S1a-1.png","width":588,"height":192,"caption":"7culture"},"image":{"@id":"https:\/\/7culture.ci\/#\/schema\/logo\/image\/"}},{"@type":"Person","@id":"https:\/\/7culture.ci\/#\/schema\/person\/ac6600b76b439b1d2b8a3b734da1a17b","name":"Waly Tani","image":{"@type":"ImageObject","inLanguage":"fr-FR","@id":"https:\/\/7culture.ci\/#\/schema\/person\/image\/","url":"https:\/\/secure.gravatar.com\/avatar\/f4ffa85bd7cfe6e4376efc1fd606cdb7?s=96&d=mm&r=g","contentUrl":"https:\/\/secure.gravatar.com\/avatar\/f4ffa85bd7cfe6e4376efc1fd606cdb7?s=96&d=mm&r=g","caption":"Waly Tani"},"url":"https:\/\/7culture.ci\/index.php\/author\/waly-tani\/"}]}},"jetpack_featured_media_url":"","jetpack_likes_enabled":true,"jetpack_sharing_enabled":true,"_links":{"self":[{"href":"https:\/\/7culture.ci\/index.php\/wp-json\/wp\/v2\/posts\/5802"}],"collection":[{"href":"https:\/\/7culture.ci\/index.php\/wp-json\/wp\/v2\/posts"}],"about":[{"href":"https:\/\/7culture.ci\/index.php\/wp-json\/wp\/v2\/types\/post"}],"author":[{"embeddable":true,"href":"https:\/\/7culture.ci\/index.php\/wp-json\/wp\/v2\/users\/4"}],"replies":[{"embeddable":true,"href":"https:\/\/7culture.ci\/index.php\/wp-json\/wp\/v2\/comments?post=5802"}],"version-history":[{"count":0,"href":"https:\/\/7culture.ci\/index.php\/wp-json\/wp\/v2\/posts\/5802\/revisions"}],"wp:featuredmedia":[{"embeddable":true,"href":"https:\/\/7culture.ci\/index.php\/wp-json\/"}],"wp:attachment":[{"href":"https:\/\/7culture.ci\/index.php\/wp-json\/wp\/v2\/media?parent=5802"}],"wp:term":[{"taxonomy":"category","embeddable":true,"href":"https:\/\/7culture.ci\/index.php\/wp-json\/wp\/v2\/categories?post=5802"},{"taxonomy":"post_tag","embeddable":true,"href":"https:\/\/7culture.ci\/index.php\/wp-json\/wp\/v2\/tags?post=5802"}],"curies":[{"name":"wp","href":"https:\/\/api.w.org\/{rel}","templated":true}]}}