{"id":5784,"date":"2020-12-11T12:51:20","date_gmt":"2020-12-11T12:51:20","guid":{"rendered":"https:\/\/7culture.ci\/index.php\/2020\/12\/11\/ppda-a-sa-fille-decedee-elle-laisse-toujours-un-grand-vide\/"},"modified":"2020-12-11T12:51:20","modified_gmt":"2020-12-11T12:51:20","slug":"ppda-a-sa-fille-decedee-elle-laisse-toujours-un-grand-vide","status":"publish","type":"post","link":"https:\/\/7culture.ci\/index.php\/2020\/12\/11\/ppda-a-sa-fille-decedee-elle-laisse-toujours-un-grand-vide\/","title":{"rendered":"PPDA A SA FILLE DECEDEE : \u00ab ELLE LAISSE TOUJOURS UN GRAND VIDE \u00bb"},"content":{"rendered":"\n<p><strong><em>L\u2019ancien pr\u00e9sentateur vedette du JT de 20h de TF1, Patrick Poivre d\\&#8217;Arvor, affole la toile aujourd\u2019hui avec une photo de sa fille Solenn, qui s\\&#8217;est suicid\u00e9e en 1995. Le p\u00e8re endeuill\u00e9 a twitt\u00e9 un texte \u00e9mouvant titr\u00e9 \u00ab Sa derni\u00e8re photo\u2026\u00bb le jour de naissance de sa fille.<\/em><\/strong><\/p>\n\n\n\n<div class=\\\"wp-block-image\\\"><figure class=\\\"aligncenter size-large\\\"><img src=\\\"http:\/\/7culture.ci\/fbf\/uploads\/2020\/12\/Solenn1.jpg\\\" alt=\\\"\\\" class=\\\"wp-image-5782\\\"\/><\/figure><\/div>\n\n\n\n<p>Cela aurait pu \u00eatre un jour heureux pour Patrick Poivre d\\&#8217;Arvor (PPDA). Mais, en twittant \u00e0 son anniversaire une photo de fille d\u00e9c\u00e9d\u00e9e, cela a r\u00e9veill\u00e9 des moments douloureux pour le journaliste soutenu par une cohorte d\u2019internautes.<\/p>\n\n\n\n<p>Atteinte d\\&#8217;anorexie mentale, Solenn aurait en effet 45 ans ce 11 d\u00e9cembre 2020 si elle ne s\u2019\u00e9tait suicid\u00e9e le 27 janvier 1995 \u00e0 19 ans en se jetant sous une rame de m\u00e9tro. Symbole de la lutte contre l\u2019anorexie mentale apr\u00e8s sa mort, l\\&#8217;h\u00f4pital Cochin de Paris a cr\u00e9\u00e9 en 2004, en son sein, la \u2018\u2019Maison de Solenn\u2019\u2019 qui accueille les adolescents souffrants de cette maladie.<\/p>\n\n\n\n<p>Fid\u00e8le sa tradition de bon p\u00e8re qui c\u00e9l\u00e8bre l\u2019anniversaire de ses enfants, PPDA se souvient chaque 11 d\u00e9cembre de sa fille Solenn. C\u2019est ainsi que ce jour, il publie un message poignant \u00e0 Solenn qui f\u00eaterait aujourd\\&#8217;hui ses 45 ans.<\/p>\n\n\n\n<p>\u00ab&nbsp;Sa derni\u00e8re photo&#8230;<\/p>\n\n\n\n<p>Solenn aurait 45 ans aujourd\\&#8217;hui. Elle laisse toujours un grand vide mais la Maison qui porte son nom est l\u00e0 pour soulager la d\u00e9tresse de ses petites s\u0153urs de souffrance&nbsp;\u00bb, twitte Patrick Poivre d\u2019Arvor.<\/p>\n\n\n\n<p><\/p>\n\n\n\n<p>Par Omar AK<\/p>\n","protected":false},"excerpt":{"rendered":"<p>L\u2019ancien pr\u00e9sentateur vedette du JT de 20h de TF1, Patrick Poivre d\\&#8217;Arvor, affole la toile aujourd\u2019hui avec une photo de sa fille Solenn, qui s\\&#8217;est suicid\u00e9e en 1995. Le p\u00e8re endeuill\u00e9 a twitt\u00e9 un texte \u00e9mouvant titr\u00e9 \u00ab Sa derni\u00e8re photo\u2026\u00bb le jour de naissance de sa fille. Cela aurait pu \u00eatre un jour heureux &hellip;<\/p>\n<p class=\"read-more\"> <a class=\"\" href=\"https:\/\/7culture.ci\/index.php\/2020\/12\/11\/ppda-a-sa-fille-decedee-elle-laisse-toujours-un-grand-vide\/\"> <span class=\"screen-reader-text\">PPDA A SA FILLE DECEDEE : \u00ab ELLE LAISSE TOUJOURS UN GRAND VIDE \u00bb<\/span> Lire la suite\u00a0\u00bb<\/a><\/p>\n","protected":false},"author":4,"featured_media":5781,"comment_status":"open","ping_status":"closed","sticky":false,"template":"","format":"standard","meta":{"_mi_skip_tracking":false,"_monsterinsights_sitenote_active":false,"_monsterinsights_sitenote_note":"","_monsterinsights_sitenote_category":0,"site-sidebar-layout":"default","site-content-layout":"default","ast-global-header-display":"","ast-main-header-display":"","ast-hfb-above-header-display":"","ast-hfb-below-header-display":"","ast-hfb-mobile-header-display":"","site-post-title":"","ast-breadcrumbs-content":"","ast-featured-img":"","footer-sml-layout":"","theme-transparent-header-meta":"","adv-header-id-meta":"","stick-header-meta":"","header-above-stick-meta":"","header-main-stick-meta":"","header-below-stick-meta":"","footnotes":"","jetpack_publicize_message":"","jetpack_is_tweetstorm":false,"jetpack_publicize_feature_enabled":true},"categories":[22,33],"tags":[],"jetpack_publicize_connections":[],"acf":[],"aioseo_notices":[],"yoast_head":"<!-- This site is optimized with the Yoast SEO plugin v19.6.1 - https:\/\/yoast.com\/wordpress\/plugins\/seo\/ -->\n<title>PPDA A SA FILLE DECEDEE : \u00ab ELLE LAISSE TOUJOURS UN GRAND VIDE \u00bb - 7culture<\/title>\n<meta name=\"robots\" content=\"index, follow, max-snippet:-1, max-image-preview:large, max-video-preview:-1\" \/>\n<link rel=\"canonical\" href=\"https:\/\/7culture.ci\/index.php\/2020\/12\/11\/ppda-a-sa-fille-decedee-elle-laisse-toujours-un-grand-vide\/\" \/>\n<meta property=\"og:locale\" content=\"fr_FR\" \/>\n<meta property=\"og:type\" content=\"article\" \/>\n<meta property=\"og:title\" content=\"PPDA A SA FILLE DECEDEE : \u00ab ELLE LAISSE TOUJOURS UN GRAND VIDE \u00bb - 7culture\" \/>\n<meta property=\"og:description\" content=\"L\u2019ancien pr\u00e9sentateur vedette du JT de 20h de TF1, Patrick Poivre d&#8217;Arvor, affole la toile aujourd\u2019hui avec une photo de sa fille Solenn, qui s&#8217;est suicid\u00e9e en 1995. Le p\u00e8re endeuill\u00e9 a twitt\u00e9 un texte \u00e9mouvant titr\u00e9 \u00ab Sa derni\u00e8re photo\u2026\u00bb le jour de naissance de sa fille. Cela aurait pu \u00eatre un jour heureux &hellip; PPDA A SA FILLE DECEDEE : \u00ab ELLE LAISSE TOUJOURS UN GRAND VIDE \u00bb Lire la suite\u00a0\u00bb\" \/>\n<meta property=\"og:url\" content=\"https:\/\/7culture.ci\/index.php\/2020\/12\/11\/ppda-a-sa-fille-decedee-elle-laisse-toujours-un-grand-vide\/\" \/>\n<meta property=\"og:site_name\" content=\"7culture\" \/>\n<meta property=\"article:publisher\" content=\"https:\/\/www.facebook.com\/redchefclaude\" \/>\n<meta property=\"article:published_time\" content=\"2020-12-11T12:51:20+00:00\" \/>\n<meta name=\"author\" content=\"Waly Tani\" \/>\n<meta name=\"twitter:card\" content=\"summary_large_image\" \/>\n<meta name=\"twitter:creator\" content=\"@7culturec\" \/>\n<meta name=\"twitter:site\" content=\"@7culturec\" \/>\n<meta name=\"twitter:label1\" content=\"\u00c9crit par\" \/>\n\t<meta name=\"twitter:data1\" content=\"Waly Tani\" \/>\n\t<meta name=\"twitter:label2\" content=\"Dur\u00e9e de lecture estim\u00e9e\" \/>\n\t<meta name=\"twitter:data2\" content=\"1 minute\" \/>\n<script type=\"application\/ld+json\" class=\"yoast-schema-graph\">{\"@context\":\"https:\/\/schema.org\",\"@graph\":[{\"@type\":\"Article\",\"@id\":\"https:\/\/7culture.ci\/index.php\/2020\/12\/11\/ppda-a-sa-fille-decedee-elle-laisse-toujours-un-grand-vide\/#article\",\"isPartOf\":{\"@id\":\"https:\/\/7culture.ci\/index.php\/2020\/12\/11\/ppda-a-sa-fille-decedee-elle-laisse-toujours-un-grand-vide\/\"},\"author\":{\"name\":\"Waly Tani\",\"@id\":\"https:\/\/7culture.ci\/#\/schema\/person\/ac6600b76b439b1d2b8a3b734da1a17b\"},\"headline\":\"PPDA A SA FILLE DECEDEE : \u00ab ELLE LAISSE TOUJOURS UN GRAND VIDE \u00bb\",\"datePublished\":\"2020-12-11T12:51:20+00:00\",\"dateModified\":\"2020-12-11T12:51:20+00:00\",\"mainEntityOfPage\":{\"@id\":\"https:\/\/7culture.ci\/index.php\/2020\/12\/11\/ppda-a-sa-fille-decedee-elle-laisse-toujours-un-grand-vide\/\"},\"wordCount\":266,\"commentCount\":0,\"publisher\":{\"@id\":\"https:\/\/7culture.ci\/#organization\"},\"articleSection\":[\"Actualit\u00e9\",\"M\u00e9dia\"],\"inLanguage\":\"fr-FR\",\"potentialAction\":[{\"@type\":\"CommentAction\",\"name\":\"Comment\",\"target\":[\"https:\/\/7culture.ci\/index.php\/2020\/12\/11\/ppda-a-sa-fille-decedee-elle-laisse-toujours-un-grand-vide\/#respond\"]}]},{\"@type\":\"WebPage\",\"@id\":\"https:\/\/7culture.ci\/index.php\/2020\/12\/11\/ppda-a-sa-fille-decedee-elle-laisse-toujours-un-grand-vide\/\",\"url\":\"https:\/\/7culture.ci\/index.php\/2020\/12\/11\/ppda-a-sa-fille-decedee-elle-laisse-toujours-un-grand-vide\/\",\"name\":\"PPDA A SA FILLE DECEDEE : \u00ab ELLE LAISSE TOUJOURS UN GRAND VIDE \u00bb - 7culture\",\"isPartOf\":{\"@id\":\"https:\/\/7culture.ci\/#website\"},\"datePublished\":\"2020-12-11T12:51:20+00:00\",\"dateModified\":\"2020-12-11T12:51:20+00:00\",\"breadcrumb\":{\"@id\":\"https:\/\/7culture.ci\/index.php\/2020\/12\/11\/ppda-a-sa-fille-decedee-elle-laisse-toujours-un-grand-vide\/#breadcrumb\"},\"inLanguage\":\"fr-FR\",\"potentialAction\":[{\"@type\":\"ReadAction\",\"target\":[\"https:\/\/7culture.ci\/index.php\/2020\/12\/11\/ppda-a-sa-fille-decedee-elle-laisse-toujours-un-grand-vide\/\"]}]},{\"@type\":\"BreadcrumbList\",\"@id\":\"https:\/\/7culture.ci\/index.php\/2020\/12\/11\/ppda-a-sa-fille-decedee-elle-laisse-toujours-un-grand-vide\/#breadcrumb\",\"itemListElement\":[{\"@type\":\"ListItem\",\"position\":1,\"name\":\"Accueil\",\"item\":\"https:\/\/7culture.ci\/\"},{\"@type\":\"ListItem\",\"position\":2,\"name\":\"PPDA A SA FILLE DECEDEE : \u00ab ELLE LAISSE TOUJOURS UN GRAND VIDE \u00bb\"}]},{\"@type\":\"WebSite\",\"@id\":\"https:\/\/7culture.ci\/#website\",\"url\":\"https:\/\/7culture.ci\/\",\"name\":\"7culture\",\"description\":\"Tout sur l&#039;actualit\u00e9\",\"publisher\":{\"@id\":\"https:\/\/7culture.ci\/#organization\"},\"potentialAction\":[{\"@type\":\"SearchAction\",\"target\":{\"@type\":\"EntryPoint\",\"urlTemplate\":\"https:\/\/7culture.ci\/?s={search_term_string}\"},\"query-input\":\"required name=search_term_string\"}],\"inLanguage\":\"fr-FR\"},{\"@type\":\"Organization\",\"@id\":\"https:\/\/7culture.ci\/#organization\",\"name\":\"7culture\",\"url\":\"https:\/\/7culture.ci\/\",\"sameAs\":[\"https:\/\/www.facebook.com\/redchefclaude\",\"https:\/\/twitter.com\/7culturec\"],\"logo\":{\"@type\":\"ImageObject\",\"inLanguage\":\"fr-FR\",\"@id\":\"https:\/\/7culture.ci\/#\/schema\/logo\/image\/\",\"url\":\"https:\/\/7culture.ci\/wp-content\/uploads\/2021\/12\/S1a-1.png\",\"contentUrl\":\"https:\/\/7culture.ci\/wp-content\/uploads\/2021\/12\/S1a-1.png\",\"width\":588,\"height\":192,\"caption\":\"7culture\"},\"image\":{\"@id\":\"https:\/\/7culture.ci\/#\/schema\/logo\/image\/\"}},{\"@type\":\"Person\",\"@id\":\"https:\/\/7culture.ci\/#\/schema\/person\/ac6600b76b439b1d2b8a3b734da1a17b\",\"name\":\"Waly Tani\",\"image\":{\"@type\":\"ImageObject\",\"inLanguage\":\"fr-FR\",\"@id\":\"https:\/\/7culture.ci\/#\/schema\/person\/image\/\",\"url\":\"https:\/\/secure.gravatar.com\/avatar\/f4ffa85bd7cfe6e4376efc1fd606cdb7?s=96&d=mm&r=g\",\"contentUrl\":\"https:\/\/secure.gravatar.com\/avatar\/f4ffa85bd7cfe6e4376efc1fd606cdb7?s=96&d=mm&r=g\",\"caption\":\"Waly Tani\"},\"url\":\"https:\/\/7culture.ci\/index.php\/author\/waly-tani\/\"}]}<\/script>\n<!-- \/ Yoast SEO plugin. -->","yoast_head_json":{"title":"PPDA A SA FILLE DECEDEE : \u00ab ELLE LAISSE TOUJOURS UN GRAND VIDE \u00bb - 7culture","robots":{"index":"index","follow":"follow","max-snippet":"max-snippet:-1","max-image-preview":"max-image-preview:large","max-video-preview":"max-video-preview:-1"},"canonical":"https:\/\/7culture.ci\/index.php\/2020\/12\/11\/ppda-a-sa-fille-decedee-elle-laisse-toujours-un-grand-vide\/","og_locale":"fr_FR","og_type":"article","og_title":"PPDA A SA FILLE DECEDEE : \u00ab ELLE LAISSE TOUJOURS UN GRAND VIDE \u00bb - 7culture","og_description":"L\u2019ancien pr\u00e9sentateur vedette du JT de 20h de TF1, Patrick Poivre d&#8217;Arvor, affole la toile aujourd\u2019hui avec une photo de sa fille Solenn, qui s&#8217;est suicid\u00e9e en 1995. Le p\u00e8re endeuill\u00e9 a twitt\u00e9 un texte \u00e9mouvant titr\u00e9 \u00ab Sa derni\u00e8re photo\u2026\u00bb le jour de naissance de sa fille. Cela aurait pu \u00eatre un jour heureux &hellip; PPDA A SA FILLE DECEDEE : \u00ab ELLE LAISSE TOUJOURS UN GRAND VIDE \u00bb Lire la suite\u00a0\u00bb","og_url":"https:\/\/7culture.ci\/index.php\/2020\/12\/11\/ppda-a-sa-fille-decedee-elle-laisse-toujours-un-grand-vide\/","og_site_name":"7culture","article_publisher":"https:\/\/www.facebook.com\/redchefclaude","article_published_time":"2020-12-11T12:51:20+00:00","author":"Waly Tani","twitter_card":"summary_large_image","twitter_creator":"@7culturec","twitter_site":"@7culturec","twitter_misc":{"\u00c9crit par":"Waly Tani","Dur\u00e9e de lecture estim\u00e9e":"1 minute"},"schema":{"@context":"https:\/\/schema.org","@graph":[{"@type":"Article","@id":"https:\/\/7culture.ci\/index.php\/2020\/12\/11\/ppda-a-sa-fille-decedee-elle-laisse-toujours-un-grand-vide\/#article","isPartOf":{"@id":"https:\/\/7culture.ci\/index.php\/2020\/12\/11\/ppda-a-sa-fille-decedee-elle-laisse-toujours-un-grand-vide\/"},"author":{"name":"Waly Tani","@id":"https:\/\/7culture.ci\/#\/schema\/person\/ac6600b76b439b1d2b8a3b734da1a17b"},"headline":"PPDA A SA FILLE DECEDEE : \u00ab ELLE LAISSE TOUJOURS UN GRAND VIDE \u00bb","datePublished":"2020-12-11T12:51:20+00:00","dateModified":"2020-12-11T12:51:20+00:00","mainEntityOfPage":{"@id":"https:\/\/7culture.ci\/index.php\/2020\/12\/11\/ppda-a-sa-fille-decedee-elle-laisse-toujours-un-grand-vide\/"},"wordCount":266,"commentCount":0,"publisher":{"@id":"https:\/\/7culture.ci\/#organization"},"articleSection":["Actualit\u00e9","M\u00e9dia"],"inLanguage":"fr-FR","potentialAction":[{"@type":"CommentAction","name":"Comment","target":["https:\/\/7culture.ci\/index.php\/2020\/12\/11\/ppda-a-sa-fille-decedee-elle-laisse-toujours-un-grand-vide\/#respond"]}]},{"@type":"WebPage","@id":"https:\/\/7culture.ci\/index.php\/2020\/12\/11\/ppda-a-sa-fille-decedee-elle-laisse-toujours-un-grand-vide\/","url":"https:\/\/7culture.ci\/index.php\/2020\/12\/11\/ppda-a-sa-fille-decedee-elle-laisse-toujours-un-grand-vide\/","name":"PPDA A SA FILLE DECEDEE : \u00ab ELLE LAISSE TOUJOURS UN GRAND VIDE \u00bb - 7culture","isPartOf":{"@id":"https:\/\/7culture.ci\/#website"},"datePublished":"2020-12-11T12:51:20+00:00","dateModified":"2020-12-11T12:51:20+00:00","breadcrumb":{"@id":"https:\/\/7culture.ci\/index.php\/2020\/12\/11\/ppda-a-sa-fille-decedee-elle-laisse-toujours-un-grand-vide\/#breadcrumb"},"inLanguage":"fr-FR","potentialAction":[{"@type":"ReadAction","target":["https:\/\/7culture.ci\/index.php\/2020\/12\/11\/ppda-a-sa-fille-decedee-elle-laisse-toujours-un-grand-vide\/"]}]},{"@type":"BreadcrumbList","@id":"https:\/\/7culture.ci\/index.php\/2020\/12\/11\/ppda-a-sa-fille-decedee-elle-laisse-toujours-un-grand-vide\/#breadcrumb","itemListElement":[{"@type":"ListItem","position":1,"name":"Accueil","item":"https:\/\/7culture.ci\/"},{"@type":"ListItem","position":2,"name":"PPDA A SA FILLE DECEDEE : \u00ab ELLE LAISSE TOUJOURS UN GRAND VIDE \u00bb"}]},{"@type":"WebSite","@id":"https:\/\/7culture.ci\/#website","url":"https:\/\/7culture.ci\/","name":"7culture","description":"Tout sur l&#039;actualit\u00e9","publisher":{"@id":"https:\/\/7culture.ci\/#organization"},"potentialAction":[{"@type":"SearchAction","target":{"@type":"EntryPoint","urlTemplate":"https:\/\/7culture.ci\/?s={search_term_string}"},"query-input":"required name=search_term_string"}],"inLanguage":"fr-FR"},{"@type":"Organization","@id":"https:\/\/7culture.ci\/#organization","name":"7culture","url":"https:\/\/7culture.ci\/","sameAs":["https:\/\/www.facebook.com\/redchefclaude","https:\/\/twitter.com\/7culturec"],"logo":{"@type":"ImageObject","inLanguage":"fr-FR","@id":"https:\/\/7culture.ci\/#\/schema\/logo\/image\/","url":"https:\/\/7culture.ci\/wp-content\/uploads\/2021\/12\/S1a-1.png","contentUrl":"https:\/\/7culture.ci\/wp-content\/uploads\/2021\/12\/S1a-1.png","width":588,"height":192,"caption":"7culture"},"image":{"@id":"https:\/\/7culture.ci\/#\/schema\/logo\/image\/"}},{"@type":"Person","@id":"https:\/\/7culture.ci\/#\/schema\/person\/ac6600b76b439b1d2b8a3b734da1a17b","name":"Waly Tani","image":{"@type":"ImageObject","inLanguage":"fr-FR","@id":"https:\/\/7culture.ci\/#\/schema\/person\/image\/","url":"https:\/\/secure.gravatar.com\/avatar\/f4ffa85bd7cfe6e4376efc1fd606cdb7?s=96&d=mm&r=g","contentUrl":"https:\/\/secure.gravatar.com\/avatar\/f4ffa85bd7cfe6e4376efc1fd606cdb7?s=96&d=mm&r=g","caption":"Waly Tani"},"url":"https:\/\/7culture.ci\/index.php\/author\/waly-tani\/"}]}},"jetpack_featured_media_url":"","jetpack_likes_enabled":true,"jetpack_sharing_enabled":true,"_links":{"self":[{"href":"https:\/\/7culture.ci\/index.php\/wp-json\/wp\/v2\/posts\/5784"}],"collection":[{"href":"https:\/\/7culture.ci\/index.php\/wp-json\/wp\/v2\/posts"}],"about":[{"href":"https:\/\/7culture.ci\/index.php\/wp-json\/wp\/v2\/types\/post"}],"author":[{"embeddable":true,"href":"https:\/\/7culture.ci\/index.php\/wp-json\/wp\/v2\/users\/4"}],"replies":[{"embeddable":true,"href":"https:\/\/7culture.ci\/index.php\/wp-json\/wp\/v2\/comments?post=5784"}],"version-history":[{"count":0,"href":"https:\/\/7culture.ci\/index.php\/wp-json\/wp\/v2\/posts\/5784\/revisions"}],"wp:featuredmedia":[{"embeddable":true,"href":"https:\/\/7culture.ci\/index.php\/wp-json\/"}],"wp:attachment":[{"href":"https:\/\/7culture.ci\/index.php\/wp-json\/wp\/v2\/media?parent=5784"}],"wp:term":[{"taxonomy":"category","embeddable":true,"href":"https:\/\/7culture.ci\/index.php\/wp-json\/wp\/v2\/categories?post=5784"},{"taxonomy":"post_tag","embeddable":true,"href":"https:\/\/7culture.ci\/index.php\/wp-json\/wp\/v2\/tags?post=5784"}],"curies":[{"name":"wp","href":"https:\/\/api.w.org\/{rel}","templated":true}]}}