{"id":5773,"date":"2020-12-11T10:44:02","date_gmt":"2020-12-11T10:44:02","guid":{"rendered":"https:\/\/7culture.ci\/index.php\/2020\/12\/11\/africa-2020-lafrique-en-scene-avec-ses-artistes-ses-intellectuels-et-ses-entrepreneurs-qui-font-le-continent\/"},"modified":"2020-12-11T10:44:02","modified_gmt":"2020-12-11T10:44:02","slug":"africa-2020-lafrique-en-scene-avec-ses-artistes-ses-intellectuels-et-ses-entrepreneurs-qui-font-le-continent","status":"publish","type":"post","link":"https:\/\/7culture.ci\/index.php\/2020\/12\/11\/africa-2020-lafrique-en-scene-avec-ses-artistes-ses-intellectuels-et-ses-entrepreneurs-qui-font-le-continent\/","title":{"rendered":"AFRICA 2020 : L\u2019AFRIQUE EN SC\u00c8NE AVEC SES ARTISTES, SES INTELLECTUELS ET SES ENTREPRENEURS QUI FONT LE CONTINENT."},"content":{"rendered":"\n<p><strong><em>Africa 2020, initi\u00e9 par le pr\u00e9sident fran\u00e7ais Emmanuel Macron et d\u00e9di\u00e9 aux 54 Etats du continent d\u00e9marre ce mois de d\u00e9cembre pour s\u2019achever au mois de juillet de l\u2019ann\u00e9e prochaine. Projet hors norme comme on l\u2019imagine ais\u00e9ment, Africa 2020 est une tribune offerte aux artistes, aux intellectuels et aux entrepreneurs africains pour montrer au public fran\u00e7ais la richesse et la cr\u00e9ativit\u00e9 du continent africain.<\/em><\/strong><\/p>\n\n\n\n<p>De ce mois d\u00e9cembre \u00e0 juillet 2021, ce sont plus de 200 \u00e9v\u00e9nements qui seront organis\u00e9s dans toute la France, autour des grands d\u00e9fis du 21<sup>\u00e8me<\/sup> \u00a0si\u00e8cle. A travers le cin\u00e9ma, la musique, les arts plastiques, les arts visuels, les arts vivants, la litt\u00e9rature, l\u2019histoire et certainement la gastronomie\u2026 le public fran\u00e7ais est invit\u00e9 \u00e0 d\u00e9couvrir ou red\u00e9couvre la richesse cr\u00e9ative, artistique, culturelle et entrepreneuriale du continent. Tr\u00e8s grande opportunit\u00e9, Africa 2020 offre pour aux africains non politiques, une tribune d\u2019\u00e9changes, de parler directement aux fran\u00e7ais. Un dialogue presque direct qui va se d\u00e9rouler sans interm\u00e9diaire si ce n\u2019est le talent, la dext\u00e9rit\u00e9, le savoir-faire et le savoir-\u00eatre.<\/p>\n\n\n\n<figure class=\\\"wp-block-image size-large\\\"><img src=\\\"http:\/\/7culture.ci\/fbf\/uploads\/2020\/07\/Florence-Kouakou.jpg\\\" alt=\\\"\\\" class=\\\"wp-image-5771\\\"\/><figcaption><em><strong>Lettres africaines seront de la partie&#8230;<\/strong><\/em><\/figcaption><\/figure>\n\n\n\n<p>Comme le dit si bien chef Lalaina, ce grand nom de la cuisine Malgache, Africa 2020 est une occasion pour : <strong>\u00ab\u00a0<\/strong><em><strong>Mettre en valeur la cuisine traditionnelle malgache et montrer aux Fran\u00e7ais qu\u2019avec des produits des pauvres, qu\u2019on ne trouve plus dans les restaurants, comme les patates ou le taro<\/strong><\/em><strong>\u00a0(tubercule),\u00a0<\/strong><em><strong>on peut en faire des repas tr\u00e8s gastronomiques <\/strong><\/em><strong>\u00bb. <\/strong>Sans aucun doute, Africa 2020 apparait comme une invitation de l\u2019Afrique \u00e0 l\u2019endroit de l\u2019occident, mais aussi \u00e0 elle-m\u00eame, \u00e0 regarder et \u00e0 comprendre le monde d\u2019un point de vue\u2026 africain.<\/p>\n\n\n\n<p>RFI.fr<\/p>\n","protected":false},"excerpt":{"rendered":"<p>Africa 2020, initi\u00e9 par le pr\u00e9sident fran\u00e7ais Emmanuel Macron et d\u00e9di\u00e9 aux 54 Etats du continent d\u00e9marre ce mois de d\u00e9cembre pour s\u2019achever au mois de juillet de l\u2019ann\u00e9e prochaine. Projet hors norme comme on l\u2019imagine ais\u00e9ment, Africa 2020 est une tribune offerte aux artistes, aux intellectuels et aux entrepreneurs africains pour montrer au public &hellip;<\/p>\n<p class=\"read-more\"> <a class=\"\" href=\"https:\/\/7culture.ci\/index.php\/2020\/12\/11\/africa-2020-lafrique-en-scene-avec-ses-artistes-ses-intellectuels-et-ses-entrepreneurs-qui-font-le-continent\/\"> <span class=\"screen-reader-text\">AFRICA 2020 : L\u2019AFRIQUE EN SC\u00c8NE AVEC SES ARTISTES, SES INTELLECTUELS ET SES ENTREPRENEURS QUI FONT LE CONTINENT.<\/span> Lire la suite\u00a0\u00bb<\/a><\/p>\n","protected":false},"author":2,"featured_media":5776,"comment_status":"open","ping_status":"closed","sticky":false,"template":"","format":"standard","meta":{"_mi_skip_tracking":false,"_monsterinsights_sitenote_active":false,"_monsterinsights_sitenote_note":"","_monsterinsights_sitenote_category":0,"site-sidebar-layout":"default","site-content-layout":"default","ast-global-header-display":"","ast-main-header-display":"","ast-hfb-above-header-display":"","ast-hfb-below-header-display":"","ast-hfb-mobile-header-display":"","site-post-title":"","ast-breadcrumbs-content":"","ast-featured-img":"","footer-sml-layout":"","theme-transparent-header-meta":"","adv-header-id-meta":"","stick-header-meta":"","header-above-stick-meta":"","header-main-stick-meta":"","header-below-stick-meta":"","footnotes":"","jetpack_publicize_message":"","jetpack_is_tweetstorm":false,"jetpack_publicize_feature_enabled":true},"categories":[22],"tags":[],"jetpack_publicize_connections":[],"acf":[],"aioseo_notices":[],"yoast_head":"<!-- This site is optimized with the Yoast SEO plugin v19.6.1 - https:\/\/yoast.com\/wordpress\/plugins\/seo\/ -->\n<title>AFRICA 2020 : L\u2019AFRIQUE EN SC\u00c8NE AVEC SES ARTISTES, SES INTELLECTUELS ET SES ENTREPRENEURS QUI FONT LE CONTINENT. - 7culture<\/title>\n<meta name=\"robots\" content=\"index, follow, max-snippet:-1, max-image-preview:large, max-video-preview:-1\" \/>\n<link rel=\"canonical\" href=\"https:\/\/7culture.ci\/index.php\/2020\/12\/11\/africa-2020-lafrique-en-scene-avec-ses-artistes-ses-intellectuels-et-ses-entrepreneurs-qui-font-le-continent\/\" \/>\n<meta property=\"og:locale\" content=\"fr_FR\" \/>\n<meta property=\"og:type\" content=\"article\" \/>\n<meta property=\"og:title\" content=\"AFRICA 2020 : L\u2019AFRIQUE EN SC\u00c8NE AVEC SES ARTISTES, SES INTELLECTUELS ET SES ENTREPRENEURS QUI FONT LE CONTINENT. - 7culture\" \/>\n<meta property=\"og:description\" content=\"Africa 2020, initi\u00e9 par le pr\u00e9sident fran\u00e7ais Emmanuel Macron et d\u00e9di\u00e9 aux 54 Etats du continent d\u00e9marre ce mois de d\u00e9cembre pour s\u2019achever au mois de juillet de l\u2019ann\u00e9e prochaine. Projet hors norme comme on l\u2019imagine ais\u00e9ment, Africa 2020 est une tribune offerte aux artistes, aux intellectuels et aux entrepreneurs africains pour montrer au public &hellip; AFRICA 2020 : L\u2019AFRIQUE EN SC\u00c8NE AVEC SES ARTISTES, SES INTELLECTUELS ET SES ENTREPRENEURS QUI FONT LE CONTINENT. Lire la suite\u00a0\u00bb\" \/>\n<meta property=\"og:url\" content=\"https:\/\/7culture.ci\/index.php\/2020\/12\/11\/africa-2020-lafrique-en-scene-avec-ses-artistes-ses-intellectuels-et-ses-entrepreneurs-qui-font-le-continent\/\" \/>\n<meta property=\"og:site_name\" content=\"7culture\" \/>\n<meta property=\"article:publisher\" content=\"https:\/\/www.facebook.com\/redchefclaude\" \/>\n<meta property=\"article:published_time\" content=\"2020-12-11T10:44:02+00:00\" \/>\n<meta name=\"author\" content=\"Claude Kipre\" \/>\n<meta name=\"twitter:card\" content=\"summary_large_image\" \/>\n<meta name=\"twitter:creator\" content=\"@7culturec\" \/>\n<meta name=\"twitter:site\" content=\"@7culturec\" \/>\n<meta name=\"twitter:label1\" content=\"\u00c9crit par\" \/>\n\t<meta name=\"twitter:data1\" content=\"Claude Kipre\" \/>\n\t<meta name=\"twitter:label2\" content=\"Dur\u00e9e de lecture estim\u00e9e\" \/>\n\t<meta name=\"twitter:data2\" content=\"1 minute\" \/>\n<script type=\"application\/ld+json\" class=\"yoast-schema-graph\">{\"@context\":\"https:\/\/schema.org\",\"@graph\":[{\"@type\":\"Article\",\"@id\":\"https:\/\/7culture.ci\/index.php\/2020\/12\/11\/africa-2020-lafrique-en-scene-avec-ses-artistes-ses-intellectuels-et-ses-entrepreneurs-qui-font-le-continent\/#article\",\"isPartOf\":{\"@id\":\"https:\/\/7culture.ci\/index.php\/2020\/12\/11\/africa-2020-lafrique-en-scene-avec-ses-artistes-ses-intellectuels-et-ses-entrepreneurs-qui-font-le-continent\/\"},\"author\":{\"name\":\"Claude Kipre\",\"@id\":\"https:\/\/7culture.ci\/#\/schema\/person\/64b5687ef9752cd031e11e98f4fd60b6\"},\"headline\":\"AFRICA 2020 : L\u2019AFRIQUE EN SC\u00c8NE AVEC SES ARTISTES, SES INTELLECTUELS ET SES ENTREPRENEURS QUI FONT LE CONTINENT.\",\"datePublished\":\"2020-12-11T10:44:02+00:00\",\"dateModified\":\"2020-12-11T10:44:02+00:00\",\"mainEntityOfPage\":{\"@id\":\"https:\/\/7culture.ci\/index.php\/2020\/12\/11\/africa-2020-lafrique-en-scene-avec-ses-artistes-ses-intellectuels-et-ses-entrepreneurs-qui-font-le-continent\/\"},\"wordCount\":314,\"commentCount\":0,\"publisher\":{\"@id\":\"https:\/\/7culture.ci\/#organization\"},\"articleSection\":[\"Actualit\u00e9\"],\"inLanguage\":\"fr-FR\",\"potentialAction\":[{\"@type\":\"CommentAction\",\"name\":\"Comment\",\"target\":[\"https:\/\/7culture.ci\/index.php\/2020\/12\/11\/africa-2020-lafrique-en-scene-avec-ses-artistes-ses-intellectuels-et-ses-entrepreneurs-qui-font-le-continent\/#respond\"]}]},{\"@type\":\"WebPage\",\"@id\":\"https:\/\/7culture.ci\/index.php\/2020\/12\/11\/africa-2020-lafrique-en-scene-avec-ses-artistes-ses-intellectuels-et-ses-entrepreneurs-qui-font-le-continent\/\",\"url\":\"https:\/\/7culture.ci\/index.php\/2020\/12\/11\/africa-2020-lafrique-en-scene-avec-ses-artistes-ses-intellectuels-et-ses-entrepreneurs-qui-font-le-continent\/\",\"name\":\"AFRICA 2020 : L\u2019AFRIQUE EN SC\u00c8NE AVEC SES ARTISTES, SES INTELLECTUELS ET SES ENTREPRENEURS QUI FONT LE CONTINENT. - 7culture\",\"isPartOf\":{\"@id\":\"https:\/\/7culture.ci\/#website\"},\"datePublished\":\"2020-12-11T10:44:02+00:00\",\"dateModified\":\"2020-12-11T10:44:02+00:00\",\"breadcrumb\":{\"@id\":\"https:\/\/7culture.ci\/index.php\/2020\/12\/11\/africa-2020-lafrique-en-scene-avec-ses-artistes-ses-intellectuels-et-ses-entrepreneurs-qui-font-le-continent\/#breadcrumb\"},\"inLanguage\":\"fr-FR\",\"potentialAction\":[{\"@type\":\"ReadAction\",\"target\":[\"https:\/\/7culture.ci\/index.php\/2020\/12\/11\/africa-2020-lafrique-en-scene-avec-ses-artistes-ses-intellectuels-et-ses-entrepreneurs-qui-font-le-continent\/\"]}]},{\"@type\":\"BreadcrumbList\",\"@id\":\"https:\/\/7culture.ci\/index.php\/2020\/12\/11\/africa-2020-lafrique-en-scene-avec-ses-artistes-ses-intellectuels-et-ses-entrepreneurs-qui-font-le-continent\/#breadcrumb\",\"itemListElement\":[{\"@type\":\"ListItem\",\"position\":1,\"name\":\"Accueil\",\"item\":\"https:\/\/7culture.ci\/\"},{\"@type\":\"ListItem\",\"position\":2,\"name\":\"AFRICA 2020 : L\u2019AFRIQUE EN SC\u00c8NE AVEC SES ARTISTES, SES INTELLECTUELS ET SES ENTREPRENEURS QUI FONT LE CONTINENT.\"}]},{\"@type\":\"WebSite\",\"@id\":\"https:\/\/7culture.ci\/#website\",\"url\":\"https:\/\/7culture.ci\/\",\"name\":\"7culture\",\"description\":\"Tout sur l&#039;actualit\u00e9\",\"publisher\":{\"@id\":\"https:\/\/7culture.ci\/#organization\"},\"potentialAction\":[{\"@type\":\"SearchAction\",\"target\":{\"@type\":\"EntryPoint\",\"urlTemplate\":\"https:\/\/7culture.ci\/?s={search_term_string}\"},\"query-input\":\"required name=search_term_string\"}],\"inLanguage\":\"fr-FR\"},{\"@type\":\"Organization\",\"@id\":\"https:\/\/7culture.ci\/#organization\",\"name\":\"7culture\",\"url\":\"https:\/\/7culture.ci\/\",\"sameAs\":[\"https:\/\/www.facebook.com\/redchefclaude\",\"https:\/\/twitter.com\/7culturec\"],\"logo\":{\"@type\":\"ImageObject\",\"inLanguage\":\"fr-FR\",\"@id\":\"https:\/\/7culture.ci\/#\/schema\/logo\/image\/\",\"url\":\"https:\/\/7culture.ci\/wp-content\/uploads\/2021\/12\/S1a-1.png\",\"contentUrl\":\"https:\/\/7culture.ci\/wp-content\/uploads\/2021\/12\/S1a-1.png\",\"width\":588,\"height\":192,\"caption\":\"7culture\"},\"image\":{\"@id\":\"https:\/\/7culture.ci\/#\/schema\/logo\/image\/\"}},{\"@type\":\"Person\",\"@id\":\"https:\/\/7culture.ci\/#\/schema\/person\/64b5687ef9752cd031e11e98f4fd60b6\",\"name\":\"Claude Kipre\",\"image\":{\"@type\":\"ImageObject\",\"inLanguage\":\"fr-FR\",\"@id\":\"https:\/\/7culture.ci\/#\/schema\/person\/image\/\",\"url\":\"https:\/\/secure.gravatar.com\/avatar\/60e5007626848549b0d9b2ad9c53c9e8?s=96&d=mm&r=g\",\"contentUrl\":\"https:\/\/secure.gravatar.com\/avatar\/60e5007626848549b0d9b2ad9c53c9e8?s=96&d=mm&r=g\",\"caption\":\"Claude Kipre\"},\"url\":\"https:\/\/7culture.ci\/index.php\/author\/claude-kipre\/\"}]}<\/script>\n<!-- \/ Yoast SEO plugin. -->","yoast_head_json":{"title":"AFRICA 2020 : L\u2019AFRIQUE EN SC\u00c8NE AVEC SES ARTISTES, SES INTELLECTUELS ET SES ENTREPRENEURS QUI FONT LE CONTINENT. - 7culture","robots":{"index":"index","follow":"follow","max-snippet":"max-snippet:-1","max-image-preview":"max-image-preview:large","max-video-preview":"max-video-preview:-1"},"canonical":"https:\/\/7culture.ci\/index.php\/2020\/12\/11\/africa-2020-lafrique-en-scene-avec-ses-artistes-ses-intellectuels-et-ses-entrepreneurs-qui-font-le-continent\/","og_locale":"fr_FR","og_type":"article","og_title":"AFRICA 2020 : L\u2019AFRIQUE EN SC\u00c8NE AVEC SES ARTISTES, SES INTELLECTUELS ET SES ENTREPRENEURS QUI FONT LE CONTINENT. - 7culture","og_description":"Africa 2020, initi\u00e9 par le pr\u00e9sident fran\u00e7ais Emmanuel Macron et d\u00e9di\u00e9 aux 54 Etats du continent d\u00e9marre ce mois de d\u00e9cembre pour s\u2019achever au mois de juillet de l\u2019ann\u00e9e prochaine. Projet hors norme comme on l\u2019imagine ais\u00e9ment, Africa 2020 est une tribune offerte aux artistes, aux intellectuels et aux entrepreneurs africains pour montrer au public &hellip; AFRICA 2020 : L\u2019AFRIQUE EN SC\u00c8NE AVEC SES ARTISTES, SES INTELLECTUELS ET SES ENTREPRENEURS QUI FONT LE CONTINENT. Lire la suite\u00a0\u00bb","og_url":"https:\/\/7culture.ci\/index.php\/2020\/12\/11\/africa-2020-lafrique-en-scene-avec-ses-artistes-ses-intellectuels-et-ses-entrepreneurs-qui-font-le-continent\/","og_site_name":"7culture","article_publisher":"https:\/\/www.facebook.com\/redchefclaude","article_published_time":"2020-12-11T10:44:02+00:00","author":"Claude Kipre","twitter_card":"summary_large_image","twitter_creator":"@7culturec","twitter_site":"@7culturec","twitter_misc":{"\u00c9crit par":"Claude Kipre","Dur\u00e9e de lecture estim\u00e9e":"1 minute"},"schema":{"@context":"https:\/\/schema.org","@graph":[{"@type":"Article","@id":"https:\/\/7culture.ci\/index.php\/2020\/12\/11\/africa-2020-lafrique-en-scene-avec-ses-artistes-ses-intellectuels-et-ses-entrepreneurs-qui-font-le-continent\/#article","isPartOf":{"@id":"https:\/\/7culture.ci\/index.php\/2020\/12\/11\/africa-2020-lafrique-en-scene-avec-ses-artistes-ses-intellectuels-et-ses-entrepreneurs-qui-font-le-continent\/"},"author":{"name":"Claude Kipre","@id":"https:\/\/7culture.ci\/#\/schema\/person\/64b5687ef9752cd031e11e98f4fd60b6"},"headline":"AFRICA 2020 : L\u2019AFRIQUE EN SC\u00c8NE AVEC SES ARTISTES, SES INTELLECTUELS ET SES ENTREPRENEURS QUI FONT LE CONTINENT.","datePublished":"2020-12-11T10:44:02+00:00","dateModified":"2020-12-11T10:44:02+00:00","mainEntityOfPage":{"@id":"https:\/\/7culture.ci\/index.php\/2020\/12\/11\/africa-2020-lafrique-en-scene-avec-ses-artistes-ses-intellectuels-et-ses-entrepreneurs-qui-font-le-continent\/"},"wordCount":314,"commentCount":0,"publisher":{"@id":"https:\/\/7culture.ci\/#organization"},"articleSection":["Actualit\u00e9"],"inLanguage":"fr-FR","potentialAction":[{"@type":"CommentAction","name":"Comment","target":["https:\/\/7culture.ci\/index.php\/2020\/12\/11\/africa-2020-lafrique-en-scene-avec-ses-artistes-ses-intellectuels-et-ses-entrepreneurs-qui-font-le-continent\/#respond"]}]},{"@type":"WebPage","@id":"https:\/\/7culture.ci\/index.php\/2020\/12\/11\/africa-2020-lafrique-en-scene-avec-ses-artistes-ses-intellectuels-et-ses-entrepreneurs-qui-font-le-continent\/","url":"https:\/\/7culture.ci\/index.php\/2020\/12\/11\/africa-2020-lafrique-en-scene-avec-ses-artistes-ses-intellectuels-et-ses-entrepreneurs-qui-font-le-continent\/","name":"AFRICA 2020 : L\u2019AFRIQUE EN SC\u00c8NE AVEC SES ARTISTES, SES INTELLECTUELS ET SES ENTREPRENEURS QUI FONT LE CONTINENT. - 7culture","isPartOf":{"@id":"https:\/\/7culture.ci\/#website"},"datePublished":"2020-12-11T10:44:02+00:00","dateModified":"2020-12-11T10:44:02+00:00","breadcrumb":{"@id":"https:\/\/7culture.ci\/index.php\/2020\/12\/11\/africa-2020-lafrique-en-scene-avec-ses-artistes-ses-intellectuels-et-ses-entrepreneurs-qui-font-le-continent\/#breadcrumb"},"inLanguage":"fr-FR","potentialAction":[{"@type":"ReadAction","target":["https:\/\/7culture.ci\/index.php\/2020\/12\/11\/africa-2020-lafrique-en-scene-avec-ses-artistes-ses-intellectuels-et-ses-entrepreneurs-qui-font-le-continent\/"]}]},{"@type":"BreadcrumbList","@id":"https:\/\/7culture.ci\/index.php\/2020\/12\/11\/africa-2020-lafrique-en-scene-avec-ses-artistes-ses-intellectuels-et-ses-entrepreneurs-qui-font-le-continent\/#breadcrumb","itemListElement":[{"@type":"ListItem","position":1,"name":"Accueil","item":"https:\/\/7culture.ci\/"},{"@type":"ListItem","position":2,"name":"AFRICA 2020 : L\u2019AFRIQUE EN SC\u00c8NE AVEC SES ARTISTES, SES INTELLECTUELS ET SES ENTREPRENEURS QUI FONT LE CONTINENT."}]},{"@type":"WebSite","@id":"https:\/\/7culture.ci\/#website","url":"https:\/\/7culture.ci\/","name":"7culture","description":"Tout sur l&#039;actualit\u00e9","publisher":{"@id":"https:\/\/7culture.ci\/#organization"},"potentialAction":[{"@type":"SearchAction","target":{"@type":"EntryPoint","urlTemplate":"https:\/\/7culture.ci\/?s={search_term_string}"},"query-input":"required name=search_term_string"}],"inLanguage":"fr-FR"},{"@type":"Organization","@id":"https:\/\/7culture.ci\/#organization","name":"7culture","url":"https:\/\/7culture.ci\/","sameAs":["https:\/\/www.facebook.com\/redchefclaude","https:\/\/twitter.com\/7culturec"],"logo":{"@type":"ImageObject","inLanguage":"fr-FR","@id":"https:\/\/7culture.ci\/#\/schema\/logo\/image\/","url":"https:\/\/7culture.ci\/wp-content\/uploads\/2021\/12\/S1a-1.png","contentUrl":"https:\/\/7culture.ci\/wp-content\/uploads\/2021\/12\/S1a-1.png","width":588,"height":192,"caption":"7culture"},"image":{"@id":"https:\/\/7culture.ci\/#\/schema\/logo\/image\/"}},{"@type":"Person","@id":"https:\/\/7culture.ci\/#\/schema\/person\/64b5687ef9752cd031e11e98f4fd60b6","name":"Claude Kipre","image":{"@type":"ImageObject","inLanguage":"fr-FR","@id":"https:\/\/7culture.ci\/#\/schema\/person\/image\/","url":"https:\/\/secure.gravatar.com\/avatar\/60e5007626848549b0d9b2ad9c53c9e8?s=96&d=mm&r=g","contentUrl":"https:\/\/secure.gravatar.com\/avatar\/60e5007626848549b0d9b2ad9c53c9e8?s=96&d=mm&r=g","caption":"Claude Kipre"},"url":"https:\/\/7culture.ci\/index.php\/author\/claude-kipre\/"}]}},"jetpack_featured_media_url":"","jetpack_likes_enabled":true,"jetpack_sharing_enabled":true,"_links":{"self":[{"href":"https:\/\/7culture.ci\/index.php\/wp-json\/wp\/v2\/posts\/5773"}],"collection":[{"href":"https:\/\/7culture.ci\/index.php\/wp-json\/wp\/v2\/posts"}],"about":[{"href":"https:\/\/7culture.ci\/index.php\/wp-json\/wp\/v2\/types\/post"}],"author":[{"embeddable":true,"href":"https:\/\/7culture.ci\/index.php\/wp-json\/wp\/v2\/users\/2"}],"replies":[{"embeddable":true,"href":"https:\/\/7culture.ci\/index.php\/wp-json\/wp\/v2\/comments?post=5773"}],"version-history":[{"count":0,"href":"https:\/\/7culture.ci\/index.php\/wp-json\/wp\/v2\/posts\/5773\/revisions"}],"wp:featuredmedia":[{"embeddable":true,"href":"https:\/\/7culture.ci\/index.php\/wp-json\/"}],"wp:attachment":[{"href":"https:\/\/7culture.ci\/index.php\/wp-json\/wp\/v2\/media?parent=5773"}],"wp:term":[{"taxonomy":"category","embeddable":true,"href":"https:\/\/7culture.ci\/index.php\/wp-json\/wp\/v2\/categories?post=5773"},{"taxonomy":"post_tag","embeddable":true,"href":"https:\/\/7culture.ci\/index.php\/wp-json\/wp\/v2\/tags?post=5773"}],"curies":[{"name":"wp","href":"https:\/\/api.w.org\/{rel}","templated":true}]}}