{"id":5684,"date":"2020-12-09T10:57:30","date_gmt":"2020-12-09T10:57:30","guid":{"rendered":"https:\/\/7culture.ci\/index.php\/2020\/12\/09\/amaral-il-signe-son-retour-avec-la-12eme-lecon-du-2eme-chapitre\/"},"modified":"2020-12-09T10:57:30","modified_gmt":"2020-12-09T10:57:30","slug":"amaral-il-signe-son-retour-avec-la-12eme-lecon-du-2eme-chapitre","status":"publish","type":"post","link":"https:\/\/7culture.ci\/index.php\/2020\/12\/09\/amaral-il-signe-son-retour-avec-la-12eme-lecon-du-2eme-chapitre\/","title":{"rendered":"AMARAL : IL SIGNE SON RETOUR AVEC LA 12\u00e8me LE\u00c7ON DU 2\u00e8me CHAPITRE."},"content":{"rendered":"\n<p><strong><em>Les chansons comme <\/em><\/strong><em>Pays-l\u00e0 est joli<strong> et <\/strong>Ils ont menti<strong> ont \u00e9t\u00e9 de v\u00e9ritables voies d\u2019entr\u00e9e pour Amaral d\u2019Afrik dans le monde du show-biz. C\u2019\u00e9tait en 1995. V\u00e9ritable chanteur \u00e0 tubes, il vient de consigner ses r\u00e9flexions sur notre soci\u00e9t\u00e9 dans un nouveau chapitre de 12 le\u00e7ons de sa carri\u00e8re. D\u00e9couverte\u00a0!<\/strong><\/em><\/p>\n\n\n\n<figure class=\\\"wp-block-image size-large\\\"><img src=\\\"http:\/\/7culture.ci\/fbf\/uploads\/2020\/07\/Amaral6.jpg\\\" alt=\\\"\\\" class=\\\"wp-image-5681\\\"\/><\/figure>\n\n\n\n<p>Apr\u00e8s un premier album qui l\u2019a fait entrer dans le monde du show-biz par la grande porte, Amaral d\u2019Afrique est de retour. Depuis le samedi 5 d\u00e9cembre 2020, il a publi\u00e9 son second album de 12 titres baptis\u00e9 <strong>Le fou du roi<\/strong>. \u00ab <strong><em>C\u2019est une appellation personnelle car <\/em><\/strong><em>le fou du roi<strong>, c\u2019est moi<\/strong><\/em>&nbsp;\u00bb, a d\u00e9clar\u00e9 le chanteur. Son \u0153uvre de belle facture a \u00e9t\u00e9 pr\u00e9sent\u00e9e exclusivement \u00e0 la presse et un public choisi \u00e0 l\u2019Internat Night-Club \u00e0 Yopougon, \u00e0 l\u2019ex Rue Princesse. Tr\u00e8s bon chanteur, l\u2019artiste est rest\u00e9 dans la m\u00eame gamme que ses premi\u00e8res productions en \u00e9largissant, cette fois-ci, son registre. Ainsi, de la satire sociale comme le zouglou sait en faire, il \u00e9voque les th\u00e8mes de Dieu qu\u2019il remercie. \u00ab&nbsp;<strong><em>Je suis en duo avec Dieu sur cet album. Dieu a toujours \u00e9t\u00e9 avec moi<\/em><\/strong>&nbsp;\u00bb, explique-t-il. Le chanteur invite \u00e9galement au courage et au don de soi pour soutenir les autres. \u00ab&nbsp;<strong><em>Tu dis que tu m\u2019aimes et tu n\u2019as m\u00eame mon CD chez toi<\/em><\/strong>&nbsp;\u00bb, regrette-t-il en substance dans une de ses chansons. Si l\u2019on s\u2019en tient aux dires de l\u2019artiste et \u00e0 son staff manag\u00e9rial, son nouvel album a \u00e9t\u00e9 enregistr\u00e9 dans d\u2019excellentes conditions. \u00ab&nbsp;<strong><em>J\u2019ai travaill\u00e9 dans de bonnes conditions avec des arrangeurs qui me connaissent bien<\/em><\/strong>&nbsp;\u00bb, soutient Amaral. Sa belle \u00e9criture textuelle a \u00e9t\u00e9 bien port\u00e9e par la maturit\u00e9 de sa voix.<\/p>\n\n\n\n<figure class=\\\"wp-block-image size-large\\\"><img src=\\\"http:\/\/7culture.ci\/fbf\/uploads\/2020\/07\/Amaral4.jpg\\\" alt=\\\"\\\" class=\\\"wp-image-5679\\\"\/><\/figure>\n\n\n\n<p>La bonne nouvelle, c\u2019est que l\u2019artiste a un nouvel encadrement technique avec notamment Ars\u00e8ne Okoi \u00e0 la production. Ancien footballeur ivoirien, M. Okoi r\u00e9side aux Etats-Unis et veut d\u00e9sormais apporter sa contribution dans le monde de la musique. Il a donc mis\u00e9 sur un cheval nomm\u00e9 Amaral. \u00ab&nbsp;<strong><em>Nous sommes fiers du r\u00e9sultat<\/em><\/strong>&nbsp;\u00bb, se r\u00e9jouit-il du produit fini. Les services d\u2019Okoi n\u2019ont pas l\u00e9sin\u00e9 sur les moyens pour mettre leur poulain sur de beaux auspices. Tenez, deux arrangeurs comme C\u00e9dric Cannavaro et Roch Arthur ont travaill\u00e9 sur le nouvel opus. Qui comprend un featuring avec Tim du groupe Magic Diezel. L\u2019\u0153uvre a \u00e9t\u00e9 masteris\u00e9e dans un grand studio aux Etats-Unis. Pour bien positionner le nouvel album, cinq vid\u00e9os ont \u00e9t\u00e9 mises en boite. Elles seront diffus\u00e9es sur les chaines les plus significatives du pays et panafricaines. Les clips seront aussi disponibles sur Youtube avec deux versions fran\u00e7aise et anglaise. Tout est bien mis en \u0153uvre pour permettre \u00e0 Amiral d\u2019Afrik d\u2019amorcer une grande carri\u00e8re avec <strong>Le fou du roi<\/strong>. Mais la permanente similitude vocale entre le jeune chanteur et Soum Bill, l\u2019un des v\u00e9t\u00e9rans du zouglou demeure. \u00ab&nbsp;<strong><em>Soum Bill est mon idole. Nos voix se ressemblent. Ce n\u2019est pas ma faute si mon timbre vocal est similaire \u00e0 celui de Soum Bill<\/em><\/strong>&nbsp;\u00bb, se d\u00e9fend Amaral d\u2019Afrik.<\/p>\n\n\n\n<p><strong>Omar AK<\/strong><\/p>\n","protected":false},"excerpt":{"rendered":"<p>Les chansons comme Pays-l\u00e0 est joli et Ils ont menti ont \u00e9t\u00e9 de v\u00e9ritables voies d\u2019entr\u00e9e pour Amaral d\u2019Afrik dans le monde du show-biz. C\u2019\u00e9tait en 1995. V\u00e9ritable chanteur \u00e0 tubes, il vient de consigner ses r\u00e9flexions sur notre soci\u00e9t\u00e9 dans un nouveau chapitre de 12 le\u00e7ons de sa carri\u00e8re. D\u00e9couverte\u00a0! Apr\u00e8s un premier album &hellip;<\/p>\n<p class=\"read-more\"> <a class=\"\" href=\"https:\/\/7culture.ci\/index.php\/2020\/12\/09\/amaral-il-signe-son-retour-avec-la-12eme-lecon-du-2eme-chapitre\/\"> <span class=\"screen-reader-text\">AMARAL : IL SIGNE SON RETOUR AVEC LA 12\u00e8me LE\u00c7ON DU 2\u00e8me CHAPITRE.<\/span> Lire la suite\u00a0\u00bb<\/a><\/p>\n","protected":false},"author":2,"featured_media":5677,"comment_status":"open","ping_status":"closed","sticky":false,"template":"","format":"standard","meta":{"_mi_skip_tracking":false,"_monsterinsights_sitenote_active":false,"_monsterinsights_sitenote_note":"","_monsterinsights_sitenote_category":0,"site-sidebar-layout":"default","site-content-layout":"default","ast-global-header-display":"","ast-main-header-display":"","ast-hfb-above-header-display":"","ast-hfb-below-header-display":"","ast-hfb-mobile-header-display":"","site-post-title":"","ast-breadcrumbs-content":"","ast-featured-img":"","footer-sml-layout":"","theme-transparent-header-meta":"","adv-header-id-meta":"","stick-header-meta":"","header-above-stick-meta":"","header-main-stick-meta":"","header-below-stick-meta":"","footnotes":"","jetpack_publicize_message":"","jetpack_is_tweetstorm":false,"jetpack_publicize_feature_enabled":true},"categories":[16],"tags":[],"jetpack_publicize_connections":[],"acf":[],"aioseo_notices":[],"yoast_head":"<!-- This site is optimized with the Yoast SEO plugin v19.6.1 - https:\/\/yoast.com\/wordpress\/plugins\/seo\/ -->\n<title>AMARAL : IL SIGNE SON RETOUR AVEC LA 12\u00e8me LE\u00c7ON DU 2\u00e8me CHAPITRE. - 7culture<\/title>\n<meta name=\"robots\" content=\"index, follow, max-snippet:-1, max-image-preview:large, max-video-preview:-1\" \/>\n<link rel=\"canonical\" href=\"https:\/\/7culture.ci\/index.php\/2020\/12\/09\/amaral-il-signe-son-retour-avec-la-12eme-lecon-du-2eme-chapitre\/\" \/>\n<meta property=\"og:locale\" content=\"fr_FR\" \/>\n<meta property=\"og:type\" content=\"article\" \/>\n<meta property=\"og:title\" content=\"AMARAL : IL SIGNE SON RETOUR AVEC LA 12\u00e8me LE\u00c7ON DU 2\u00e8me CHAPITRE. - 7culture\" \/>\n<meta property=\"og:description\" content=\"Les chansons comme Pays-l\u00e0 est joli et Ils ont menti ont \u00e9t\u00e9 de v\u00e9ritables voies d\u2019entr\u00e9e pour Amaral d\u2019Afrik dans le monde du show-biz. C\u2019\u00e9tait en 1995. V\u00e9ritable chanteur \u00e0 tubes, il vient de consigner ses r\u00e9flexions sur notre soci\u00e9t\u00e9 dans un nouveau chapitre de 12 le\u00e7ons de sa carri\u00e8re. D\u00e9couverte\u00a0! Apr\u00e8s un premier album &hellip; AMARAL : IL SIGNE SON RETOUR AVEC LA 12\u00e8me LE\u00c7ON DU 2\u00e8me CHAPITRE. Lire la suite\u00a0\u00bb\" \/>\n<meta property=\"og:url\" content=\"https:\/\/7culture.ci\/index.php\/2020\/12\/09\/amaral-il-signe-son-retour-avec-la-12eme-lecon-du-2eme-chapitre\/\" \/>\n<meta property=\"og:site_name\" content=\"7culture\" \/>\n<meta property=\"article:publisher\" content=\"https:\/\/www.facebook.com\/redchefclaude\" \/>\n<meta property=\"article:published_time\" content=\"2020-12-09T10:57:30+00:00\" \/>\n<meta name=\"author\" content=\"Claude Kipre\" \/>\n<meta name=\"twitter:card\" content=\"summary_large_image\" \/>\n<meta name=\"twitter:creator\" content=\"@7culturec\" \/>\n<meta name=\"twitter:site\" content=\"@7culturec\" \/>\n<meta name=\"twitter:label1\" content=\"\u00c9crit par\" \/>\n\t<meta name=\"twitter:data1\" content=\"Claude Kipre\" \/>\n\t<meta name=\"twitter:label2\" content=\"Dur\u00e9e de lecture estim\u00e9e\" \/>\n\t<meta name=\"twitter:data2\" content=\"3 minutes\" \/>\n<script type=\"application\/ld+json\" class=\"yoast-schema-graph\">{\"@context\":\"https:\/\/schema.org\",\"@graph\":[{\"@type\":\"Article\",\"@id\":\"https:\/\/7culture.ci\/index.php\/2020\/12\/09\/amaral-il-signe-son-retour-avec-la-12eme-lecon-du-2eme-chapitre\/#article\",\"isPartOf\":{\"@id\":\"https:\/\/7culture.ci\/index.php\/2020\/12\/09\/amaral-il-signe-son-retour-avec-la-12eme-lecon-du-2eme-chapitre\/\"},\"author\":{\"name\":\"Claude Kipre\",\"@id\":\"https:\/\/7culture.ci\/#\/schema\/person\/64b5687ef9752cd031e11e98f4fd60b6\"},\"headline\":\"AMARAL : IL SIGNE SON RETOUR AVEC LA 12\u00e8me LE\u00c7ON DU 2\u00e8me CHAPITRE.\",\"datePublished\":\"2020-12-09T10:57:30+00:00\",\"dateModified\":\"2020-12-09T10:57:30+00:00\",\"mainEntityOfPage\":{\"@id\":\"https:\/\/7culture.ci\/index.php\/2020\/12\/09\/amaral-il-signe-son-retour-avec-la-12eme-lecon-du-2eme-chapitre\/\"},\"wordCount\":565,\"commentCount\":0,\"publisher\":{\"@id\":\"https:\/\/7culture.ci\/#organization\"},\"articleSection\":[\"Musique\"],\"inLanguage\":\"fr-FR\",\"potentialAction\":[{\"@type\":\"CommentAction\",\"name\":\"Comment\",\"target\":[\"https:\/\/7culture.ci\/index.php\/2020\/12\/09\/amaral-il-signe-son-retour-avec-la-12eme-lecon-du-2eme-chapitre\/#respond\"]}]},{\"@type\":\"WebPage\",\"@id\":\"https:\/\/7culture.ci\/index.php\/2020\/12\/09\/amaral-il-signe-son-retour-avec-la-12eme-lecon-du-2eme-chapitre\/\",\"url\":\"https:\/\/7culture.ci\/index.php\/2020\/12\/09\/amaral-il-signe-son-retour-avec-la-12eme-lecon-du-2eme-chapitre\/\",\"name\":\"AMARAL : IL SIGNE SON RETOUR AVEC LA 12\u00e8me LE\u00c7ON DU 2\u00e8me CHAPITRE. - 7culture\",\"isPartOf\":{\"@id\":\"https:\/\/7culture.ci\/#website\"},\"datePublished\":\"2020-12-09T10:57:30+00:00\",\"dateModified\":\"2020-12-09T10:57:30+00:00\",\"breadcrumb\":{\"@id\":\"https:\/\/7culture.ci\/index.php\/2020\/12\/09\/amaral-il-signe-son-retour-avec-la-12eme-lecon-du-2eme-chapitre\/#breadcrumb\"},\"inLanguage\":\"fr-FR\",\"potentialAction\":[{\"@type\":\"ReadAction\",\"target\":[\"https:\/\/7culture.ci\/index.php\/2020\/12\/09\/amaral-il-signe-son-retour-avec-la-12eme-lecon-du-2eme-chapitre\/\"]}]},{\"@type\":\"BreadcrumbList\",\"@id\":\"https:\/\/7culture.ci\/index.php\/2020\/12\/09\/amaral-il-signe-son-retour-avec-la-12eme-lecon-du-2eme-chapitre\/#breadcrumb\",\"itemListElement\":[{\"@type\":\"ListItem\",\"position\":1,\"name\":\"Accueil\",\"item\":\"https:\/\/7culture.ci\/\"},{\"@type\":\"ListItem\",\"position\":2,\"name\":\"AMARAL : IL SIGNE SON RETOUR AVEC LA 12\u00e8me LE\u00c7ON DU 2\u00e8me CHAPITRE.\"}]},{\"@type\":\"WebSite\",\"@id\":\"https:\/\/7culture.ci\/#website\",\"url\":\"https:\/\/7culture.ci\/\",\"name\":\"7culture\",\"description\":\"Tout sur l&#039;actualit\u00e9\",\"publisher\":{\"@id\":\"https:\/\/7culture.ci\/#organization\"},\"potentialAction\":[{\"@type\":\"SearchAction\",\"target\":{\"@type\":\"EntryPoint\",\"urlTemplate\":\"https:\/\/7culture.ci\/?s={search_term_string}\"},\"query-input\":\"required name=search_term_string\"}],\"inLanguage\":\"fr-FR\"},{\"@type\":\"Organization\",\"@id\":\"https:\/\/7culture.ci\/#organization\",\"name\":\"7culture\",\"url\":\"https:\/\/7culture.ci\/\",\"sameAs\":[\"https:\/\/www.facebook.com\/redchefclaude\",\"https:\/\/twitter.com\/7culturec\"],\"logo\":{\"@type\":\"ImageObject\",\"inLanguage\":\"fr-FR\",\"@id\":\"https:\/\/7culture.ci\/#\/schema\/logo\/image\/\",\"url\":\"https:\/\/7culture.ci\/wp-content\/uploads\/2021\/12\/S1a-1.png\",\"contentUrl\":\"https:\/\/7culture.ci\/wp-content\/uploads\/2021\/12\/S1a-1.png\",\"width\":588,\"height\":192,\"caption\":\"7culture\"},\"image\":{\"@id\":\"https:\/\/7culture.ci\/#\/schema\/logo\/image\/\"}},{\"@type\":\"Person\",\"@id\":\"https:\/\/7culture.ci\/#\/schema\/person\/64b5687ef9752cd031e11e98f4fd60b6\",\"name\":\"Claude Kipre\",\"image\":{\"@type\":\"ImageObject\",\"inLanguage\":\"fr-FR\",\"@id\":\"https:\/\/7culture.ci\/#\/schema\/person\/image\/\",\"url\":\"https:\/\/secure.gravatar.com\/avatar\/60e5007626848549b0d9b2ad9c53c9e8?s=96&d=mm&r=g\",\"contentUrl\":\"https:\/\/secure.gravatar.com\/avatar\/60e5007626848549b0d9b2ad9c53c9e8?s=96&d=mm&r=g\",\"caption\":\"Claude Kipre\"},\"url\":\"https:\/\/7culture.ci\/index.php\/author\/claude-kipre\/\"}]}<\/script>\n<!-- \/ Yoast SEO plugin. -->","yoast_head_json":{"title":"AMARAL : IL SIGNE SON RETOUR AVEC LA 12\u00e8me LE\u00c7ON DU 2\u00e8me CHAPITRE. - 7culture","robots":{"index":"index","follow":"follow","max-snippet":"max-snippet:-1","max-image-preview":"max-image-preview:large","max-video-preview":"max-video-preview:-1"},"canonical":"https:\/\/7culture.ci\/index.php\/2020\/12\/09\/amaral-il-signe-son-retour-avec-la-12eme-lecon-du-2eme-chapitre\/","og_locale":"fr_FR","og_type":"article","og_title":"AMARAL : IL SIGNE SON RETOUR AVEC LA 12\u00e8me LE\u00c7ON DU 2\u00e8me CHAPITRE. - 7culture","og_description":"Les chansons comme Pays-l\u00e0 est joli et Ils ont menti ont \u00e9t\u00e9 de v\u00e9ritables voies d\u2019entr\u00e9e pour Amaral d\u2019Afrik dans le monde du show-biz. C\u2019\u00e9tait en 1995. V\u00e9ritable chanteur \u00e0 tubes, il vient de consigner ses r\u00e9flexions sur notre soci\u00e9t\u00e9 dans un nouveau chapitre de 12 le\u00e7ons de sa carri\u00e8re. D\u00e9couverte\u00a0! Apr\u00e8s un premier album &hellip; AMARAL : IL SIGNE SON RETOUR AVEC LA 12\u00e8me LE\u00c7ON DU 2\u00e8me CHAPITRE. Lire la suite\u00a0\u00bb","og_url":"https:\/\/7culture.ci\/index.php\/2020\/12\/09\/amaral-il-signe-son-retour-avec-la-12eme-lecon-du-2eme-chapitre\/","og_site_name":"7culture","article_publisher":"https:\/\/www.facebook.com\/redchefclaude","article_published_time":"2020-12-09T10:57:30+00:00","author":"Claude Kipre","twitter_card":"summary_large_image","twitter_creator":"@7culturec","twitter_site":"@7culturec","twitter_misc":{"\u00c9crit par":"Claude Kipre","Dur\u00e9e de lecture estim\u00e9e":"3 minutes"},"schema":{"@context":"https:\/\/schema.org","@graph":[{"@type":"Article","@id":"https:\/\/7culture.ci\/index.php\/2020\/12\/09\/amaral-il-signe-son-retour-avec-la-12eme-lecon-du-2eme-chapitre\/#article","isPartOf":{"@id":"https:\/\/7culture.ci\/index.php\/2020\/12\/09\/amaral-il-signe-son-retour-avec-la-12eme-lecon-du-2eme-chapitre\/"},"author":{"name":"Claude Kipre","@id":"https:\/\/7culture.ci\/#\/schema\/person\/64b5687ef9752cd031e11e98f4fd60b6"},"headline":"AMARAL : IL SIGNE SON RETOUR AVEC LA 12\u00e8me LE\u00c7ON DU 2\u00e8me CHAPITRE.","datePublished":"2020-12-09T10:57:30+00:00","dateModified":"2020-12-09T10:57:30+00:00","mainEntityOfPage":{"@id":"https:\/\/7culture.ci\/index.php\/2020\/12\/09\/amaral-il-signe-son-retour-avec-la-12eme-lecon-du-2eme-chapitre\/"},"wordCount":565,"commentCount":0,"publisher":{"@id":"https:\/\/7culture.ci\/#organization"},"articleSection":["Musique"],"inLanguage":"fr-FR","potentialAction":[{"@type":"CommentAction","name":"Comment","target":["https:\/\/7culture.ci\/index.php\/2020\/12\/09\/amaral-il-signe-son-retour-avec-la-12eme-lecon-du-2eme-chapitre\/#respond"]}]},{"@type":"WebPage","@id":"https:\/\/7culture.ci\/index.php\/2020\/12\/09\/amaral-il-signe-son-retour-avec-la-12eme-lecon-du-2eme-chapitre\/","url":"https:\/\/7culture.ci\/index.php\/2020\/12\/09\/amaral-il-signe-son-retour-avec-la-12eme-lecon-du-2eme-chapitre\/","name":"AMARAL : IL SIGNE SON RETOUR AVEC LA 12\u00e8me LE\u00c7ON DU 2\u00e8me CHAPITRE. - 7culture","isPartOf":{"@id":"https:\/\/7culture.ci\/#website"},"datePublished":"2020-12-09T10:57:30+00:00","dateModified":"2020-12-09T10:57:30+00:00","breadcrumb":{"@id":"https:\/\/7culture.ci\/index.php\/2020\/12\/09\/amaral-il-signe-son-retour-avec-la-12eme-lecon-du-2eme-chapitre\/#breadcrumb"},"inLanguage":"fr-FR","potentialAction":[{"@type":"ReadAction","target":["https:\/\/7culture.ci\/index.php\/2020\/12\/09\/amaral-il-signe-son-retour-avec-la-12eme-lecon-du-2eme-chapitre\/"]}]},{"@type":"BreadcrumbList","@id":"https:\/\/7culture.ci\/index.php\/2020\/12\/09\/amaral-il-signe-son-retour-avec-la-12eme-lecon-du-2eme-chapitre\/#breadcrumb","itemListElement":[{"@type":"ListItem","position":1,"name":"Accueil","item":"https:\/\/7culture.ci\/"},{"@type":"ListItem","position":2,"name":"AMARAL : IL SIGNE SON RETOUR AVEC LA 12\u00e8me LE\u00c7ON DU 2\u00e8me CHAPITRE."}]},{"@type":"WebSite","@id":"https:\/\/7culture.ci\/#website","url":"https:\/\/7culture.ci\/","name":"7culture","description":"Tout sur l&#039;actualit\u00e9","publisher":{"@id":"https:\/\/7culture.ci\/#organization"},"potentialAction":[{"@type":"SearchAction","target":{"@type":"EntryPoint","urlTemplate":"https:\/\/7culture.ci\/?s={search_term_string}"},"query-input":"required name=search_term_string"}],"inLanguage":"fr-FR"},{"@type":"Organization","@id":"https:\/\/7culture.ci\/#organization","name":"7culture","url":"https:\/\/7culture.ci\/","sameAs":["https:\/\/www.facebook.com\/redchefclaude","https:\/\/twitter.com\/7culturec"],"logo":{"@type":"ImageObject","inLanguage":"fr-FR","@id":"https:\/\/7culture.ci\/#\/schema\/logo\/image\/","url":"https:\/\/7culture.ci\/wp-content\/uploads\/2021\/12\/S1a-1.png","contentUrl":"https:\/\/7culture.ci\/wp-content\/uploads\/2021\/12\/S1a-1.png","width":588,"height":192,"caption":"7culture"},"image":{"@id":"https:\/\/7culture.ci\/#\/schema\/logo\/image\/"}},{"@type":"Person","@id":"https:\/\/7culture.ci\/#\/schema\/person\/64b5687ef9752cd031e11e98f4fd60b6","name":"Claude Kipre","image":{"@type":"ImageObject","inLanguage":"fr-FR","@id":"https:\/\/7culture.ci\/#\/schema\/person\/image\/","url":"https:\/\/secure.gravatar.com\/avatar\/60e5007626848549b0d9b2ad9c53c9e8?s=96&d=mm&r=g","contentUrl":"https:\/\/secure.gravatar.com\/avatar\/60e5007626848549b0d9b2ad9c53c9e8?s=96&d=mm&r=g","caption":"Claude Kipre"},"url":"https:\/\/7culture.ci\/index.php\/author\/claude-kipre\/"}]}},"jetpack_featured_media_url":"","jetpack_likes_enabled":true,"jetpack_sharing_enabled":true,"_links":{"self":[{"href":"https:\/\/7culture.ci\/index.php\/wp-json\/wp\/v2\/posts\/5684"}],"collection":[{"href":"https:\/\/7culture.ci\/index.php\/wp-json\/wp\/v2\/posts"}],"about":[{"href":"https:\/\/7culture.ci\/index.php\/wp-json\/wp\/v2\/types\/post"}],"author":[{"embeddable":true,"href":"https:\/\/7culture.ci\/index.php\/wp-json\/wp\/v2\/users\/2"}],"replies":[{"embeddable":true,"href":"https:\/\/7culture.ci\/index.php\/wp-json\/wp\/v2\/comments?post=5684"}],"version-history":[{"count":0,"href":"https:\/\/7culture.ci\/index.php\/wp-json\/wp\/v2\/posts\/5684\/revisions"}],"wp:featuredmedia":[{"embeddable":true,"href":"https:\/\/7culture.ci\/index.php\/wp-json\/"}],"wp:attachment":[{"href":"https:\/\/7culture.ci\/index.php\/wp-json\/wp\/v2\/media?parent=5684"}],"wp:term":[{"taxonomy":"category","embeddable":true,"href":"https:\/\/7culture.ci\/index.php\/wp-json\/wp\/v2\/categories?post=5684"},{"taxonomy":"post_tag","embeddable":true,"href":"https:\/\/7culture.ci\/index.php\/wp-json\/wp\/v2\/tags?post=5684"}],"curies":[{"name":"wp","href":"https:\/\/api.w.org\/{rel}","templated":true}]}}