{"id":5516,"date":"2020-12-02T16:46:04","date_gmt":"2020-12-02T16:46:04","guid":{"rendered":"https:\/\/7culture.ci\/index.php\/2020\/12\/02\/quel-noel-pour-2020\/"},"modified":"2020-12-02T16:46:04","modified_gmt":"2020-12-02T16:46:04","slug":"quel-noel-pour-2020","status":"publish","type":"post","link":"https:\/\/7culture.ci\/index.php\/2020\/12\/02\/quel-noel-pour-2020\/","title":{"rendered":"QUEL NOEL POUR 2020?"},"content":{"rendered":"\n<p><strong>Cette ann\u00e9e, la venue du P\u00e8re No\u00ebl semble \u00eatre hypoth\u00e9tique. Confinement chez certains, crise post-\u00e9lectorale chez d\u2019autres&#8230; 2020 aura soumis le monde \u00e0 de rudes \u00e9preuves. De ce fait, qu\u2019en sera-t-il de la f\u00eate de No\u00ebl&nbsp;? De nos enfants qui continuent \u00e0 dresser leur liste de No\u00ebl et \u00e0 \u00e9crire leurs lettres au P\u00e8re No\u00ebl en toute innocence&nbsp;?<\/strong><\/p>\n\n\n\n<figure class=\\\"wp-block-image size-large\\\"><img src=\\\"http:\/\/7culture.ci\/fbf\/uploads\/2020\/12\/Noel1.jpg\\\" alt=\\\"\\\" class=\\\"wp-image-5520\\\"\/><figcaption>Snow blow<\/figcaption><\/figure>\n\n\n\n<p>Si en Europe, des mesures restrictives concr\u00e8tes sont prises pour les f\u00eates de fin d\u2019ann\u00e9e, du fait de la covid-19, en Afrique et en C\u00f4te d\u2019Ivoire en particulier, ce sont les soucis financiers qui accablent la majorit\u00e9 de la population. En effet, mise \u00e0 l\u2019\u00e9preuve par la pand\u00e9mie du coronavirus, une bonne partie des Ivoiriens s\u2019est retrouv\u00e9e au ch\u00f4mage, en ch\u00f4mage technique ou subit des restrictions des avantages. La&nbsp; plupart des petites entreprises a d\u00fb fermer ses portes. <\/p>\n\n\n\n<figure class=\\\"wp-block-image size-large\\\"><img src=\\\"http:\/\/7culture.ci\/fbf\/uploads\/2020\/12\/Noel2.jpg\\\" alt=\\\"\\\" class=\\\"wp-image-5521\\\"\/><\/figure>\n\n\n\n<p>Ajout\u00e9 \u00e0 cela, les crises \u00e0 r\u00e9p\u00e9titions qu\u2019a connues le pays. R\u00e9sultat, l\u2019inqui\u00e9tude gagne les parents \u00e0 l\u2019approche des f\u00eates. D\u00e9j\u00e0 qu\u2019ils n\u2019arrivent pas \u00e0 joindre les deux bouts au quotidien, les c\u00e9l\u00e9brations de fin d\u2019ann\u00e9e se pointent avec leurs lots de d\u00e9penses excessives. <\/p>\n\n\n\n<figure class=\\\"wp-block-image size-large\\\"><img src=\\\"http:\/\/7culture.ci\/fbf\/uploads\/2020\/12\/Noel5.jpg\\\" alt=\\\"\\\" class=\\\"wp-image-5523\\\"\/><\/figure>\n\n\n\n<p>Cadeaux, jouets, d\u00e9coration, repas, v\u00eatements, aide familiale ou communautaire\u2026 il faut le dire, d\u00e9cembre 2020 reste un casse-t\u00eate pour de nombreuses familles. Au point o\u00f9 certains internautes s\u2019amusent \u00e0 \u00e9crire qu\u2019il vaut mieux dire aux enfants que le P\u00e8re No\u00ebl a \u00e9t\u00e9 touch\u00e9 par la covid-19. Tout cela, parce que l\u2019ann\u00e9e a \u00e9t\u00e9 \u00e9prouvante, tant \u00e9motionnellement que financi\u00e8rement\u00a0!<\/p>\n\n\n\n<div class=\\\"wp-block-image\\\"><figure class=\\\"alignright size-large\\\"><img src=\\\"http:\/\/7culture.ci\/fbf\/uploads\/2020\/12\/Noel3.jpg\\\" alt=\\\"\\\" class=\\\"wp-image-5524\\\"\/><\/figure><\/div>\n\n\n\n<p>Nady Sidib\u00e9<\/p>\n\n\n\n<p><\/p>\n\n\n\n<p><\/p>\n","protected":false},"excerpt":{"rendered":"<p>Cette ann\u00e9e, la venue du P\u00e8re No\u00ebl semble \u00eatre hypoth\u00e9tique. Confinement chez certains, crise post-\u00e9lectorale chez d\u2019autres&#8230; 2020 aura soumis le monde \u00e0 de rudes \u00e9preuves. De ce fait, qu\u2019en sera-t-il de la f\u00eate de No\u00ebl&nbsp;? De nos enfants qui continuent \u00e0 dresser leur liste de No\u00ebl et \u00e0 \u00e9crire leurs lettres au P\u00e8re No\u00ebl &hellip;<\/p>\n<p class=\"read-more\"> <a class=\"\" href=\"https:\/\/7culture.ci\/index.php\/2020\/12\/02\/quel-noel-pour-2020\/\"> <span class=\"screen-reader-text\">QUEL NOEL POUR 2020?<\/span> Lire la suite\u00a0\u00bb<\/a><\/p>\n","protected":false},"author":4,"featured_media":5518,"comment_status":"open","ping_status":"closed","sticky":false,"template":"","format":"standard","meta":{"_mi_skip_tracking":false,"_monsterinsights_sitenote_active":false,"_monsterinsights_sitenote_note":"","_monsterinsights_sitenote_category":0,"site-sidebar-layout":"default","site-content-layout":"default","ast-global-header-display":"","ast-main-header-display":"","ast-hfb-above-header-display":"","ast-hfb-below-header-display":"","ast-hfb-mobile-header-display":"","site-post-title":"","ast-breadcrumbs-content":"","ast-featured-img":"","footer-sml-layout":"","theme-transparent-header-meta":"","adv-header-id-meta":"","stick-header-meta":"","header-above-stick-meta":"","header-main-stick-meta":"","header-below-stick-meta":"","footnotes":"","jetpack_publicize_message":"","jetpack_is_tweetstorm":false,"jetpack_publicize_feature_enabled":true},"categories":[22],"tags":[],"jetpack_publicize_connections":[],"acf":[],"aioseo_notices":[],"yoast_head":"<!-- This site is optimized with the Yoast SEO plugin v19.6.1 - https:\/\/yoast.com\/wordpress\/plugins\/seo\/ -->\n<title>QUEL NOEL POUR 2020? - 7culture<\/title>\n<meta name=\"robots\" content=\"index, follow, max-snippet:-1, max-image-preview:large, max-video-preview:-1\" \/>\n<link rel=\"canonical\" href=\"https:\/\/7culture.ci\/index.php\/2020\/12\/02\/quel-noel-pour-2020\/\" \/>\n<meta property=\"og:locale\" content=\"fr_FR\" \/>\n<meta property=\"og:type\" content=\"article\" \/>\n<meta property=\"og:title\" content=\"QUEL NOEL POUR 2020? - 7culture\" \/>\n<meta property=\"og:description\" content=\"Cette ann\u00e9e, la venue du P\u00e8re No\u00ebl semble \u00eatre hypoth\u00e9tique. Confinement chez certains, crise post-\u00e9lectorale chez d\u2019autres&#8230; 2020 aura soumis le monde \u00e0 de rudes \u00e9preuves. De ce fait, qu\u2019en sera-t-il de la f\u00eate de No\u00ebl&nbsp;? De nos enfants qui continuent \u00e0 dresser leur liste de No\u00ebl et \u00e0 \u00e9crire leurs lettres au P\u00e8re No\u00ebl &hellip; QUEL NOEL POUR 2020? Lire la suite\u00a0\u00bb\" \/>\n<meta property=\"og:url\" content=\"https:\/\/7culture.ci\/index.php\/2020\/12\/02\/quel-noel-pour-2020\/\" \/>\n<meta property=\"og:site_name\" content=\"7culture\" \/>\n<meta property=\"article:publisher\" content=\"https:\/\/www.facebook.com\/redchefclaude\" \/>\n<meta property=\"article:published_time\" content=\"2020-12-02T16:46:04+00:00\" \/>\n<meta name=\"author\" content=\"Waly Tani\" \/>\n<meta name=\"twitter:card\" content=\"summary_large_image\" \/>\n<meta name=\"twitter:creator\" content=\"@7culturec\" \/>\n<meta name=\"twitter:site\" content=\"@7culturec\" \/>\n<meta name=\"twitter:label1\" content=\"\u00c9crit par\" \/>\n\t<meta name=\"twitter:data1\" content=\"Waly Tani\" \/>\n\t<meta name=\"twitter:label2\" content=\"Dur\u00e9e de lecture estim\u00e9e\" \/>\n\t<meta name=\"twitter:data2\" content=\"1 minute\" \/>\n<script type=\"application\/ld+json\" class=\"yoast-schema-graph\">{\"@context\":\"https:\/\/schema.org\",\"@graph\":[{\"@type\":\"Article\",\"@id\":\"https:\/\/7culture.ci\/index.php\/2020\/12\/02\/quel-noel-pour-2020\/#article\",\"isPartOf\":{\"@id\":\"https:\/\/7culture.ci\/index.php\/2020\/12\/02\/quel-noel-pour-2020\/\"},\"author\":{\"name\":\"Waly Tani\",\"@id\":\"https:\/\/7culture.ci\/#\/schema\/person\/ac6600b76b439b1d2b8a3b734da1a17b\"},\"headline\":\"QUEL NOEL POUR 2020?\",\"datePublished\":\"2020-12-02T16:46:04+00:00\",\"dateModified\":\"2020-12-02T16:46:04+00:00\",\"mainEntityOfPage\":{\"@id\":\"https:\/\/7culture.ci\/index.php\/2020\/12\/02\/quel-noel-pour-2020\/\"},\"wordCount\":288,\"commentCount\":0,\"publisher\":{\"@id\":\"https:\/\/7culture.ci\/#organization\"},\"articleSection\":[\"Actualit\u00e9\"],\"inLanguage\":\"fr-FR\",\"potentialAction\":[{\"@type\":\"CommentAction\",\"name\":\"Comment\",\"target\":[\"https:\/\/7culture.ci\/index.php\/2020\/12\/02\/quel-noel-pour-2020\/#respond\"]}]},{\"@type\":\"WebPage\",\"@id\":\"https:\/\/7culture.ci\/index.php\/2020\/12\/02\/quel-noel-pour-2020\/\",\"url\":\"https:\/\/7culture.ci\/index.php\/2020\/12\/02\/quel-noel-pour-2020\/\",\"name\":\"QUEL NOEL POUR 2020? - 7culture\",\"isPartOf\":{\"@id\":\"https:\/\/7culture.ci\/#website\"},\"datePublished\":\"2020-12-02T16:46:04+00:00\",\"dateModified\":\"2020-12-02T16:46:04+00:00\",\"breadcrumb\":{\"@id\":\"https:\/\/7culture.ci\/index.php\/2020\/12\/02\/quel-noel-pour-2020\/#breadcrumb\"},\"inLanguage\":\"fr-FR\",\"potentialAction\":[{\"@type\":\"ReadAction\",\"target\":[\"https:\/\/7culture.ci\/index.php\/2020\/12\/02\/quel-noel-pour-2020\/\"]}]},{\"@type\":\"BreadcrumbList\",\"@id\":\"https:\/\/7culture.ci\/index.php\/2020\/12\/02\/quel-noel-pour-2020\/#breadcrumb\",\"itemListElement\":[{\"@type\":\"ListItem\",\"position\":1,\"name\":\"Accueil\",\"item\":\"https:\/\/7culture.ci\/\"},{\"@type\":\"ListItem\",\"position\":2,\"name\":\"QUEL NOEL POUR 2020?\"}]},{\"@type\":\"WebSite\",\"@id\":\"https:\/\/7culture.ci\/#website\",\"url\":\"https:\/\/7culture.ci\/\",\"name\":\"7culture\",\"description\":\"Tout sur l&#039;actualit\u00e9\",\"publisher\":{\"@id\":\"https:\/\/7culture.ci\/#organization\"},\"potentialAction\":[{\"@type\":\"SearchAction\",\"target\":{\"@type\":\"EntryPoint\",\"urlTemplate\":\"https:\/\/7culture.ci\/?s={search_term_string}\"},\"query-input\":\"required name=search_term_string\"}],\"inLanguage\":\"fr-FR\"},{\"@type\":\"Organization\",\"@id\":\"https:\/\/7culture.ci\/#organization\",\"name\":\"7culture\",\"url\":\"https:\/\/7culture.ci\/\",\"sameAs\":[\"https:\/\/www.facebook.com\/redchefclaude\",\"https:\/\/twitter.com\/7culturec\"],\"logo\":{\"@type\":\"ImageObject\",\"inLanguage\":\"fr-FR\",\"@id\":\"https:\/\/7culture.ci\/#\/schema\/logo\/image\/\",\"url\":\"https:\/\/7culture.ci\/wp-content\/uploads\/2021\/12\/S1a-1.png\",\"contentUrl\":\"https:\/\/7culture.ci\/wp-content\/uploads\/2021\/12\/S1a-1.png\",\"width\":588,\"height\":192,\"caption\":\"7culture\"},\"image\":{\"@id\":\"https:\/\/7culture.ci\/#\/schema\/logo\/image\/\"}},{\"@type\":\"Person\",\"@id\":\"https:\/\/7culture.ci\/#\/schema\/person\/ac6600b76b439b1d2b8a3b734da1a17b\",\"name\":\"Waly Tani\",\"image\":{\"@type\":\"ImageObject\",\"inLanguage\":\"fr-FR\",\"@id\":\"https:\/\/7culture.ci\/#\/schema\/person\/image\/\",\"url\":\"https:\/\/secure.gravatar.com\/avatar\/f4ffa85bd7cfe6e4376efc1fd606cdb7?s=96&d=mm&r=g\",\"contentUrl\":\"https:\/\/secure.gravatar.com\/avatar\/f4ffa85bd7cfe6e4376efc1fd606cdb7?s=96&d=mm&r=g\",\"caption\":\"Waly Tani\"},\"url\":\"https:\/\/7culture.ci\/index.php\/author\/waly-tani\/\"}]}<\/script>\n<!-- \/ Yoast SEO plugin. -->","yoast_head_json":{"title":"QUEL NOEL POUR 2020? - 7culture","robots":{"index":"index","follow":"follow","max-snippet":"max-snippet:-1","max-image-preview":"max-image-preview:large","max-video-preview":"max-video-preview:-1"},"canonical":"https:\/\/7culture.ci\/index.php\/2020\/12\/02\/quel-noel-pour-2020\/","og_locale":"fr_FR","og_type":"article","og_title":"QUEL NOEL POUR 2020? - 7culture","og_description":"Cette ann\u00e9e, la venue du P\u00e8re No\u00ebl semble \u00eatre hypoth\u00e9tique. Confinement chez certains, crise post-\u00e9lectorale chez d\u2019autres&#8230; 2020 aura soumis le monde \u00e0 de rudes \u00e9preuves. De ce fait, qu\u2019en sera-t-il de la f\u00eate de No\u00ebl&nbsp;? De nos enfants qui continuent \u00e0 dresser leur liste de No\u00ebl et \u00e0 \u00e9crire leurs lettres au P\u00e8re No\u00ebl &hellip; QUEL NOEL POUR 2020? Lire la suite\u00a0\u00bb","og_url":"https:\/\/7culture.ci\/index.php\/2020\/12\/02\/quel-noel-pour-2020\/","og_site_name":"7culture","article_publisher":"https:\/\/www.facebook.com\/redchefclaude","article_published_time":"2020-12-02T16:46:04+00:00","author":"Waly Tani","twitter_card":"summary_large_image","twitter_creator":"@7culturec","twitter_site":"@7culturec","twitter_misc":{"\u00c9crit par":"Waly Tani","Dur\u00e9e de lecture estim\u00e9e":"1 minute"},"schema":{"@context":"https:\/\/schema.org","@graph":[{"@type":"Article","@id":"https:\/\/7culture.ci\/index.php\/2020\/12\/02\/quel-noel-pour-2020\/#article","isPartOf":{"@id":"https:\/\/7culture.ci\/index.php\/2020\/12\/02\/quel-noel-pour-2020\/"},"author":{"name":"Waly Tani","@id":"https:\/\/7culture.ci\/#\/schema\/person\/ac6600b76b439b1d2b8a3b734da1a17b"},"headline":"QUEL NOEL POUR 2020?","datePublished":"2020-12-02T16:46:04+00:00","dateModified":"2020-12-02T16:46:04+00:00","mainEntityOfPage":{"@id":"https:\/\/7culture.ci\/index.php\/2020\/12\/02\/quel-noel-pour-2020\/"},"wordCount":288,"commentCount":0,"publisher":{"@id":"https:\/\/7culture.ci\/#organization"},"articleSection":["Actualit\u00e9"],"inLanguage":"fr-FR","potentialAction":[{"@type":"CommentAction","name":"Comment","target":["https:\/\/7culture.ci\/index.php\/2020\/12\/02\/quel-noel-pour-2020\/#respond"]}]},{"@type":"WebPage","@id":"https:\/\/7culture.ci\/index.php\/2020\/12\/02\/quel-noel-pour-2020\/","url":"https:\/\/7culture.ci\/index.php\/2020\/12\/02\/quel-noel-pour-2020\/","name":"QUEL NOEL POUR 2020? - 7culture","isPartOf":{"@id":"https:\/\/7culture.ci\/#website"},"datePublished":"2020-12-02T16:46:04+00:00","dateModified":"2020-12-02T16:46:04+00:00","breadcrumb":{"@id":"https:\/\/7culture.ci\/index.php\/2020\/12\/02\/quel-noel-pour-2020\/#breadcrumb"},"inLanguage":"fr-FR","potentialAction":[{"@type":"ReadAction","target":["https:\/\/7culture.ci\/index.php\/2020\/12\/02\/quel-noel-pour-2020\/"]}]},{"@type":"BreadcrumbList","@id":"https:\/\/7culture.ci\/index.php\/2020\/12\/02\/quel-noel-pour-2020\/#breadcrumb","itemListElement":[{"@type":"ListItem","position":1,"name":"Accueil","item":"https:\/\/7culture.ci\/"},{"@type":"ListItem","position":2,"name":"QUEL NOEL POUR 2020?"}]},{"@type":"WebSite","@id":"https:\/\/7culture.ci\/#website","url":"https:\/\/7culture.ci\/","name":"7culture","description":"Tout sur l&#039;actualit\u00e9","publisher":{"@id":"https:\/\/7culture.ci\/#organization"},"potentialAction":[{"@type":"SearchAction","target":{"@type":"EntryPoint","urlTemplate":"https:\/\/7culture.ci\/?s={search_term_string}"},"query-input":"required name=search_term_string"}],"inLanguage":"fr-FR"},{"@type":"Organization","@id":"https:\/\/7culture.ci\/#organization","name":"7culture","url":"https:\/\/7culture.ci\/","sameAs":["https:\/\/www.facebook.com\/redchefclaude","https:\/\/twitter.com\/7culturec"],"logo":{"@type":"ImageObject","inLanguage":"fr-FR","@id":"https:\/\/7culture.ci\/#\/schema\/logo\/image\/","url":"https:\/\/7culture.ci\/wp-content\/uploads\/2021\/12\/S1a-1.png","contentUrl":"https:\/\/7culture.ci\/wp-content\/uploads\/2021\/12\/S1a-1.png","width":588,"height":192,"caption":"7culture"},"image":{"@id":"https:\/\/7culture.ci\/#\/schema\/logo\/image\/"}},{"@type":"Person","@id":"https:\/\/7culture.ci\/#\/schema\/person\/ac6600b76b439b1d2b8a3b734da1a17b","name":"Waly Tani","image":{"@type":"ImageObject","inLanguage":"fr-FR","@id":"https:\/\/7culture.ci\/#\/schema\/person\/image\/","url":"https:\/\/secure.gravatar.com\/avatar\/f4ffa85bd7cfe6e4376efc1fd606cdb7?s=96&d=mm&r=g","contentUrl":"https:\/\/secure.gravatar.com\/avatar\/f4ffa85bd7cfe6e4376efc1fd606cdb7?s=96&d=mm&r=g","caption":"Waly Tani"},"url":"https:\/\/7culture.ci\/index.php\/author\/waly-tani\/"}]}},"jetpack_featured_media_url":"","jetpack_likes_enabled":true,"jetpack_sharing_enabled":true,"_links":{"self":[{"href":"https:\/\/7culture.ci\/index.php\/wp-json\/wp\/v2\/posts\/5516"}],"collection":[{"href":"https:\/\/7culture.ci\/index.php\/wp-json\/wp\/v2\/posts"}],"about":[{"href":"https:\/\/7culture.ci\/index.php\/wp-json\/wp\/v2\/types\/post"}],"author":[{"embeddable":true,"href":"https:\/\/7culture.ci\/index.php\/wp-json\/wp\/v2\/users\/4"}],"replies":[{"embeddable":true,"href":"https:\/\/7culture.ci\/index.php\/wp-json\/wp\/v2\/comments?post=5516"}],"version-history":[{"count":0,"href":"https:\/\/7culture.ci\/index.php\/wp-json\/wp\/v2\/posts\/5516\/revisions"}],"wp:featuredmedia":[{"embeddable":true,"href":"https:\/\/7culture.ci\/index.php\/wp-json\/"}],"wp:attachment":[{"href":"https:\/\/7culture.ci\/index.php\/wp-json\/wp\/v2\/media?parent=5516"}],"wp:term":[{"taxonomy":"category","embeddable":true,"href":"https:\/\/7culture.ci\/index.php\/wp-json\/wp\/v2\/categories?post=5516"},{"taxonomy":"post_tag","embeddable":true,"href":"https:\/\/7culture.ci\/index.php\/wp-json\/wp\/v2\/tags?post=5516"}],"curies":[{"name":"wp","href":"https:\/\/api.w.org\/{rel}","templated":true}]}}