{"id":5302,"date":"2020-11-23T11:47:41","date_gmt":"2020-11-23T11:47:41","guid":{"rendered":"https:\/\/7culture.ci\/index.php\/2020\/11\/23\/disparition-de-sidy-diallo-meurtri-gadji-celi-rend-hommage-a-son-sponsor-eternel\/"},"modified":"2020-11-23T11:47:41","modified_gmt":"2020-11-23T11:47:41","slug":"disparition-de-sidy-diallo-meurtri-gadji-celi-rend-hommage-a-son-sponsor-eternel","status":"publish","type":"post","link":"https:\/\/7culture.ci\/index.php\/2020\/11\/23\/disparition-de-sidy-diallo-meurtri-gadji-celi-rend-hommage-a-son-sponsor-eternel\/","title":{"rendered":"DISPARITION DE SIDY DIALLO : MEURTRI, GADJI CELI REND HOMMAGE \u00c0 SON \u00abSPONSOR \u00c9TERNEL\u00bb."},"content":{"rendered":"\n<p><strong><em>\u00ab&nbsp;Le sponsor s\u2019appelle Sidy Diallo&nbsp;\u00bb <\/em><\/strong><em>et <strong>\u00ab&nbsp;Le sponsor \u00e9ternel, Sidy Diallo&nbsp;\u00bb. Voici les surnoms par lesquels Gadji Celi louait les services de Sidy Diallo \u00e0 son \u00e9gard. Apr\u00e8s le d\u00e9c\u00e8s du dirigeant sportif le samedi 21 novembre 2020, l\u2019artiste tr\u00e8s pein\u00e9, est revenu sur les qualit\u00e9s de l\u2019ancien pr\u00e9sident de la f\u00e9d\u00e9ration ivoirienne de football (FIF).<\/strong><\/em><\/p>\n\n\n\n<p>On dit souvent que la vie n\u2019est pas \u00e9ternelle mais il y a des rencontres (ou plut\u00f4t des actes) \u00e9ternelles (ls). Comme celle de Gadji Celi et Sidy Diallo. L\u2019ancien capitaine des \u00c9l\u00e9phants, l\u2019\u00e9quipe nationale de football de C\u00f4te d\u2019Ivoire, a rendu un t\u00e9moignage triste, poignant mais r\u00e9aliste sur sa rencontre avec Augustin Sidy Diallo, pr\u00e9sident de la f\u00e9d\u00e9ration ivoirienne de football (FIF) qui est d\u00e9c\u00e9d\u00e9e le samedi 21 novembre \u00e0 la Polyclinique international Sainte Anne-Marie (PISAM) \u00e0 Abidjan-Cocody.<\/p>\n\n\n\n<figure class=\\\"wp-block-image size-large\\\"><img src=\\\"http:\/\/7culture.ci\/fbf\/uploads\/2020\/07\/gadji-celi4.jpg\\\" alt=\\\"\\\" class=\\\"wp-image-5300\\\"\/><figcaption><em><strong>Gadji Celi reconnaissant, salut la m\u00e9moire de son bienfaiteur&#8230;<\/strong><\/em><\/figcaption><\/figure>\n\n\n\n<p>L\u2019ancien patron du football ivoirien a \u00e9t\u00e9 emport\u00e9 par le covid-19. Juste apr\u00e8s l\u2019annonce de la funeste nouvelle pour le ballon rond africain, l\u2019ex-soci\u00e9taire du Stella Club d\u2019Adjam\u00e9 et de l\u2019ASEC Mimosas, a partag\u00e9 sa douleur sur sa page Facebook Gadji Celi l\\&#8217;officiel. \u00ab&nbsp;<strong><em>\u00c0 toi pr\u00e9sident, ami-fr\u00e8re, le sponsor \u00e9ternel, Sidy dialloooo&#8230;\u00bb, <\/em><\/strong><em>commence l\u2019ancien capitaine des Jaune et Noir<strong>. <\/strong>Et r\u00e9v\u00e8le<strong>&nbsp;: \u00ab&nbsp;Tu as souvent \u00e9t\u00e9 \u00e0 mes c\u00f4t\u00e9s, bien dans ma carri\u00e8re de footballeur que dans ma carri\u00e8re d\u2019artiste-chanteur<\/strong><\/em>&nbsp;\u00bb. On comprend d\u00e8s lors que celui que le King chantait souvent dans ses albums a \u00e9t\u00e9 de tous ses grands projets. \u00ab&nbsp;<strong><em>Tu \u00e9tais l\u00e0 dans mes d\u00e9buts au Stella Club d\u2019Adjam\u00e9 autour de nous, fils du papa (Abdoulaye Diallo), pr\u00e9sident d\u2019honneur du club&#8230;. Tu \u00e9tais l\u00e0 en tant que dirigeant, ropero, ami des jeunes joueurs de l\u2019\u00e9quipe, conseiller des joueurs, confident sp\u00e9cial&#8230; Tu n\u2019avais pas de r\u00f4le v\u00e9ritable. Tu \u00e9tais quand m\u00eame l\u00e0, soit pour nous pousser \u00e0 la victoire, soit pour nous aider dans la vie quand on traversait des moments difficiles&nbsp;<\/em><\/strong>\u00bb, d\u00e9voile-t-il avant de souligner ceci&nbsp;: \u00ab&nbsp;<strong><em>Je me souviens comme si c\u2019\u00e9tait hier (les mises au vert) \u00e0 Dj\u00e9kanou, au village \u00e0 quelques kilom\u00e8tres de Yamoussoukro. Tu \u00e9tais toujours l\u00e0 pour nous, surtout pour moi. On a fini par se retrouver en \u00e9quipe nationale plus tard, tu \u00e9tais membre du comit\u00e9 directeur de feu Dieng Ousseynou (pr\u00e9sident de la f\u00e9d\u00e9ration ivoirienne de football) dans cette p\u00e9riode<\/em><\/strong>&nbsp;\u00bb.<\/p>\n\n\n\n<figure class=\\\"wp-block-image size-large\\\"><img src=\\\"http:\/\/7culture.ci\/fbf\/uploads\/2020\/07\/Sidy3.jpg\\\" alt=\\\"\\\" class=\\\"wp-image-5297\\\"\/><figcaption><em><strong>L\u2019au revoir d\\&#8217;un grand serviteur du football ivoirien <\/strong><\/em><\/figcaption><\/figure>\n\n\n\n<p>Depuis plus de 30 ans, Sidy Diallo est dans les arcanes du football ivoirien. Si on retient plus sa victoire \u00e0 la coupe d\u2019Afrique des nations en 2015 en tant pr\u00e9sident la FIF, il faut savoir que Sidy a aussi particip\u00e9 au premier succ\u00e8s d\u2019\u00e9quipe nationale \u00e0 la CAN 1992 au S\u00e9n\u00e9gal. \u00ab&nbsp;<strong><em>C\u2019\u00e9tait dans les ann\u00e9es 90-92, tu as \u00e9t\u00e9 un grand artisan de cette victoire de ma g\u00e9n\u00e9ration (S\u00e9n\u00e9gal 92). Nous savons tous le grand r\u00f4le que tu as jou\u00e9s pour la victoire finale<\/em><\/strong>&nbsp;\u00bb, rel\u00e8ve Gadji.<\/p>\n\n\n\n<p>Et quand Gadji amorce v\u00e9ritablement sa carri\u00e8re de chanteur apr\u00e8s avoir raccroch\u00e9 les crampons, Sidy Diallo \u00e9tait encore l\u00e0. D\u00e9sign\u00e9 dans la chanson <strong>Lenalo<\/strong> de <strong>sponsor s\u2019appelle Sidy Diallo<\/strong>, l\u2019ancien dirigeant du football ivoirien sera rebaptis\u00e9 dans le titre <strong>Celi Dance<\/strong> de <strong>sponsor \u00e9ternel<\/strong>. \u00ab&nbsp;<strong><em>Ensuite fr\u00e8re, on s\u2019est retrouv\u00e9 dans une autre vie&nbsp;: celle de ma carri\u00e8re d\u2019artiste et l\u00e0, j\u2019ai d\u00e9cid\u00e9 de t\u2019\u00e9lever au grade de sponsor \u00e9ternel (Sidy Diallooo&#8230;). Tellement tu \u00e9tais pr\u00eat pour moi ! Toujours pr\u00eat \u00e0 soutenir mes initiatives en mati\u00e8re de culture, toujours pr\u00eat \u00e0 m\u2019accompagner dans mes projets de tourn\u00e9es et de confection d\u2019\u0153uvres musicales&nbsp;<\/em><\/strong>\u00bb, t\u00e9moigne le footballeur-chanteur.<\/p>\n\n\n\n<p>L\u2019ancien Ambassadeur de bonne volont\u00e9 de l\u2019UNICEF termine son post par une reconnaissance appuy\u00e9 au fr\u00e8re et ami Augustin Sidy Diallo et le confie \u00e0 Dieu le cr\u00e9ateur&nbsp;: \u00ab&nbsp;<strong><em>Oui pr\u00e9sident, tu fus l\u2019\u00e9ternel sponsor du King et tu le demeureras toujours dans mon esprit. Pars, mais pars avec la conscience tranquille&nbsp;! Pars avec l\u2019assurance d\u2019avoir fait le maximum sur cette terre des hommes. Que ton \u00e2me repose en paix et que le Seigneur, notre Dieu t\u2019accorde gr\u00e2ce et mis\u00e9ricorde&nbsp;! \u00c0 Dieu le sponsor \u00e9ternel, Sidy Diallooooooooooooooooo\u2026<\/em><\/strong>\u00bb<\/p>\n\n\n\n<p><strong>Omar AK<\/strong><\/p>\n","protected":false},"excerpt":{"rendered":"<p>\u00ab&nbsp;Le sponsor s\u2019appelle Sidy Diallo&nbsp;\u00bb et \u00ab&nbsp;Le sponsor \u00e9ternel, Sidy Diallo&nbsp;\u00bb. Voici les surnoms par lesquels Gadji Celi louait les services de Sidy Diallo \u00e0 son \u00e9gard. Apr\u00e8s le d\u00e9c\u00e8s du dirigeant sportif le samedi 21 novembre 2020, l\u2019artiste tr\u00e8s pein\u00e9, est revenu sur les qualit\u00e9s de l\u2019ancien pr\u00e9sident de la f\u00e9d\u00e9ration ivoirienne de football &hellip;<\/p>\n<p class=\"read-more\"> <a class=\"\" href=\"https:\/\/7culture.ci\/index.php\/2020\/11\/23\/disparition-de-sidy-diallo-meurtri-gadji-celi-rend-hommage-a-son-sponsor-eternel\/\"> <span class=\"screen-reader-text\">DISPARITION DE SIDY DIALLO : MEURTRI, GADJI CELI REND HOMMAGE \u00c0 SON \u00abSPONSOR \u00c9TERNEL\u00bb.<\/span> Lire la suite\u00a0\u00bb<\/a><\/p>\n","protected":false},"author":2,"featured_media":5298,"comment_status":"open","ping_status":"closed","sticky":true,"template":"","format":"standard","meta":{"_mi_skip_tracking":false,"_monsterinsights_sitenote_active":false,"_monsterinsights_sitenote_note":"","_monsterinsights_sitenote_category":0,"site-sidebar-layout":"default","site-content-layout":"default","ast-global-header-display":"","ast-main-header-display":"","ast-hfb-above-header-display":"","ast-hfb-below-header-display":"","ast-hfb-mobile-header-display":"","site-post-title":"","ast-breadcrumbs-content":"","ast-featured-img":"","footer-sml-layout":"","theme-transparent-header-meta":"","adv-header-id-meta":"","stick-header-meta":"","header-above-stick-meta":"","header-main-stick-meta":"","header-below-stick-meta":"","footnotes":"","jetpack_publicize_message":"","jetpack_is_tweetstorm":false,"jetpack_publicize_feature_enabled":true},"categories":[22],"tags":[],"jetpack_publicize_connections":[],"acf":[],"aioseo_notices":[],"yoast_head":"<!-- This site is optimized with the Yoast SEO plugin v19.6.1 - https:\/\/yoast.com\/wordpress\/plugins\/seo\/ -->\n<title>DISPARITION DE SIDY DIALLO : MEURTRI, GADJI CELI REND HOMMAGE \u00c0 SON \u00abSPONSOR \u00c9TERNEL\u00bb. - 7culture<\/title>\n<meta name=\"robots\" content=\"index, follow, max-snippet:-1, max-image-preview:large, max-video-preview:-1\" \/>\n<link rel=\"canonical\" href=\"https:\/\/7culture.ci\/index.php\/2020\/11\/23\/disparition-de-sidy-diallo-meurtri-gadji-celi-rend-hommage-a-son-sponsor-eternel\/\" \/>\n<meta property=\"og:locale\" content=\"fr_FR\" \/>\n<meta property=\"og:type\" content=\"article\" \/>\n<meta property=\"og:title\" content=\"DISPARITION DE SIDY DIALLO : MEURTRI, GADJI CELI REND HOMMAGE \u00c0 SON \u00abSPONSOR \u00c9TERNEL\u00bb. - 7culture\" \/>\n<meta property=\"og:description\" content=\"\u00ab&nbsp;Le sponsor s\u2019appelle Sidy Diallo&nbsp;\u00bb et \u00ab&nbsp;Le sponsor \u00e9ternel, Sidy Diallo&nbsp;\u00bb. Voici les surnoms par lesquels Gadji Celi louait les services de Sidy Diallo \u00e0 son \u00e9gard. Apr\u00e8s le d\u00e9c\u00e8s du dirigeant sportif le samedi 21 novembre 2020, l\u2019artiste tr\u00e8s pein\u00e9, est revenu sur les qualit\u00e9s de l\u2019ancien pr\u00e9sident de la f\u00e9d\u00e9ration ivoirienne de football &hellip; DISPARITION DE SIDY DIALLO : MEURTRI, GADJI CELI REND HOMMAGE \u00c0 SON \u00abSPONSOR \u00c9TERNEL\u00bb. Lire la suite\u00a0\u00bb\" \/>\n<meta property=\"og:url\" content=\"https:\/\/7culture.ci\/index.php\/2020\/11\/23\/disparition-de-sidy-diallo-meurtri-gadji-celi-rend-hommage-a-son-sponsor-eternel\/\" \/>\n<meta property=\"og:site_name\" content=\"7culture\" \/>\n<meta property=\"article:publisher\" content=\"https:\/\/www.facebook.com\/redchefclaude\" \/>\n<meta property=\"article:published_time\" content=\"2020-11-23T11:47:41+00:00\" \/>\n<meta name=\"author\" content=\"Claude Kipre\" \/>\n<meta name=\"twitter:card\" content=\"summary_large_image\" \/>\n<meta name=\"twitter:creator\" content=\"@7culturec\" \/>\n<meta name=\"twitter:site\" content=\"@7culturec\" \/>\n<meta name=\"twitter:label1\" content=\"\u00c9crit par\" \/>\n\t<meta name=\"twitter:data1\" content=\"Claude Kipre\" \/>\n\t<meta name=\"twitter:label2\" content=\"Dur\u00e9e de lecture estim\u00e9e\" \/>\n\t<meta name=\"twitter:data2\" content=\"4 minutes\" \/>\n<script type=\"application\/ld+json\" class=\"yoast-schema-graph\">{\"@context\":\"https:\/\/schema.org\",\"@graph\":[{\"@type\":\"Article\",\"@id\":\"https:\/\/7culture.ci\/index.php\/2020\/11\/23\/disparition-de-sidy-diallo-meurtri-gadji-celi-rend-hommage-a-son-sponsor-eternel\/#article\",\"isPartOf\":{\"@id\":\"https:\/\/7culture.ci\/index.php\/2020\/11\/23\/disparition-de-sidy-diallo-meurtri-gadji-celi-rend-hommage-a-son-sponsor-eternel\/\"},\"author\":{\"name\":\"Claude Kipre\",\"@id\":\"https:\/\/7culture.ci\/#\/schema\/person\/64b5687ef9752cd031e11e98f4fd60b6\"},\"headline\":\"DISPARITION DE SIDY DIALLO : MEURTRI, GADJI CELI REND HOMMAGE \u00c0 SON \u00abSPONSOR \u00c9TERNEL\u00bb.\",\"datePublished\":\"2020-11-23T11:47:41+00:00\",\"dateModified\":\"2020-11-23T11:47:41+00:00\",\"mainEntityOfPage\":{\"@id\":\"https:\/\/7culture.ci\/index.php\/2020\/11\/23\/disparition-de-sidy-diallo-meurtri-gadji-celi-rend-hommage-a-son-sponsor-eternel\/\"},\"wordCount\":794,\"commentCount\":0,\"publisher\":{\"@id\":\"https:\/\/7culture.ci\/#organization\"},\"articleSection\":[\"Actualit\u00e9\"],\"inLanguage\":\"fr-FR\",\"potentialAction\":[{\"@type\":\"CommentAction\",\"name\":\"Comment\",\"target\":[\"https:\/\/7culture.ci\/index.php\/2020\/11\/23\/disparition-de-sidy-diallo-meurtri-gadji-celi-rend-hommage-a-son-sponsor-eternel\/#respond\"]}]},{\"@type\":\"WebPage\",\"@id\":\"https:\/\/7culture.ci\/index.php\/2020\/11\/23\/disparition-de-sidy-diallo-meurtri-gadji-celi-rend-hommage-a-son-sponsor-eternel\/\",\"url\":\"https:\/\/7culture.ci\/index.php\/2020\/11\/23\/disparition-de-sidy-diallo-meurtri-gadji-celi-rend-hommage-a-son-sponsor-eternel\/\",\"name\":\"DISPARITION DE SIDY DIALLO : MEURTRI, GADJI CELI REND HOMMAGE \u00c0 SON \u00abSPONSOR \u00c9TERNEL\u00bb. - 7culture\",\"isPartOf\":{\"@id\":\"https:\/\/7culture.ci\/#website\"},\"datePublished\":\"2020-11-23T11:47:41+00:00\",\"dateModified\":\"2020-11-23T11:47:41+00:00\",\"breadcrumb\":{\"@id\":\"https:\/\/7culture.ci\/index.php\/2020\/11\/23\/disparition-de-sidy-diallo-meurtri-gadji-celi-rend-hommage-a-son-sponsor-eternel\/#breadcrumb\"},\"inLanguage\":\"fr-FR\",\"potentialAction\":[{\"@type\":\"ReadAction\",\"target\":[\"https:\/\/7culture.ci\/index.php\/2020\/11\/23\/disparition-de-sidy-diallo-meurtri-gadji-celi-rend-hommage-a-son-sponsor-eternel\/\"]}]},{\"@type\":\"BreadcrumbList\",\"@id\":\"https:\/\/7culture.ci\/index.php\/2020\/11\/23\/disparition-de-sidy-diallo-meurtri-gadji-celi-rend-hommage-a-son-sponsor-eternel\/#breadcrumb\",\"itemListElement\":[{\"@type\":\"ListItem\",\"position\":1,\"name\":\"Accueil\",\"item\":\"https:\/\/7culture.ci\/\"},{\"@type\":\"ListItem\",\"position\":2,\"name\":\"DISPARITION DE SIDY DIALLO : MEURTRI, GADJI CELI REND HOMMAGE \u00c0 SON \u00abSPONSOR \u00c9TERNEL\u00bb.\"}]},{\"@type\":\"WebSite\",\"@id\":\"https:\/\/7culture.ci\/#website\",\"url\":\"https:\/\/7culture.ci\/\",\"name\":\"7culture\",\"description\":\"Tout sur l&#039;actualit\u00e9\",\"publisher\":{\"@id\":\"https:\/\/7culture.ci\/#organization\"},\"potentialAction\":[{\"@type\":\"SearchAction\",\"target\":{\"@type\":\"EntryPoint\",\"urlTemplate\":\"https:\/\/7culture.ci\/?s={search_term_string}\"},\"query-input\":\"required name=search_term_string\"}],\"inLanguage\":\"fr-FR\"},{\"@type\":\"Organization\",\"@id\":\"https:\/\/7culture.ci\/#organization\",\"name\":\"7culture\",\"url\":\"https:\/\/7culture.ci\/\",\"sameAs\":[\"https:\/\/www.facebook.com\/redchefclaude\",\"https:\/\/twitter.com\/7culturec\"],\"logo\":{\"@type\":\"ImageObject\",\"inLanguage\":\"fr-FR\",\"@id\":\"https:\/\/7culture.ci\/#\/schema\/logo\/image\/\",\"url\":\"https:\/\/7culture.ci\/wp-content\/uploads\/2021\/12\/S1a-1.png\",\"contentUrl\":\"https:\/\/7culture.ci\/wp-content\/uploads\/2021\/12\/S1a-1.png\",\"width\":588,\"height\":192,\"caption\":\"7culture\"},\"image\":{\"@id\":\"https:\/\/7culture.ci\/#\/schema\/logo\/image\/\"}},{\"@type\":\"Person\",\"@id\":\"https:\/\/7culture.ci\/#\/schema\/person\/64b5687ef9752cd031e11e98f4fd60b6\",\"name\":\"Claude Kipre\",\"image\":{\"@type\":\"ImageObject\",\"inLanguage\":\"fr-FR\",\"@id\":\"https:\/\/7culture.ci\/#\/schema\/person\/image\/\",\"url\":\"https:\/\/secure.gravatar.com\/avatar\/60e5007626848549b0d9b2ad9c53c9e8?s=96&d=mm&r=g\",\"contentUrl\":\"https:\/\/secure.gravatar.com\/avatar\/60e5007626848549b0d9b2ad9c53c9e8?s=96&d=mm&r=g\",\"caption\":\"Claude Kipre\"},\"url\":\"https:\/\/7culture.ci\/index.php\/author\/claude-kipre\/\"}]}<\/script>\n<!-- \/ Yoast SEO plugin. -->","yoast_head_json":{"title":"DISPARITION DE SIDY DIALLO : MEURTRI, GADJI CELI REND HOMMAGE \u00c0 SON \u00abSPONSOR \u00c9TERNEL\u00bb. - 7culture","robots":{"index":"index","follow":"follow","max-snippet":"max-snippet:-1","max-image-preview":"max-image-preview:large","max-video-preview":"max-video-preview:-1"},"canonical":"https:\/\/7culture.ci\/index.php\/2020\/11\/23\/disparition-de-sidy-diallo-meurtri-gadji-celi-rend-hommage-a-son-sponsor-eternel\/","og_locale":"fr_FR","og_type":"article","og_title":"DISPARITION DE SIDY DIALLO : MEURTRI, GADJI CELI REND HOMMAGE \u00c0 SON \u00abSPONSOR \u00c9TERNEL\u00bb. - 7culture","og_description":"\u00ab&nbsp;Le sponsor s\u2019appelle Sidy Diallo&nbsp;\u00bb et \u00ab&nbsp;Le sponsor \u00e9ternel, Sidy Diallo&nbsp;\u00bb. Voici les surnoms par lesquels Gadji Celi louait les services de Sidy Diallo \u00e0 son \u00e9gard. Apr\u00e8s le d\u00e9c\u00e8s du dirigeant sportif le samedi 21 novembre 2020, l\u2019artiste tr\u00e8s pein\u00e9, est revenu sur les qualit\u00e9s de l\u2019ancien pr\u00e9sident de la f\u00e9d\u00e9ration ivoirienne de football &hellip; DISPARITION DE SIDY DIALLO : MEURTRI, GADJI CELI REND HOMMAGE \u00c0 SON \u00abSPONSOR \u00c9TERNEL\u00bb. Lire la suite\u00a0\u00bb","og_url":"https:\/\/7culture.ci\/index.php\/2020\/11\/23\/disparition-de-sidy-diallo-meurtri-gadji-celi-rend-hommage-a-son-sponsor-eternel\/","og_site_name":"7culture","article_publisher":"https:\/\/www.facebook.com\/redchefclaude","article_published_time":"2020-11-23T11:47:41+00:00","author":"Claude Kipre","twitter_card":"summary_large_image","twitter_creator":"@7culturec","twitter_site":"@7culturec","twitter_misc":{"\u00c9crit par":"Claude Kipre","Dur\u00e9e de lecture estim\u00e9e":"4 minutes"},"schema":{"@context":"https:\/\/schema.org","@graph":[{"@type":"Article","@id":"https:\/\/7culture.ci\/index.php\/2020\/11\/23\/disparition-de-sidy-diallo-meurtri-gadji-celi-rend-hommage-a-son-sponsor-eternel\/#article","isPartOf":{"@id":"https:\/\/7culture.ci\/index.php\/2020\/11\/23\/disparition-de-sidy-diallo-meurtri-gadji-celi-rend-hommage-a-son-sponsor-eternel\/"},"author":{"name":"Claude Kipre","@id":"https:\/\/7culture.ci\/#\/schema\/person\/64b5687ef9752cd031e11e98f4fd60b6"},"headline":"DISPARITION DE SIDY DIALLO : MEURTRI, GADJI CELI REND HOMMAGE \u00c0 SON \u00abSPONSOR \u00c9TERNEL\u00bb.","datePublished":"2020-11-23T11:47:41+00:00","dateModified":"2020-11-23T11:47:41+00:00","mainEntityOfPage":{"@id":"https:\/\/7culture.ci\/index.php\/2020\/11\/23\/disparition-de-sidy-diallo-meurtri-gadji-celi-rend-hommage-a-son-sponsor-eternel\/"},"wordCount":794,"commentCount":0,"publisher":{"@id":"https:\/\/7culture.ci\/#organization"},"articleSection":["Actualit\u00e9"],"inLanguage":"fr-FR","potentialAction":[{"@type":"CommentAction","name":"Comment","target":["https:\/\/7culture.ci\/index.php\/2020\/11\/23\/disparition-de-sidy-diallo-meurtri-gadji-celi-rend-hommage-a-son-sponsor-eternel\/#respond"]}]},{"@type":"WebPage","@id":"https:\/\/7culture.ci\/index.php\/2020\/11\/23\/disparition-de-sidy-diallo-meurtri-gadji-celi-rend-hommage-a-son-sponsor-eternel\/","url":"https:\/\/7culture.ci\/index.php\/2020\/11\/23\/disparition-de-sidy-diallo-meurtri-gadji-celi-rend-hommage-a-son-sponsor-eternel\/","name":"DISPARITION DE SIDY DIALLO : MEURTRI, GADJI CELI REND HOMMAGE \u00c0 SON \u00abSPONSOR \u00c9TERNEL\u00bb. - 7culture","isPartOf":{"@id":"https:\/\/7culture.ci\/#website"},"datePublished":"2020-11-23T11:47:41+00:00","dateModified":"2020-11-23T11:47:41+00:00","breadcrumb":{"@id":"https:\/\/7culture.ci\/index.php\/2020\/11\/23\/disparition-de-sidy-diallo-meurtri-gadji-celi-rend-hommage-a-son-sponsor-eternel\/#breadcrumb"},"inLanguage":"fr-FR","potentialAction":[{"@type":"ReadAction","target":["https:\/\/7culture.ci\/index.php\/2020\/11\/23\/disparition-de-sidy-diallo-meurtri-gadji-celi-rend-hommage-a-son-sponsor-eternel\/"]}]},{"@type":"BreadcrumbList","@id":"https:\/\/7culture.ci\/index.php\/2020\/11\/23\/disparition-de-sidy-diallo-meurtri-gadji-celi-rend-hommage-a-son-sponsor-eternel\/#breadcrumb","itemListElement":[{"@type":"ListItem","position":1,"name":"Accueil","item":"https:\/\/7culture.ci\/"},{"@type":"ListItem","position":2,"name":"DISPARITION DE SIDY DIALLO : MEURTRI, GADJI CELI REND HOMMAGE \u00c0 SON \u00abSPONSOR \u00c9TERNEL\u00bb."}]},{"@type":"WebSite","@id":"https:\/\/7culture.ci\/#website","url":"https:\/\/7culture.ci\/","name":"7culture","description":"Tout sur l&#039;actualit\u00e9","publisher":{"@id":"https:\/\/7culture.ci\/#organization"},"potentialAction":[{"@type":"SearchAction","target":{"@type":"EntryPoint","urlTemplate":"https:\/\/7culture.ci\/?s={search_term_string}"},"query-input":"required name=search_term_string"}],"inLanguage":"fr-FR"},{"@type":"Organization","@id":"https:\/\/7culture.ci\/#organization","name":"7culture","url":"https:\/\/7culture.ci\/","sameAs":["https:\/\/www.facebook.com\/redchefclaude","https:\/\/twitter.com\/7culturec"],"logo":{"@type":"ImageObject","inLanguage":"fr-FR","@id":"https:\/\/7culture.ci\/#\/schema\/logo\/image\/","url":"https:\/\/7culture.ci\/wp-content\/uploads\/2021\/12\/S1a-1.png","contentUrl":"https:\/\/7culture.ci\/wp-content\/uploads\/2021\/12\/S1a-1.png","width":588,"height":192,"caption":"7culture"},"image":{"@id":"https:\/\/7culture.ci\/#\/schema\/logo\/image\/"}},{"@type":"Person","@id":"https:\/\/7culture.ci\/#\/schema\/person\/64b5687ef9752cd031e11e98f4fd60b6","name":"Claude Kipre","image":{"@type":"ImageObject","inLanguage":"fr-FR","@id":"https:\/\/7culture.ci\/#\/schema\/person\/image\/","url":"https:\/\/secure.gravatar.com\/avatar\/60e5007626848549b0d9b2ad9c53c9e8?s=96&d=mm&r=g","contentUrl":"https:\/\/secure.gravatar.com\/avatar\/60e5007626848549b0d9b2ad9c53c9e8?s=96&d=mm&r=g","caption":"Claude Kipre"},"url":"https:\/\/7culture.ci\/index.php\/author\/claude-kipre\/"}]}},"jetpack_featured_media_url":"","jetpack_likes_enabled":true,"jetpack_sharing_enabled":true,"_links":{"self":[{"href":"https:\/\/7culture.ci\/index.php\/wp-json\/wp\/v2\/posts\/5302"}],"collection":[{"href":"https:\/\/7culture.ci\/index.php\/wp-json\/wp\/v2\/posts"}],"about":[{"href":"https:\/\/7culture.ci\/index.php\/wp-json\/wp\/v2\/types\/post"}],"author":[{"embeddable":true,"href":"https:\/\/7culture.ci\/index.php\/wp-json\/wp\/v2\/users\/2"}],"replies":[{"embeddable":true,"href":"https:\/\/7culture.ci\/index.php\/wp-json\/wp\/v2\/comments?post=5302"}],"version-history":[{"count":0,"href":"https:\/\/7culture.ci\/index.php\/wp-json\/wp\/v2\/posts\/5302\/revisions"}],"wp:featuredmedia":[{"embeddable":true,"href":"https:\/\/7culture.ci\/index.php\/wp-json\/"}],"wp:attachment":[{"href":"https:\/\/7culture.ci\/index.php\/wp-json\/wp\/v2\/media?parent=5302"}],"wp:term":[{"taxonomy":"category","embeddable":true,"href":"https:\/\/7culture.ci\/index.php\/wp-json\/wp\/v2\/categories?post=5302"},{"taxonomy":"post_tag","embeddable":true,"href":"https:\/\/7culture.ci\/index.php\/wp-json\/wp\/v2\/tags?post=5302"}],"curies":[{"name":"wp","href":"https:\/\/api.w.org\/{rel}","templated":true}]}}