{"id":5257,"date":"2020-11-20T17:37:39","date_gmt":"2020-11-20T17:37:39","guid":{"rendered":"https:\/\/7culture.ci\/index.php\/2020\/11\/20\/mfesta-arrivee-imminente-a-abidjan-aux-cotes-de-gims\/"},"modified":"2020-11-20T17:37:39","modified_gmt":"2020-11-20T17:37:39","slug":"mfesta-arrivee-imminente-a-abidjan-aux-cotes-de-gims","status":"publish","type":"post","link":"https:\/\/7culture.ci\/index.php\/2020\/11\/20\/mfesta-arrivee-imminente-a-abidjan-aux-cotes-de-gims\/","title":{"rendered":"M\u2019FESTA : ARRIV\u00c9E IMMINENTE \u00c0 ABIDJAN AUX  C\u00d4T\u00c9S  DE GIMS"},"content":{"rendered":"\n<p><strong><em>C\u2019est en d\u00e9cembre prochain qu\u2019on d\u00e9couvrira le sourire de M\u2019Festa. La jeune chanteuse fran\u00e7ais d\u00e9barque \u00e0 Abidjan pour une s\u00e9rie de concerts dont un avec Gims.<\/em><\/strong><\/p>\n\n\n\n<p>Selon une correspondance adress\u00e9e \u00e0 notre r\u00e9daction, M\u2019Festa arrive en d\u00e9cembre 2020 au bord de la lagune Ebri\u00e9. \u00ab&nbsp;<strong><em>S\u00e9jour confirm\u00e9 du 18 au 30 d\u00e9cembre sur Abidjan \u00e0 l\\&#8217;occasion du concert de Gims le 25 d\u00e9cembre. Open pour d\\&#8217;autres sollicitations&nbsp;<\/em><\/strong>\u00bb, a mentionn\u00e9 le courrier. Dans le cadre de sa tourn\u00e9e africaine, l\u2019ex Maitre Gims fera escale \u00e0 Abidjan le jour de No\u00ebl pour un concert in\u00e9dit. A c\u00f4t\u00e9 du Congolais du groupe Sexion d\u2019Assaut, les Abidjanais pourront d\u00e9couvrir M\u2019Festa. C\u2019est une chanteuse fran\u00e7aise qui a sorti son premier album baptis\u00e9 <strong>Make Me Smile <\/strong>(Fais-moi un sourire) en ao\u00fbt 2020. Son disque comprend cinq chansons de belle facture. Chanteuse de vari\u00e9t\u00e9, M\u2019Festa surfe ais\u00e9ment entre new soul, jazz, pop, reggae&#8230; \u00ab <strong><em>Mes influences sont multiples. J\u2019essaye de ne pas \u00eatre cantonn\u00e9e dans une case. Je m\u2019inspire de mes chanteuses pr\u00e9f\u00e9r\u00e9es, comme Nina Simone, Liz McComb, Lauryn Hill, Miriam Makeba, ou encore Diane Reeves<\/em><\/strong>&nbsp;\u00bb, avait confi\u00e9 M\u2019Festa \u00e0 7culture.ci en ao\u00fbt dernier.<\/p>\n\n\n\n<figure class=\\\"wp-block-image size-large\\\"><img src=\\\"http:\/\/7culture.ci\/fbf\/uploads\/2020\/11\/Mf\u00e9e-5.jpg\\\" alt=\\\"\\\" class=\\\"wp-image-5260\\\"\/><\/figure>\n\n\n\n<p>Le v\u00e9ritable premier album de M\u2019Festa a \u00e9t\u00e9 publi\u00e9 en ao\u00fbt dernier. Mais elle traine derri\u00e8re elle un lourd bagage de plusieurs ann\u00e9es d\u2019exp\u00e9rience. Elle vient d\u2019une famille qui aime la musique. Tr\u00e8s t\u00f4t, elle s\u2019est donc frott\u00e9e \u00e0 de nombreuses sensibilit\u00e9s qui forgent aujourd\u2019hui son identit\u00e9 musicale. Naturellement, elle apprend les B.A.-BA du m\u00e9tier comme choriste avant de rejoindre des bands. Fortifi\u00e9e par ces exp\u00e9riences r\u00e9ussies et apr\u00e8s de nombreux featurings, M\u2019Festa a d\u00e9cid\u00e9 de voler de ses propres ailes. Et le r\u00e9sultat est \u00e9clatant avec le sourire en plus !<\/p>\n\n\n\n<p><strong>Omar AK<\/strong><\/p>\n\n\n\n<p><\/p>\n","protected":false},"excerpt":{"rendered":"<p>C\u2019est en d\u00e9cembre prochain qu\u2019on d\u00e9couvrira le sourire de M\u2019Festa. La jeune chanteuse fran\u00e7ais d\u00e9barque \u00e0 Abidjan pour une s\u00e9rie de concerts dont un avec Gims. Selon une correspondance adress\u00e9e \u00e0 notre r\u00e9daction, M\u2019Festa arrive en d\u00e9cembre 2020 au bord de la lagune Ebri\u00e9. \u00ab&nbsp;S\u00e9jour confirm\u00e9 du 18 au 30 d\u00e9cembre sur Abidjan \u00e0 l\\&#8217;occasion &hellip;<\/p>\n<p class=\"read-more\"> <a class=\"\" href=\"https:\/\/7culture.ci\/index.php\/2020\/11\/20\/mfesta-arrivee-imminente-a-abidjan-aux-cotes-de-gims\/\"> <span class=\"screen-reader-text\">M\u2019FESTA : ARRIV\u00c9E IMMINENTE \u00c0 ABIDJAN AUX  C\u00d4T\u00c9S  DE GIMS<\/span> Lire la suite\u00a0\u00bb<\/a><\/p>\n","protected":false},"author":2,"featured_media":5264,"comment_status":"open","ping_status":"closed","sticky":false,"template":"","format":"standard","meta":{"_mi_skip_tracking":false,"_monsterinsights_sitenote_active":false,"_monsterinsights_sitenote_note":"","_monsterinsights_sitenote_category":0,"site-sidebar-layout":"default","site-content-layout":"default","ast-global-header-display":"","ast-main-header-display":"","ast-hfb-above-header-display":"","ast-hfb-below-header-display":"","ast-hfb-mobile-header-display":"","site-post-title":"","ast-breadcrumbs-content":"","ast-featured-img":"","footer-sml-layout":"","theme-transparent-header-meta":"","adv-header-id-meta":"","stick-header-meta":"","header-above-stick-meta":"","header-main-stick-meta":"","header-below-stick-meta":"","footnotes":"","jetpack_publicize_message":"","jetpack_is_tweetstorm":false,"jetpack_publicize_feature_enabled":true},"categories":[16],"tags":[],"jetpack_publicize_connections":[],"acf":[],"aioseo_notices":[],"yoast_head":"<!-- This site is optimized with the Yoast SEO plugin v19.6.1 - https:\/\/yoast.com\/wordpress\/plugins\/seo\/ -->\n<title>M\u2019FESTA : ARRIV\u00c9E IMMINENTE \u00c0 ABIDJAN AUX C\u00d4T\u00c9S DE GIMS - 7culture<\/title>\n<meta name=\"robots\" content=\"index, follow, max-snippet:-1, max-image-preview:large, max-video-preview:-1\" \/>\n<link rel=\"canonical\" href=\"https:\/\/7culture.ci\/index.php\/2020\/11\/20\/mfesta-arrivee-imminente-a-abidjan-aux-cotes-de-gims\/\" \/>\n<meta property=\"og:locale\" content=\"fr_FR\" \/>\n<meta property=\"og:type\" content=\"article\" \/>\n<meta property=\"og:title\" content=\"M\u2019FESTA : ARRIV\u00c9E IMMINENTE \u00c0 ABIDJAN AUX C\u00d4T\u00c9S DE GIMS - 7culture\" \/>\n<meta property=\"og:description\" content=\"C\u2019est en d\u00e9cembre prochain qu\u2019on d\u00e9couvrira le sourire de M\u2019Festa. La jeune chanteuse fran\u00e7ais d\u00e9barque \u00e0 Abidjan pour une s\u00e9rie de concerts dont un avec Gims. Selon une correspondance adress\u00e9e \u00e0 notre r\u00e9daction, M\u2019Festa arrive en d\u00e9cembre 2020 au bord de la lagune Ebri\u00e9. \u00ab&nbsp;S\u00e9jour confirm\u00e9 du 18 au 30 d\u00e9cembre sur Abidjan \u00e0 l&#8217;occasion &hellip; M\u2019FESTA : ARRIV\u00c9E IMMINENTE \u00c0 ABIDJAN AUX C\u00d4T\u00c9S DE GIMS Lire la suite\u00a0\u00bb\" \/>\n<meta property=\"og:url\" content=\"https:\/\/7culture.ci\/index.php\/2020\/11\/20\/mfesta-arrivee-imminente-a-abidjan-aux-cotes-de-gims\/\" \/>\n<meta property=\"og:site_name\" content=\"7culture\" \/>\n<meta property=\"article:publisher\" content=\"https:\/\/www.facebook.com\/redchefclaude\" \/>\n<meta property=\"article:published_time\" content=\"2020-11-20T17:37:39+00:00\" \/>\n<meta name=\"author\" content=\"Claude Kipre\" \/>\n<meta name=\"twitter:card\" content=\"summary_large_image\" \/>\n<meta name=\"twitter:creator\" content=\"@7culturec\" \/>\n<meta name=\"twitter:site\" content=\"@7culturec\" \/>\n<meta name=\"twitter:label1\" content=\"\u00c9crit par\" \/>\n\t<meta name=\"twitter:data1\" content=\"Claude Kipre\" \/>\n\t<meta name=\"twitter:label2\" content=\"Dur\u00e9e de lecture estim\u00e9e\" \/>\n\t<meta name=\"twitter:data2\" content=\"2 minutes\" \/>\n<script type=\"application\/ld+json\" class=\"yoast-schema-graph\">{\"@context\":\"https:\/\/schema.org\",\"@graph\":[{\"@type\":\"Article\",\"@id\":\"https:\/\/7culture.ci\/index.php\/2020\/11\/20\/mfesta-arrivee-imminente-a-abidjan-aux-cotes-de-gims\/#article\",\"isPartOf\":{\"@id\":\"https:\/\/7culture.ci\/index.php\/2020\/11\/20\/mfesta-arrivee-imminente-a-abidjan-aux-cotes-de-gims\/\"},\"author\":{\"name\":\"Claude Kipre\",\"@id\":\"https:\/\/7culture.ci\/#\/schema\/person\/64b5687ef9752cd031e11e98f4fd60b6\"},\"headline\":\"M\u2019FESTA : ARRIV\u00c9E IMMINENTE \u00c0 ABIDJAN AUX C\u00d4T\u00c9S DE GIMS\",\"datePublished\":\"2020-11-20T17:37:39+00:00\",\"dateModified\":\"2020-11-20T17:37:39+00:00\",\"mainEntityOfPage\":{\"@id\":\"https:\/\/7culture.ci\/index.php\/2020\/11\/20\/mfesta-arrivee-imminente-a-abidjan-aux-cotes-de-gims\/\"},\"wordCount\":346,\"commentCount\":0,\"publisher\":{\"@id\":\"https:\/\/7culture.ci\/#organization\"},\"articleSection\":[\"Musique\"],\"inLanguage\":\"fr-FR\",\"potentialAction\":[{\"@type\":\"CommentAction\",\"name\":\"Comment\",\"target\":[\"https:\/\/7culture.ci\/index.php\/2020\/11\/20\/mfesta-arrivee-imminente-a-abidjan-aux-cotes-de-gims\/#respond\"]}]},{\"@type\":\"WebPage\",\"@id\":\"https:\/\/7culture.ci\/index.php\/2020\/11\/20\/mfesta-arrivee-imminente-a-abidjan-aux-cotes-de-gims\/\",\"url\":\"https:\/\/7culture.ci\/index.php\/2020\/11\/20\/mfesta-arrivee-imminente-a-abidjan-aux-cotes-de-gims\/\",\"name\":\"M\u2019FESTA : ARRIV\u00c9E IMMINENTE \u00c0 ABIDJAN AUX C\u00d4T\u00c9S DE GIMS - 7culture\",\"isPartOf\":{\"@id\":\"https:\/\/7culture.ci\/#website\"},\"datePublished\":\"2020-11-20T17:37:39+00:00\",\"dateModified\":\"2020-11-20T17:37:39+00:00\",\"breadcrumb\":{\"@id\":\"https:\/\/7culture.ci\/index.php\/2020\/11\/20\/mfesta-arrivee-imminente-a-abidjan-aux-cotes-de-gims\/#breadcrumb\"},\"inLanguage\":\"fr-FR\",\"potentialAction\":[{\"@type\":\"ReadAction\",\"target\":[\"https:\/\/7culture.ci\/index.php\/2020\/11\/20\/mfesta-arrivee-imminente-a-abidjan-aux-cotes-de-gims\/\"]}]},{\"@type\":\"BreadcrumbList\",\"@id\":\"https:\/\/7culture.ci\/index.php\/2020\/11\/20\/mfesta-arrivee-imminente-a-abidjan-aux-cotes-de-gims\/#breadcrumb\",\"itemListElement\":[{\"@type\":\"ListItem\",\"position\":1,\"name\":\"Accueil\",\"item\":\"https:\/\/7culture.ci\/\"},{\"@type\":\"ListItem\",\"position\":2,\"name\":\"M\u2019FESTA : ARRIV\u00c9E IMMINENTE \u00c0 ABIDJAN AUX C\u00d4T\u00c9S DE GIMS\"}]},{\"@type\":\"WebSite\",\"@id\":\"https:\/\/7culture.ci\/#website\",\"url\":\"https:\/\/7culture.ci\/\",\"name\":\"7culture\",\"description\":\"Tout sur l&#039;actualit\u00e9\",\"publisher\":{\"@id\":\"https:\/\/7culture.ci\/#organization\"},\"potentialAction\":[{\"@type\":\"SearchAction\",\"target\":{\"@type\":\"EntryPoint\",\"urlTemplate\":\"https:\/\/7culture.ci\/?s={search_term_string}\"},\"query-input\":\"required name=search_term_string\"}],\"inLanguage\":\"fr-FR\"},{\"@type\":\"Organization\",\"@id\":\"https:\/\/7culture.ci\/#organization\",\"name\":\"7culture\",\"url\":\"https:\/\/7culture.ci\/\",\"sameAs\":[\"https:\/\/www.facebook.com\/redchefclaude\",\"https:\/\/twitter.com\/7culturec\"],\"logo\":{\"@type\":\"ImageObject\",\"inLanguage\":\"fr-FR\",\"@id\":\"https:\/\/7culture.ci\/#\/schema\/logo\/image\/\",\"url\":\"https:\/\/7culture.ci\/wp-content\/uploads\/2021\/12\/S1a-1.png\",\"contentUrl\":\"https:\/\/7culture.ci\/wp-content\/uploads\/2021\/12\/S1a-1.png\",\"width\":588,\"height\":192,\"caption\":\"7culture\"},\"image\":{\"@id\":\"https:\/\/7culture.ci\/#\/schema\/logo\/image\/\"}},{\"@type\":\"Person\",\"@id\":\"https:\/\/7culture.ci\/#\/schema\/person\/64b5687ef9752cd031e11e98f4fd60b6\",\"name\":\"Claude Kipre\",\"image\":{\"@type\":\"ImageObject\",\"inLanguage\":\"fr-FR\",\"@id\":\"https:\/\/7culture.ci\/#\/schema\/person\/image\/\",\"url\":\"https:\/\/secure.gravatar.com\/avatar\/60e5007626848549b0d9b2ad9c53c9e8?s=96&d=mm&r=g\",\"contentUrl\":\"https:\/\/secure.gravatar.com\/avatar\/60e5007626848549b0d9b2ad9c53c9e8?s=96&d=mm&r=g\",\"caption\":\"Claude Kipre\"},\"url\":\"https:\/\/7culture.ci\/index.php\/author\/claude-kipre\/\"}]}<\/script>\n<!-- \/ Yoast SEO plugin. -->","yoast_head_json":{"title":"M\u2019FESTA : ARRIV\u00c9E IMMINENTE \u00c0 ABIDJAN AUX C\u00d4T\u00c9S DE GIMS - 7culture","robots":{"index":"index","follow":"follow","max-snippet":"max-snippet:-1","max-image-preview":"max-image-preview:large","max-video-preview":"max-video-preview:-1"},"canonical":"https:\/\/7culture.ci\/index.php\/2020\/11\/20\/mfesta-arrivee-imminente-a-abidjan-aux-cotes-de-gims\/","og_locale":"fr_FR","og_type":"article","og_title":"M\u2019FESTA : ARRIV\u00c9E IMMINENTE \u00c0 ABIDJAN AUX C\u00d4T\u00c9S DE GIMS - 7culture","og_description":"C\u2019est en d\u00e9cembre prochain qu\u2019on d\u00e9couvrira le sourire de M\u2019Festa. La jeune chanteuse fran\u00e7ais d\u00e9barque \u00e0 Abidjan pour une s\u00e9rie de concerts dont un avec Gims. Selon une correspondance adress\u00e9e \u00e0 notre r\u00e9daction, M\u2019Festa arrive en d\u00e9cembre 2020 au bord de la lagune Ebri\u00e9. \u00ab&nbsp;S\u00e9jour confirm\u00e9 du 18 au 30 d\u00e9cembre sur Abidjan \u00e0 l&#8217;occasion &hellip; M\u2019FESTA : ARRIV\u00c9E IMMINENTE \u00c0 ABIDJAN AUX C\u00d4T\u00c9S DE GIMS Lire la suite\u00a0\u00bb","og_url":"https:\/\/7culture.ci\/index.php\/2020\/11\/20\/mfesta-arrivee-imminente-a-abidjan-aux-cotes-de-gims\/","og_site_name":"7culture","article_publisher":"https:\/\/www.facebook.com\/redchefclaude","article_published_time":"2020-11-20T17:37:39+00:00","author":"Claude Kipre","twitter_card":"summary_large_image","twitter_creator":"@7culturec","twitter_site":"@7culturec","twitter_misc":{"\u00c9crit par":"Claude Kipre","Dur\u00e9e de lecture estim\u00e9e":"2 minutes"},"schema":{"@context":"https:\/\/schema.org","@graph":[{"@type":"Article","@id":"https:\/\/7culture.ci\/index.php\/2020\/11\/20\/mfesta-arrivee-imminente-a-abidjan-aux-cotes-de-gims\/#article","isPartOf":{"@id":"https:\/\/7culture.ci\/index.php\/2020\/11\/20\/mfesta-arrivee-imminente-a-abidjan-aux-cotes-de-gims\/"},"author":{"name":"Claude Kipre","@id":"https:\/\/7culture.ci\/#\/schema\/person\/64b5687ef9752cd031e11e98f4fd60b6"},"headline":"M\u2019FESTA : ARRIV\u00c9E IMMINENTE \u00c0 ABIDJAN AUX C\u00d4T\u00c9S DE GIMS","datePublished":"2020-11-20T17:37:39+00:00","dateModified":"2020-11-20T17:37:39+00:00","mainEntityOfPage":{"@id":"https:\/\/7culture.ci\/index.php\/2020\/11\/20\/mfesta-arrivee-imminente-a-abidjan-aux-cotes-de-gims\/"},"wordCount":346,"commentCount":0,"publisher":{"@id":"https:\/\/7culture.ci\/#organization"},"articleSection":["Musique"],"inLanguage":"fr-FR","potentialAction":[{"@type":"CommentAction","name":"Comment","target":["https:\/\/7culture.ci\/index.php\/2020\/11\/20\/mfesta-arrivee-imminente-a-abidjan-aux-cotes-de-gims\/#respond"]}]},{"@type":"WebPage","@id":"https:\/\/7culture.ci\/index.php\/2020\/11\/20\/mfesta-arrivee-imminente-a-abidjan-aux-cotes-de-gims\/","url":"https:\/\/7culture.ci\/index.php\/2020\/11\/20\/mfesta-arrivee-imminente-a-abidjan-aux-cotes-de-gims\/","name":"M\u2019FESTA : ARRIV\u00c9E IMMINENTE \u00c0 ABIDJAN AUX C\u00d4T\u00c9S DE GIMS - 7culture","isPartOf":{"@id":"https:\/\/7culture.ci\/#website"},"datePublished":"2020-11-20T17:37:39+00:00","dateModified":"2020-11-20T17:37:39+00:00","breadcrumb":{"@id":"https:\/\/7culture.ci\/index.php\/2020\/11\/20\/mfesta-arrivee-imminente-a-abidjan-aux-cotes-de-gims\/#breadcrumb"},"inLanguage":"fr-FR","potentialAction":[{"@type":"ReadAction","target":["https:\/\/7culture.ci\/index.php\/2020\/11\/20\/mfesta-arrivee-imminente-a-abidjan-aux-cotes-de-gims\/"]}]},{"@type":"BreadcrumbList","@id":"https:\/\/7culture.ci\/index.php\/2020\/11\/20\/mfesta-arrivee-imminente-a-abidjan-aux-cotes-de-gims\/#breadcrumb","itemListElement":[{"@type":"ListItem","position":1,"name":"Accueil","item":"https:\/\/7culture.ci\/"},{"@type":"ListItem","position":2,"name":"M\u2019FESTA : ARRIV\u00c9E IMMINENTE \u00c0 ABIDJAN AUX C\u00d4T\u00c9S DE GIMS"}]},{"@type":"WebSite","@id":"https:\/\/7culture.ci\/#website","url":"https:\/\/7culture.ci\/","name":"7culture","description":"Tout sur l&#039;actualit\u00e9","publisher":{"@id":"https:\/\/7culture.ci\/#organization"},"potentialAction":[{"@type":"SearchAction","target":{"@type":"EntryPoint","urlTemplate":"https:\/\/7culture.ci\/?s={search_term_string}"},"query-input":"required name=search_term_string"}],"inLanguage":"fr-FR"},{"@type":"Organization","@id":"https:\/\/7culture.ci\/#organization","name":"7culture","url":"https:\/\/7culture.ci\/","sameAs":["https:\/\/www.facebook.com\/redchefclaude","https:\/\/twitter.com\/7culturec"],"logo":{"@type":"ImageObject","inLanguage":"fr-FR","@id":"https:\/\/7culture.ci\/#\/schema\/logo\/image\/","url":"https:\/\/7culture.ci\/wp-content\/uploads\/2021\/12\/S1a-1.png","contentUrl":"https:\/\/7culture.ci\/wp-content\/uploads\/2021\/12\/S1a-1.png","width":588,"height":192,"caption":"7culture"},"image":{"@id":"https:\/\/7culture.ci\/#\/schema\/logo\/image\/"}},{"@type":"Person","@id":"https:\/\/7culture.ci\/#\/schema\/person\/64b5687ef9752cd031e11e98f4fd60b6","name":"Claude Kipre","image":{"@type":"ImageObject","inLanguage":"fr-FR","@id":"https:\/\/7culture.ci\/#\/schema\/person\/image\/","url":"https:\/\/secure.gravatar.com\/avatar\/60e5007626848549b0d9b2ad9c53c9e8?s=96&d=mm&r=g","contentUrl":"https:\/\/secure.gravatar.com\/avatar\/60e5007626848549b0d9b2ad9c53c9e8?s=96&d=mm&r=g","caption":"Claude Kipre"},"url":"https:\/\/7culture.ci\/index.php\/author\/claude-kipre\/"}]}},"jetpack_featured_media_url":"","jetpack_likes_enabled":true,"jetpack_sharing_enabled":true,"_links":{"self":[{"href":"https:\/\/7culture.ci\/index.php\/wp-json\/wp\/v2\/posts\/5257"}],"collection":[{"href":"https:\/\/7culture.ci\/index.php\/wp-json\/wp\/v2\/posts"}],"about":[{"href":"https:\/\/7culture.ci\/index.php\/wp-json\/wp\/v2\/types\/post"}],"author":[{"embeddable":true,"href":"https:\/\/7culture.ci\/index.php\/wp-json\/wp\/v2\/users\/2"}],"replies":[{"embeddable":true,"href":"https:\/\/7culture.ci\/index.php\/wp-json\/wp\/v2\/comments?post=5257"}],"version-history":[{"count":0,"href":"https:\/\/7culture.ci\/index.php\/wp-json\/wp\/v2\/posts\/5257\/revisions"}],"wp:featuredmedia":[{"embeddable":true,"href":"https:\/\/7culture.ci\/index.php\/wp-json\/"}],"wp:attachment":[{"href":"https:\/\/7culture.ci\/index.php\/wp-json\/wp\/v2\/media?parent=5257"}],"wp:term":[{"taxonomy":"category","embeddable":true,"href":"https:\/\/7culture.ci\/index.php\/wp-json\/wp\/v2\/categories?post=5257"},{"taxonomy":"post_tag","embeddable":true,"href":"https:\/\/7culture.ci\/index.php\/wp-json\/wp\/v2\/tags?post=5257"}],"curies":[{"name":"wp","href":"https:\/\/api.w.org\/{rel}","templated":true}]}}