{"id":5249,"date":"2020-11-20T12:25:33","date_gmt":"2020-11-20T12:25:33","guid":{"rendered":"https:\/\/7culture.ci\/index.php\/2020\/11\/20\/apres-son-succes-dans-cacao-fate-toure-vire-dans-le-social\/"},"modified":"2020-11-20T12:25:33","modified_gmt":"2020-11-20T12:25:33","slug":"apres-son-succes-dans-cacao-fate-toure-vire-dans-le-social","status":"publish","type":"post","link":"https:\/\/7culture.ci\/index.php\/2020\/11\/20\/apres-son-succes-dans-cacao-fate-toure-vire-dans-le-social\/","title":{"rendered":"APR\u00c8S SON SUCC\u00c8S DANS \u00ab CACAO \u00bb, FATE TOUR\u00c9 VIRE DANS LE SOCIAL"},"content":{"rendered":"\n<p><strong><em>Depuis le mercredi 18 novembre 2020, Fate Tour\u00e9 s\u2019est envol\u00e9e pour Libreville. Dans la capitale gabonaise, le top model et actrice ivoirienne participera \u00e0 un \u00e9v\u00e8nement de mode d\u00e9nomm\u00e9 K\u2019elle POUR ELLE 2020 dont les b\u00e9n\u00e9fices serviront \u00e0 former et soutenir les femmes d\u00e9scolaris\u00e9es.<\/em><\/strong><\/p>\n\n\n\n<p><strong><em>\u00ab\u00a0Le comit\u00e9 d\u2019organisation de K\u2019elle POUR ELLE 2020, \u00e9v\u00e8nement grandiose de la mode et de la solidarit\u00e9 pr\u00e9vu \u00e0 Libreville du 20 au 22 novembre, s\u2019est r\u00e9uni pour dresser la liste de ses invit\u00e9s de marque. Votre forte personnalit\u00e9, votre engagement pour la promotion de la femme africaine ainsi que votre riche exp\u00e9rience dans le domaine de la mode et de la culture ont retenu notre attention. Partant de ces valeurs qui nous tiennent \u00e0 c\u0153ur, c\u2019est tout naturellement que notre choix d\u2019invit\u00e9e d\u2019honneur de K\u2019elle POUR ELLE 2020 s\u2019est port\u00e9 sur votre personne\u2026\u00bb<\/em><\/strong> Voici la teneur du courrier adress\u00e9 \u00e0 Fate Tour\u00e9 par les responsables de la structure <em>K\u2019Elle POUR ELLE<\/em>. En plus du caract\u00e8re poli de l\u2019invitation et le ton qui va avec, cela tombe comme un couteau dans son fourreau. Il faut dire que les valeurs d\u00e9fendues et pr\u00f4n\u00e9es par l\u2019organisation rejoignent les actions humanitaires, sociales et solidaires que le top model ivoirien soutient. \u00ab <strong><em>C\\&#8217;est une belle initiative et le volet social me touche particuli\u00e8rement. Personnellement, j\\&#8217;aide de jeunes dames qui, la plupart du temps, n\\&#8217;ont pas \u00e9t\u00e9 \u00e0 l\\&#8217;\u00e9cole. Il leur est donc difficile souvent la communication et comment g\u00e9rer et d\u00e9velopper le commerce cr\u00e9\u00e9 pour elles. Toutes ces difficult\u00e9s sont li\u00e9es \u00e0 un d\u00e9ficit de scolarisation<\/em><\/strong>\u00a0\u00bb, regrette Fate Tour\u00e9.<\/p>\n\n\n\n<figure class=\\\"wp-block-image size-large\\\"><img src=\\\"http:\/\/7culture.ci\/fbf\/uploads\/2020\/07\/Fat-Tour\u00e9-5.jpg\\\" alt=\\\"\\\" class=\\\"wp-image-5248\\\"\/><figcaption><em><strong>Apr\u00e8s son passage r\u00e9ussi dans le t\u00e9l\u00e9film \\&#8221;Cacao\\&#8221;, Fat Tour\u00e9 s\\&#8217;adonne d\u00e9sormais \u00e0 sa passion: le social&#8230;<\/strong><\/em><\/figcaption><\/figure>\n\n\n\n<p>Elle n\u2019a donc pas h\u00e9sit\u00e9 \u00e0 r\u00e9pondre favorablement \u00e0 l\u2019invitation de <em>K\u2019elle POUR ELLE<\/em>. Depuis le mercredi 18 novembre, elle s\u00e9journe dans la capitale gabonaise. Au-del\u00e0 de l\u2019aspect festif proprement dit, l\u2019\u00e9v\u00e8nement est une v\u00e9ritable c\u00e9l\u00e9bration de la beaut\u00e9 gabonaise et africaine. La production saura donc saisir l\u2019occasion et mettre \u00e0 profit les gains r\u00e9colt\u00e9s pour financer des bourses de formation pour les jeunes femmes d\u00e9scolaris\u00e9es du Gabon. Elle va ainsi les accompagner dans leur r\u00e9insertion sociale et leur autonomie financi\u00e8re. Ce combat-l\u00e0 est aussi celui de l\u2019ic\u00f4ne des podiums devenue une grande actrice depuis le succ\u00e8s retentissant de la s\u00e9rie in\u00e9dite <strong>Cacao<\/strong> du r\u00e9alisateur Alex Ogou sur Canal+. Fate Tour\u00e9 profitera de son s\u00e9jour pour offrir des bourses \u00e0 ces femmes-l\u00e0.<\/p>\n\n\n\n<figure class=\\\"wp-block-image size-large\\\"><img src=\\\"http:\/\/7culture.ci\/fbf\/uploads\/2020\/07\/Fat-Tour\u00e9-2.jpg\\\" alt=\\\"\\\" class=\\\"wp-image-5245\\\"\/><figcaption><em><strong>&#8230;Et \u00e0 fonds!<\/strong><\/em><\/figcaption><\/figure>\n\n\n\n<p><em>K\u2019elle POUR ELLE<\/em> est un \u00e9v\u00e8nement caritatif cr\u00e9\u00e9 par la marque <strong>K\u2019elle Collection<\/strong>. Le show se d\u00e9roulera les 20, 21 et 22 novembre dans un cadre prestigieux de Libreville. \u00ab&nbsp;<strong><em>Cet \u00e9v\u00e8nement caritatif a pour but le financement des bourses de formation pour des femmes et filles d\u00e9scolaris\u00e9es de 15 \u00e0 30 ans. L\u2019\u00e9panouissement de la femme, \u00e9tant un chemin de bataille de la marque, nous tenons \u00e0 ajouter un aspect social \u00e0 cet \u00e9v\u00e8nement, \u00e0 savoir particip\u00e9 \u00e0 la r\u00e9insertion sociale des femmes qui ont besoin d\u2019autonomie financi\u00e8re. Cette autonomie passe n\u00e9cessairement par la formation et la sensibilisation<\/em><\/strong>&nbsp;\u00bb, a aussi indiqu\u00e9 Mme Binette Bah Lendoye, la pr\u00e9sidente du comit\u00e9 d\u2019organisation. \u00ab&nbsp;<strong><em>Tout ce qui touche la femme pour son ind\u00e9pendance, son \u00e9panouissement me touche et l\\&#8217;autonomisation de la jeune femme passe par une scolarisation, une formation pour avoir d\u00e9j\u00e0 une chance de d\u00e9part pour l\\&#8217;avenir&nbsp;<\/em><\/strong>\u00bb, rench\u00e9rit Manuela Ahitey dans <strong>Cacao<\/strong>.<\/p>\n\n\n\n<p><strong>Omar AK<\/strong><\/p>\n","protected":false},"excerpt":{"rendered":"<p>Depuis le mercredi 18 novembre 2020, Fate Tour\u00e9 s\u2019est envol\u00e9e pour Libreville. Dans la capitale gabonaise, le top model et actrice ivoirienne participera \u00e0 un \u00e9v\u00e8nement de mode d\u00e9nomm\u00e9 K\u2019elle POUR ELLE 2020 dont les b\u00e9n\u00e9fices serviront \u00e0 former et soutenir les femmes d\u00e9scolaris\u00e9es. \u00ab\u00a0Le comit\u00e9 d\u2019organisation de K\u2019elle POUR ELLE 2020, \u00e9v\u00e8nement grandiose de &hellip;<\/p>\n<p class=\"read-more\"> <a class=\"\" href=\"https:\/\/7culture.ci\/index.php\/2020\/11\/20\/apres-son-succes-dans-cacao-fate-toure-vire-dans-le-social\/\"> <span class=\"screen-reader-text\">APR\u00c8S SON SUCC\u00c8S DANS \u00ab CACAO \u00bb, FATE TOUR\u00c9 VIRE DANS LE SOCIAL<\/span> Lire la suite\u00a0\u00bb<\/a><\/p>\n","protected":false},"author":2,"featured_media":5244,"comment_status":"open","ping_status":"closed","sticky":true,"template":"","format":"standard","meta":{"_mi_skip_tracking":false,"_monsterinsights_sitenote_active":false,"_monsterinsights_sitenote_note":"","_monsterinsights_sitenote_category":0,"site-sidebar-layout":"default","site-content-layout":"default","ast-global-header-display":"","ast-main-header-display":"","ast-hfb-above-header-display":"","ast-hfb-below-header-display":"","ast-hfb-mobile-header-display":"","site-post-title":"","ast-breadcrumbs-content":"","ast-featured-img":"","footer-sml-layout":"","theme-transparent-header-meta":"","adv-header-id-meta":"","stick-header-meta":"","header-above-stick-meta":"","header-main-stick-meta":"","header-below-stick-meta":"","footnotes":"","jetpack_publicize_message":"","jetpack_is_tweetstorm":false,"jetpack_publicize_feature_enabled":true},"categories":[39],"tags":[],"jetpack_publicize_connections":[],"acf":[],"aioseo_notices":[],"yoast_head":"<!-- This site is optimized with the Yoast SEO plugin v19.6.1 - https:\/\/yoast.com\/wordpress\/plugins\/seo\/ -->\n<title>APR\u00c8S SON SUCC\u00c8S DANS \u00ab CACAO \u00bb, FATE TOUR\u00c9 VIRE DANS LE SOCIAL - 7culture<\/title>\n<meta name=\"robots\" content=\"index, follow, max-snippet:-1, max-image-preview:large, max-video-preview:-1\" \/>\n<link rel=\"canonical\" href=\"https:\/\/7culture.ci\/index.php\/2020\/11\/20\/apres-son-succes-dans-cacao-fate-toure-vire-dans-le-social\/\" \/>\n<meta property=\"og:locale\" content=\"fr_FR\" \/>\n<meta property=\"og:type\" content=\"article\" \/>\n<meta property=\"og:title\" content=\"APR\u00c8S SON SUCC\u00c8S DANS \u00ab CACAO \u00bb, FATE TOUR\u00c9 VIRE DANS LE SOCIAL - 7culture\" \/>\n<meta property=\"og:description\" content=\"Depuis le mercredi 18 novembre 2020, Fate Tour\u00e9 s\u2019est envol\u00e9e pour Libreville. Dans la capitale gabonaise, le top model et actrice ivoirienne participera \u00e0 un \u00e9v\u00e8nement de mode d\u00e9nomm\u00e9 K\u2019elle POUR ELLE 2020 dont les b\u00e9n\u00e9fices serviront \u00e0 former et soutenir les femmes d\u00e9scolaris\u00e9es. \u00ab\u00a0Le comit\u00e9 d\u2019organisation de K\u2019elle POUR ELLE 2020, \u00e9v\u00e8nement grandiose de &hellip; APR\u00c8S SON SUCC\u00c8S DANS \u00ab CACAO \u00bb, FATE TOUR\u00c9 VIRE DANS LE SOCIAL Lire la suite\u00a0\u00bb\" \/>\n<meta property=\"og:url\" content=\"https:\/\/7culture.ci\/index.php\/2020\/11\/20\/apres-son-succes-dans-cacao-fate-toure-vire-dans-le-social\/\" \/>\n<meta property=\"og:site_name\" content=\"7culture\" \/>\n<meta property=\"article:publisher\" content=\"https:\/\/www.facebook.com\/redchefclaude\" \/>\n<meta property=\"article:published_time\" content=\"2020-11-20T12:25:33+00:00\" \/>\n<meta name=\"author\" content=\"Claude Kipre\" \/>\n<meta name=\"twitter:card\" content=\"summary_large_image\" \/>\n<meta name=\"twitter:creator\" content=\"@7culturec\" \/>\n<meta name=\"twitter:site\" content=\"@7culturec\" \/>\n<meta name=\"twitter:label1\" content=\"\u00c9crit par\" \/>\n\t<meta name=\"twitter:data1\" content=\"Claude Kipre\" \/>\n\t<meta name=\"twitter:label2\" content=\"Dur\u00e9e de lecture estim\u00e9e\" \/>\n\t<meta name=\"twitter:data2\" content=\"3 minutes\" \/>\n<script type=\"application\/ld+json\" class=\"yoast-schema-graph\">{\"@context\":\"https:\/\/schema.org\",\"@graph\":[{\"@type\":\"Article\",\"@id\":\"https:\/\/7culture.ci\/index.php\/2020\/11\/20\/apres-son-succes-dans-cacao-fate-toure-vire-dans-le-social\/#article\",\"isPartOf\":{\"@id\":\"https:\/\/7culture.ci\/index.php\/2020\/11\/20\/apres-son-succes-dans-cacao-fate-toure-vire-dans-le-social\/\"},\"author\":{\"name\":\"Claude Kipre\",\"@id\":\"https:\/\/7culture.ci\/#\/schema\/person\/64b5687ef9752cd031e11e98f4fd60b6\"},\"headline\":\"APR\u00c8S SON SUCC\u00c8S DANS \u00ab CACAO \u00bb, FATE TOUR\u00c9 VIRE DANS LE SOCIAL\",\"datePublished\":\"2020-11-20T12:25:33+00:00\",\"dateModified\":\"2020-11-20T12:25:33+00:00\",\"mainEntityOfPage\":{\"@id\":\"https:\/\/7culture.ci\/index.php\/2020\/11\/20\/apres-son-succes-dans-cacao-fate-toure-vire-dans-le-social\/\"},\"wordCount\":632,\"commentCount\":0,\"publisher\":{\"@id\":\"https:\/\/7culture.ci\/#organization\"},\"articleSection\":[\"Mode\"],\"inLanguage\":\"fr-FR\",\"potentialAction\":[{\"@type\":\"CommentAction\",\"name\":\"Comment\",\"target\":[\"https:\/\/7culture.ci\/index.php\/2020\/11\/20\/apres-son-succes-dans-cacao-fate-toure-vire-dans-le-social\/#respond\"]}]},{\"@type\":\"WebPage\",\"@id\":\"https:\/\/7culture.ci\/index.php\/2020\/11\/20\/apres-son-succes-dans-cacao-fate-toure-vire-dans-le-social\/\",\"url\":\"https:\/\/7culture.ci\/index.php\/2020\/11\/20\/apres-son-succes-dans-cacao-fate-toure-vire-dans-le-social\/\",\"name\":\"APR\u00c8S SON SUCC\u00c8S DANS \u00ab CACAO \u00bb, FATE TOUR\u00c9 VIRE DANS LE SOCIAL - 7culture\",\"isPartOf\":{\"@id\":\"https:\/\/7culture.ci\/#website\"},\"datePublished\":\"2020-11-20T12:25:33+00:00\",\"dateModified\":\"2020-11-20T12:25:33+00:00\",\"breadcrumb\":{\"@id\":\"https:\/\/7culture.ci\/index.php\/2020\/11\/20\/apres-son-succes-dans-cacao-fate-toure-vire-dans-le-social\/#breadcrumb\"},\"inLanguage\":\"fr-FR\",\"potentialAction\":[{\"@type\":\"ReadAction\",\"target\":[\"https:\/\/7culture.ci\/index.php\/2020\/11\/20\/apres-son-succes-dans-cacao-fate-toure-vire-dans-le-social\/\"]}]},{\"@type\":\"BreadcrumbList\",\"@id\":\"https:\/\/7culture.ci\/index.php\/2020\/11\/20\/apres-son-succes-dans-cacao-fate-toure-vire-dans-le-social\/#breadcrumb\",\"itemListElement\":[{\"@type\":\"ListItem\",\"position\":1,\"name\":\"Accueil\",\"item\":\"https:\/\/7culture.ci\/\"},{\"@type\":\"ListItem\",\"position\":2,\"name\":\"APR\u00c8S SON SUCC\u00c8S DANS \u00ab CACAO \u00bb, FATE TOUR\u00c9 VIRE DANS LE SOCIAL\"}]},{\"@type\":\"WebSite\",\"@id\":\"https:\/\/7culture.ci\/#website\",\"url\":\"https:\/\/7culture.ci\/\",\"name\":\"7culture\",\"description\":\"Tout sur l&#039;actualit\u00e9\",\"publisher\":{\"@id\":\"https:\/\/7culture.ci\/#organization\"},\"potentialAction\":[{\"@type\":\"SearchAction\",\"target\":{\"@type\":\"EntryPoint\",\"urlTemplate\":\"https:\/\/7culture.ci\/?s={search_term_string}\"},\"query-input\":\"required name=search_term_string\"}],\"inLanguage\":\"fr-FR\"},{\"@type\":\"Organization\",\"@id\":\"https:\/\/7culture.ci\/#organization\",\"name\":\"7culture\",\"url\":\"https:\/\/7culture.ci\/\",\"sameAs\":[\"https:\/\/www.facebook.com\/redchefclaude\",\"https:\/\/twitter.com\/7culturec\"],\"logo\":{\"@type\":\"ImageObject\",\"inLanguage\":\"fr-FR\",\"@id\":\"https:\/\/7culture.ci\/#\/schema\/logo\/image\/\",\"url\":\"https:\/\/7culture.ci\/wp-content\/uploads\/2021\/12\/S1a-1.png\",\"contentUrl\":\"https:\/\/7culture.ci\/wp-content\/uploads\/2021\/12\/S1a-1.png\",\"width\":588,\"height\":192,\"caption\":\"7culture\"},\"image\":{\"@id\":\"https:\/\/7culture.ci\/#\/schema\/logo\/image\/\"}},{\"@type\":\"Person\",\"@id\":\"https:\/\/7culture.ci\/#\/schema\/person\/64b5687ef9752cd031e11e98f4fd60b6\",\"name\":\"Claude Kipre\",\"image\":{\"@type\":\"ImageObject\",\"inLanguage\":\"fr-FR\",\"@id\":\"https:\/\/7culture.ci\/#\/schema\/person\/image\/\",\"url\":\"https:\/\/secure.gravatar.com\/avatar\/60e5007626848549b0d9b2ad9c53c9e8?s=96&d=mm&r=g\",\"contentUrl\":\"https:\/\/secure.gravatar.com\/avatar\/60e5007626848549b0d9b2ad9c53c9e8?s=96&d=mm&r=g\",\"caption\":\"Claude Kipre\"},\"url\":\"https:\/\/7culture.ci\/index.php\/author\/claude-kipre\/\"}]}<\/script>\n<!-- \/ Yoast SEO plugin. -->","yoast_head_json":{"title":"APR\u00c8S SON SUCC\u00c8S DANS \u00ab CACAO \u00bb, FATE TOUR\u00c9 VIRE DANS LE SOCIAL - 7culture","robots":{"index":"index","follow":"follow","max-snippet":"max-snippet:-1","max-image-preview":"max-image-preview:large","max-video-preview":"max-video-preview:-1"},"canonical":"https:\/\/7culture.ci\/index.php\/2020\/11\/20\/apres-son-succes-dans-cacao-fate-toure-vire-dans-le-social\/","og_locale":"fr_FR","og_type":"article","og_title":"APR\u00c8S SON SUCC\u00c8S DANS \u00ab CACAO \u00bb, FATE TOUR\u00c9 VIRE DANS LE SOCIAL - 7culture","og_description":"Depuis le mercredi 18 novembre 2020, Fate Tour\u00e9 s\u2019est envol\u00e9e pour Libreville. Dans la capitale gabonaise, le top model et actrice ivoirienne participera \u00e0 un \u00e9v\u00e8nement de mode d\u00e9nomm\u00e9 K\u2019elle POUR ELLE 2020 dont les b\u00e9n\u00e9fices serviront \u00e0 former et soutenir les femmes d\u00e9scolaris\u00e9es. \u00ab\u00a0Le comit\u00e9 d\u2019organisation de K\u2019elle POUR ELLE 2020, \u00e9v\u00e8nement grandiose de &hellip; APR\u00c8S SON SUCC\u00c8S DANS \u00ab CACAO \u00bb, FATE TOUR\u00c9 VIRE DANS LE SOCIAL Lire la suite\u00a0\u00bb","og_url":"https:\/\/7culture.ci\/index.php\/2020\/11\/20\/apres-son-succes-dans-cacao-fate-toure-vire-dans-le-social\/","og_site_name":"7culture","article_publisher":"https:\/\/www.facebook.com\/redchefclaude","article_published_time":"2020-11-20T12:25:33+00:00","author":"Claude Kipre","twitter_card":"summary_large_image","twitter_creator":"@7culturec","twitter_site":"@7culturec","twitter_misc":{"\u00c9crit par":"Claude Kipre","Dur\u00e9e de lecture estim\u00e9e":"3 minutes"},"schema":{"@context":"https:\/\/schema.org","@graph":[{"@type":"Article","@id":"https:\/\/7culture.ci\/index.php\/2020\/11\/20\/apres-son-succes-dans-cacao-fate-toure-vire-dans-le-social\/#article","isPartOf":{"@id":"https:\/\/7culture.ci\/index.php\/2020\/11\/20\/apres-son-succes-dans-cacao-fate-toure-vire-dans-le-social\/"},"author":{"name":"Claude Kipre","@id":"https:\/\/7culture.ci\/#\/schema\/person\/64b5687ef9752cd031e11e98f4fd60b6"},"headline":"APR\u00c8S SON SUCC\u00c8S DANS \u00ab CACAO \u00bb, FATE TOUR\u00c9 VIRE DANS LE SOCIAL","datePublished":"2020-11-20T12:25:33+00:00","dateModified":"2020-11-20T12:25:33+00:00","mainEntityOfPage":{"@id":"https:\/\/7culture.ci\/index.php\/2020\/11\/20\/apres-son-succes-dans-cacao-fate-toure-vire-dans-le-social\/"},"wordCount":632,"commentCount":0,"publisher":{"@id":"https:\/\/7culture.ci\/#organization"},"articleSection":["Mode"],"inLanguage":"fr-FR","potentialAction":[{"@type":"CommentAction","name":"Comment","target":["https:\/\/7culture.ci\/index.php\/2020\/11\/20\/apres-son-succes-dans-cacao-fate-toure-vire-dans-le-social\/#respond"]}]},{"@type":"WebPage","@id":"https:\/\/7culture.ci\/index.php\/2020\/11\/20\/apres-son-succes-dans-cacao-fate-toure-vire-dans-le-social\/","url":"https:\/\/7culture.ci\/index.php\/2020\/11\/20\/apres-son-succes-dans-cacao-fate-toure-vire-dans-le-social\/","name":"APR\u00c8S SON SUCC\u00c8S DANS \u00ab CACAO \u00bb, FATE TOUR\u00c9 VIRE DANS LE SOCIAL - 7culture","isPartOf":{"@id":"https:\/\/7culture.ci\/#website"},"datePublished":"2020-11-20T12:25:33+00:00","dateModified":"2020-11-20T12:25:33+00:00","breadcrumb":{"@id":"https:\/\/7culture.ci\/index.php\/2020\/11\/20\/apres-son-succes-dans-cacao-fate-toure-vire-dans-le-social\/#breadcrumb"},"inLanguage":"fr-FR","potentialAction":[{"@type":"ReadAction","target":["https:\/\/7culture.ci\/index.php\/2020\/11\/20\/apres-son-succes-dans-cacao-fate-toure-vire-dans-le-social\/"]}]},{"@type":"BreadcrumbList","@id":"https:\/\/7culture.ci\/index.php\/2020\/11\/20\/apres-son-succes-dans-cacao-fate-toure-vire-dans-le-social\/#breadcrumb","itemListElement":[{"@type":"ListItem","position":1,"name":"Accueil","item":"https:\/\/7culture.ci\/"},{"@type":"ListItem","position":2,"name":"APR\u00c8S SON SUCC\u00c8S DANS \u00ab CACAO \u00bb, FATE TOUR\u00c9 VIRE DANS LE SOCIAL"}]},{"@type":"WebSite","@id":"https:\/\/7culture.ci\/#website","url":"https:\/\/7culture.ci\/","name":"7culture","description":"Tout sur l&#039;actualit\u00e9","publisher":{"@id":"https:\/\/7culture.ci\/#organization"},"potentialAction":[{"@type":"SearchAction","target":{"@type":"EntryPoint","urlTemplate":"https:\/\/7culture.ci\/?s={search_term_string}"},"query-input":"required name=search_term_string"}],"inLanguage":"fr-FR"},{"@type":"Organization","@id":"https:\/\/7culture.ci\/#organization","name":"7culture","url":"https:\/\/7culture.ci\/","sameAs":["https:\/\/www.facebook.com\/redchefclaude","https:\/\/twitter.com\/7culturec"],"logo":{"@type":"ImageObject","inLanguage":"fr-FR","@id":"https:\/\/7culture.ci\/#\/schema\/logo\/image\/","url":"https:\/\/7culture.ci\/wp-content\/uploads\/2021\/12\/S1a-1.png","contentUrl":"https:\/\/7culture.ci\/wp-content\/uploads\/2021\/12\/S1a-1.png","width":588,"height":192,"caption":"7culture"},"image":{"@id":"https:\/\/7culture.ci\/#\/schema\/logo\/image\/"}},{"@type":"Person","@id":"https:\/\/7culture.ci\/#\/schema\/person\/64b5687ef9752cd031e11e98f4fd60b6","name":"Claude Kipre","image":{"@type":"ImageObject","inLanguage":"fr-FR","@id":"https:\/\/7culture.ci\/#\/schema\/person\/image\/","url":"https:\/\/secure.gravatar.com\/avatar\/60e5007626848549b0d9b2ad9c53c9e8?s=96&d=mm&r=g","contentUrl":"https:\/\/secure.gravatar.com\/avatar\/60e5007626848549b0d9b2ad9c53c9e8?s=96&d=mm&r=g","caption":"Claude Kipre"},"url":"https:\/\/7culture.ci\/index.php\/author\/claude-kipre\/"}]}},"jetpack_featured_media_url":"","jetpack_likes_enabled":true,"jetpack_sharing_enabled":true,"_links":{"self":[{"href":"https:\/\/7culture.ci\/index.php\/wp-json\/wp\/v2\/posts\/5249"}],"collection":[{"href":"https:\/\/7culture.ci\/index.php\/wp-json\/wp\/v2\/posts"}],"about":[{"href":"https:\/\/7culture.ci\/index.php\/wp-json\/wp\/v2\/types\/post"}],"author":[{"embeddable":true,"href":"https:\/\/7culture.ci\/index.php\/wp-json\/wp\/v2\/users\/2"}],"replies":[{"embeddable":true,"href":"https:\/\/7culture.ci\/index.php\/wp-json\/wp\/v2\/comments?post=5249"}],"version-history":[{"count":0,"href":"https:\/\/7culture.ci\/index.php\/wp-json\/wp\/v2\/posts\/5249\/revisions"}],"wp:featuredmedia":[{"embeddable":true,"href":"https:\/\/7culture.ci\/index.php\/wp-json\/"}],"wp:attachment":[{"href":"https:\/\/7culture.ci\/index.php\/wp-json\/wp\/v2\/media?parent=5249"}],"wp:term":[{"taxonomy":"category","embeddable":true,"href":"https:\/\/7culture.ci\/index.php\/wp-json\/wp\/v2\/categories?post=5249"},{"taxonomy":"post_tag","embeddable":true,"href":"https:\/\/7culture.ci\/index.php\/wp-json\/wp\/v2\/tags?post=5249"}],"curies":[{"name":"wp","href":"https:\/\/api.w.org\/{rel}","templated":true}]}}