{"id":5021,"date":"2020-11-11T08:52:17","date_gmt":"2020-11-11T08:52:17","guid":{"rendered":"https:\/\/7culture.ci\/index.php\/2020\/11\/11\/crise-sanitaire-de-la-covid-19-les-artistes-africains-en-france-cest-la-galere\/"},"modified":"2022-01-12T23:36:01","modified_gmt":"2022-01-12T22:36:01","slug":"crise-sanitaire-de-la-covid-19-les-artistes-africains-en-france-cest-la-galere","status":"publish","type":"post","link":"https:\/\/7culture.ci\/index.php\/2020\/11\/11\/crise-sanitaire-de-la-covid-19-les-artistes-africains-en-france-cest-la-galere\/","title":{"rendered":"CRISE SANITAIRE DE LA COVID-19 :  LES ARTISTES AFRICAINS EN FRANCE, C\u2019EST LA GAL\u00c8RE !"},"content":{"rendered":"\n<p><strong><em>Si les artistes africains, dans leur ensemble, sont parmi les grands perdants de la crise \u00e9conomique actuelle due \u00e0 la crise sanitaire mondiale de la Covid-19, ceux qui vivent et travaillent en France ne sont pas mieux lotis. Nombreux, parmi ceux-ci, sont laiss\u00e9s pour compte des dispositifs d\\&#8217;aide aux artistes mis en place par l\\&#8217;\u00c9tat fran\u00e7ais. C\u2019est le r\u00e9sultat d\u2019une \u00e9tude command\u00e9e parfait par le Moca, le Forum des cultures d\\&#8217;Afrique et des diasporas en France.<\/em><\/strong><\/p>\n\n\n\n<p>L\\&#8217;impact de la pand\u00e9mie a \u00e9t\u00e9 rude pour les artistes et acteurs culturel afro-fran\u00e7ais et de la diaspora. <strong>\u00ab&nbsp;<em>Je sors d\\&#8217;une rentr\u00e9e litt\u00e9raire o\u00f9 j\\&#8217;\u00e9tais en promo, et puis, tout s\\&#8217;arr\u00eate. Compl\u00e8tement. Heureusement que l\\&#8217;on invente ou r\u00e9invente des pratiques, et donc on compense par autre chose.<\/em>&nbsp;\u00bb<\/strong>. Comme le romancier et slameur d\\&#8217;origine camerounaise, Capitaine Alexandre, ils sont des milliers \u00e0 avoir d\u00fb se r\u00e9inventer dans l\\&#8217;urgence. Capitaine Alexandre est aussi formateur, et il donne des cours en ligne. Une activit\u00e9 qui a tripl\u00e9 ces derniers mois. Mais tous n\\&#8217;ont pas cette capacit\u00e9 \u00e0 rebondir. Selon l\\&#8217;enqu\u00eate men\u00e9e par le Moca, le Forum des cultures d\\&#8217;Afrique et des diasporas en France, 55% des artistes interrog\u00e9s n\\&#8217;ont eu, cette ann\u00e9e, aucun revenu d\\&#8217;appoint. <strong>\u00ab&nbsp;<em>79% ont perdu entre dix et cinquante mille euros de revenus. Ils nous disent tr\u00e8s clairement<\/em>&nbsp;<em>: c\\&#8217;est simple, on a du mal \u00e0 payer nos loyers, on a du mal \u00e0 manger&nbsp;<\/em>\u00bb<\/strong>, rapporte&nbsp;Alain Bidjeck, le directeur g\u00e9n\u00e9ral du Moca et initiateur de l\\&#8217;enqu\u00eate sur l\\&#8217;impact de la crise dans les milieux artistiques de la diaspora.<\/p>\n\n\n\n<figure class=\\\"wp-block-image size-large\\\"><img src=\\\"http:\/\/7culture.ci\/fbf\/uploads\/2020\/07\/Artistes-africains-1-1024x576.jpg\\\" alt=\\\"\\\" class=\\\"wp-image-5020\\\"\/><figcaption><em><strong>Les artistes africains de la diaspora&#8230;<\/strong><\/em><\/figcaption><\/figure>\n\n\n\n<p>L\\&#8217;\u00c9tat fran\u00e7ais a pourtant mis en place des dispositifs d\\&#8217;aide aux artistes. 80% des acteurs culturels de la diaspora en ont entendu parler. Mais ils h\u00e9sitent souvent \u00e0 frapper aux portes de l\\&#8217;administration. <strong>\u00ab&nbsp;<em>Beaucoup d\\&#8217;artistes ont cela en commun<\/em>&nbsp;:<em>&nbsp;\u00eatre un peu largu\u00e9s d\u00e8s qu\\&#8217;il s\\&#8217;agit de choses administratives, <\/em>constate&nbsp;Capitaine Alexandre<em>. Moi, je n\\&#8217;y ai pas pens\u00e9 encore, mais c\\&#8217;est certainement quelque chose que je vais faire, essayer de transcender cette incapacit\u00e9 \u00e0 me poser afin de r\u00e9gler les choses administratives&nbsp;<\/em>\u00bb<em> !<\/em>&nbsp;<\/strong><\/p>\n\n\n\n<p>Selon Alain Bidjeck, 80% des acteurs de la diaspora n\\&#8217;ont b\u00e9n\u00e9fici\u00e9 d\\&#8217;aucune aide, souvent, faute de l\\&#8217;avoir demand\u00e9&nbsp;: <strong>\u00ab&nbsp;<em>Un artiste, quand il doit remplir des dossiers, trouve en g\u00e9n\u00e9ral que le langage est extr\u00eamement complexe. Alors, imaginez pour un artiste de la diaspora ou afro-fran\u00e7ais&#8230;. Ceux qui ont grandi ici ou qui sont fran\u00e7ais peuvent avoir une forme de familiarit\u00e9, mais pour ceux qui sont africains, m\u00eame arriv\u00e9s r\u00e9cemment, on se rend compte que cela reste une autre langue pour eux.<\/em>&nbsp;\u00bb<\/strong><\/p>\n\n\n\n<figure class=\\\"wp-block-image size-large\\\"><img src=\\\"http:\/\/7culture.ci\/fbf\/uploads\/2020\/07\/Artistes-africains-2.jpg\\\" alt=\\\"\\\" class=\\\"wp-image-5018\\\"\/><\/figure>\n\n\n\n<p>La solution est sans doute de simplifier les proc\u00e9dures administratives, estime le directeur du Moca, mais les artistes doivent aussi faire l\\&#8217;effort de s\\&#8217;impliquer dans l\\&#8217;\u00e9cosyst\u00e8me de leur m\u00e9tier&nbsp; : <strong>\u00ab&nbsp;<em>Je pense que c\\&#8217;est important pour eux d\\&#8217;aller davantage dans les fili\u00e8res, de rentrer dans les dispositifs, d\\&#8217;aller discuter avec la Sacem (Soci\u00e9t\u00e9 des auteurs compositeurs, ndlr), avec les organisations professionnelles, parce que c\\&#8217;est avec elles aussi qu\\&#8217;ils vont pouvoir trouver des solutions.<\/em>&nbsp;\u00bb<\/strong><\/p>\n\n\n\n<p>42% des artistes interrog\u00e9s par le Forum des cultures d\\&#8217;Afrique et des diasporas ont d\u00e9j\u00e0 d\u00fb cesser toute activit\u00e9 cette ann\u00e9e \u00e0 causes des annulations de spectacles et de festivals. Et comme le souligne Alain Bidjeck, c\\&#8217;est une perte \u00e0 la fois humaine, artistique et aussi \u00e9conomique pour l\\&#8217;ensemble de la profession.<\/p>\n\n\n\n<p><strong>Source RFI<\/strong><\/p>\n","protected":false},"excerpt":{"rendered":"<p>Si les artistes africains, dans leur ensemble, sont parmi les grands perdants de la crise \u00e9conomique actuelle due \u00e0 la crise sanitaire mondiale de la Covid-19, ceux qui vivent et travaillent en France ne sont pas mieux lotis. Nombreux, parmi ceux-ci, sont laiss\u00e9s pour compte des dispositifs d\\&#8217;aide aux artistes mis en place par l\\&#8217;\u00c9tat &hellip;<\/p>\n<p class=\"read-more\"> <a class=\"\" href=\"https:\/\/7culture.ci\/index.php\/2020\/11\/11\/crise-sanitaire-de-la-covid-19-les-artistes-africains-en-france-cest-la-galere\/\"> <span class=\"screen-reader-text\">CRISE SANITAIRE DE LA COVID-19 :  LES ARTISTES AFRICAINS EN FRANCE, C\u2019EST LA GAL\u00c8RE !<\/span> Lire la suite\u00a0\u00bb<\/a><\/p>\n","protected":false},"author":2,"featured_media":183,"comment_status":"open","ping_status":"closed","sticky":true,"template":"","format":"standard","meta":{"_mi_skip_tracking":false,"_monsterinsights_sitenote_active":false,"_monsterinsights_sitenote_note":"","_monsterinsights_sitenote_category":0,"site-sidebar-layout":"default","site-content-layout":"default","ast-global-header-display":"","ast-main-header-display":"","ast-hfb-above-header-display":"","ast-hfb-below-header-display":"","ast-hfb-mobile-header-display":"","site-post-title":"","ast-breadcrumbs-content":"","ast-featured-img":"","footer-sml-layout":"","theme-transparent-header-meta":"","adv-header-id-meta":"","stick-header-meta":"","header-above-stick-meta":"","header-main-stick-meta":"","header-below-stick-meta":"","footnotes":"","jetpack_publicize_message":"","jetpack_is_tweetstorm":false,"jetpack_publicize_feature_enabled":true},"categories":[35],"tags":[],"jetpack_publicize_connections":[],"acf":[],"aioseo_notices":[],"yoast_head":"<!-- This site is optimized with the Yoast SEO plugin v19.6.1 - https:\/\/yoast.com\/wordpress\/plugins\/seo\/ -->\n<title>CRISE SANITAIRE DE LA COVID-19 : LES ARTISTES AFRICAINS EN FRANCE, C\u2019EST LA GAL\u00c8RE ! - 7culture<\/title>\n<meta name=\"robots\" content=\"index, follow, max-snippet:-1, max-image-preview:large, max-video-preview:-1\" \/>\n<link rel=\"canonical\" href=\"https:\/\/7culture.ci\/index.php\/2020\/11\/11\/crise-sanitaire-de-la-covid-19-les-artistes-africains-en-france-cest-la-galere\/\" \/>\n<meta property=\"og:locale\" content=\"fr_FR\" \/>\n<meta property=\"og:type\" content=\"article\" \/>\n<meta property=\"og:title\" content=\"CRISE SANITAIRE DE LA COVID-19 : LES ARTISTES AFRICAINS EN FRANCE, C\u2019EST LA GAL\u00c8RE ! - 7culture\" \/>\n<meta property=\"og:description\" content=\"Si les artistes africains, dans leur ensemble, sont parmi les grands perdants de la crise \u00e9conomique actuelle due \u00e0 la crise sanitaire mondiale de la Covid-19, ceux qui vivent et travaillent en France ne sont pas mieux lotis. Nombreux, parmi ceux-ci, sont laiss\u00e9s pour compte des dispositifs d&#8217;aide aux artistes mis en place par l&#8217;\u00c9tat &hellip; CRISE SANITAIRE DE LA COVID-19 : LES ARTISTES AFRICAINS EN FRANCE, C\u2019EST LA GAL\u00c8RE ! Lire la suite\u00a0\u00bb\" \/>\n<meta property=\"og:url\" content=\"https:\/\/7culture.ci\/index.php\/2020\/11\/11\/crise-sanitaire-de-la-covid-19-les-artistes-africains-en-france-cest-la-galere\/\" \/>\n<meta property=\"og:site_name\" content=\"7culture\" \/>\n<meta property=\"article:publisher\" content=\"https:\/\/www.facebook.com\/redchefclaude\" \/>\n<meta property=\"article:published_time\" content=\"2020-11-11T08:52:17+00:00\" \/>\n<meta property=\"article:modified_time\" content=\"2022-01-12T22:36:01+00:00\" \/>\n<meta property=\"og:image\" content=\"http:\/\/7culture.ci\/wp-content\/uploads\/2021\/01\/child-care-template-featured-article-img-1.jpg\" \/>\n\t<meta property=\"og:image:width\" content=\"368\" \/>\n\t<meta property=\"og:image:height\" content=\"240\" \/>\n\t<meta property=\"og:image:type\" content=\"image\/jpeg\" \/>\n<meta name=\"author\" content=\"Claude Kipre\" \/>\n<meta name=\"twitter:card\" content=\"summary_large_image\" \/>\n<meta name=\"twitter:creator\" content=\"@7culturec\" \/>\n<meta name=\"twitter:site\" content=\"@7culturec\" \/>\n<meta name=\"twitter:label1\" content=\"\u00c9crit par\" \/>\n\t<meta name=\"twitter:data1\" content=\"Claude Kipre\" \/>\n\t<meta name=\"twitter:label2\" content=\"Dur\u00e9e de lecture estim\u00e9e\" \/>\n\t<meta name=\"twitter:data2\" content=\"3 minutes\" \/>\n<script type=\"application\/ld+json\" class=\"yoast-schema-graph\">{\"@context\":\"https:\/\/schema.org\",\"@graph\":[{\"@type\":\"Article\",\"@id\":\"https:\/\/7culture.ci\/index.php\/2020\/11\/11\/crise-sanitaire-de-la-covid-19-les-artistes-africains-en-france-cest-la-galere\/#article\",\"isPartOf\":{\"@id\":\"https:\/\/7culture.ci\/index.php\/2020\/11\/11\/crise-sanitaire-de-la-covid-19-les-artistes-africains-en-france-cest-la-galere\/\"},\"author\":{\"name\":\"Claude Kipre\",\"@id\":\"https:\/\/7culture.ci\/#\/schema\/person\/64b5687ef9752cd031e11e98f4fd60b6\"},\"headline\":\"CRISE SANITAIRE DE LA COVID-19 : LES ARTISTES AFRICAINS EN FRANCE, C\u2019EST LA GAL\u00c8RE !\",\"datePublished\":\"2020-11-11T08:52:17+00:00\",\"dateModified\":\"2022-01-12T22:36:01+00:00\",\"mainEntityOfPage\":{\"@id\":\"https:\/\/7culture.ci\/index.php\/2020\/11\/11\/crise-sanitaire-de-la-covid-19-les-artistes-africains-en-france-cest-la-galere\/\"},\"wordCount\":657,\"commentCount\":0,\"publisher\":{\"@id\":\"https:\/\/7culture.ci\/#organization\"},\"articleSection\":[\"Dossier\"],\"inLanguage\":\"fr-FR\",\"potentialAction\":[{\"@type\":\"CommentAction\",\"name\":\"Comment\",\"target\":[\"https:\/\/7culture.ci\/index.php\/2020\/11\/11\/crise-sanitaire-de-la-covid-19-les-artistes-africains-en-france-cest-la-galere\/#respond\"]}]},{\"@type\":\"WebPage\",\"@id\":\"https:\/\/7culture.ci\/index.php\/2020\/11\/11\/crise-sanitaire-de-la-covid-19-les-artistes-africains-en-france-cest-la-galere\/\",\"url\":\"https:\/\/7culture.ci\/index.php\/2020\/11\/11\/crise-sanitaire-de-la-covid-19-les-artistes-africains-en-france-cest-la-galere\/\",\"name\":\"CRISE SANITAIRE DE LA COVID-19 : LES ARTISTES AFRICAINS EN FRANCE, C\u2019EST LA GAL\u00c8RE ! - 7culture\",\"isPartOf\":{\"@id\":\"https:\/\/7culture.ci\/#website\"},\"datePublished\":\"2020-11-11T08:52:17+00:00\",\"dateModified\":\"2022-01-12T22:36:01+00:00\",\"breadcrumb\":{\"@id\":\"https:\/\/7culture.ci\/index.php\/2020\/11\/11\/crise-sanitaire-de-la-covid-19-les-artistes-africains-en-france-cest-la-galere\/#breadcrumb\"},\"inLanguage\":\"fr-FR\",\"potentialAction\":[{\"@type\":\"ReadAction\",\"target\":[\"https:\/\/7culture.ci\/index.php\/2020\/11\/11\/crise-sanitaire-de-la-covid-19-les-artistes-africains-en-france-cest-la-galere\/\"]}]},{\"@type\":\"BreadcrumbList\",\"@id\":\"https:\/\/7culture.ci\/index.php\/2020\/11\/11\/crise-sanitaire-de-la-covid-19-les-artistes-africains-en-france-cest-la-galere\/#breadcrumb\",\"itemListElement\":[{\"@type\":\"ListItem\",\"position\":1,\"name\":\"Accueil\",\"item\":\"https:\/\/7culture.ci\/\"},{\"@type\":\"ListItem\",\"position\":2,\"name\":\"CRISE SANITAIRE DE LA COVID-19 : LES ARTISTES AFRICAINS EN FRANCE, C\u2019EST LA GAL\u00c8RE !\"}]},{\"@type\":\"WebSite\",\"@id\":\"https:\/\/7culture.ci\/#website\",\"url\":\"https:\/\/7culture.ci\/\",\"name\":\"7culture\",\"description\":\"Tout sur l&#039;actualit\u00e9\",\"publisher\":{\"@id\":\"https:\/\/7culture.ci\/#organization\"},\"potentialAction\":[{\"@type\":\"SearchAction\",\"target\":{\"@type\":\"EntryPoint\",\"urlTemplate\":\"https:\/\/7culture.ci\/?s={search_term_string}\"},\"query-input\":\"required name=search_term_string\"}],\"inLanguage\":\"fr-FR\"},{\"@type\":\"Organization\",\"@id\":\"https:\/\/7culture.ci\/#organization\",\"name\":\"7culture\",\"url\":\"https:\/\/7culture.ci\/\",\"sameAs\":[\"https:\/\/www.facebook.com\/redchefclaude\",\"https:\/\/twitter.com\/7culturec\"],\"logo\":{\"@type\":\"ImageObject\",\"inLanguage\":\"fr-FR\",\"@id\":\"https:\/\/7culture.ci\/#\/schema\/logo\/image\/\",\"url\":\"https:\/\/7culture.ci\/wp-content\/uploads\/2021\/12\/S1a-1.png\",\"contentUrl\":\"https:\/\/7culture.ci\/wp-content\/uploads\/2021\/12\/S1a-1.png\",\"width\":588,\"height\":192,\"caption\":\"7culture\"},\"image\":{\"@id\":\"https:\/\/7culture.ci\/#\/schema\/logo\/image\/\"}},{\"@type\":\"Person\",\"@id\":\"https:\/\/7culture.ci\/#\/schema\/person\/64b5687ef9752cd031e11e98f4fd60b6\",\"name\":\"Claude Kipre\",\"image\":{\"@type\":\"ImageObject\",\"inLanguage\":\"fr-FR\",\"@id\":\"https:\/\/7culture.ci\/#\/schema\/person\/image\/\",\"url\":\"https:\/\/secure.gravatar.com\/avatar\/60e5007626848549b0d9b2ad9c53c9e8?s=96&d=mm&r=g\",\"contentUrl\":\"https:\/\/secure.gravatar.com\/avatar\/60e5007626848549b0d9b2ad9c53c9e8?s=96&d=mm&r=g\",\"caption\":\"Claude Kipre\"},\"url\":\"https:\/\/7culture.ci\/index.php\/author\/claude-kipre\/\"}]}<\/script>\n<!-- \/ Yoast SEO plugin. -->","yoast_head_json":{"title":"CRISE SANITAIRE DE LA COVID-19 : LES ARTISTES AFRICAINS EN FRANCE, C\u2019EST LA GAL\u00c8RE ! - 7culture","robots":{"index":"index","follow":"follow","max-snippet":"max-snippet:-1","max-image-preview":"max-image-preview:large","max-video-preview":"max-video-preview:-1"},"canonical":"https:\/\/7culture.ci\/index.php\/2020\/11\/11\/crise-sanitaire-de-la-covid-19-les-artistes-africains-en-france-cest-la-galere\/","og_locale":"fr_FR","og_type":"article","og_title":"CRISE SANITAIRE DE LA COVID-19 : LES ARTISTES AFRICAINS EN FRANCE, C\u2019EST LA GAL\u00c8RE ! - 7culture","og_description":"Si les artistes africains, dans leur ensemble, sont parmi les grands perdants de la crise \u00e9conomique actuelle due \u00e0 la crise sanitaire mondiale de la Covid-19, ceux qui vivent et travaillent en France ne sont pas mieux lotis. Nombreux, parmi ceux-ci, sont laiss\u00e9s pour compte des dispositifs d&#8217;aide aux artistes mis en place par l&#8217;\u00c9tat &hellip; CRISE SANITAIRE DE LA COVID-19 : LES ARTISTES AFRICAINS EN FRANCE, C\u2019EST LA GAL\u00c8RE ! Lire la suite\u00a0\u00bb","og_url":"https:\/\/7culture.ci\/index.php\/2020\/11\/11\/crise-sanitaire-de-la-covid-19-les-artistes-africains-en-france-cest-la-galere\/","og_site_name":"7culture","article_publisher":"https:\/\/www.facebook.com\/redchefclaude","article_published_time":"2020-11-11T08:52:17+00:00","article_modified_time":"2022-01-12T22:36:01+00:00","og_image":[{"width":368,"height":240,"url":"http:\/\/7culture.ci\/wp-content\/uploads\/2021\/01\/child-care-template-featured-article-img-1.jpg","type":"image\/jpeg"}],"author":"Claude Kipre","twitter_card":"summary_large_image","twitter_creator":"@7culturec","twitter_site":"@7culturec","twitter_misc":{"\u00c9crit par":"Claude Kipre","Dur\u00e9e de lecture estim\u00e9e":"3 minutes"},"schema":{"@context":"https:\/\/schema.org","@graph":[{"@type":"Article","@id":"https:\/\/7culture.ci\/index.php\/2020\/11\/11\/crise-sanitaire-de-la-covid-19-les-artistes-africains-en-france-cest-la-galere\/#article","isPartOf":{"@id":"https:\/\/7culture.ci\/index.php\/2020\/11\/11\/crise-sanitaire-de-la-covid-19-les-artistes-africains-en-france-cest-la-galere\/"},"author":{"name":"Claude Kipre","@id":"https:\/\/7culture.ci\/#\/schema\/person\/64b5687ef9752cd031e11e98f4fd60b6"},"headline":"CRISE SANITAIRE DE LA COVID-19 : LES ARTISTES AFRICAINS EN FRANCE, C\u2019EST LA GAL\u00c8RE !","datePublished":"2020-11-11T08:52:17+00:00","dateModified":"2022-01-12T22:36:01+00:00","mainEntityOfPage":{"@id":"https:\/\/7culture.ci\/index.php\/2020\/11\/11\/crise-sanitaire-de-la-covid-19-les-artistes-africains-en-france-cest-la-galere\/"},"wordCount":657,"commentCount":0,"publisher":{"@id":"https:\/\/7culture.ci\/#organization"},"articleSection":["Dossier"],"inLanguage":"fr-FR","potentialAction":[{"@type":"CommentAction","name":"Comment","target":["https:\/\/7culture.ci\/index.php\/2020\/11\/11\/crise-sanitaire-de-la-covid-19-les-artistes-africains-en-france-cest-la-galere\/#respond"]}]},{"@type":"WebPage","@id":"https:\/\/7culture.ci\/index.php\/2020\/11\/11\/crise-sanitaire-de-la-covid-19-les-artistes-africains-en-france-cest-la-galere\/","url":"https:\/\/7culture.ci\/index.php\/2020\/11\/11\/crise-sanitaire-de-la-covid-19-les-artistes-africains-en-france-cest-la-galere\/","name":"CRISE SANITAIRE DE LA COVID-19 : LES ARTISTES AFRICAINS EN FRANCE, C\u2019EST LA GAL\u00c8RE ! - 7culture","isPartOf":{"@id":"https:\/\/7culture.ci\/#website"},"datePublished":"2020-11-11T08:52:17+00:00","dateModified":"2022-01-12T22:36:01+00:00","breadcrumb":{"@id":"https:\/\/7culture.ci\/index.php\/2020\/11\/11\/crise-sanitaire-de-la-covid-19-les-artistes-africains-en-france-cest-la-galere\/#breadcrumb"},"inLanguage":"fr-FR","potentialAction":[{"@type":"ReadAction","target":["https:\/\/7culture.ci\/index.php\/2020\/11\/11\/crise-sanitaire-de-la-covid-19-les-artistes-africains-en-france-cest-la-galere\/"]}]},{"@type":"BreadcrumbList","@id":"https:\/\/7culture.ci\/index.php\/2020\/11\/11\/crise-sanitaire-de-la-covid-19-les-artistes-africains-en-france-cest-la-galere\/#breadcrumb","itemListElement":[{"@type":"ListItem","position":1,"name":"Accueil","item":"https:\/\/7culture.ci\/"},{"@type":"ListItem","position":2,"name":"CRISE SANITAIRE DE LA COVID-19 : LES ARTISTES AFRICAINS EN FRANCE, C\u2019EST LA GAL\u00c8RE !"}]},{"@type":"WebSite","@id":"https:\/\/7culture.ci\/#website","url":"https:\/\/7culture.ci\/","name":"7culture","description":"Tout sur l&#039;actualit\u00e9","publisher":{"@id":"https:\/\/7culture.ci\/#organization"},"potentialAction":[{"@type":"SearchAction","target":{"@type":"EntryPoint","urlTemplate":"https:\/\/7culture.ci\/?s={search_term_string}"},"query-input":"required name=search_term_string"}],"inLanguage":"fr-FR"},{"@type":"Organization","@id":"https:\/\/7culture.ci\/#organization","name":"7culture","url":"https:\/\/7culture.ci\/","sameAs":["https:\/\/www.facebook.com\/redchefclaude","https:\/\/twitter.com\/7culturec"],"logo":{"@type":"ImageObject","inLanguage":"fr-FR","@id":"https:\/\/7culture.ci\/#\/schema\/logo\/image\/","url":"https:\/\/7culture.ci\/wp-content\/uploads\/2021\/12\/S1a-1.png","contentUrl":"https:\/\/7culture.ci\/wp-content\/uploads\/2021\/12\/S1a-1.png","width":588,"height":192,"caption":"7culture"},"image":{"@id":"https:\/\/7culture.ci\/#\/schema\/logo\/image\/"}},{"@type":"Person","@id":"https:\/\/7culture.ci\/#\/schema\/person\/64b5687ef9752cd031e11e98f4fd60b6","name":"Claude Kipre","image":{"@type":"ImageObject","inLanguage":"fr-FR","@id":"https:\/\/7culture.ci\/#\/schema\/person\/image\/","url":"https:\/\/secure.gravatar.com\/avatar\/60e5007626848549b0d9b2ad9c53c9e8?s=96&d=mm&r=g","contentUrl":"https:\/\/secure.gravatar.com\/avatar\/60e5007626848549b0d9b2ad9c53c9e8?s=96&d=mm&r=g","caption":"Claude Kipre"},"url":"https:\/\/7culture.ci\/index.php\/author\/claude-kipre\/"}]}},"jetpack_featured_media_url":"https:\/\/7culture.ci\/wp-content\/uploads\/2021\/01\/child-care-template-featured-article-img-1.jpg","jetpack_likes_enabled":true,"jetpack_sharing_enabled":true,"_links":{"self":[{"href":"https:\/\/7culture.ci\/index.php\/wp-json\/wp\/v2\/posts\/5021"}],"collection":[{"href":"https:\/\/7culture.ci\/index.php\/wp-json\/wp\/v2\/posts"}],"about":[{"href":"https:\/\/7culture.ci\/index.php\/wp-json\/wp\/v2\/types\/post"}],"author":[{"embeddable":true,"href":"https:\/\/7culture.ci\/index.php\/wp-json\/wp\/v2\/users\/2"}],"replies":[{"embeddable":true,"href":"https:\/\/7culture.ci\/index.php\/wp-json\/wp\/v2\/comments?post=5021"}],"version-history":[{"count":0,"href":"https:\/\/7culture.ci\/index.php\/wp-json\/wp\/v2\/posts\/5021\/revisions"}],"wp:featuredmedia":[{"embeddable":true,"href":"https:\/\/7culture.ci\/index.php\/wp-json\/wp\/v2\/media\/183"}],"wp:attachment":[{"href":"https:\/\/7culture.ci\/index.php\/wp-json\/wp\/v2\/media?parent=5021"}],"wp:term":[{"taxonomy":"category","embeddable":true,"href":"https:\/\/7culture.ci\/index.php\/wp-json\/wp\/v2\/categories?post=5021"},{"taxonomy":"post_tag","embeddable":true,"href":"https:\/\/7culture.ci\/index.php\/wp-json\/wp\/v2\/tags?post=5021"}],"curies":[{"name":"wp","href":"https:\/\/api.w.org\/{rel}","templated":true}]}}