{"id":4958,"date":"2020-11-08T00:38:07","date_gmt":"2020-11-08T00:38:07","guid":{"rendered":"https:\/\/7culture.ci\/index.php\/2020\/11\/08\/madagascar-renove-son-palais-de-la-reine-entre-splendeurs-et-critiques\/"},"modified":"2022-01-12T23:46:35","modified_gmt":"2022-01-12T22:46:35","slug":"madagascar-renove-son-palais-de-la-reine-entre-splendeurs-et-critiques","status":"publish","type":"post","link":"https:\/\/7culture.ci\/index.php\/2020\/11\/08\/madagascar-renove-son-palais-de-la-reine-entre-splendeurs-et-critiques\/","title":{"rendered":"MADAGASCAR: RENOV\u00c9, SON PALAIS DE LA REINE ENTRE SPLENDEURS ET CRITIQUES"},"content":{"rendered":"\n<p><strong><em>R\u00e9nov\u00e9 et restaur\u00e9, le palais royal d\u2019Antananarivo qui avait br\u00fbl\u00e9 en 1995, a \u00e9t\u00e9 inaugur\u00e9 le 6 novembre devant les autorit\u00e9s du pays et de c\u00e9l\u00e8bres invit\u00e9s.<\/em><\/strong><\/p>\n\n\n\n<p>Les flammes du 6 novembre 1995 qui avaient ravag\u00e9 une partie de l\u2019int\u00e9rieur du Palais de la Reine d\u2019Antananarivo, ne sont d\u00e9sormais qu\u2019un lointain souvenir. Log\u00e9 sur les hauteurs de la capitale malgache, le b\u00e2timent architectural a \u00e9t\u00e9 r\u00e9nov\u00e9 et restaur\u00e9 par les autorit\u00e9s actuelles de la grande ile. 25 ans apr\u00e8s l\u2019incendie, le palais royal r\u00e9habilit\u00e9 a \u00e9t\u00e9 inaugur\u00e9 en grande pompe le vendredi 6 novembre 2020, au cours d\u2019une c\u00e9r\u00e9monie officielle en pr\u00e9sence du pr\u00e9sident malgache Andry Rajoelina et de son \u00e9pouse, et un parterre d\\&#8217;invit\u00e9s prestigieux. \u00ab<strong><em>Tout ce qui est dans cette enceinte o\u00f9 nous nous trouvons aujourd\\&#8217;hui sera la fiert\u00e9 de tout Madagascar<\/em><\/strong>&nbsp;\u00bb, a d\u00e9clar\u00e9 Andry Rajoelina, pr\u00e9sidant l\u2019\u00e9v\u00e8nement solennel.<\/p>\n\n\n\n<figure class=\\\"wp-block-image size-large\\\"><img src=\\\"http:\/\/7culture.ci\/fbf\/uploads\/2020\/07\/Andry-1.jpg\\\" alt=\\\"\\\" class=\\\"wp-image-4955\\\"\/><figcaption><em><strong>Le pr\u00e9sident Malgache lors de la c\u00e9r\u00e9monie d\\&#8217;inauguration<\/strong><\/em><\/figcaption><\/figure>\n\n\n\n<p>C\u2019est apr\u00e8s un an et demi de travaux que cet endroit embl\u00e9matique \u00e0 Antananarivo, a retrouv\u00e9 sa splendeur d\u2019antan. Pour sa r\u00e9habilitation, les r\u00e9gimes successifs ont organis\u00e9 des lev\u00e9es de fonds sans jamais y parvenir. En avril 2019, trois mois apr\u00e8s sa prestation de serment \u00e0 la t\u00eate du pays, Andry Rajoelina a lanc\u00e9 les travaux de restauration du palais. \u00ab <strong><em>Bien que des pays et des organisations nous aient tendu la main, nous avons pr\u00e9f\u00e9r\u00e9 cotiser et ne pas demander de financements venant de l\u2019ext\u00e9rieur. C\u2019est notre propre argent qu\u2019on a utilis\u00e9 pour reb\u00e2tir et reconstruire cette infrastructure. Ce ch\u00e2teau est le t\u00e9moin du pass\u00e9, visage du pr\u00e9sent mais surtout le reflet de l\u2019avenir du pays. Ce ch\u00e2teau de Madagascar sera la fiert\u00e9 des Malgaches !<\/em><\/strong>\u00bb, a donc soulign\u00e9 avec un brin de fiert\u00e9 nationale, le pr\u00e9sident malgache. Le n\u00b01 de cette ile de l\u2019oc\u00e9an indien a d\u2019ailleurs rebaptis\u00e9 le b\u00e2timent historique. Le palais de la Reine s\u2019appellera d\u00e9sormais <strong>Rovan\u2019iMadagasikara<\/strong> c\u2019est-\u00e0-dire <strong>Palais Royal de Madagascar<\/strong>. Il sera ouvert au grand public en d\u00e9cembre prochain.<\/p>\n\n\n\n<figure class=\\\"wp-block-image size-large\\\"><img src=\\\"http:\/\/7culture.ci\/fbf\/uploads\/2020\/07\/Palais-reine-malgache1.jpg\\\" alt=\\\"\\\" class=\\\"wp-image-4956\\\"\/><\/figure>\n\n\n\n<p>Malgr\u00e9 la fraicheur et la splendeur retrouv\u00e9es du site, il est d\u00e9j\u00e0 objet de controverses de quelques habitants de la grande ile. La pol\u00e9mique s\u2019est d\u2019ailleurs amplifi\u00e9e quand le pr\u00e9sident de la R\u00e9publique de Madagascar a \u00e9mis l\u2019id\u00e9e d\u2019\u00e9riger au sein du palais une sorte de colis\u00e9e qui pourrait accueillir 400 invit\u00e9s pour des spectacles sur l\u2019histoire du pays. A la veille de l\u2019inauguration du palais restaur\u00e9, quelques opposants r\u00e9unis dans le parti <strong>Tiako i Madagasikara<\/strong> (parti de l\u2019ancien pr\u00e9sident Marc Ravalomanana), ont contest\u00e9 la r\u00e9alisation d\u2019un tel projet dans l\u2019enceinte du monument ancestral. Des associations de la soci\u00e9t\u00e9 civile du pays ont aussi rejoint l\u2019opposition en s\u2019insurgeant contre la construction d\\&#8217;un colis\u00e9e. Pour elles, cette ar\u00e8ne de style romain n\\&#8217;a pas sa place \u00e0 c\u00f4t\u00e9 du palais, un lieu historique et sacr\u00e9 situ\u00e9 sur les hauteurs de la capitale. Elles ont m\u00eame d\u00e9pos\u00e9 une requ\u00eate &nbsp;pour arr\u00eater les travaux aupr\u00e8s du tribunal le 4 novembre dernier. D\u00e9j\u00e0 en d\u00e9but d\u2019ann\u00e9e, l\\&#8217;Unesco avait montr\u00e9 des griefs contre cette construction en rappelant le statut de la ville haute d\\&#8217;Antananarivo class\u00e9e au Patrimoine mondial.<\/p>\n\n\n\n<p><strong>Omar Ak<\/strong><\/p>\n\n\n\n<p><\/p>\n\n\n\n<p><\/p>\n","protected":false},"excerpt":{"rendered":"<p>R\u00e9nov\u00e9 et restaur\u00e9, le palais royal d\u2019Antananarivo qui avait br\u00fbl\u00e9 en 1995, a \u00e9t\u00e9 inaugur\u00e9 le 6 novembre devant les autorit\u00e9s du pays et de c\u00e9l\u00e8bres invit\u00e9s. Les flammes du 6 novembre 1995 qui avaient ravag\u00e9 une partie de l\u2019int\u00e9rieur du Palais de la Reine d\u2019Antananarivo, ne sont d\u00e9sormais qu\u2019un lointain souvenir. Log\u00e9 sur les &hellip;<\/p>\n<p class=\"read-more\"> <a class=\"\" href=\"https:\/\/7culture.ci\/index.php\/2020\/11\/08\/madagascar-renove-son-palais-de-la-reine-entre-splendeurs-et-critiques\/\"> <span class=\"screen-reader-text\">MADAGASCAR: RENOV\u00c9, SON PALAIS DE LA REINE ENTRE SPLENDEURS ET CRITIQUES<\/span> Lire la suite\u00a0\u00bb<\/a><\/p>\n","protected":false},"author":2,"featured_media":126,"comment_status":"open","ping_status":"closed","sticky":false,"template":"","format":"standard","meta":{"_mi_skip_tracking":false,"_monsterinsights_sitenote_active":false,"_monsterinsights_sitenote_note":"","_monsterinsights_sitenote_category":0,"site-sidebar-layout":"default","site-content-layout":"default","ast-global-header-display":"","ast-main-header-display":"","ast-hfb-above-header-display":"","ast-hfb-below-header-display":"","ast-hfb-mobile-header-display":"","site-post-title":"","ast-breadcrumbs-content":"","ast-featured-img":"","footer-sml-layout":"","theme-transparent-header-meta":"","adv-header-id-meta":"","stick-header-meta":"","header-above-stick-meta":"","header-main-stick-meta":"","header-below-stick-meta":"","footnotes":"","jetpack_publicize_message":"","jetpack_is_tweetstorm":false,"jetpack_publicize_feature_enabled":true},"categories":[42],"tags":[],"jetpack_publicize_connections":[],"acf":[],"aioseo_notices":[],"yoast_head":"<!-- This site is optimized with the Yoast SEO plugin v19.6.1 - https:\/\/yoast.com\/wordpress\/plugins\/seo\/ -->\n<title>MADAGASCAR: RENOV\u00c9, SON PALAIS DE LA REINE ENTRE SPLENDEURS ET CRITIQUES - 7culture<\/title>\n<meta name=\"robots\" content=\"index, follow, max-snippet:-1, max-image-preview:large, max-video-preview:-1\" \/>\n<link rel=\"canonical\" href=\"https:\/\/7culture.ci\/index.php\/2020\/11\/08\/madagascar-renove-son-palais-de-la-reine-entre-splendeurs-et-critiques\/\" \/>\n<meta property=\"og:locale\" content=\"fr_FR\" \/>\n<meta property=\"og:type\" content=\"article\" \/>\n<meta property=\"og:title\" content=\"MADAGASCAR: RENOV\u00c9, SON PALAIS DE LA REINE ENTRE SPLENDEURS ET CRITIQUES - 7culture\" \/>\n<meta property=\"og:description\" content=\"R\u00e9nov\u00e9 et restaur\u00e9, le palais royal d\u2019Antananarivo qui avait br\u00fbl\u00e9 en 1995, a \u00e9t\u00e9 inaugur\u00e9 le 6 novembre devant les autorit\u00e9s du pays et de c\u00e9l\u00e8bres invit\u00e9s. Les flammes du 6 novembre 1995 qui avaient ravag\u00e9 une partie de l\u2019int\u00e9rieur du Palais de la Reine d\u2019Antananarivo, ne sont d\u00e9sormais qu\u2019un lointain souvenir. Log\u00e9 sur les &hellip; MADAGASCAR: RENOV\u00c9, SON PALAIS DE LA REINE ENTRE SPLENDEURS ET CRITIQUES Lire la suite\u00a0\u00bb\" \/>\n<meta property=\"og:url\" content=\"https:\/\/7culture.ci\/index.php\/2020\/11\/08\/madagascar-renove-son-palais-de-la-reine-entre-splendeurs-et-critiques\/\" \/>\n<meta property=\"og:site_name\" content=\"7culture\" \/>\n<meta property=\"article:publisher\" content=\"https:\/\/www.facebook.com\/redchefclaude\" \/>\n<meta property=\"article:published_time\" content=\"2020-11-08T00:38:07+00:00\" \/>\n<meta property=\"article:modified_time\" content=\"2022-01-12T22:46:35+00:00\" \/>\n<meta property=\"og:image\" content=\"http:\/\/7culture.ci\/wp-content\/uploads\/2021\/01\/child-care-template-center-director-img.jpg\" \/>\n\t<meta property=\"og:image:width\" content=\"600\" \/>\n\t<meta property=\"og:image:height\" content=\"480\" \/>\n\t<meta property=\"og:image:type\" content=\"image\/jpeg\" \/>\n<meta name=\"author\" content=\"Claude Kipre\" \/>\n<meta name=\"twitter:card\" content=\"summary_large_image\" \/>\n<meta name=\"twitter:creator\" content=\"@7culturec\" \/>\n<meta name=\"twitter:site\" content=\"@7culturec\" \/>\n<meta name=\"twitter:label1\" content=\"\u00c9crit par\" \/>\n\t<meta name=\"twitter:data1\" content=\"Claude Kipre\" \/>\n\t<meta name=\"twitter:label2\" content=\"Dur\u00e9e de lecture estim\u00e9e\" \/>\n\t<meta name=\"twitter:data2\" content=\"3 minutes\" \/>\n<script type=\"application\/ld+json\" class=\"yoast-schema-graph\">{\"@context\":\"https:\/\/schema.org\",\"@graph\":[{\"@type\":\"Article\",\"@id\":\"https:\/\/7culture.ci\/index.php\/2020\/11\/08\/madagascar-renove-son-palais-de-la-reine-entre-splendeurs-et-critiques\/#article\",\"isPartOf\":{\"@id\":\"https:\/\/7culture.ci\/index.php\/2020\/11\/08\/madagascar-renove-son-palais-de-la-reine-entre-splendeurs-et-critiques\/\"},\"author\":{\"name\":\"Claude Kipre\",\"@id\":\"https:\/\/7culture.ci\/#\/schema\/person\/64b5687ef9752cd031e11e98f4fd60b6\"},\"headline\":\"MADAGASCAR: RENOV\u00c9, SON PALAIS DE LA REINE ENTRE SPLENDEURS ET CRITIQUES\",\"datePublished\":\"2020-11-08T00:38:07+00:00\",\"dateModified\":\"2022-01-12T22:46:35+00:00\",\"mainEntityOfPage\":{\"@id\":\"https:\/\/7culture.ci\/index.php\/2020\/11\/08\/madagascar-renove-son-palais-de-la-reine-entre-splendeurs-et-critiques\/\"},\"wordCount\":613,\"commentCount\":0,\"publisher\":{\"@id\":\"https:\/\/7culture.ci\/#organization\"},\"articleSection\":[\"Reportage\"],\"inLanguage\":\"fr-FR\",\"potentialAction\":[{\"@type\":\"CommentAction\",\"name\":\"Comment\",\"target\":[\"https:\/\/7culture.ci\/index.php\/2020\/11\/08\/madagascar-renove-son-palais-de-la-reine-entre-splendeurs-et-critiques\/#respond\"]}]},{\"@type\":\"WebPage\",\"@id\":\"https:\/\/7culture.ci\/index.php\/2020\/11\/08\/madagascar-renove-son-palais-de-la-reine-entre-splendeurs-et-critiques\/\",\"url\":\"https:\/\/7culture.ci\/index.php\/2020\/11\/08\/madagascar-renove-son-palais-de-la-reine-entre-splendeurs-et-critiques\/\",\"name\":\"MADAGASCAR: RENOV\u00c9, SON PALAIS DE LA REINE ENTRE SPLENDEURS ET CRITIQUES - 7culture\",\"isPartOf\":{\"@id\":\"https:\/\/7culture.ci\/#website\"},\"datePublished\":\"2020-11-08T00:38:07+00:00\",\"dateModified\":\"2022-01-12T22:46:35+00:00\",\"breadcrumb\":{\"@id\":\"https:\/\/7culture.ci\/index.php\/2020\/11\/08\/madagascar-renove-son-palais-de-la-reine-entre-splendeurs-et-critiques\/#breadcrumb\"},\"inLanguage\":\"fr-FR\",\"potentialAction\":[{\"@type\":\"ReadAction\",\"target\":[\"https:\/\/7culture.ci\/index.php\/2020\/11\/08\/madagascar-renove-son-palais-de-la-reine-entre-splendeurs-et-critiques\/\"]}]},{\"@type\":\"BreadcrumbList\",\"@id\":\"https:\/\/7culture.ci\/index.php\/2020\/11\/08\/madagascar-renove-son-palais-de-la-reine-entre-splendeurs-et-critiques\/#breadcrumb\",\"itemListElement\":[{\"@type\":\"ListItem\",\"position\":1,\"name\":\"Accueil\",\"item\":\"https:\/\/7culture.ci\/\"},{\"@type\":\"ListItem\",\"position\":2,\"name\":\"MADAGASCAR: RENOV\u00c9, SON PALAIS DE LA REINE ENTRE SPLENDEURS ET CRITIQUES\"}]},{\"@type\":\"WebSite\",\"@id\":\"https:\/\/7culture.ci\/#website\",\"url\":\"https:\/\/7culture.ci\/\",\"name\":\"7culture\",\"description\":\"Tout sur l&#039;actualit\u00e9\",\"publisher\":{\"@id\":\"https:\/\/7culture.ci\/#organization\"},\"potentialAction\":[{\"@type\":\"SearchAction\",\"target\":{\"@type\":\"EntryPoint\",\"urlTemplate\":\"https:\/\/7culture.ci\/?s={search_term_string}\"},\"query-input\":\"required name=search_term_string\"}],\"inLanguage\":\"fr-FR\"},{\"@type\":\"Organization\",\"@id\":\"https:\/\/7culture.ci\/#organization\",\"name\":\"7culture\",\"url\":\"https:\/\/7culture.ci\/\",\"sameAs\":[\"https:\/\/www.facebook.com\/redchefclaude\",\"https:\/\/twitter.com\/7culturec\"],\"logo\":{\"@type\":\"ImageObject\",\"inLanguage\":\"fr-FR\",\"@id\":\"https:\/\/7culture.ci\/#\/schema\/logo\/image\/\",\"url\":\"https:\/\/7culture.ci\/wp-content\/uploads\/2021\/12\/S1a-1.png\",\"contentUrl\":\"https:\/\/7culture.ci\/wp-content\/uploads\/2021\/12\/S1a-1.png\",\"width\":588,\"height\":192,\"caption\":\"7culture\"},\"image\":{\"@id\":\"https:\/\/7culture.ci\/#\/schema\/logo\/image\/\"}},{\"@type\":\"Person\",\"@id\":\"https:\/\/7culture.ci\/#\/schema\/person\/64b5687ef9752cd031e11e98f4fd60b6\",\"name\":\"Claude Kipre\",\"image\":{\"@type\":\"ImageObject\",\"inLanguage\":\"fr-FR\",\"@id\":\"https:\/\/7culture.ci\/#\/schema\/person\/image\/\",\"url\":\"https:\/\/secure.gravatar.com\/avatar\/60e5007626848549b0d9b2ad9c53c9e8?s=96&d=mm&r=g\",\"contentUrl\":\"https:\/\/secure.gravatar.com\/avatar\/60e5007626848549b0d9b2ad9c53c9e8?s=96&d=mm&r=g\",\"caption\":\"Claude Kipre\"},\"url\":\"https:\/\/7culture.ci\/index.php\/author\/claude-kipre\/\"}]}<\/script>\n<!-- \/ Yoast SEO plugin. -->","yoast_head_json":{"title":"MADAGASCAR: RENOV\u00c9, SON PALAIS DE LA REINE ENTRE SPLENDEURS ET CRITIQUES - 7culture","robots":{"index":"index","follow":"follow","max-snippet":"max-snippet:-1","max-image-preview":"max-image-preview:large","max-video-preview":"max-video-preview:-1"},"canonical":"https:\/\/7culture.ci\/index.php\/2020\/11\/08\/madagascar-renove-son-palais-de-la-reine-entre-splendeurs-et-critiques\/","og_locale":"fr_FR","og_type":"article","og_title":"MADAGASCAR: RENOV\u00c9, SON PALAIS DE LA REINE ENTRE SPLENDEURS ET CRITIQUES - 7culture","og_description":"R\u00e9nov\u00e9 et restaur\u00e9, le palais royal d\u2019Antananarivo qui avait br\u00fbl\u00e9 en 1995, a \u00e9t\u00e9 inaugur\u00e9 le 6 novembre devant les autorit\u00e9s du pays et de c\u00e9l\u00e8bres invit\u00e9s. Les flammes du 6 novembre 1995 qui avaient ravag\u00e9 une partie de l\u2019int\u00e9rieur du Palais de la Reine d\u2019Antananarivo, ne sont d\u00e9sormais qu\u2019un lointain souvenir. Log\u00e9 sur les &hellip; MADAGASCAR: RENOV\u00c9, SON PALAIS DE LA REINE ENTRE SPLENDEURS ET CRITIQUES Lire la suite\u00a0\u00bb","og_url":"https:\/\/7culture.ci\/index.php\/2020\/11\/08\/madagascar-renove-son-palais-de-la-reine-entre-splendeurs-et-critiques\/","og_site_name":"7culture","article_publisher":"https:\/\/www.facebook.com\/redchefclaude","article_published_time":"2020-11-08T00:38:07+00:00","article_modified_time":"2022-01-12T22:46:35+00:00","og_image":[{"width":600,"height":480,"url":"http:\/\/7culture.ci\/wp-content\/uploads\/2021\/01\/child-care-template-center-director-img.jpg","type":"image\/jpeg"}],"author":"Claude Kipre","twitter_card":"summary_large_image","twitter_creator":"@7culturec","twitter_site":"@7culturec","twitter_misc":{"\u00c9crit par":"Claude Kipre","Dur\u00e9e de lecture estim\u00e9e":"3 minutes"},"schema":{"@context":"https:\/\/schema.org","@graph":[{"@type":"Article","@id":"https:\/\/7culture.ci\/index.php\/2020\/11\/08\/madagascar-renove-son-palais-de-la-reine-entre-splendeurs-et-critiques\/#article","isPartOf":{"@id":"https:\/\/7culture.ci\/index.php\/2020\/11\/08\/madagascar-renove-son-palais-de-la-reine-entre-splendeurs-et-critiques\/"},"author":{"name":"Claude Kipre","@id":"https:\/\/7culture.ci\/#\/schema\/person\/64b5687ef9752cd031e11e98f4fd60b6"},"headline":"MADAGASCAR: RENOV\u00c9, SON PALAIS DE LA REINE ENTRE SPLENDEURS ET CRITIQUES","datePublished":"2020-11-08T00:38:07+00:00","dateModified":"2022-01-12T22:46:35+00:00","mainEntityOfPage":{"@id":"https:\/\/7culture.ci\/index.php\/2020\/11\/08\/madagascar-renove-son-palais-de-la-reine-entre-splendeurs-et-critiques\/"},"wordCount":613,"commentCount":0,"publisher":{"@id":"https:\/\/7culture.ci\/#organization"},"articleSection":["Reportage"],"inLanguage":"fr-FR","potentialAction":[{"@type":"CommentAction","name":"Comment","target":["https:\/\/7culture.ci\/index.php\/2020\/11\/08\/madagascar-renove-son-palais-de-la-reine-entre-splendeurs-et-critiques\/#respond"]}]},{"@type":"WebPage","@id":"https:\/\/7culture.ci\/index.php\/2020\/11\/08\/madagascar-renove-son-palais-de-la-reine-entre-splendeurs-et-critiques\/","url":"https:\/\/7culture.ci\/index.php\/2020\/11\/08\/madagascar-renove-son-palais-de-la-reine-entre-splendeurs-et-critiques\/","name":"MADAGASCAR: RENOV\u00c9, SON PALAIS DE LA REINE ENTRE SPLENDEURS ET CRITIQUES - 7culture","isPartOf":{"@id":"https:\/\/7culture.ci\/#website"},"datePublished":"2020-11-08T00:38:07+00:00","dateModified":"2022-01-12T22:46:35+00:00","breadcrumb":{"@id":"https:\/\/7culture.ci\/index.php\/2020\/11\/08\/madagascar-renove-son-palais-de-la-reine-entre-splendeurs-et-critiques\/#breadcrumb"},"inLanguage":"fr-FR","potentialAction":[{"@type":"ReadAction","target":["https:\/\/7culture.ci\/index.php\/2020\/11\/08\/madagascar-renove-son-palais-de-la-reine-entre-splendeurs-et-critiques\/"]}]},{"@type":"BreadcrumbList","@id":"https:\/\/7culture.ci\/index.php\/2020\/11\/08\/madagascar-renove-son-palais-de-la-reine-entre-splendeurs-et-critiques\/#breadcrumb","itemListElement":[{"@type":"ListItem","position":1,"name":"Accueil","item":"https:\/\/7culture.ci\/"},{"@type":"ListItem","position":2,"name":"MADAGASCAR: RENOV\u00c9, SON PALAIS DE LA REINE ENTRE SPLENDEURS ET CRITIQUES"}]},{"@type":"WebSite","@id":"https:\/\/7culture.ci\/#website","url":"https:\/\/7culture.ci\/","name":"7culture","description":"Tout sur l&#039;actualit\u00e9","publisher":{"@id":"https:\/\/7culture.ci\/#organization"},"potentialAction":[{"@type":"SearchAction","target":{"@type":"EntryPoint","urlTemplate":"https:\/\/7culture.ci\/?s={search_term_string}"},"query-input":"required name=search_term_string"}],"inLanguage":"fr-FR"},{"@type":"Organization","@id":"https:\/\/7culture.ci\/#organization","name":"7culture","url":"https:\/\/7culture.ci\/","sameAs":["https:\/\/www.facebook.com\/redchefclaude","https:\/\/twitter.com\/7culturec"],"logo":{"@type":"ImageObject","inLanguage":"fr-FR","@id":"https:\/\/7culture.ci\/#\/schema\/logo\/image\/","url":"https:\/\/7culture.ci\/wp-content\/uploads\/2021\/12\/S1a-1.png","contentUrl":"https:\/\/7culture.ci\/wp-content\/uploads\/2021\/12\/S1a-1.png","width":588,"height":192,"caption":"7culture"},"image":{"@id":"https:\/\/7culture.ci\/#\/schema\/logo\/image\/"}},{"@type":"Person","@id":"https:\/\/7culture.ci\/#\/schema\/person\/64b5687ef9752cd031e11e98f4fd60b6","name":"Claude Kipre","image":{"@type":"ImageObject","inLanguage":"fr-FR","@id":"https:\/\/7culture.ci\/#\/schema\/person\/image\/","url":"https:\/\/secure.gravatar.com\/avatar\/60e5007626848549b0d9b2ad9c53c9e8?s=96&d=mm&r=g","contentUrl":"https:\/\/secure.gravatar.com\/avatar\/60e5007626848549b0d9b2ad9c53c9e8?s=96&d=mm&r=g","caption":"Claude Kipre"},"url":"https:\/\/7culture.ci\/index.php\/author\/claude-kipre\/"}]}},"jetpack_featured_media_url":"https:\/\/7culture.ci\/wp-content\/uploads\/2021\/01\/child-care-template-center-director-img.jpg","jetpack_likes_enabled":true,"jetpack_sharing_enabled":true,"_links":{"self":[{"href":"https:\/\/7culture.ci\/index.php\/wp-json\/wp\/v2\/posts\/4958"}],"collection":[{"href":"https:\/\/7culture.ci\/index.php\/wp-json\/wp\/v2\/posts"}],"about":[{"href":"https:\/\/7culture.ci\/index.php\/wp-json\/wp\/v2\/types\/post"}],"author":[{"embeddable":true,"href":"https:\/\/7culture.ci\/index.php\/wp-json\/wp\/v2\/users\/2"}],"replies":[{"embeddable":true,"href":"https:\/\/7culture.ci\/index.php\/wp-json\/wp\/v2\/comments?post=4958"}],"version-history":[{"count":0,"href":"https:\/\/7culture.ci\/index.php\/wp-json\/wp\/v2\/posts\/4958\/revisions"}],"wp:featuredmedia":[{"embeddable":true,"href":"https:\/\/7culture.ci\/index.php\/wp-json\/wp\/v2\/media\/126"}],"wp:attachment":[{"href":"https:\/\/7culture.ci\/index.php\/wp-json\/wp\/v2\/media?parent=4958"}],"wp:term":[{"taxonomy":"category","embeddable":true,"href":"https:\/\/7culture.ci\/index.php\/wp-json\/wp\/v2\/categories?post=4958"},{"taxonomy":"post_tag","embeddable":true,"href":"https:\/\/7culture.ci\/index.php\/wp-json\/wp\/v2\/tags?post=4958"}],"curies":[{"name":"wp","href":"https:\/\/api.w.org\/{rel}","templated":true}]}}