{"id":4911,"date":"2020-11-05T15:55:44","date_gmt":"2020-11-05T15:55:44","guid":{"rendered":"https:\/\/7culture.ci\/index.php\/2020\/11\/05\/prix-decouvertes-rfi-avant-la-proclamation-des-resultats-voici-les-artistes-ivoiriens-laureats-du-prix\/"},"modified":"2020-11-05T15:55:44","modified_gmt":"2020-11-05T15:55:44","slug":"prix-decouvertes-rfi-avant-la-proclamation-des-resultats-voici-les-artistes-ivoiriens-laureats-du-prix","status":"publish","type":"post","link":"https:\/\/7culture.ci\/index.php\/2020\/11\/05\/prix-decouvertes-rfi-avant-la-proclamation-des-resultats-voici-les-artistes-ivoiriens-laureats-du-prix\/","title":{"rendered":"PRIX D\u00c9COUVERTES RFI : AVANT LA PROCLAMATION DES R\u00c9SULTATS, VOICI LES ARTISTES IVOIRIENS LAUR\u00c9ATS DU PRIX"},"content":{"rendered":"\n<p><strong><em>Ce samedi 7 novembre, la radio RFI va donner le nom du laur\u00e9at du Prix D\u00e9couvertes RFI 2020. Ce sera le 40\u00e8 vainqueur de cette r\u00e9compense qui soutient et accompagne les chanteurs du continent africain.<\/em><\/strong><\/p>\n\n\n\n<figure class=\\\"wp-block-image size-large\\\"><img src=\\\"http:\/\/7culture.ci\/fbf\/uploads\/2020\/07\/Prix-decouvertes-rfi-2.jpg\\\" alt=\\\"\\\" class=\\\"wp-image-4908\\\"\/><\/figure>\n\n\n\n<p>Depuis 1981, le Prix D\u00e9couvertes RFI r\u00e9v\u00e8le et r\u00e9compense chaque ann\u00e9e un artiste chanteur africain. Il a contribu\u00e9 \u00e0 lancer les carri\u00e8res de nombreux chanteurs comme Rokia Traor\u00e9, Zao, Sally Nyollo, Didier Awadi, Smarty, Habib Koit\u00e9, Marema Fall ou Soul Bang\\&#8217;s. La C\u00f4te d\u2019Ivoire est pr\u00e9sente dans le palmar\u00e8s complet avec deux noms\u00a0: <strong>Antoinette Konan en 1986<\/strong> et <strong>Tiken Jah Fakoly en 2000<\/strong>. En plus d\u2019un ch\u00e8que de 10 000 euros soit 6.550.000F CFA, une tourn\u00e9e dans plusieurs Instituts fran\u00e7ais (centres culturels fran\u00e7ais) en Afrique est offerte au laur\u00e9at et un concert \u00e0 Paris. Le Prix D\u00e9couvertes RFI est organis\u00e9 en partenariat avec L\\&#8217;Institut fran\u00e7ais, l\\&#8217;Organisation internationale de la francophonie et la Sacem. A chaque \u00e9dition, les \u0153uvres des candidats sont jug\u00e9es par des professionnels. La chanson victorieuse b\u00e9n\u00e9ficie d\u2019un soutien professionnel, d\u2019une promotion sur les antennes et les sites webs de RFI et de ses partenaires.<\/p>\n\n\n\n<figure class=\\\"wp-block-image size-large\\\"><img src=\\\"http:\/\/7culture.ci\/fbf\/uploads\/2020\/07\/Prix-decouvertes-rfi-5.jpg\\\" alt=\\\"\\\" class=\\\"wp-image-4906\\\"\/><\/figure>\n\n\n\n<p>Les modalit\u00e9s du concours n\u2019ont pas toujours \u00e9t\u00e9 les m\u00eames. Jusqu\u2019en 1984, la liste des laur\u00e9ats de cette comp\u00e9tition comportait entre 10 et 11 artistes. De 1985 \u00e0 1988, le nombre d\u2019artistes laur\u00e9ats par \u00e9dition baisse de 7 \u00e0 6. Entre 1989 et 1996, la moyenne des laur\u00e9ats est de trois par \u00e9dition, le premier prix \u00e9tant le Prix Afrique-Gilles Obringer. En 1997, le nombre de musiciens laur\u00e9ats dans les fiches du jury est de deux par \u00e9dition, et ce jusqu\\&#8217;en 2000. C\u2019est \u00e0 partir de 2001, que les organisateurs ont d\u00e9cid\u00e9 de retenir un seul laur\u00e9at au terme du concours.<\/p>\n\n\n\n<figure class=\\\"wp-block-image size-large\\\"><img src=\\\"http:\/\/7culture.ci\/fbf\/uploads\/2020\/07\/Prix-decouvertes-rfi-4.jpg\\\" alt=\\\"\\\" class=\\\"wp-image-4910\\\"\/><\/figure>\n\n\n\n<p>Baptis\u00e9 alors <strong>D\u00e9couvertes 81<\/strong>, le concours est l\u2019initiative du Congolais Alphonse Marie Toukas, animateur de radio. L\\&#8217;objectif est de faire la promotion de la musique africaine et de la diffuser partout sur le continent.<\/p>\n\n\n\n<p>En attendant de d\u00e9couvrir le successeur de la Congolaise C\u00e9line Banza, Prix\u00a0 D\u00e9couvertes RFI 2019, le 7 novembre prochain, nous vous proposons le palmar\u00e8s complet des diff\u00e9rents laur\u00e9ats de cette prestigieuse r\u00e9compense qui f\u00eate ses 40 ans.<\/p>\n\n\n\n<p>1981: Jean Ondeno<\/p>\n\n\n\n<p>1982: Zao&nbsp;&nbsp;&nbsp;&nbsp;&nbsp;&nbsp;&nbsp;&nbsp;&nbsp;&nbsp;&nbsp;&nbsp;&nbsp;&nbsp;&nbsp;&nbsp;&nbsp;&nbsp;&nbsp;&nbsp;&nbsp;&nbsp;&nbsp;&nbsp;&nbsp;&nbsp;&nbsp;&nbsp;&nbsp;&nbsp;&nbsp;<\/p>\n\n\n\n<p>1983: Mav Cacharel&nbsp;&nbsp;&nbsp;&nbsp;&nbsp;&nbsp;&nbsp;&nbsp;&nbsp;&nbsp;&nbsp;&nbsp;&nbsp;&nbsp;&nbsp;&nbsp;&nbsp;<\/p>\n\n\n\n<p>1984: N\\&#8217;zongo soul&nbsp;&nbsp;&nbsp;&nbsp;&nbsp;&nbsp;&nbsp;&nbsp;&nbsp;&nbsp;&nbsp;&nbsp;&nbsp;&nbsp;&nbsp;&nbsp;&nbsp;&nbsp;&nbsp;&nbsp;&nbsp;&nbsp;&nbsp;&nbsp;&nbsp;&nbsp;&nbsp;&nbsp;&nbsp;&nbsp;<\/p>\n\n\n\n<p>1985: Ma\u00eetre Gazonga&nbsp;&nbsp;&nbsp;&nbsp;&nbsp;&nbsp;&nbsp;&nbsp;&nbsp;&nbsp;&nbsp;&nbsp;&nbsp;&nbsp;&nbsp;&nbsp;&nbsp;&nbsp;&nbsp;&nbsp;&nbsp;&nbsp;&nbsp;&nbsp;&nbsp;<\/p>\n\n\n\n<p>1986: Antoinette Konan&nbsp;&nbsp;&nbsp;&nbsp;&nbsp;&nbsp;&nbsp;&nbsp;&nbsp;&nbsp;&nbsp;&nbsp; &nbsp;&nbsp;&nbsp;&nbsp;&nbsp;&nbsp;&nbsp;&nbsp;&nbsp;&nbsp;&nbsp;<\/p>\n\n\n\n<p>1987: Elsa Mangue&nbsp;&nbsp;&nbsp;&nbsp;&nbsp;&nbsp;&nbsp;&nbsp;&nbsp;&nbsp;&nbsp;&nbsp;&nbsp;&nbsp;&nbsp;&nbsp;&nbsp;&nbsp;&nbsp;&nbsp;&nbsp;&nbsp;&nbsp;&nbsp;&nbsp;&nbsp;&nbsp;&nbsp;&nbsp;&nbsp;<\/p>\n\n\n\n<p>1988: Yolande Ambiana&nbsp;&nbsp;&nbsp;&nbsp;&nbsp;&nbsp;&nbsp;&nbsp;&nbsp;&nbsp;&nbsp;&nbsp;&nbsp;&nbsp;&nbsp;&nbsp;&nbsp;&nbsp;&nbsp;&nbsp;&nbsp;&nbsp;&nbsp;<\/p>\n\n\n\n<p>1989:&nbsp;&nbsp;&nbsp;&nbsp;&nbsp;&nbsp;&nbsp;&nbsp;&nbsp;&nbsp;&nbsp;&nbsp;&nbsp;&nbsp;&nbsp;&nbsp;&nbsp;&nbsp;&nbsp;&nbsp;&nbsp;&nbsp;&nbsp;&nbsp;&nbsp;&nbsp;&nbsp;&nbsp;&nbsp;&nbsp;&nbsp;&nbsp;&nbsp;&nbsp;&nbsp;&nbsp;&nbsp;&nbsp;&nbsp;&nbsp;&nbsp;&nbsp;&nbsp;&nbsp;&nbsp;&nbsp;&nbsp;&nbsp;&nbsp;&nbsp;<\/p>\n\n\n\n<p>1990: Chico Antonio&nbsp;&nbsp;&nbsp;&nbsp;&nbsp;&nbsp;&nbsp;&nbsp;&nbsp;&nbsp;&nbsp;&nbsp;&nbsp;&nbsp;&nbsp;&nbsp;&nbsp;&nbsp;&nbsp;&nbsp;&nbsp;&nbsp;&nbsp;&nbsp;&nbsp;&nbsp;&nbsp;&nbsp;<\/p>\n\n\n\n<p>1991: Erick Manana&nbsp;&nbsp;&nbsp;&nbsp;&nbsp;&nbsp;&nbsp;&nbsp;&nbsp;&nbsp;&nbsp;&nbsp;&nbsp;&nbsp;&nbsp;&nbsp;&nbsp;&nbsp;&nbsp;&nbsp;&nbsp;&nbsp;&nbsp;&nbsp;&nbsp;&nbsp;&nbsp;&nbsp;&nbsp;<\/p>\n\n\n\n<p>1992: Njava&nbsp;&nbsp;&nbsp;&nbsp;&nbsp;&nbsp;&nbsp;&nbsp;&nbsp;&nbsp;&nbsp;&nbsp;&nbsp;&nbsp;&nbsp;&nbsp;&nbsp;&nbsp;&nbsp;&nbsp;&nbsp;&nbsp;&nbsp;&nbsp;&nbsp;&nbsp;&nbsp;&nbsp;&nbsp;<\/p>\n\n\n\n<p>1993: Habib Koit\u00e9&nbsp;&nbsp;&nbsp;&nbsp;&nbsp;&nbsp;&nbsp;&nbsp;&nbsp;&nbsp;&nbsp;&nbsp;&nbsp;&nbsp;&nbsp;&nbsp;&nbsp;&nbsp;&nbsp;&nbsp;&nbsp;&nbsp;&nbsp;&nbsp;&nbsp;&nbsp;&nbsp;&nbsp;&nbsp;&nbsp;&nbsp;&nbsp;<\/p>\n\n\n\n<p>1994: Erick Manana&nbsp;&nbsp;&nbsp;&nbsp;&nbsp;&nbsp;&nbsp;&nbsp;&nbsp;&nbsp;&nbsp;&nbsp;&nbsp;&nbsp;&nbsp;&nbsp;&nbsp;&nbsp;&nbsp;&nbsp;&nbsp;&nbsp;&nbsp;&nbsp;&nbsp;&nbsp;&nbsp;&nbsp;&nbsp;<\/p>\n\n\n\n<p>1995: Maalesh&nbsp;&nbsp;&nbsp;&nbsp;&nbsp;&nbsp;&nbsp;&nbsp;&nbsp;&nbsp;&nbsp;&nbsp;&nbsp;&nbsp;&nbsp;&nbsp;&nbsp;&nbsp;&nbsp;&nbsp;&nbsp;&nbsp;&nbsp;&nbsp;&nbsp;<\/p>\n\n\n\n<p>1996: Coco Mbassi&nbsp;&nbsp;&nbsp;&nbsp;&nbsp;&nbsp;&nbsp;&nbsp;&nbsp;&nbsp;&nbsp;&nbsp;&nbsp;&nbsp;&nbsp;&nbsp;&nbsp;&nbsp;&nbsp;&nbsp;&nbsp;&nbsp;&nbsp;&nbsp;&nbsp;&nbsp;&nbsp;&nbsp;&nbsp;&nbsp;<\/p>\n\n\n\n<p>1997: Sally Nyolo&nbsp;&nbsp;&nbsp;&nbsp;&nbsp;&nbsp;&nbsp;&nbsp;&nbsp;&nbsp;&nbsp;&nbsp;&nbsp;&nbsp;&nbsp;&nbsp;&nbsp;&nbsp;&nbsp;&nbsp;&nbsp;&nbsp;&nbsp;&nbsp;&nbsp;&nbsp;&nbsp;&nbsp;&nbsp;&nbsp;&nbsp;&nbsp;<\/p>\n\n\n\n<p>1998: Mangu&nbsp;&nbsp;&nbsp;&nbsp;&nbsp;&nbsp;&nbsp;&nbsp;&nbsp;&nbsp;&nbsp;&nbsp;&nbsp;&nbsp;&nbsp;&nbsp;&nbsp;&nbsp;&nbsp;&nbsp;&nbsp;&nbsp;&nbsp;&nbsp;&nbsp;&nbsp;&nbsp;<\/p>\n\n\n\n<p>1999: Senge&nbsp;&nbsp;&nbsp;&nbsp;&nbsp;&nbsp;&nbsp;&nbsp;&nbsp;&nbsp;&nbsp;&nbsp;&nbsp;&nbsp;&nbsp;&nbsp;&nbsp;&nbsp;&nbsp;&nbsp;&nbsp;&nbsp;&nbsp;&nbsp;&nbsp;&nbsp;&nbsp;&nbsp;<\/p>\n\n\n\n<p>2000: Tiken Jah Fakoly&nbsp;&nbsp;&nbsp;&nbsp;&nbsp;&nbsp;&nbsp;&nbsp;&nbsp;&nbsp;&nbsp;&nbsp;&nbsp;&nbsp;&nbsp;&nbsp;&nbsp;&nbsp;&nbsp;&nbsp;&nbsp;&nbsp;&nbsp;&nbsp;<\/p>\n\n\n\n<p>2001: Macase&nbsp;&nbsp;&nbsp;&nbsp;&nbsp;&nbsp;&nbsp;&nbsp;&nbsp;&nbsp;&nbsp;&nbsp;&nbsp;&nbsp;&nbsp;&nbsp;&nbsp;&nbsp;&nbsp;&nbsp;&nbsp;&nbsp;&nbsp;&nbsp;&nbsp;&nbsp;<\/p>\n\n\n\n<p>2002: Rajery&nbsp;&nbsp;&nbsp;&nbsp;&nbsp;&nbsp;&nbsp;&nbsp;&nbsp;&nbsp;&nbsp;&nbsp;&nbsp;&nbsp;&nbsp;&nbsp;&nbsp;&nbsp;&nbsp;&nbsp;&nbsp;&nbsp;&nbsp;&nbsp;&nbsp;&nbsp;&nbsp;&nbsp;<\/p>\n\n\n\n<p>2003: Didier Awadi&nbsp;&nbsp;&nbsp;&nbsp;&nbsp;&nbsp;&nbsp;&nbsp;&nbsp;&nbsp;&nbsp;&nbsp;&nbsp;&nbsp;&nbsp;&nbsp;&nbsp;&nbsp;&nbsp;&nbsp;&nbsp;&nbsp;&nbsp;&nbsp;&nbsp;&nbsp;&nbsp;&nbsp;&nbsp;&nbsp;<\/p>\n\n\n\n<p>2004: Idrissa Soumaoro&nbsp;&nbsp;&nbsp;&nbsp;&nbsp;&nbsp;&nbsp;&nbsp;&nbsp;&nbsp;&nbsp;&nbsp;&nbsp;&nbsp;&nbsp;&nbsp;&nbsp;&nbsp;&nbsp;&nbsp;&nbsp;&nbsp;&nbsp;<\/p>\n\n\n\n<p>2005: Tcheka&nbsp;&nbsp;&nbsp;&nbsp;&nbsp;&nbsp;&nbsp;&nbsp;&nbsp;&nbsp;&nbsp;&nbsp;&nbsp;&nbsp;&nbsp;&nbsp;&nbsp;&nbsp;&nbsp;&nbsp;&nbsp;&nbsp;&nbsp;&nbsp;&nbsp;&nbsp;<\/p>\n\n\n\n<p>2006: B\u00e9lO&nbsp;&nbsp;&nbsp;&nbsp;&nbsp;&nbsp;&nbsp;&nbsp;&nbsp;&nbsp;&nbsp;&nbsp;&nbsp;&nbsp;&nbsp;&nbsp;&nbsp;&nbsp;&nbsp;&nbsp;&nbsp;&nbsp;&nbsp;&nbsp;&nbsp;&nbsp;&nbsp;&nbsp;&nbsp;&nbsp;<\/p>\n\n\n\n<p>2007: Mounira Mitchala&nbsp;&nbsp;&nbsp;&nbsp;&nbsp;&nbsp;&nbsp;&nbsp;&nbsp;&nbsp;&nbsp;&nbsp;&nbsp;&nbsp;&nbsp;&nbsp;&nbsp;&nbsp;&nbsp;&nbsp;&nbsp;&nbsp;&nbsp;&nbsp;<\/p>\n\n\n\n<p>2008: Mikea&nbsp;&nbsp;&nbsp;&nbsp;&nbsp;&nbsp;&nbsp;&nbsp;&nbsp;&nbsp;&nbsp;&nbsp;&nbsp;&nbsp;&nbsp;&nbsp;&nbsp;&nbsp;&nbsp;&nbsp;&nbsp;&nbsp;&nbsp;&nbsp;&nbsp;&nbsp;&nbsp;&nbsp;<\/p>\n\n\n\n<p>2009: Naby&nbsp;&nbsp;&nbsp;&nbsp;&nbsp;&nbsp;<\/p>\n\n\n\n<p>2010: Maurice Kirya&nbsp;&nbsp;&nbsp;&nbsp;&nbsp;&nbsp;&nbsp;&nbsp;&nbsp;&nbsp;&nbsp;&nbsp;&nbsp;&nbsp;&nbsp;&nbsp;&nbsp;&nbsp;&nbsp;&nbsp;&nbsp;&nbsp;&nbsp;&nbsp;&nbsp;&nbsp;&nbsp;&nbsp;&nbsp;<\/p>\n\n\n\n<p>2011: Sia Tolno&nbsp;&nbsp;&nbsp;&nbsp;&nbsp;&nbsp;&nbsp;&nbsp;&nbsp;&nbsp;&nbsp;&nbsp;&nbsp;&nbsp;&nbsp;&nbsp;&nbsp;&nbsp;&nbsp;&nbsp;&nbsp;&nbsp;&nbsp;<\/p>\n\n\n\n<p>2012: Elemotho<\/p>\n\n\n\n<p>2013: Smarty<\/p>\n\n\n\n<p>2014: Marema Fall<\/p>\n\n\n\n<p>2015: Elida Almeida<\/p>\n\n\n\n<p>2016: Soul Bang\\&#8217;s&nbsp;&nbsp;&nbsp;&nbsp;&nbsp;&nbsp;&nbsp;&nbsp;<\/p>\n\n\n\n<p>2017: M\\&#8217;Bouill\u00e9 Koit\u00e9<\/p>\n\n\n\n<p>2018: Yvan Buravan<\/p>\n\n\n\n<p>2019: C\u00e9line Banza<\/p>\n\n\n\n<p><\/p>\n","protected":false},"excerpt":{"rendered":"<p>Ce samedi 7 novembre, la radio RFI va donner le nom du laur\u00e9at du Prix D\u00e9couvertes RFI 2020. Ce sera le 40\u00e8 vainqueur de cette r\u00e9compense qui soutient et accompagne les chanteurs du continent africain. Depuis 1981, le Prix D\u00e9couvertes RFI r\u00e9v\u00e8le et r\u00e9compense chaque ann\u00e9e un artiste chanteur africain. Il a contribu\u00e9 \u00e0 lancer &hellip;<\/p>\n<p class=\"read-more\"> <a class=\"\" href=\"https:\/\/7culture.ci\/index.php\/2020\/11\/05\/prix-decouvertes-rfi-avant-la-proclamation-des-resultats-voici-les-artistes-ivoiriens-laureats-du-prix\/\"> <span class=\"screen-reader-text\">PRIX D\u00c9COUVERTES RFI : AVANT LA PROCLAMATION DES R\u00c9SULTATS, VOICI LES ARTISTES IVOIRIENS LAUR\u00c9ATS DU PRIX<\/span> Lire la suite\u00a0\u00bb<\/a><\/p>\n","protected":false},"author":2,"featured_media":4909,"comment_status":"open","ping_status":"closed","sticky":false,"template":"","format":"standard","meta":{"_mi_skip_tracking":false,"_monsterinsights_sitenote_active":false,"_monsterinsights_sitenote_note":"","_monsterinsights_sitenote_category":0,"site-sidebar-layout":"default","site-content-layout":"default","ast-global-header-display":"","ast-main-header-display":"","ast-hfb-above-header-display":"","ast-hfb-below-header-display":"","ast-hfb-mobile-header-display":"","site-post-title":"","ast-breadcrumbs-content":"","ast-featured-img":"","footer-sml-layout":"","theme-transparent-header-meta":"","adv-header-id-meta":"","stick-header-meta":"","header-above-stick-meta":"","header-main-stick-meta":"","header-below-stick-meta":"","footnotes":"","jetpack_publicize_message":"","jetpack_is_tweetstorm":false,"jetpack_publicize_feature_enabled":true},"categories":[16],"tags":[],"jetpack_publicize_connections":[],"acf":[],"aioseo_notices":[],"yoast_head":"<!-- This site is optimized with the Yoast SEO plugin v19.6.1 - https:\/\/yoast.com\/wordpress\/plugins\/seo\/ -->\n<title>PRIX D\u00c9COUVERTES RFI : AVANT LA PROCLAMATION DES R\u00c9SULTATS, VOICI LES ARTISTES IVOIRIENS LAUR\u00c9ATS DU PRIX - 7culture<\/title>\n<meta name=\"robots\" content=\"index, follow, max-snippet:-1, max-image-preview:large, max-video-preview:-1\" \/>\n<link rel=\"canonical\" href=\"https:\/\/7culture.ci\/index.php\/2020\/11\/05\/prix-decouvertes-rfi-avant-la-proclamation-des-resultats-voici-les-artistes-ivoiriens-laureats-du-prix\/\" \/>\n<meta property=\"og:locale\" content=\"fr_FR\" \/>\n<meta property=\"og:type\" content=\"article\" \/>\n<meta property=\"og:title\" content=\"PRIX D\u00c9COUVERTES RFI : AVANT LA PROCLAMATION DES R\u00c9SULTATS, VOICI LES ARTISTES IVOIRIENS LAUR\u00c9ATS DU PRIX - 7culture\" \/>\n<meta property=\"og:description\" content=\"Ce samedi 7 novembre, la radio RFI va donner le nom du laur\u00e9at du Prix D\u00e9couvertes RFI 2020. Ce sera le 40\u00e8 vainqueur de cette r\u00e9compense qui soutient et accompagne les chanteurs du continent africain. Depuis 1981, le Prix D\u00e9couvertes RFI r\u00e9v\u00e8le et r\u00e9compense chaque ann\u00e9e un artiste chanteur africain. Il a contribu\u00e9 \u00e0 lancer &hellip; PRIX D\u00c9COUVERTES RFI : AVANT LA PROCLAMATION DES R\u00c9SULTATS, VOICI LES ARTISTES IVOIRIENS LAUR\u00c9ATS DU PRIX Lire la suite\u00a0\u00bb\" \/>\n<meta property=\"og:url\" content=\"https:\/\/7culture.ci\/index.php\/2020\/11\/05\/prix-decouvertes-rfi-avant-la-proclamation-des-resultats-voici-les-artistes-ivoiriens-laureats-du-prix\/\" \/>\n<meta property=\"og:site_name\" content=\"7culture\" \/>\n<meta property=\"article:publisher\" content=\"https:\/\/www.facebook.com\/redchefclaude\" \/>\n<meta property=\"article:published_time\" content=\"2020-11-05T15:55:44+00:00\" \/>\n<meta name=\"author\" content=\"Claude Kipre\" \/>\n<meta name=\"twitter:card\" content=\"summary_large_image\" \/>\n<meta name=\"twitter:creator\" content=\"@7culturec\" \/>\n<meta name=\"twitter:site\" content=\"@7culturec\" \/>\n<meta name=\"twitter:label1\" content=\"\u00c9crit par\" \/>\n\t<meta name=\"twitter:data1\" content=\"Claude Kipre\" \/>\n\t<meta name=\"twitter:label2\" content=\"Dur\u00e9e de lecture estim\u00e9e\" \/>\n\t<meta name=\"twitter:data2\" content=\"6 minutes\" \/>\n<script type=\"application\/ld+json\" class=\"yoast-schema-graph\">{\"@context\":\"https:\/\/schema.org\",\"@graph\":[{\"@type\":\"Article\",\"@id\":\"https:\/\/7culture.ci\/index.php\/2020\/11\/05\/prix-decouvertes-rfi-avant-la-proclamation-des-resultats-voici-les-artistes-ivoiriens-laureats-du-prix\/#article\",\"isPartOf\":{\"@id\":\"https:\/\/7culture.ci\/index.php\/2020\/11\/05\/prix-decouvertes-rfi-avant-la-proclamation-des-resultats-voici-les-artistes-ivoiriens-laureats-du-prix\/\"},\"author\":{\"name\":\"Claude Kipre\",\"@id\":\"https:\/\/7culture.ci\/#\/schema\/person\/64b5687ef9752cd031e11e98f4fd60b6\"},\"headline\":\"PRIX D\u00c9COUVERTES RFI : AVANT LA PROCLAMATION DES R\u00c9SULTATS, VOICI LES ARTISTES IVOIRIENS LAUR\u00c9ATS DU PRIX\",\"datePublished\":\"2020-11-05T15:55:44+00:00\",\"dateModified\":\"2020-11-05T15:55:44+00:00\",\"mainEntityOfPage\":{\"@id\":\"https:\/\/7culture.ci\/index.php\/2020\/11\/05\/prix-decouvertes-rfi-avant-la-proclamation-des-resultats-voici-les-artistes-ivoiriens-laureats-du-prix\/\"},\"wordCount\":1290,\"commentCount\":0,\"publisher\":{\"@id\":\"https:\/\/7culture.ci\/#organization\"},\"articleSection\":[\"Musique\"],\"inLanguage\":\"fr-FR\",\"potentialAction\":[{\"@type\":\"CommentAction\",\"name\":\"Comment\",\"target\":[\"https:\/\/7culture.ci\/index.php\/2020\/11\/05\/prix-decouvertes-rfi-avant-la-proclamation-des-resultats-voici-les-artistes-ivoiriens-laureats-du-prix\/#respond\"]}]},{\"@type\":\"WebPage\",\"@id\":\"https:\/\/7culture.ci\/index.php\/2020\/11\/05\/prix-decouvertes-rfi-avant-la-proclamation-des-resultats-voici-les-artistes-ivoiriens-laureats-du-prix\/\",\"url\":\"https:\/\/7culture.ci\/index.php\/2020\/11\/05\/prix-decouvertes-rfi-avant-la-proclamation-des-resultats-voici-les-artistes-ivoiriens-laureats-du-prix\/\",\"name\":\"PRIX D\u00c9COUVERTES RFI : AVANT LA PROCLAMATION DES R\u00c9SULTATS, VOICI LES ARTISTES IVOIRIENS LAUR\u00c9ATS DU PRIX - 7culture\",\"isPartOf\":{\"@id\":\"https:\/\/7culture.ci\/#website\"},\"datePublished\":\"2020-11-05T15:55:44+00:00\",\"dateModified\":\"2020-11-05T15:55:44+00:00\",\"breadcrumb\":{\"@id\":\"https:\/\/7culture.ci\/index.php\/2020\/11\/05\/prix-decouvertes-rfi-avant-la-proclamation-des-resultats-voici-les-artistes-ivoiriens-laureats-du-prix\/#breadcrumb\"},\"inLanguage\":\"fr-FR\",\"potentialAction\":[{\"@type\":\"ReadAction\",\"target\":[\"https:\/\/7culture.ci\/index.php\/2020\/11\/05\/prix-decouvertes-rfi-avant-la-proclamation-des-resultats-voici-les-artistes-ivoiriens-laureats-du-prix\/\"]}]},{\"@type\":\"BreadcrumbList\",\"@id\":\"https:\/\/7culture.ci\/index.php\/2020\/11\/05\/prix-decouvertes-rfi-avant-la-proclamation-des-resultats-voici-les-artistes-ivoiriens-laureats-du-prix\/#breadcrumb\",\"itemListElement\":[{\"@type\":\"ListItem\",\"position\":1,\"name\":\"Accueil\",\"item\":\"https:\/\/7culture.ci\/\"},{\"@type\":\"ListItem\",\"position\":2,\"name\":\"PRIX D\u00c9COUVERTES RFI : AVANT LA PROCLAMATION DES R\u00c9SULTATS, VOICI LES ARTISTES IVOIRIENS LAUR\u00c9ATS DU PRIX\"}]},{\"@type\":\"WebSite\",\"@id\":\"https:\/\/7culture.ci\/#website\",\"url\":\"https:\/\/7culture.ci\/\",\"name\":\"7culture\",\"description\":\"Tout sur l&#039;actualit\u00e9\",\"publisher\":{\"@id\":\"https:\/\/7culture.ci\/#organization\"},\"potentialAction\":[{\"@type\":\"SearchAction\",\"target\":{\"@type\":\"EntryPoint\",\"urlTemplate\":\"https:\/\/7culture.ci\/?s={search_term_string}\"},\"query-input\":\"required name=search_term_string\"}],\"inLanguage\":\"fr-FR\"},{\"@type\":\"Organization\",\"@id\":\"https:\/\/7culture.ci\/#organization\",\"name\":\"7culture\",\"url\":\"https:\/\/7culture.ci\/\",\"sameAs\":[\"https:\/\/www.facebook.com\/redchefclaude\",\"https:\/\/twitter.com\/7culturec\"],\"logo\":{\"@type\":\"ImageObject\",\"inLanguage\":\"fr-FR\",\"@id\":\"https:\/\/7culture.ci\/#\/schema\/logo\/image\/\",\"url\":\"https:\/\/7culture.ci\/wp-content\/uploads\/2021\/12\/S1a-1.png\",\"contentUrl\":\"https:\/\/7culture.ci\/wp-content\/uploads\/2021\/12\/S1a-1.png\",\"width\":588,\"height\":192,\"caption\":\"7culture\"},\"image\":{\"@id\":\"https:\/\/7culture.ci\/#\/schema\/logo\/image\/\"}},{\"@type\":\"Person\",\"@id\":\"https:\/\/7culture.ci\/#\/schema\/person\/64b5687ef9752cd031e11e98f4fd60b6\",\"name\":\"Claude Kipre\",\"image\":{\"@type\":\"ImageObject\",\"inLanguage\":\"fr-FR\",\"@id\":\"https:\/\/7culture.ci\/#\/schema\/person\/image\/\",\"url\":\"https:\/\/secure.gravatar.com\/avatar\/60e5007626848549b0d9b2ad9c53c9e8?s=96&d=mm&r=g\",\"contentUrl\":\"https:\/\/secure.gravatar.com\/avatar\/60e5007626848549b0d9b2ad9c53c9e8?s=96&d=mm&r=g\",\"caption\":\"Claude Kipre\"},\"url\":\"https:\/\/7culture.ci\/index.php\/author\/claude-kipre\/\"}]}<\/script>\n<!-- \/ Yoast SEO plugin. -->","yoast_head_json":{"title":"PRIX D\u00c9COUVERTES RFI : AVANT LA PROCLAMATION DES R\u00c9SULTATS, VOICI LES ARTISTES IVOIRIENS LAUR\u00c9ATS DU PRIX - 7culture","robots":{"index":"index","follow":"follow","max-snippet":"max-snippet:-1","max-image-preview":"max-image-preview:large","max-video-preview":"max-video-preview:-1"},"canonical":"https:\/\/7culture.ci\/index.php\/2020\/11\/05\/prix-decouvertes-rfi-avant-la-proclamation-des-resultats-voici-les-artistes-ivoiriens-laureats-du-prix\/","og_locale":"fr_FR","og_type":"article","og_title":"PRIX D\u00c9COUVERTES RFI : AVANT LA PROCLAMATION DES R\u00c9SULTATS, VOICI LES ARTISTES IVOIRIENS LAUR\u00c9ATS DU PRIX - 7culture","og_description":"Ce samedi 7 novembre, la radio RFI va donner le nom du laur\u00e9at du Prix D\u00e9couvertes RFI 2020. Ce sera le 40\u00e8 vainqueur de cette r\u00e9compense qui soutient et accompagne les chanteurs du continent africain. Depuis 1981, le Prix D\u00e9couvertes RFI r\u00e9v\u00e8le et r\u00e9compense chaque ann\u00e9e un artiste chanteur africain. Il a contribu\u00e9 \u00e0 lancer &hellip; PRIX D\u00c9COUVERTES RFI : AVANT LA PROCLAMATION DES R\u00c9SULTATS, VOICI LES ARTISTES IVOIRIENS LAUR\u00c9ATS DU PRIX Lire la suite\u00a0\u00bb","og_url":"https:\/\/7culture.ci\/index.php\/2020\/11\/05\/prix-decouvertes-rfi-avant-la-proclamation-des-resultats-voici-les-artistes-ivoiriens-laureats-du-prix\/","og_site_name":"7culture","article_publisher":"https:\/\/www.facebook.com\/redchefclaude","article_published_time":"2020-11-05T15:55:44+00:00","author":"Claude Kipre","twitter_card":"summary_large_image","twitter_creator":"@7culturec","twitter_site":"@7culturec","twitter_misc":{"\u00c9crit par":"Claude Kipre","Dur\u00e9e de lecture estim\u00e9e":"6 minutes"},"schema":{"@context":"https:\/\/schema.org","@graph":[{"@type":"Article","@id":"https:\/\/7culture.ci\/index.php\/2020\/11\/05\/prix-decouvertes-rfi-avant-la-proclamation-des-resultats-voici-les-artistes-ivoiriens-laureats-du-prix\/#article","isPartOf":{"@id":"https:\/\/7culture.ci\/index.php\/2020\/11\/05\/prix-decouvertes-rfi-avant-la-proclamation-des-resultats-voici-les-artistes-ivoiriens-laureats-du-prix\/"},"author":{"name":"Claude Kipre","@id":"https:\/\/7culture.ci\/#\/schema\/person\/64b5687ef9752cd031e11e98f4fd60b6"},"headline":"PRIX D\u00c9COUVERTES RFI : AVANT LA PROCLAMATION DES R\u00c9SULTATS, VOICI LES ARTISTES IVOIRIENS LAUR\u00c9ATS DU PRIX","datePublished":"2020-11-05T15:55:44+00:00","dateModified":"2020-11-05T15:55:44+00:00","mainEntityOfPage":{"@id":"https:\/\/7culture.ci\/index.php\/2020\/11\/05\/prix-decouvertes-rfi-avant-la-proclamation-des-resultats-voici-les-artistes-ivoiriens-laureats-du-prix\/"},"wordCount":1290,"commentCount":0,"publisher":{"@id":"https:\/\/7culture.ci\/#organization"},"articleSection":["Musique"],"inLanguage":"fr-FR","potentialAction":[{"@type":"CommentAction","name":"Comment","target":["https:\/\/7culture.ci\/index.php\/2020\/11\/05\/prix-decouvertes-rfi-avant-la-proclamation-des-resultats-voici-les-artistes-ivoiriens-laureats-du-prix\/#respond"]}]},{"@type":"WebPage","@id":"https:\/\/7culture.ci\/index.php\/2020\/11\/05\/prix-decouvertes-rfi-avant-la-proclamation-des-resultats-voici-les-artistes-ivoiriens-laureats-du-prix\/","url":"https:\/\/7culture.ci\/index.php\/2020\/11\/05\/prix-decouvertes-rfi-avant-la-proclamation-des-resultats-voici-les-artistes-ivoiriens-laureats-du-prix\/","name":"PRIX D\u00c9COUVERTES RFI : AVANT LA PROCLAMATION DES R\u00c9SULTATS, VOICI LES ARTISTES IVOIRIENS LAUR\u00c9ATS DU PRIX - 7culture","isPartOf":{"@id":"https:\/\/7culture.ci\/#website"},"datePublished":"2020-11-05T15:55:44+00:00","dateModified":"2020-11-05T15:55:44+00:00","breadcrumb":{"@id":"https:\/\/7culture.ci\/index.php\/2020\/11\/05\/prix-decouvertes-rfi-avant-la-proclamation-des-resultats-voici-les-artistes-ivoiriens-laureats-du-prix\/#breadcrumb"},"inLanguage":"fr-FR","potentialAction":[{"@type":"ReadAction","target":["https:\/\/7culture.ci\/index.php\/2020\/11\/05\/prix-decouvertes-rfi-avant-la-proclamation-des-resultats-voici-les-artistes-ivoiriens-laureats-du-prix\/"]}]},{"@type":"BreadcrumbList","@id":"https:\/\/7culture.ci\/index.php\/2020\/11\/05\/prix-decouvertes-rfi-avant-la-proclamation-des-resultats-voici-les-artistes-ivoiriens-laureats-du-prix\/#breadcrumb","itemListElement":[{"@type":"ListItem","position":1,"name":"Accueil","item":"https:\/\/7culture.ci\/"},{"@type":"ListItem","position":2,"name":"PRIX D\u00c9COUVERTES RFI : AVANT LA PROCLAMATION DES R\u00c9SULTATS, VOICI LES ARTISTES IVOIRIENS LAUR\u00c9ATS DU PRIX"}]},{"@type":"WebSite","@id":"https:\/\/7culture.ci\/#website","url":"https:\/\/7culture.ci\/","name":"7culture","description":"Tout sur l&#039;actualit\u00e9","publisher":{"@id":"https:\/\/7culture.ci\/#organization"},"potentialAction":[{"@type":"SearchAction","target":{"@type":"EntryPoint","urlTemplate":"https:\/\/7culture.ci\/?s={search_term_string}"},"query-input":"required name=search_term_string"}],"inLanguage":"fr-FR"},{"@type":"Organization","@id":"https:\/\/7culture.ci\/#organization","name":"7culture","url":"https:\/\/7culture.ci\/","sameAs":["https:\/\/www.facebook.com\/redchefclaude","https:\/\/twitter.com\/7culturec"],"logo":{"@type":"ImageObject","inLanguage":"fr-FR","@id":"https:\/\/7culture.ci\/#\/schema\/logo\/image\/","url":"https:\/\/7culture.ci\/wp-content\/uploads\/2021\/12\/S1a-1.png","contentUrl":"https:\/\/7culture.ci\/wp-content\/uploads\/2021\/12\/S1a-1.png","width":588,"height":192,"caption":"7culture"},"image":{"@id":"https:\/\/7culture.ci\/#\/schema\/logo\/image\/"}},{"@type":"Person","@id":"https:\/\/7culture.ci\/#\/schema\/person\/64b5687ef9752cd031e11e98f4fd60b6","name":"Claude Kipre","image":{"@type":"ImageObject","inLanguage":"fr-FR","@id":"https:\/\/7culture.ci\/#\/schema\/person\/image\/","url":"https:\/\/secure.gravatar.com\/avatar\/60e5007626848549b0d9b2ad9c53c9e8?s=96&d=mm&r=g","contentUrl":"https:\/\/secure.gravatar.com\/avatar\/60e5007626848549b0d9b2ad9c53c9e8?s=96&d=mm&r=g","caption":"Claude Kipre"},"url":"https:\/\/7culture.ci\/index.php\/author\/claude-kipre\/"}]}},"jetpack_featured_media_url":"","jetpack_likes_enabled":true,"jetpack_sharing_enabled":true,"_links":{"self":[{"href":"https:\/\/7culture.ci\/index.php\/wp-json\/wp\/v2\/posts\/4911"}],"collection":[{"href":"https:\/\/7culture.ci\/index.php\/wp-json\/wp\/v2\/posts"}],"about":[{"href":"https:\/\/7culture.ci\/index.php\/wp-json\/wp\/v2\/types\/post"}],"author":[{"embeddable":true,"href":"https:\/\/7culture.ci\/index.php\/wp-json\/wp\/v2\/users\/2"}],"replies":[{"embeddable":true,"href":"https:\/\/7culture.ci\/index.php\/wp-json\/wp\/v2\/comments?post=4911"}],"version-history":[{"count":0,"href":"https:\/\/7culture.ci\/index.php\/wp-json\/wp\/v2\/posts\/4911\/revisions"}],"wp:featuredmedia":[{"embeddable":true,"href":"https:\/\/7culture.ci\/index.php\/wp-json\/"}],"wp:attachment":[{"href":"https:\/\/7culture.ci\/index.php\/wp-json\/wp\/v2\/media?parent=4911"}],"wp:term":[{"taxonomy":"category","embeddable":true,"href":"https:\/\/7culture.ci\/index.php\/wp-json\/wp\/v2\/categories?post=4911"},{"taxonomy":"post_tag","embeddable":true,"href":"https:\/\/7culture.ci\/index.php\/wp-json\/wp\/v2\/tags?post=4911"}],"curies":[{"name":"wp","href":"https:\/\/api.w.org\/{rel}","templated":true}]}}