{"id":4810,"date":"2020-10-31T23:25:07","date_gmt":"2020-10-31T23:25:07","guid":{"rendered":"https:\/\/7culture.ci\/index.php\/2020\/10\/31\/festival-les-recreatrales-se-sont-achevees-a-ouaga\/"},"modified":"2022-01-12T23:46:52","modified_gmt":"2022-01-12T22:46:52","slug":"festival-les-recreatrales-se-sont-achevees-a-ouaga","status":"publish","type":"post","link":"https:\/\/7culture.ci\/index.php\/2020\/10\/31\/festival-les-recreatrales-se-sont-achevees-a-ouaga\/","title":{"rendered":"FESTIVAL: LES R\u00c9CR\u00c9ATRALES SE SONT ACHEV\u00c9ES A OUAGA"},"content":{"rendered":"\n<p><strong><em>La onzi\u00e8me \u00e9dition du festival Les R\u00e9cr\u00e9\u00e2trales se sont achev\u00e9es ce samedi 31 octobre 2020 \u00e0 Ouaga, dans la capitale du Burkina Faso.<\/em><\/strong><\/p>\n\n\n\n<p>Malgr\u00e9 la crise sanitaire li\u00e9e \u00e0 la Covid-19, la onzi\u00e8me \u00e9dition des R\u00e9cr\u00e9\u00e2trales s\u2019est tenue et le public, les professionnels et artistes ont r\u00e9pondu favorablement \u00e0 l\u2019appel des organisateurs. Pour ces derniers, il s\u2019agissait <strong><em>de \u00ab&nbsp;Nous dresser&nbsp;\u00bb Nous dresser contre nos d\u00e9couragements, nos incompr\u00e9hensions, nos d\u00e9ceptions, contre la peur et la m\u00e9fiance de l\u2019autre&nbsp;<\/em><\/strong>\u00bb d\u00e9clare Aristide Tarnagda, le directeur des R\u00e9cr\u00e9\u00e2trales. Pendant une semaine, les jeunes, les familles ont massivement pris d\u2019assaut la rue 9.32 du quartier historique de Bougsemtenga, quartier historique et traditionnel de la capitale, avec ses maisons familiales, ses maquis o\u00f9, la nuit tomb\u00e9e, la Brakina coule \u00e0 flots, ses \u00e9choppes d\u2019artisans et ses ateliers d\u2019artistes.<\/p>\n\n\n\n<p>Le festival est devenu aujourd\u2019hui, il faut le souligner, une plaque tournante des artistes de l\u2019Afrique de l\u2019Ouest. Parce qu\u2019il est devenu une sc\u00e8ne incontournable pour la mise en lumi\u00e8re des acteurs. C\u2019est que r\u00e9v\u00e8le ce jeune acteur B\u00e9ninois pour qui ce festival est un moment important dans la visibilit\u00e9 d\u2019un auteur. De l\u2019avis g\u00e9n\u00e9ral, le spectacle a \u00e9t\u00e9 au rendez-vous. Les com\u00e9diens, dans une totale libert\u00e9, toucher les probl\u00e8mes qui les pr\u00e9occupent. Le festival des R\u00e9cr\u00e9\u00e2trales est une vitrine pour toute l\u2019Afrique, qui est au c\u0153ur de la soci\u00e9t\u00e9 civile qui se dresse pour rester d\u00e9bout.<\/p>\n\n\n\n<p>Source RFI<\/p>\n\n\n\n<p><\/p>\n","protected":false},"excerpt":{"rendered":"<p>La onzi\u00e8me \u00e9dition du festival Les R\u00e9cr\u00e9\u00e2trales se sont achev\u00e9es ce samedi 31 octobre 2020 \u00e0 Ouaga, dans la capitale du Burkina Faso. Malgr\u00e9 la crise sanitaire li\u00e9e \u00e0 la Covid-19, la onzi\u00e8me \u00e9dition des R\u00e9cr\u00e9\u00e2trales s\u2019est tenue et le public, les professionnels et artistes ont r\u00e9pondu favorablement \u00e0 l\u2019appel des organisateurs. Pour ces derniers, &hellip;<\/p>\n<p class=\"read-more\"> <a class=\"\" href=\"https:\/\/7culture.ci\/index.php\/2020\/10\/31\/festival-les-recreatrales-se-sont-achevees-a-ouaga\/\"> <span class=\"screen-reader-text\">FESTIVAL: LES R\u00c9CR\u00c9ATRALES SE SONT ACHEV\u00c9ES A OUAGA<\/span> Lire la suite\u00a0\u00bb<\/a><\/p>\n","protected":false},"author":2,"featured_media":184,"comment_status":"open","ping_status":"closed","sticky":false,"template":"","format":"standard","meta":{"_mi_skip_tracking":false,"_monsterinsights_sitenote_active":false,"_monsterinsights_sitenote_note":"","_monsterinsights_sitenote_category":0,"site-sidebar-layout":"default","site-content-layout":"default","ast-global-header-display":"","ast-main-header-display":"","ast-hfb-above-header-display":"","ast-hfb-below-header-display":"","ast-hfb-mobile-header-display":"","site-post-title":"","ast-breadcrumbs-content":"","ast-featured-img":"","footer-sml-layout":"","theme-transparent-header-meta":"","adv-header-id-meta":"","stick-header-meta":"","header-above-stick-meta":"","header-main-stick-meta":"","header-below-stick-meta":"","footnotes":"","jetpack_publicize_message":"","jetpack_is_tweetstorm":false,"jetpack_publicize_feature_enabled":true},"categories":[42],"tags":[],"jetpack_publicize_connections":[],"acf":[],"aioseo_notices":[],"yoast_head":"<!-- This site is optimized with the Yoast SEO plugin v19.6.1 - https:\/\/yoast.com\/wordpress\/plugins\/seo\/ -->\n<title>FESTIVAL: LES R\u00c9CR\u00c9ATRALES SE SONT ACHEV\u00c9ES A OUAGA - 7culture<\/title>\n<meta name=\"robots\" content=\"index, follow, max-snippet:-1, max-image-preview:large, max-video-preview:-1\" \/>\n<link rel=\"canonical\" href=\"https:\/\/7culture.ci\/index.php\/2020\/10\/31\/festival-les-recreatrales-se-sont-achevees-a-ouaga\/\" \/>\n<meta property=\"og:locale\" content=\"fr_FR\" \/>\n<meta property=\"og:type\" content=\"article\" \/>\n<meta property=\"og:title\" content=\"FESTIVAL: LES R\u00c9CR\u00c9ATRALES SE SONT ACHEV\u00c9ES A OUAGA - 7culture\" \/>\n<meta property=\"og:description\" content=\"La onzi\u00e8me \u00e9dition du festival Les R\u00e9cr\u00e9\u00e2trales se sont achev\u00e9es ce samedi 31 octobre 2020 \u00e0 Ouaga, dans la capitale du Burkina Faso. Malgr\u00e9 la crise sanitaire li\u00e9e \u00e0 la Covid-19, la onzi\u00e8me \u00e9dition des R\u00e9cr\u00e9\u00e2trales s\u2019est tenue et le public, les professionnels et artistes ont r\u00e9pondu favorablement \u00e0 l\u2019appel des organisateurs. Pour ces derniers, &hellip; FESTIVAL: LES R\u00c9CR\u00c9ATRALES SE SONT ACHEV\u00c9ES A OUAGA Lire la suite\u00a0\u00bb\" \/>\n<meta property=\"og:url\" content=\"https:\/\/7culture.ci\/index.php\/2020\/10\/31\/festival-les-recreatrales-se-sont-achevees-a-ouaga\/\" \/>\n<meta property=\"og:site_name\" content=\"7culture\" \/>\n<meta property=\"article:publisher\" content=\"https:\/\/www.facebook.com\/redchefclaude\" \/>\n<meta property=\"article:published_time\" content=\"2020-10-31T23:25:07+00:00\" \/>\n<meta property=\"article:modified_time\" content=\"2022-01-12T22:46:52+00:00\" \/>\n<meta property=\"og:image\" content=\"http:\/\/7culture.ci\/wp-content\/uploads\/2021\/01\/child-care-template-featured-article-img-2.jpg\" \/>\n\t<meta property=\"og:image:width\" content=\"368\" \/>\n\t<meta property=\"og:image:height\" content=\"240\" \/>\n\t<meta property=\"og:image:type\" content=\"image\/jpeg\" \/>\n<meta name=\"author\" content=\"Claude Kipre\" \/>\n<meta name=\"twitter:card\" content=\"summary_large_image\" \/>\n<meta name=\"twitter:creator\" content=\"@7culturec\" \/>\n<meta name=\"twitter:site\" content=\"@7culturec\" \/>\n<meta name=\"twitter:label1\" content=\"\u00c9crit par\" \/>\n\t<meta name=\"twitter:data1\" content=\"Claude Kipre\" \/>\n\t<meta name=\"twitter:label2\" content=\"Dur\u00e9e de lecture estim\u00e9e\" \/>\n\t<meta name=\"twitter:data2\" content=\"1 minute\" \/>\n<script type=\"application\/ld+json\" class=\"yoast-schema-graph\">{\"@context\":\"https:\/\/schema.org\",\"@graph\":[{\"@type\":\"Article\",\"@id\":\"https:\/\/7culture.ci\/index.php\/2020\/10\/31\/festival-les-recreatrales-se-sont-achevees-a-ouaga\/#article\",\"isPartOf\":{\"@id\":\"https:\/\/7culture.ci\/index.php\/2020\/10\/31\/festival-les-recreatrales-se-sont-achevees-a-ouaga\/\"},\"author\":{\"name\":\"Claude Kipre\",\"@id\":\"https:\/\/7culture.ci\/#\/schema\/person\/64b5687ef9752cd031e11e98f4fd60b6\"},\"headline\":\"FESTIVAL: LES R\u00c9CR\u00c9ATRALES SE SONT ACHEV\u00c9ES A OUAGA\",\"datePublished\":\"2020-10-31T23:25:07+00:00\",\"dateModified\":\"2022-01-12T22:46:52+00:00\",\"mainEntityOfPage\":{\"@id\":\"https:\/\/7culture.ci\/index.php\/2020\/10\/31\/festival-les-recreatrales-se-sont-achevees-a-ouaga\/\"},\"wordCount\":285,\"commentCount\":0,\"publisher\":{\"@id\":\"https:\/\/7culture.ci\/#organization\"},\"articleSection\":[\"Reportage\"],\"inLanguage\":\"fr-FR\",\"potentialAction\":[{\"@type\":\"CommentAction\",\"name\":\"Comment\",\"target\":[\"https:\/\/7culture.ci\/index.php\/2020\/10\/31\/festival-les-recreatrales-se-sont-achevees-a-ouaga\/#respond\"]}]},{\"@type\":\"WebPage\",\"@id\":\"https:\/\/7culture.ci\/index.php\/2020\/10\/31\/festival-les-recreatrales-se-sont-achevees-a-ouaga\/\",\"url\":\"https:\/\/7culture.ci\/index.php\/2020\/10\/31\/festival-les-recreatrales-se-sont-achevees-a-ouaga\/\",\"name\":\"FESTIVAL: LES R\u00c9CR\u00c9ATRALES SE SONT ACHEV\u00c9ES A OUAGA - 7culture\",\"isPartOf\":{\"@id\":\"https:\/\/7culture.ci\/#website\"},\"datePublished\":\"2020-10-31T23:25:07+00:00\",\"dateModified\":\"2022-01-12T22:46:52+00:00\",\"breadcrumb\":{\"@id\":\"https:\/\/7culture.ci\/index.php\/2020\/10\/31\/festival-les-recreatrales-se-sont-achevees-a-ouaga\/#breadcrumb\"},\"inLanguage\":\"fr-FR\",\"potentialAction\":[{\"@type\":\"ReadAction\",\"target\":[\"https:\/\/7culture.ci\/index.php\/2020\/10\/31\/festival-les-recreatrales-se-sont-achevees-a-ouaga\/\"]}]},{\"@type\":\"BreadcrumbList\",\"@id\":\"https:\/\/7culture.ci\/index.php\/2020\/10\/31\/festival-les-recreatrales-se-sont-achevees-a-ouaga\/#breadcrumb\",\"itemListElement\":[{\"@type\":\"ListItem\",\"position\":1,\"name\":\"Accueil\",\"item\":\"https:\/\/7culture.ci\/\"},{\"@type\":\"ListItem\",\"position\":2,\"name\":\"FESTIVAL: LES R\u00c9CR\u00c9ATRALES SE SONT ACHEV\u00c9ES A OUAGA\"}]},{\"@type\":\"WebSite\",\"@id\":\"https:\/\/7culture.ci\/#website\",\"url\":\"https:\/\/7culture.ci\/\",\"name\":\"7culture\",\"description\":\"Tout sur l&#039;actualit\u00e9\",\"publisher\":{\"@id\":\"https:\/\/7culture.ci\/#organization\"},\"potentialAction\":[{\"@type\":\"SearchAction\",\"target\":{\"@type\":\"EntryPoint\",\"urlTemplate\":\"https:\/\/7culture.ci\/?s={search_term_string}\"},\"query-input\":\"required name=search_term_string\"}],\"inLanguage\":\"fr-FR\"},{\"@type\":\"Organization\",\"@id\":\"https:\/\/7culture.ci\/#organization\",\"name\":\"7culture\",\"url\":\"https:\/\/7culture.ci\/\",\"sameAs\":[\"https:\/\/www.facebook.com\/redchefclaude\",\"https:\/\/twitter.com\/7culturec\"],\"logo\":{\"@type\":\"ImageObject\",\"inLanguage\":\"fr-FR\",\"@id\":\"https:\/\/7culture.ci\/#\/schema\/logo\/image\/\",\"url\":\"https:\/\/7culture.ci\/wp-content\/uploads\/2021\/12\/S1a-1.png\",\"contentUrl\":\"https:\/\/7culture.ci\/wp-content\/uploads\/2021\/12\/S1a-1.png\",\"width\":588,\"height\":192,\"caption\":\"7culture\"},\"image\":{\"@id\":\"https:\/\/7culture.ci\/#\/schema\/logo\/image\/\"}},{\"@type\":\"Person\",\"@id\":\"https:\/\/7culture.ci\/#\/schema\/person\/64b5687ef9752cd031e11e98f4fd60b6\",\"name\":\"Claude Kipre\",\"image\":{\"@type\":\"ImageObject\",\"inLanguage\":\"fr-FR\",\"@id\":\"https:\/\/7culture.ci\/#\/schema\/person\/image\/\",\"url\":\"https:\/\/secure.gravatar.com\/avatar\/60e5007626848549b0d9b2ad9c53c9e8?s=96&d=mm&r=g\",\"contentUrl\":\"https:\/\/secure.gravatar.com\/avatar\/60e5007626848549b0d9b2ad9c53c9e8?s=96&d=mm&r=g\",\"caption\":\"Claude Kipre\"},\"url\":\"https:\/\/7culture.ci\/index.php\/author\/claude-kipre\/\"}]}<\/script>\n<!-- \/ Yoast SEO plugin. -->","yoast_head_json":{"title":"FESTIVAL: LES R\u00c9CR\u00c9ATRALES SE SONT ACHEV\u00c9ES A OUAGA - 7culture","robots":{"index":"index","follow":"follow","max-snippet":"max-snippet:-1","max-image-preview":"max-image-preview:large","max-video-preview":"max-video-preview:-1"},"canonical":"https:\/\/7culture.ci\/index.php\/2020\/10\/31\/festival-les-recreatrales-se-sont-achevees-a-ouaga\/","og_locale":"fr_FR","og_type":"article","og_title":"FESTIVAL: LES R\u00c9CR\u00c9ATRALES SE SONT ACHEV\u00c9ES A OUAGA - 7culture","og_description":"La onzi\u00e8me \u00e9dition du festival Les R\u00e9cr\u00e9\u00e2trales se sont achev\u00e9es ce samedi 31 octobre 2020 \u00e0 Ouaga, dans la capitale du Burkina Faso. Malgr\u00e9 la crise sanitaire li\u00e9e \u00e0 la Covid-19, la onzi\u00e8me \u00e9dition des R\u00e9cr\u00e9\u00e2trales s\u2019est tenue et le public, les professionnels et artistes ont r\u00e9pondu favorablement \u00e0 l\u2019appel des organisateurs. Pour ces derniers, &hellip; FESTIVAL: LES R\u00c9CR\u00c9ATRALES SE SONT ACHEV\u00c9ES A OUAGA Lire la suite\u00a0\u00bb","og_url":"https:\/\/7culture.ci\/index.php\/2020\/10\/31\/festival-les-recreatrales-se-sont-achevees-a-ouaga\/","og_site_name":"7culture","article_publisher":"https:\/\/www.facebook.com\/redchefclaude","article_published_time":"2020-10-31T23:25:07+00:00","article_modified_time":"2022-01-12T22:46:52+00:00","og_image":[{"width":368,"height":240,"url":"http:\/\/7culture.ci\/wp-content\/uploads\/2021\/01\/child-care-template-featured-article-img-2.jpg","type":"image\/jpeg"}],"author":"Claude Kipre","twitter_card":"summary_large_image","twitter_creator":"@7culturec","twitter_site":"@7culturec","twitter_misc":{"\u00c9crit par":"Claude Kipre","Dur\u00e9e de lecture estim\u00e9e":"1 minute"},"schema":{"@context":"https:\/\/schema.org","@graph":[{"@type":"Article","@id":"https:\/\/7culture.ci\/index.php\/2020\/10\/31\/festival-les-recreatrales-se-sont-achevees-a-ouaga\/#article","isPartOf":{"@id":"https:\/\/7culture.ci\/index.php\/2020\/10\/31\/festival-les-recreatrales-se-sont-achevees-a-ouaga\/"},"author":{"name":"Claude Kipre","@id":"https:\/\/7culture.ci\/#\/schema\/person\/64b5687ef9752cd031e11e98f4fd60b6"},"headline":"FESTIVAL: LES R\u00c9CR\u00c9ATRALES SE SONT ACHEV\u00c9ES A OUAGA","datePublished":"2020-10-31T23:25:07+00:00","dateModified":"2022-01-12T22:46:52+00:00","mainEntityOfPage":{"@id":"https:\/\/7culture.ci\/index.php\/2020\/10\/31\/festival-les-recreatrales-se-sont-achevees-a-ouaga\/"},"wordCount":285,"commentCount":0,"publisher":{"@id":"https:\/\/7culture.ci\/#organization"},"articleSection":["Reportage"],"inLanguage":"fr-FR","potentialAction":[{"@type":"CommentAction","name":"Comment","target":["https:\/\/7culture.ci\/index.php\/2020\/10\/31\/festival-les-recreatrales-se-sont-achevees-a-ouaga\/#respond"]}]},{"@type":"WebPage","@id":"https:\/\/7culture.ci\/index.php\/2020\/10\/31\/festival-les-recreatrales-se-sont-achevees-a-ouaga\/","url":"https:\/\/7culture.ci\/index.php\/2020\/10\/31\/festival-les-recreatrales-se-sont-achevees-a-ouaga\/","name":"FESTIVAL: LES R\u00c9CR\u00c9ATRALES SE SONT ACHEV\u00c9ES A OUAGA - 7culture","isPartOf":{"@id":"https:\/\/7culture.ci\/#website"},"datePublished":"2020-10-31T23:25:07+00:00","dateModified":"2022-01-12T22:46:52+00:00","breadcrumb":{"@id":"https:\/\/7culture.ci\/index.php\/2020\/10\/31\/festival-les-recreatrales-se-sont-achevees-a-ouaga\/#breadcrumb"},"inLanguage":"fr-FR","potentialAction":[{"@type":"ReadAction","target":["https:\/\/7culture.ci\/index.php\/2020\/10\/31\/festival-les-recreatrales-se-sont-achevees-a-ouaga\/"]}]},{"@type":"BreadcrumbList","@id":"https:\/\/7culture.ci\/index.php\/2020\/10\/31\/festival-les-recreatrales-se-sont-achevees-a-ouaga\/#breadcrumb","itemListElement":[{"@type":"ListItem","position":1,"name":"Accueil","item":"https:\/\/7culture.ci\/"},{"@type":"ListItem","position":2,"name":"FESTIVAL: LES R\u00c9CR\u00c9ATRALES SE SONT ACHEV\u00c9ES A OUAGA"}]},{"@type":"WebSite","@id":"https:\/\/7culture.ci\/#website","url":"https:\/\/7culture.ci\/","name":"7culture","description":"Tout sur l&#039;actualit\u00e9","publisher":{"@id":"https:\/\/7culture.ci\/#organization"},"potentialAction":[{"@type":"SearchAction","target":{"@type":"EntryPoint","urlTemplate":"https:\/\/7culture.ci\/?s={search_term_string}"},"query-input":"required name=search_term_string"}],"inLanguage":"fr-FR"},{"@type":"Organization","@id":"https:\/\/7culture.ci\/#organization","name":"7culture","url":"https:\/\/7culture.ci\/","sameAs":["https:\/\/www.facebook.com\/redchefclaude","https:\/\/twitter.com\/7culturec"],"logo":{"@type":"ImageObject","inLanguage":"fr-FR","@id":"https:\/\/7culture.ci\/#\/schema\/logo\/image\/","url":"https:\/\/7culture.ci\/wp-content\/uploads\/2021\/12\/S1a-1.png","contentUrl":"https:\/\/7culture.ci\/wp-content\/uploads\/2021\/12\/S1a-1.png","width":588,"height":192,"caption":"7culture"},"image":{"@id":"https:\/\/7culture.ci\/#\/schema\/logo\/image\/"}},{"@type":"Person","@id":"https:\/\/7culture.ci\/#\/schema\/person\/64b5687ef9752cd031e11e98f4fd60b6","name":"Claude Kipre","image":{"@type":"ImageObject","inLanguage":"fr-FR","@id":"https:\/\/7culture.ci\/#\/schema\/person\/image\/","url":"https:\/\/secure.gravatar.com\/avatar\/60e5007626848549b0d9b2ad9c53c9e8?s=96&d=mm&r=g","contentUrl":"https:\/\/secure.gravatar.com\/avatar\/60e5007626848549b0d9b2ad9c53c9e8?s=96&d=mm&r=g","caption":"Claude Kipre"},"url":"https:\/\/7culture.ci\/index.php\/author\/claude-kipre\/"}]}},"jetpack_featured_media_url":"https:\/\/7culture.ci\/wp-content\/uploads\/2021\/01\/child-care-template-featured-article-img-2.jpg","jetpack_likes_enabled":true,"jetpack_sharing_enabled":true,"_links":{"self":[{"href":"https:\/\/7culture.ci\/index.php\/wp-json\/wp\/v2\/posts\/4810"}],"collection":[{"href":"https:\/\/7culture.ci\/index.php\/wp-json\/wp\/v2\/posts"}],"about":[{"href":"https:\/\/7culture.ci\/index.php\/wp-json\/wp\/v2\/types\/post"}],"author":[{"embeddable":true,"href":"https:\/\/7culture.ci\/index.php\/wp-json\/wp\/v2\/users\/2"}],"replies":[{"embeddable":true,"href":"https:\/\/7culture.ci\/index.php\/wp-json\/wp\/v2\/comments?post=4810"}],"version-history":[{"count":0,"href":"https:\/\/7culture.ci\/index.php\/wp-json\/wp\/v2\/posts\/4810\/revisions"}],"wp:featuredmedia":[{"embeddable":true,"href":"https:\/\/7culture.ci\/index.php\/wp-json\/wp\/v2\/media\/184"}],"wp:attachment":[{"href":"https:\/\/7culture.ci\/index.php\/wp-json\/wp\/v2\/media?parent=4810"}],"wp:term":[{"taxonomy":"category","embeddable":true,"href":"https:\/\/7culture.ci\/index.php\/wp-json\/wp\/v2\/categories?post=4810"},{"taxonomy":"post_tag","embeddable":true,"href":"https:\/\/7culture.ci\/index.php\/wp-json\/wp\/v2\/tags?post=4810"}],"curies":[{"name":"wp","href":"https:\/\/api.w.org\/{rel}","templated":true}]}}