{"id":4773,"date":"2020-10-28T14:12:17","date_gmt":"2020-10-28T14:12:17","guid":{"rendered":"https:\/\/7culture.ci\/index.php\/2020\/10\/28\/mawa-traore-preside-une-ong-de-la-paix\/"},"modified":"2020-10-28T14:12:17","modified_gmt":"2020-10-28T14:12:17","slug":"mawa-traore-preside-une-ong-de-la-paix","status":"publish","type":"post","link":"https:\/\/7culture.ci\/index.php\/2020\/10\/28\/mawa-traore-preside-une-ong-de-la-paix\/","title":{"rendered":"MAWA TRAORE PR\u00c9SIDE UNE ONG DE LA PAIX"},"content":{"rendered":"\n<p><strong><em>On la dit timide, r\u00e9serv\u00e9e\u00a0! Mais pour la recherche de la paix, Mawa tient les premiers r\u00f4les. La chanteuse pr\u00e9side aux destin\u00e9es de la nouvelle ONG d\u00e9nomm\u00e9e \u00ab\u00a0Agir pour la Paix \u00bb.<\/em><\/strong><\/p>\n\n\n\n<p>Comme son nom l\u2019indique, l\u2019ONG <strong>Agir pour la Paix <\/strong>milite pour la recherche de la paix dans le monde et notamment en C\u00f4te d\u2019Ivoire. Elle est une initiative d\u2019artistes ivoiriens et pr\u00e9sid\u00e9e par la chanteuse Mawa Traor\u00e9. C\u2019est ce mardi 27 octobre que ses initiateurs l\u2019ont pr\u00e9sent\u00e9e \u00e0 la presse \u00e0 la Maison de la presse d\u2019Abidjan au Plateau. \u00ab<strong><em>J\u2019ai accept\u00e9 de prendre la t\u00eate de cette ONG car il y a longtemps que je milite pour la paix dans le monde. On peut le v\u00e9rifier \u00e0 La Croix Rouge de C\u00f4te d\u2019Ivoire dont j\u2019\u00e9tais membre. Pour moi, sans la Paix, on n\u2019y peut rien. On ne mange pas, les artistes ne bougent pas\u2026<\/em><\/strong>\u00bb, a expliqu\u00e9 la pr\u00e9sidente Mawa Traor\u00e9. La pr\u00e9sentation d\u2019<strong>Agir pour la Paix <\/strong>s\u2019est d\u00e9roul\u00e9e devant de nombreux artistes dont No\u00ebl Dourey dit ND. L\u2019ONG est d\u2019ailleurs son id\u00e9e et il est heureux que ce soit une personne calme et accept\u00e9e de tous les artistes qui en assure la pr\u00e9sidence. \u00ab&nbsp;<strong><em>Avant dire merci \u00e0 Mawa Traor\u00e9 qui a accept\u00e9 de pr\u00e9sider l\u2019ONG <\/em>Agir pour la Paix<em>, permettez que je dise un mot apr\u00e8s notre hymne national qu\u2019on vient de chanter. En fait, l\u2019Abidjanaise unit tous les habitants de la C\u00f4te d\u2019Ivoire. Si Mawa Traor\u00e9 est port\u00e9e \u00e0 la t\u00eate de notre ONG, c\u2019est parce qu\u2019elle est \u00e9prise de Paix. Tout ce qui est art, vient de Dieu. Et sans Paix, rien ne peut se passer&nbsp;<\/em><\/strong>\u00bb, explique ND. \u00ab&nbsp;<strong><em>La Paix n\u2019est pas li\u00e9e \u00e0 l\u2019\u00e9lection pr\u00e9sidentielle. Les pr\u00e9sidents passent et la C\u00f4te d\u2019Ivoire demeure. Il faut savoir que sans la Paix, les artistes ne peuvent se produire, les femmes ne peuvent plus faire le march\u00e9 et les enfants ne vont pas \u00e0 l\u2019\u00e9cole<\/em><\/strong>&nbsp;\u00bb, insiste-t-il.<\/p>\n\n\n\n<figure class=\\\"wp-block-image size-large\\\"><img src=\\\"http:\/\/7culture.ci\/fbf\/uploads\/2020\/10\/Ong-Mawa-2.jpg\\\" alt=\\\"\\\" class=\\\"wp-image-4776\\\"\/><\/figure>\n\n\n\n<p>Avant de monter <strong>Agir pour la Paix<\/strong>, les initiateurs ont pris langue avec les diff\u00e9rents responsables des partis politiques du pays. Une fois, la pr\u00e9sidentielle du 31 octobre 2020 termin\u00e9e, chacun recevra son dipl\u00f4me de reconnaissance. \u00ab&nbsp;<strong><em>Nous recherchons la paix en C\u00f4te d\u2019Ivoire. Ce qui veut dire que nous voulons la paix entre les Ivoiriens. L\u2019ONG est ouverte \u00e0 tous les artistes \u00e0 qui nous tendons d\u2019ailleurs la main. Je crois savoir que la pr\u00e9sidente a sa m\u00e9thode pour approcher chaque artiste de C\u00f4te d\u2019Ivoire<\/em><\/strong>&nbsp;\u00bb, indique ND quand un journaliste demande s\u2019il a d\u00e9j\u00e0 fait la paix dans sa famille artistique avant de la pr\u00f4ner dans le pays. No\u00ebl Dourey pr\u00e9side aussi le Cercle des artistes pour la Paix et l\u2019Emergence (CAPE).<\/p>\n\n\n\n<p>Les actions proches d<strong>\u2019Agir pour la Paix <\/strong>sont l\u2019organisation d\u2019une tourn\u00e9e de promotion de la paix travers les grandes villes de la C\u00f4te d\u2019Ivoire. L\u2019ONG pr\u00e9voit aussi organiser des s\u00e9minaires pour expliquer l\u2019importance de la paix aux populations. L\u2019ONG <strong>Agir pour la Paix <\/strong>est une organisation \u00e0 but non lucratif. \u00ab&nbsp;<strong><em>J\u2019invite toute le monde \u00e0 se joindre \u00e0 nous. C\u2019est ma mission. Nous pr\u00f4nons le dialogue&nbsp;<\/em><\/strong>\u00bb, a d\u00e9clar\u00e9 la pr\u00e9sidente Mawa Traor\u00e9 en guise de conclusion.<\/p>\n\n\n\n<p><strong>Omar A.K<\/strong><\/p>\n\n\n\n<p><\/p>\n","protected":false},"excerpt":{"rendered":"<p>On la dit timide, r\u00e9serv\u00e9e\u00a0! Mais pour la recherche de la paix, Mawa tient les premiers r\u00f4les. La chanteuse pr\u00e9side aux destin\u00e9es de la nouvelle ONG d\u00e9nomm\u00e9e \u00ab\u00a0Agir pour la Paix \u00bb. Comme son nom l\u2019indique, l\u2019ONG Agir pour la Paix milite pour la recherche de la paix dans le monde et notamment en C\u00f4te &hellip;<\/p>\n<p class=\"read-more\"> <a class=\"\" href=\"https:\/\/7culture.ci\/index.php\/2020\/10\/28\/mawa-traore-preside-une-ong-de-la-paix\/\"> <span class=\"screen-reader-text\">MAWA TRAORE PR\u00c9SIDE UNE ONG DE LA PAIX<\/span> Lire la suite\u00a0\u00bb<\/a><\/p>\n","protected":false},"author":3,"featured_media":4778,"comment_status":"open","ping_status":"closed","sticky":false,"template":"","format":"standard","meta":{"_mi_skip_tracking":false,"_monsterinsights_sitenote_active":false,"_monsterinsights_sitenote_note":"","_monsterinsights_sitenote_category":0,"site-sidebar-layout":"default","site-content-layout":"default","ast-global-header-display":"","ast-main-header-display":"","ast-hfb-above-header-display":"","ast-hfb-below-header-display":"","ast-hfb-mobile-header-display":"","site-post-title":"","ast-breadcrumbs-content":"","ast-featured-img":"","footer-sml-layout":"","theme-transparent-header-meta":"","adv-header-id-meta":"","stick-header-meta":"","header-above-stick-meta":"","header-main-stick-meta":"","header-below-stick-meta":"","footnotes":"","jetpack_publicize_message":"","jetpack_is_tweetstorm":false,"jetpack_publicize_feature_enabled":true},"categories":[16],"tags":[],"jetpack_publicize_connections":[],"acf":[],"aioseo_notices":[],"yoast_head":"<!-- This site is optimized with the Yoast SEO plugin v19.6.1 - https:\/\/yoast.com\/wordpress\/plugins\/seo\/ -->\n<title>MAWA TRAORE PR\u00c9SIDE UNE ONG DE LA PAIX - 7culture<\/title>\n<meta name=\"robots\" content=\"index, follow, max-snippet:-1, max-image-preview:large, max-video-preview:-1\" \/>\n<link rel=\"canonical\" href=\"https:\/\/7culture.ci\/index.php\/2020\/10\/28\/mawa-traore-preside-une-ong-de-la-paix\/\" \/>\n<meta property=\"og:locale\" content=\"fr_FR\" \/>\n<meta property=\"og:type\" content=\"article\" \/>\n<meta property=\"og:title\" content=\"MAWA TRAORE PR\u00c9SIDE UNE ONG DE LA PAIX - 7culture\" \/>\n<meta property=\"og:description\" content=\"On la dit timide, r\u00e9serv\u00e9e\u00a0! Mais pour la recherche de la paix, Mawa tient les premiers r\u00f4les. La chanteuse pr\u00e9side aux destin\u00e9es de la nouvelle ONG d\u00e9nomm\u00e9e \u00ab\u00a0Agir pour la Paix \u00bb. Comme son nom l\u2019indique, l\u2019ONG Agir pour la Paix milite pour la recherche de la paix dans le monde et notamment en C\u00f4te &hellip; MAWA TRAORE PR\u00c9SIDE UNE ONG DE LA PAIX Lire la suite\u00a0\u00bb\" \/>\n<meta property=\"og:url\" content=\"https:\/\/7culture.ci\/index.php\/2020\/10\/28\/mawa-traore-preside-une-ong-de-la-paix\/\" \/>\n<meta property=\"og:site_name\" content=\"7culture\" \/>\n<meta property=\"article:publisher\" content=\"https:\/\/www.facebook.com\/redchefclaude\" \/>\n<meta property=\"article:published_time\" content=\"2020-10-28T14:12:17+00:00\" \/>\n<meta name=\"author\" content=\"Fahizu FAKAYODE\" \/>\n<meta name=\"twitter:card\" content=\"summary_large_image\" \/>\n<meta name=\"twitter:creator\" content=\"@7culturec\" \/>\n<meta name=\"twitter:site\" content=\"@7culturec\" \/>\n<meta name=\"twitter:label1\" content=\"\u00c9crit par\" \/>\n\t<meta name=\"twitter:data1\" content=\"Fahizu FAKAYODE\" \/>\n\t<meta name=\"twitter:label2\" content=\"Dur\u00e9e de lecture estim\u00e9e\" \/>\n\t<meta name=\"twitter:data2\" content=\"3 minutes\" \/>\n<script type=\"application\/ld+json\" class=\"yoast-schema-graph\">{\"@context\":\"https:\/\/schema.org\",\"@graph\":[{\"@type\":\"Article\",\"@id\":\"https:\/\/7culture.ci\/index.php\/2020\/10\/28\/mawa-traore-preside-une-ong-de-la-paix\/#article\",\"isPartOf\":{\"@id\":\"https:\/\/7culture.ci\/index.php\/2020\/10\/28\/mawa-traore-preside-une-ong-de-la-paix\/\"},\"author\":{\"name\":\"Fahizu FAKAYODE\",\"@id\":\"https:\/\/7culture.ci\/#\/schema\/person\/73d24461f401f2fd27e46591435caafc\"},\"headline\":\"MAWA TRAORE PR\u00c9SIDE UNE ONG DE LA PAIX\",\"datePublished\":\"2020-10-28T14:12:17+00:00\",\"dateModified\":\"2020-10-28T14:12:17+00:00\",\"mainEntityOfPage\":{\"@id\":\"https:\/\/7culture.ci\/index.php\/2020\/10\/28\/mawa-traore-preside-une-ong-de-la-paix\/\"},\"wordCount\":611,\"commentCount\":0,\"publisher\":{\"@id\":\"https:\/\/7culture.ci\/#organization\"},\"articleSection\":[\"Musique\"],\"inLanguage\":\"fr-FR\",\"potentialAction\":[{\"@type\":\"CommentAction\",\"name\":\"Comment\",\"target\":[\"https:\/\/7culture.ci\/index.php\/2020\/10\/28\/mawa-traore-preside-une-ong-de-la-paix\/#respond\"]}]},{\"@type\":\"WebPage\",\"@id\":\"https:\/\/7culture.ci\/index.php\/2020\/10\/28\/mawa-traore-preside-une-ong-de-la-paix\/\",\"url\":\"https:\/\/7culture.ci\/index.php\/2020\/10\/28\/mawa-traore-preside-une-ong-de-la-paix\/\",\"name\":\"MAWA TRAORE PR\u00c9SIDE UNE ONG DE LA PAIX - 7culture\",\"isPartOf\":{\"@id\":\"https:\/\/7culture.ci\/#website\"},\"datePublished\":\"2020-10-28T14:12:17+00:00\",\"dateModified\":\"2020-10-28T14:12:17+00:00\",\"breadcrumb\":{\"@id\":\"https:\/\/7culture.ci\/index.php\/2020\/10\/28\/mawa-traore-preside-une-ong-de-la-paix\/#breadcrumb\"},\"inLanguage\":\"fr-FR\",\"potentialAction\":[{\"@type\":\"ReadAction\",\"target\":[\"https:\/\/7culture.ci\/index.php\/2020\/10\/28\/mawa-traore-preside-une-ong-de-la-paix\/\"]}]},{\"@type\":\"BreadcrumbList\",\"@id\":\"https:\/\/7culture.ci\/index.php\/2020\/10\/28\/mawa-traore-preside-une-ong-de-la-paix\/#breadcrumb\",\"itemListElement\":[{\"@type\":\"ListItem\",\"position\":1,\"name\":\"Accueil\",\"item\":\"https:\/\/7culture.ci\/\"},{\"@type\":\"ListItem\",\"position\":2,\"name\":\"MAWA TRAORE PR\u00c9SIDE UNE ONG DE LA PAIX\"}]},{\"@type\":\"WebSite\",\"@id\":\"https:\/\/7culture.ci\/#website\",\"url\":\"https:\/\/7culture.ci\/\",\"name\":\"7culture\",\"description\":\"Tout sur l&#039;actualit\u00e9\",\"publisher\":{\"@id\":\"https:\/\/7culture.ci\/#organization\"},\"potentialAction\":[{\"@type\":\"SearchAction\",\"target\":{\"@type\":\"EntryPoint\",\"urlTemplate\":\"https:\/\/7culture.ci\/?s={search_term_string}\"},\"query-input\":\"required name=search_term_string\"}],\"inLanguage\":\"fr-FR\"},{\"@type\":\"Organization\",\"@id\":\"https:\/\/7culture.ci\/#organization\",\"name\":\"7culture\",\"url\":\"https:\/\/7culture.ci\/\",\"sameAs\":[\"https:\/\/www.facebook.com\/redchefclaude\",\"https:\/\/twitter.com\/7culturec\"],\"logo\":{\"@type\":\"ImageObject\",\"inLanguage\":\"fr-FR\",\"@id\":\"https:\/\/7culture.ci\/#\/schema\/logo\/image\/\",\"url\":\"https:\/\/7culture.ci\/wp-content\/uploads\/2021\/12\/S1a-1.png\",\"contentUrl\":\"https:\/\/7culture.ci\/wp-content\/uploads\/2021\/12\/S1a-1.png\",\"width\":588,\"height\":192,\"caption\":\"7culture\"},\"image\":{\"@id\":\"https:\/\/7culture.ci\/#\/schema\/logo\/image\/\"}},{\"@type\":\"Person\",\"@id\":\"https:\/\/7culture.ci\/#\/schema\/person\/73d24461f401f2fd27e46591435caafc\",\"name\":\"Fahizu FAKAYODE\",\"image\":{\"@type\":\"ImageObject\",\"inLanguage\":\"fr-FR\",\"@id\":\"https:\/\/7culture.ci\/#\/schema\/person\/image\/\",\"url\":\"https:\/\/secure.gravatar.com\/avatar\/ac3baef8c34a343dc153cb0854a9dbc5?s=96&d=mm&r=g\",\"contentUrl\":\"https:\/\/secure.gravatar.com\/avatar\/ac3baef8c34a343dc153cb0854a9dbc5?s=96&d=mm&r=g\",\"caption\":\"Fahizu FAKAYODE\"},\"url\":\"https:\/\/7culture.ci\/index.php\/author\/fahizu-fakayode\/\"}]}<\/script>\n<!-- \/ Yoast SEO plugin. -->","yoast_head_json":{"title":"MAWA TRAORE PR\u00c9SIDE UNE ONG DE LA PAIX - 7culture","robots":{"index":"index","follow":"follow","max-snippet":"max-snippet:-1","max-image-preview":"max-image-preview:large","max-video-preview":"max-video-preview:-1"},"canonical":"https:\/\/7culture.ci\/index.php\/2020\/10\/28\/mawa-traore-preside-une-ong-de-la-paix\/","og_locale":"fr_FR","og_type":"article","og_title":"MAWA TRAORE PR\u00c9SIDE UNE ONG DE LA PAIX - 7culture","og_description":"On la dit timide, r\u00e9serv\u00e9e\u00a0! Mais pour la recherche de la paix, Mawa tient les premiers r\u00f4les. La chanteuse pr\u00e9side aux destin\u00e9es de la nouvelle ONG d\u00e9nomm\u00e9e \u00ab\u00a0Agir pour la Paix \u00bb. Comme son nom l\u2019indique, l\u2019ONG Agir pour la Paix milite pour la recherche de la paix dans le monde et notamment en C\u00f4te &hellip; MAWA TRAORE PR\u00c9SIDE UNE ONG DE LA PAIX Lire la suite\u00a0\u00bb","og_url":"https:\/\/7culture.ci\/index.php\/2020\/10\/28\/mawa-traore-preside-une-ong-de-la-paix\/","og_site_name":"7culture","article_publisher":"https:\/\/www.facebook.com\/redchefclaude","article_published_time":"2020-10-28T14:12:17+00:00","author":"Fahizu FAKAYODE","twitter_card":"summary_large_image","twitter_creator":"@7culturec","twitter_site":"@7culturec","twitter_misc":{"\u00c9crit par":"Fahizu FAKAYODE","Dur\u00e9e de lecture estim\u00e9e":"3 minutes"},"schema":{"@context":"https:\/\/schema.org","@graph":[{"@type":"Article","@id":"https:\/\/7culture.ci\/index.php\/2020\/10\/28\/mawa-traore-preside-une-ong-de-la-paix\/#article","isPartOf":{"@id":"https:\/\/7culture.ci\/index.php\/2020\/10\/28\/mawa-traore-preside-une-ong-de-la-paix\/"},"author":{"name":"Fahizu FAKAYODE","@id":"https:\/\/7culture.ci\/#\/schema\/person\/73d24461f401f2fd27e46591435caafc"},"headline":"MAWA TRAORE PR\u00c9SIDE UNE ONG DE LA PAIX","datePublished":"2020-10-28T14:12:17+00:00","dateModified":"2020-10-28T14:12:17+00:00","mainEntityOfPage":{"@id":"https:\/\/7culture.ci\/index.php\/2020\/10\/28\/mawa-traore-preside-une-ong-de-la-paix\/"},"wordCount":611,"commentCount":0,"publisher":{"@id":"https:\/\/7culture.ci\/#organization"},"articleSection":["Musique"],"inLanguage":"fr-FR","potentialAction":[{"@type":"CommentAction","name":"Comment","target":["https:\/\/7culture.ci\/index.php\/2020\/10\/28\/mawa-traore-preside-une-ong-de-la-paix\/#respond"]}]},{"@type":"WebPage","@id":"https:\/\/7culture.ci\/index.php\/2020\/10\/28\/mawa-traore-preside-une-ong-de-la-paix\/","url":"https:\/\/7culture.ci\/index.php\/2020\/10\/28\/mawa-traore-preside-une-ong-de-la-paix\/","name":"MAWA TRAORE PR\u00c9SIDE UNE ONG DE LA PAIX - 7culture","isPartOf":{"@id":"https:\/\/7culture.ci\/#website"},"datePublished":"2020-10-28T14:12:17+00:00","dateModified":"2020-10-28T14:12:17+00:00","breadcrumb":{"@id":"https:\/\/7culture.ci\/index.php\/2020\/10\/28\/mawa-traore-preside-une-ong-de-la-paix\/#breadcrumb"},"inLanguage":"fr-FR","potentialAction":[{"@type":"ReadAction","target":["https:\/\/7culture.ci\/index.php\/2020\/10\/28\/mawa-traore-preside-une-ong-de-la-paix\/"]}]},{"@type":"BreadcrumbList","@id":"https:\/\/7culture.ci\/index.php\/2020\/10\/28\/mawa-traore-preside-une-ong-de-la-paix\/#breadcrumb","itemListElement":[{"@type":"ListItem","position":1,"name":"Accueil","item":"https:\/\/7culture.ci\/"},{"@type":"ListItem","position":2,"name":"MAWA TRAORE PR\u00c9SIDE UNE ONG DE LA PAIX"}]},{"@type":"WebSite","@id":"https:\/\/7culture.ci\/#website","url":"https:\/\/7culture.ci\/","name":"7culture","description":"Tout sur l&#039;actualit\u00e9","publisher":{"@id":"https:\/\/7culture.ci\/#organization"},"potentialAction":[{"@type":"SearchAction","target":{"@type":"EntryPoint","urlTemplate":"https:\/\/7culture.ci\/?s={search_term_string}"},"query-input":"required name=search_term_string"}],"inLanguage":"fr-FR"},{"@type":"Organization","@id":"https:\/\/7culture.ci\/#organization","name":"7culture","url":"https:\/\/7culture.ci\/","sameAs":["https:\/\/www.facebook.com\/redchefclaude","https:\/\/twitter.com\/7culturec"],"logo":{"@type":"ImageObject","inLanguage":"fr-FR","@id":"https:\/\/7culture.ci\/#\/schema\/logo\/image\/","url":"https:\/\/7culture.ci\/wp-content\/uploads\/2021\/12\/S1a-1.png","contentUrl":"https:\/\/7culture.ci\/wp-content\/uploads\/2021\/12\/S1a-1.png","width":588,"height":192,"caption":"7culture"},"image":{"@id":"https:\/\/7culture.ci\/#\/schema\/logo\/image\/"}},{"@type":"Person","@id":"https:\/\/7culture.ci\/#\/schema\/person\/73d24461f401f2fd27e46591435caafc","name":"Fahizu FAKAYODE","image":{"@type":"ImageObject","inLanguage":"fr-FR","@id":"https:\/\/7culture.ci\/#\/schema\/person\/image\/","url":"https:\/\/secure.gravatar.com\/avatar\/ac3baef8c34a343dc153cb0854a9dbc5?s=96&d=mm&r=g","contentUrl":"https:\/\/secure.gravatar.com\/avatar\/ac3baef8c34a343dc153cb0854a9dbc5?s=96&d=mm&r=g","caption":"Fahizu FAKAYODE"},"url":"https:\/\/7culture.ci\/index.php\/author\/fahizu-fakayode\/"}]}},"jetpack_featured_media_url":"","jetpack_likes_enabled":true,"jetpack_sharing_enabled":true,"_links":{"self":[{"href":"https:\/\/7culture.ci\/index.php\/wp-json\/wp\/v2\/posts\/4773"}],"collection":[{"href":"https:\/\/7culture.ci\/index.php\/wp-json\/wp\/v2\/posts"}],"about":[{"href":"https:\/\/7culture.ci\/index.php\/wp-json\/wp\/v2\/types\/post"}],"author":[{"embeddable":true,"href":"https:\/\/7culture.ci\/index.php\/wp-json\/wp\/v2\/users\/3"}],"replies":[{"embeddable":true,"href":"https:\/\/7culture.ci\/index.php\/wp-json\/wp\/v2\/comments?post=4773"}],"version-history":[{"count":0,"href":"https:\/\/7culture.ci\/index.php\/wp-json\/wp\/v2\/posts\/4773\/revisions"}],"wp:featuredmedia":[{"embeddable":true,"href":"https:\/\/7culture.ci\/index.php\/wp-json\/"}],"wp:attachment":[{"href":"https:\/\/7culture.ci\/index.php\/wp-json\/wp\/v2\/media?parent=4773"}],"wp:term":[{"taxonomy":"category","embeddable":true,"href":"https:\/\/7culture.ci\/index.php\/wp-json\/wp\/v2\/categories?post=4773"},{"taxonomy":"post_tag","embeddable":true,"href":"https:\/\/7culture.ci\/index.php\/wp-json\/wp\/v2\/tags?post=4773"}],"curies":[{"name":"wp","href":"https:\/\/api.w.org\/{rel}","templated":true}]}}