{"id":4725,"date":"2020-10-26T14:42:57","date_gmt":"2020-10-26T14:42:57","guid":{"rendered":"https:\/\/7culture.ci\/index.php\/2020\/10\/26\/peacefor225-non-a-la-violence-sur-les-reseaux-sociaux\/"},"modified":"2020-10-26T14:42:57","modified_gmt":"2020-10-26T14:42:57","slug":"peacefor225-non-a-la-violence-sur-les-reseaux-sociaux","status":"publish","type":"post","link":"https:\/\/7culture.ci\/index.php\/2020\/10\/26\/peacefor225-non-a-la-violence-sur-les-reseaux-sociaux\/","title":{"rendered":"#PEACEFOR225: NON A LA VIOLENCE SUR LES R\u00c9SEAUX SOCIAUX"},"content":{"rendered":"\n<p><strong><em>Les influenceurs, les activistes, les blogueurs, les personnalit\u00e9s publiques actives sur les m\u00e9dias sociaux, les artistes et les personnalit\u00e9s des m\u00e9dias de tous les bords politiques et de toutes les cat\u00e9gories socioprofessionnelles, sont invit\u00e9s\u00a0 \u00e0 taguer les pages #PEACEfor225.<\/em><\/strong><\/p>\n\n\n\n<p>Ils sont aussi appel\u00e9s \u00e0 mettre en profil le logo <strong>Peace for 225<\/strong> et \u00e0 publier un message de Paix sur leurs pages. C\u2019est le Projet de contribution \u00e0 un Environnement Apais\u00e9 \u00e0 travers la sensibilisation \u00e0 la Communication sans violences et la promotion de l\u2019Esprit (PEACE) civique et de la tol\u00e9rance, sur les r\u00e9seaux sociaux et dans les communaut\u00e9s en C\u00f4te d\u2019Ivoire (Initiative HashtagPEACEfor225).<\/p>\n\n\n\n<figure class=\\\"wp-block-image size-large\\\"><img src=\\\"http:\/\/7culture.ci\/fbf\/uploads\/2020\/07\/Hashtag-Peace-For-225-1024x566.jpg\\\" alt=\\\"\\\" class=\\\"wp-image-4723\\\"\/><figcaption><em><strong>Les initiatrices de Peace for225<\/strong><\/em><\/figcaption><\/figure>\n\n\n\n<p>Initi\u00e9 par les organisations AmazoOn du Web et Boost Expertiz, il vise \u00e0 d\u00e9crisper l\u2019atmosph\u00e8re et contribuer \u00e0 \u00e9duquer les populations jeunes sur le civisme et la communication tol\u00e9rante, responsable et pacifique sur les r\u00e9seaux sociaux. L\u2019activit\u00e9 est orient\u00e9e vers les jeunes car ils sont les plus grands utilisateurs des r\u00e9seaux sociaux et les plus manipulables pendant les conflits. Des messages de plaidoyer et de sensibilisation \u00e0 la tol\u00e9rance, au civisme, \u00e0 la paix et \u00e0 la coh\u00e9sion nationale seront diffus\u00e9s sur les r\u00e9seaux sociaux. Des capsules et des spots des artistes et des personnalit\u00e9s des m\u00e9dias passeront \u00e9galement sur la toile et les m\u00e9dias traditionnels. <strong><em>\u00ab&nbsp;La diffusion massive et sans contr\u00f4le de fausses informations, le d\u00e9litement des liens sociaux sont un danger pour notre pays. PEACE for 225 se veut donc \u00eatre cette plateforme qui permettra d\u2019emmener les populations \u00e0 communiquer sans violence mais surtout dans un esprit civique&nbsp;\u00bb<\/em><\/strong>, souligne&nbsp; El\u00e9onore Koffi, pr\u00e9sidente des AmazoOn du Web. <strong><em>\u00ab&nbsp;Nous invitons tous les acteurs \u00e0 une unit\u00e9, un soutien et une implication autour de cette initiative #Peacefor225. Il ne faut pas ce soit une initiative de trop, mais un projet qui contribue r\u00e9ellement \u00e0 un changement d\u2019attitude de nos jeunes fr\u00e8res et s\u0153urs&nbsp;\u00bb<\/em><\/strong>, indique Mme Okayala Ouattara, directrice ex\u00e9cutive de Boost Expertiz.<\/p>\n\n\n\n<p>En plus de la campagne num\u00e9rique, des actions de sensibilisation sur le terrain seront \u00e9galement men\u00e9es \u00e0 Abidjan, Agboville, Bonoua, Bouak\u00e9, Daoukro, Divo, Du\u00e9kou\u00e9, Grand-Bassam, Gagnoa, Guiglo, Lakota, Zouan-Hounien. L\u2019initiative #PEACEfor225 s\u2019\u00e9tendra d\u2019octobre 2020 \u00e0 mars 2022&nbsp; soit 18 mois. A terme, ces promoteurs esp\u00e8rent d\u2019une part, mettre en place un mouvement de plaidoyer et de sensibilisation \u00e0 la tol\u00e9rance, au civisme, \u00e0 la paix et \u00e0 la coh\u00e9sion nationale est sur les r\u00e9seaux sociaux. D\u2019autre part, outiller les jeunes et les femmes \u00e0 utiliser de fa\u00e7on efficace et responsable les TIC. Mais aussi, \u00e0 &nbsp;mettre \u00e0 leur disposition des connaissances sur les valeurs culturelles, \u00e9thiques, morales qui constituent les fondements sociaux partag\u00e9s par tous les groupes ethniques en C\u00f4te d\u2019Ivoire. AmazoOn du Web est une organisation qui fait la promotion des technologies de l\u2019information et de la communication (TIC) \u00e0 l\u2019attention de la gent f\u00e9minine.<\/p>\n\n\n\n<p><strong>ADAMS T<\/strong><\/p>\n","protected":false},"excerpt":{"rendered":"<p>Les influenceurs, les activistes, les blogueurs, les personnalit\u00e9s publiques actives sur les m\u00e9dias sociaux, les artistes et les personnalit\u00e9s des m\u00e9dias de tous les bords politiques et de toutes les cat\u00e9gories socioprofessionnelles, sont invit\u00e9s\u00a0 \u00e0 taguer les pages #PEACEfor225. Ils sont aussi appel\u00e9s \u00e0 mettre en profil le logo Peace for 225 et \u00e0 publier &hellip;<\/p>\n<p class=\"read-more\"> <a class=\"\" href=\"https:\/\/7culture.ci\/index.php\/2020\/10\/26\/peacefor225-non-a-la-violence-sur-les-reseaux-sociaux\/\"> <span class=\"screen-reader-text\">#PEACEFOR225: NON A LA VIOLENCE SUR LES R\u00c9SEAUX SOCIAUX<\/span> Lire la suite\u00a0\u00bb<\/a><\/p>\n","protected":false},"author":2,"featured_media":4724,"comment_status":"open","ping_status":"closed","sticky":false,"template":"","format":"standard","meta":{"_mi_skip_tracking":false,"_monsterinsights_sitenote_active":false,"_monsterinsights_sitenote_note":"","_monsterinsights_sitenote_category":0,"site-sidebar-layout":"default","site-content-layout":"default","ast-global-header-display":"","ast-main-header-display":"","ast-hfb-above-header-display":"","ast-hfb-below-header-display":"","ast-hfb-mobile-header-display":"","site-post-title":"","ast-breadcrumbs-content":"","ast-featured-img":"","footer-sml-layout":"","theme-transparent-header-meta":"","adv-header-id-meta":"","stick-header-meta":"","header-above-stick-meta":"","header-main-stick-meta":"","header-below-stick-meta":"","footnotes":"","jetpack_publicize_message":"","jetpack_is_tweetstorm":false,"jetpack_publicize_feature_enabled":true},"categories":[33],"tags":[],"jetpack_publicize_connections":[],"acf":[],"aioseo_notices":[],"yoast_head":"<!-- This site is optimized with the Yoast SEO plugin v19.6.1 - https:\/\/yoast.com\/wordpress\/plugins\/seo\/ -->\n<title>#PEACEFOR225: NON A LA VIOLENCE SUR LES R\u00c9SEAUX SOCIAUX - 7culture<\/title>\n<meta name=\"robots\" content=\"index, follow, max-snippet:-1, max-image-preview:large, max-video-preview:-1\" \/>\n<link rel=\"canonical\" href=\"https:\/\/7culture.ci\/index.php\/2020\/10\/26\/peacefor225-non-a-la-violence-sur-les-reseaux-sociaux\/\" \/>\n<meta property=\"og:locale\" content=\"fr_FR\" \/>\n<meta property=\"og:type\" content=\"article\" \/>\n<meta property=\"og:title\" content=\"#PEACEFOR225: NON A LA VIOLENCE SUR LES R\u00c9SEAUX SOCIAUX - 7culture\" \/>\n<meta property=\"og:description\" content=\"Les influenceurs, les activistes, les blogueurs, les personnalit\u00e9s publiques actives sur les m\u00e9dias sociaux, les artistes et les personnalit\u00e9s des m\u00e9dias de tous les bords politiques et de toutes les cat\u00e9gories socioprofessionnelles, sont invit\u00e9s\u00a0 \u00e0 taguer les pages #PEACEfor225. Ils sont aussi appel\u00e9s \u00e0 mettre en profil le logo Peace for 225 et \u00e0 publier &hellip; #PEACEFOR225: NON A LA VIOLENCE SUR LES R\u00c9SEAUX SOCIAUX Lire la suite\u00a0\u00bb\" \/>\n<meta property=\"og:url\" content=\"https:\/\/7culture.ci\/index.php\/2020\/10\/26\/peacefor225-non-a-la-violence-sur-les-reseaux-sociaux\/\" \/>\n<meta property=\"og:site_name\" content=\"7culture\" \/>\n<meta property=\"article:publisher\" content=\"https:\/\/www.facebook.com\/redchefclaude\" \/>\n<meta property=\"article:published_time\" content=\"2020-10-26T14:42:57+00:00\" \/>\n<meta name=\"author\" content=\"Claude Kipre\" \/>\n<meta name=\"twitter:card\" content=\"summary_large_image\" \/>\n<meta name=\"twitter:creator\" content=\"@7culturec\" \/>\n<meta name=\"twitter:site\" content=\"@7culturec\" \/>\n<meta name=\"twitter:label1\" content=\"\u00c9crit par\" \/>\n\t<meta name=\"twitter:data1\" content=\"Claude Kipre\" \/>\n\t<meta name=\"twitter:label2\" content=\"Dur\u00e9e de lecture estim\u00e9e\" \/>\n\t<meta name=\"twitter:data2\" content=\"3 minutes\" \/>\n<script type=\"application\/ld+json\" class=\"yoast-schema-graph\">{\"@context\":\"https:\/\/schema.org\",\"@graph\":[{\"@type\":\"Article\",\"@id\":\"https:\/\/7culture.ci\/index.php\/2020\/10\/26\/peacefor225-non-a-la-violence-sur-les-reseaux-sociaux\/#article\",\"isPartOf\":{\"@id\":\"https:\/\/7culture.ci\/index.php\/2020\/10\/26\/peacefor225-non-a-la-violence-sur-les-reseaux-sociaux\/\"},\"author\":{\"name\":\"Claude Kipre\",\"@id\":\"https:\/\/7culture.ci\/#\/schema\/person\/64b5687ef9752cd031e11e98f4fd60b6\"},\"headline\":\"#PEACEFOR225: NON A LA VIOLENCE SUR LES R\u00c9SEAUX SOCIAUX\",\"datePublished\":\"2020-10-26T14:42:57+00:00\",\"dateModified\":\"2020-10-26T14:42:57+00:00\",\"mainEntityOfPage\":{\"@id\":\"https:\/\/7culture.ci\/index.php\/2020\/10\/26\/peacefor225-non-a-la-violence-sur-les-reseaux-sociaux\/\"},\"wordCount\":515,\"commentCount\":0,\"publisher\":{\"@id\":\"https:\/\/7culture.ci\/#organization\"},\"articleSection\":[\"M\u00e9dia\"],\"inLanguage\":\"fr-FR\",\"potentialAction\":[{\"@type\":\"CommentAction\",\"name\":\"Comment\",\"target\":[\"https:\/\/7culture.ci\/index.php\/2020\/10\/26\/peacefor225-non-a-la-violence-sur-les-reseaux-sociaux\/#respond\"]}]},{\"@type\":\"WebPage\",\"@id\":\"https:\/\/7culture.ci\/index.php\/2020\/10\/26\/peacefor225-non-a-la-violence-sur-les-reseaux-sociaux\/\",\"url\":\"https:\/\/7culture.ci\/index.php\/2020\/10\/26\/peacefor225-non-a-la-violence-sur-les-reseaux-sociaux\/\",\"name\":\"#PEACEFOR225: NON A LA VIOLENCE SUR LES R\u00c9SEAUX SOCIAUX - 7culture\",\"isPartOf\":{\"@id\":\"https:\/\/7culture.ci\/#website\"},\"datePublished\":\"2020-10-26T14:42:57+00:00\",\"dateModified\":\"2020-10-26T14:42:57+00:00\",\"breadcrumb\":{\"@id\":\"https:\/\/7culture.ci\/index.php\/2020\/10\/26\/peacefor225-non-a-la-violence-sur-les-reseaux-sociaux\/#breadcrumb\"},\"inLanguage\":\"fr-FR\",\"potentialAction\":[{\"@type\":\"ReadAction\",\"target\":[\"https:\/\/7culture.ci\/index.php\/2020\/10\/26\/peacefor225-non-a-la-violence-sur-les-reseaux-sociaux\/\"]}]},{\"@type\":\"BreadcrumbList\",\"@id\":\"https:\/\/7culture.ci\/index.php\/2020\/10\/26\/peacefor225-non-a-la-violence-sur-les-reseaux-sociaux\/#breadcrumb\",\"itemListElement\":[{\"@type\":\"ListItem\",\"position\":1,\"name\":\"Accueil\",\"item\":\"https:\/\/7culture.ci\/\"},{\"@type\":\"ListItem\",\"position\":2,\"name\":\"#PEACEFOR225: NON A LA VIOLENCE SUR LES R\u00c9SEAUX SOCIAUX\"}]},{\"@type\":\"WebSite\",\"@id\":\"https:\/\/7culture.ci\/#website\",\"url\":\"https:\/\/7culture.ci\/\",\"name\":\"7culture\",\"description\":\"Tout sur l&#039;actualit\u00e9\",\"publisher\":{\"@id\":\"https:\/\/7culture.ci\/#organization\"},\"potentialAction\":[{\"@type\":\"SearchAction\",\"target\":{\"@type\":\"EntryPoint\",\"urlTemplate\":\"https:\/\/7culture.ci\/?s={search_term_string}\"},\"query-input\":\"required name=search_term_string\"}],\"inLanguage\":\"fr-FR\"},{\"@type\":\"Organization\",\"@id\":\"https:\/\/7culture.ci\/#organization\",\"name\":\"7culture\",\"url\":\"https:\/\/7culture.ci\/\",\"sameAs\":[\"https:\/\/www.facebook.com\/redchefclaude\",\"https:\/\/twitter.com\/7culturec\"],\"logo\":{\"@type\":\"ImageObject\",\"inLanguage\":\"fr-FR\",\"@id\":\"https:\/\/7culture.ci\/#\/schema\/logo\/image\/\",\"url\":\"https:\/\/7culture.ci\/wp-content\/uploads\/2021\/12\/S1a-1.png\",\"contentUrl\":\"https:\/\/7culture.ci\/wp-content\/uploads\/2021\/12\/S1a-1.png\",\"width\":588,\"height\":192,\"caption\":\"7culture\"},\"image\":{\"@id\":\"https:\/\/7culture.ci\/#\/schema\/logo\/image\/\"}},{\"@type\":\"Person\",\"@id\":\"https:\/\/7culture.ci\/#\/schema\/person\/64b5687ef9752cd031e11e98f4fd60b6\",\"name\":\"Claude Kipre\",\"image\":{\"@type\":\"ImageObject\",\"inLanguage\":\"fr-FR\",\"@id\":\"https:\/\/7culture.ci\/#\/schema\/person\/image\/\",\"url\":\"https:\/\/secure.gravatar.com\/avatar\/60e5007626848549b0d9b2ad9c53c9e8?s=96&d=mm&r=g\",\"contentUrl\":\"https:\/\/secure.gravatar.com\/avatar\/60e5007626848549b0d9b2ad9c53c9e8?s=96&d=mm&r=g\",\"caption\":\"Claude Kipre\"},\"url\":\"https:\/\/7culture.ci\/index.php\/author\/claude-kipre\/\"}]}<\/script>\n<!-- \/ Yoast SEO plugin. -->","yoast_head_json":{"title":"#PEACEFOR225: NON A LA VIOLENCE SUR LES R\u00c9SEAUX SOCIAUX - 7culture","robots":{"index":"index","follow":"follow","max-snippet":"max-snippet:-1","max-image-preview":"max-image-preview:large","max-video-preview":"max-video-preview:-1"},"canonical":"https:\/\/7culture.ci\/index.php\/2020\/10\/26\/peacefor225-non-a-la-violence-sur-les-reseaux-sociaux\/","og_locale":"fr_FR","og_type":"article","og_title":"#PEACEFOR225: NON A LA VIOLENCE SUR LES R\u00c9SEAUX SOCIAUX - 7culture","og_description":"Les influenceurs, les activistes, les blogueurs, les personnalit\u00e9s publiques actives sur les m\u00e9dias sociaux, les artistes et les personnalit\u00e9s des m\u00e9dias de tous les bords politiques et de toutes les cat\u00e9gories socioprofessionnelles, sont invit\u00e9s\u00a0 \u00e0 taguer les pages #PEACEfor225. Ils sont aussi appel\u00e9s \u00e0 mettre en profil le logo Peace for 225 et \u00e0 publier &hellip; #PEACEFOR225: NON A LA VIOLENCE SUR LES R\u00c9SEAUX SOCIAUX Lire la suite\u00a0\u00bb","og_url":"https:\/\/7culture.ci\/index.php\/2020\/10\/26\/peacefor225-non-a-la-violence-sur-les-reseaux-sociaux\/","og_site_name":"7culture","article_publisher":"https:\/\/www.facebook.com\/redchefclaude","article_published_time":"2020-10-26T14:42:57+00:00","author":"Claude Kipre","twitter_card":"summary_large_image","twitter_creator":"@7culturec","twitter_site":"@7culturec","twitter_misc":{"\u00c9crit par":"Claude Kipre","Dur\u00e9e de lecture estim\u00e9e":"3 minutes"},"schema":{"@context":"https:\/\/schema.org","@graph":[{"@type":"Article","@id":"https:\/\/7culture.ci\/index.php\/2020\/10\/26\/peacefor225-non-a-la-violence-sur-les-reseaux-sociaux\/#article","isPartOf":{"@id":"https:\/\/7culture.ci\/index.php\/2020\/10\/26\/peacefor225-non-a-la-violence-sur-les-reseaux-sociaux\/"},"author":{"name":"Claude Kipre","@id":"https:\/\/7culture.ci\/#\/schema\/person\/64b5687ef9752cd031e11e98f4fd60b6"},"headline":"#PEACEFOR225: NON A LA VIOLENCE SUR LES R\u00c9SEAUX SOCIAUX","datePublished":"2020-10-26T14:42:57+00:00","dateModified":"2020-10-26T14:42:57+00:00","mainEntityOfPage":{"@id":"https:\/\/7culture.ci\/index.php\/2020\/10\/26\/peacefor225-non-a-la-violence-sur-les-reseaux-sociaux\/"},"wordCount":515,"commentCount":0,"publisher":{"@id":"https:\/\/7culture.ci\/#organization"},"articleSection":["M\u00e9dia"],"inLanguage":"fr-FR","potentialAction":[{"@type":"CommentAction","name":"Comment","target":["https:\/\/7culture.ci\/index.php\/2020\/10\/26\/peacefor225-non-a-la-violence-sur-les-reseaux-sociaux\/#respond"]}]},{"@type":"WebPage","@id":"https:\/\/7culture.ci\/index.php\/2020\/10\/26\/peacefor225-non-a-la-violence-sur-les-reseaux-sociaux\/","url":"https:\/\/7culture.ci\/index.php\/2020\/10\/26\/peacefor225-non-a-la-violence-sur-les-reseaux-sociaux\/","name":"#PEACEFOR225: NON A LA VIOLENCE SUR LES R\u00c9SEAUX SOCIAUX - 7culture","isPartOf":{"@id":"https:\/\/7culture.ci\/#website"},"datePublished":"2020-10-26T14:42:57+00:00","dateModified":"2020-10-26T14:42:57+00:00","breadcrumb":{"@id":"https:\/\/7culture.ci\/index.php\/2020\/10\/26\/peacefor225-non-a-la-violence-sur-les-reseaux-sociaux\/#breadcrumb"},"inLanguage":"fr-FR","potentialAction":[{"@type":"ReadAction","target":["https:\/\/7culture.ci\/index.php\/2020\/10\/26\/peacefor225-non-a-la-violence-sur-les-reseaux-sociaux\/"]}]},{"@type":"BreadcrumbList","@id":"https:\/\/7culture.ci\/index.php\/2020\/10\/26\/peacefor225-non-a-la-violence-sur-les-reseaux-sociaux\/#breadcrumb","itemListElement":[{"@type":"ListItem","position":1,"name":"Accueil","item":"https:\/\/7culture.ci\/"},{"@type":"ListItem","position":2,"name":"#PEACEFOR225: NON A LA VIOLENCE SUR LES R\u00c9SEAUX SOCIAUX"}]},{"@type":"WebSite","@id":"https:\/\/7culture.ci\/#website","url":"https:\/\/7culture.ci\/","name":"7culture","description":"Tout sur l&#039;actualit\u00e9","publisher":{"@id":"https:\/\/7culture.ci\/#organization"},"potentialAction":[{"@type":"SearchAction","target":{"@type":"EntryPoint","urlTemplate":"https:\/\/7culture.ci\/?s={search_term_string}"},"query-input":"required name=search_term_string"}],"inLanguage":"fr-FR"},{"@type":"Organization","@id":"https:\/\/7culture.ci\/#organization","name":"7culture","url":"https:\/\/7culture.ci\/","sameAs":["https:\/\/www.facebook.com\/redchefclaude","https:\/\/twitter.com\/7culturec"],"logo":{"@type":"ImageObject","inLanguage":"fr-FR","@id":"https:\/\/7culture.ci\/#\/schema\/logo\/image\/","url":"https:\/\/7culture.ci\/wp-content\/uploads\/2021\/12\/S1a-1.png","contentUrl":"https:\/\/7culture.ci\/wp-content\/uploads\/2021\/12\/S1a-1.png","width":588,"height":192,"caption":"7culture"},"image":{"@id":"https:\/\/7culture.ci\/#\/schema\/logo\/image\/"}},{"@type":"Person","@id":"https:\/\/7culture.ci\/#\/schema\/person\/64b5687ef9752cd031e11e98f4fd60b6","name":"Claude Kipre","image":{"@type":"ImageObject","inLanguage":"fr-FR","@id":"https:\/\/7culture.ci\/#\/schema\/person\/image\/","url":"https:\/\/secure.gravatar.com\/avatar\/60e5007626848549b0d9b2ad9c53c9e8?s=96&d=mm&r=g","contentUrl":"https:\/\/secure.gravatar.com\/avatar\/60e5007626848549b0d9b2ad9c53c9e8?s=96&d=mm&r=g","caption":"Claude Kipre"},"url":"https:\/\/7culture.ci\/index.php\/author\/claude-kipre\/"}]}},"jetpack_featured_media_url":"","jetpack_likes_enabled":true,"jetpack_sharing_enabled":true,"_links":{"self":[{"href":"https:\/\/7culture.ci\/index.php\/wp-json\/wp\/v2\/posts\/4725"}],"collection":[{"href":"https:\/\/7culture.ci\/index.php\/wp-json\/wp\/v2\/posts"}],"about":[{"href":"https:\/\/7culture.ci\/index.php\/wp-json\/wp\/v2\/types\/post"}],"author":[{"embeddable":true,"href":"https:\/\/7culture.ci\/index.php\/wp-json\/wp\/v2\/users\/2"}],"replies":[{"embeddable":true,"href":"https:\/\/7culture.ci\/index.php\/wp-json\/wp\/v2\/comments?post=4725"}],"version-history":[{"count":0,"href":"https:\/\/7culture.ci\/index.php\/wp-json\/wp\/v2\/posts\/4725\/revisions"}],"wp:featuredmedia":[{"embeddable":true,"href":"https:\/\/7culture.ci\/index.php\/wp-json\/"}],"wp:attachment":[{"href":"https:\/\/7culture.ci\/index.php\/wp-json\/wp\/v2\/media?parent=4725"}],"wp:term":[{"taxonomy":"category","embeddable":true,"href":"https:\/\/7culture.ci\/index.php\/wp-json\/wp\/v2\/categories?post=4725"},{"taxonomy":"post_tag","embeddable":true,"href":"https:\/\/7culture.ci\/index.php\/wp-json\/wp\/v2\/tags?post=4725"}],"curies":[{"name":"wp","href":"https:\/\/api.w.org\/{rel}","templated":true}]}}