{"id":4520,"date":"2020-10-15T20:00:00","date_gmt":"2020-10-15T20:00:00","guid":{"rendered":"https:\/\/7culture.ci\/index.php\/2020\/10\/15\/luc-adolphe-tiao-le-nouveau-combat-du-dernier-premier-ministre-de-blaise-compaore\/"},"modified":"2022-01-12T23:47:24","modified_gmt":"2022-01-12T22:47:24","slug":"luc-adolphe-tiao-le-nouveau-combat-du-dernier-premier-ministre-de-blaise-compaore","status":"publish","type":"post","link":"https:\/\/7culture.ci\/index.php\/2020\/10\/15\/luc-adolphe-tiao-le-nouveau-combat-du-dernier-premier-ministre-de-blaise-compaore\/","title":{"rendered":"LUC ADOLPHE TIAO : LE NOUVEAU COMBAT DU DERNIER PREMIER MINISTRE DE BLAISE COMPAOR\u00c9"},"content":{"rendered":"\n<p><strong><em>Malgr\u00e9 son d\u00e9part du pouvoir, Luc Adolphe Tiao, le dernier Premier ministre de l\u2019ancien pr\u00e9sident du Burkina Faso, Blaise Compaor\u00e9, reste attach\u00e9 \u00e0 un combat. Il \u0153uvre au renforcement des liens entre les peuples ivoiriens et burkinab\u00e8.<\/em><\/strong><\/p>\n\n\n\n<p>L\u2019ancien proche collaborateur du pr\u00e9sident Compaor\u00e9 est engag\u00e9 avec diverses organisations de la soci\u00e9t\u00e9 civile, des hommes d\u2019affaires, des entreprises, des artisans, des artistes, des cr\u00e9ateurs de mode et bien d\u2019autres, \u00e0 la vulgarisation et \u00e0 la mise en \u0153uvre effective du trait\u00e9 d\u2019amiti\u00e9 et de coop\u00e9ration (TAC) Ivoiro-burkinab\u00e8, \u00e0 la promotion de la solidarit\u00e9 agissante entre les deux peuples, au dialogue comme moyen de r\u00e8glement des diff\u00e9rends, au d\u00e9veloppement durable, \u00e0 l\u2019accroissement des \u00e9changes socio-\u00e9conomiques entre les deux pays. L\u2019objectif vis\u00e9 \u00e9tant de faire de l\u2019axe Yamoussoukro-Ouagadougou, un mod\u00e8le d\u2019int\u00e9gration sous r\u00e9gionale.<\/p>\n\n\n\n<figure class=\\\"wp-block-image size-large\\\"><img src=\\\"http:\/\/7culture.ci\/fbf\/uploads\/2020\/07\/Adolphe-Tiao.jpg\\\" alt=\\\"\\\" class=\\\"wp-image-4518\\\"\/><\/figure>\n\n\n\n<p>C\u2019est dans ce cadre que l\u2019ancien Premier ministre du Faso \u00e9tait l\u2019invit\u00e9 sp\u00e9cial du 4\u00e8 d\u00eener gala et de remise de troph\u00e9es <strong>du Grand Prix du TAC 2020<\/strong> le samedi 3 octobre dernier au Plateau. La soir\u00e9e \u00e9tait pilot\u00e9e par l\u2019agence Coptac (Convergence des peuples pour la promotion du trait\u00e9 d\u2019amiti\u00e9 et de coop\u00e9ration ivoiro-burkinab\u00e9). \u00ab<strong><em>Le but de rencontre est de r\u00e9compenser les personnalit\u00e9s et entit\u00e9s qui, au cours de l\u2019ann\u00e9e, ont contribu\u00e9 dans leur &nbsp;domaine d\u2019activit\u00e9s, au renforcement de la coop\u00e9ration socio-\u00e9conomique et culturelle entre la C\u00f4te d\u2019Ivoire et le Burkina-Faso \u00bb,<\/em><\/strong> explique D\u00e9sir\u00e9 Yam\u00e9ogo, pr\u00e9sident de la Coptac. Remettant les troph\u00e9es aux laur\u00e9ats, Luc Adolphe Tiao, les a encourag\u00e9s \u00e0 redoubler d\u2019efforts pour r\u00e9pondre positivement aux pr\u00e9occupations des populations ivoiriennes et burkinab\u00e8, condamn\u00e9es \u00e0 partager un destin commun.<\/p>\n\n\n\n<p><strong>Adams T.<\/strong><\/p>\n\n\n\n<p><\/p>\n","protected":false},"excerpt":{"rendered":"<p>Malgr\u00e9 son d\u00e9part du pouvoir, Luc Adolphe Tiao, le dernier Premier ministre de l\u2019ancien pr\u00e9sident du Burkina Faso, Blaise Compaor\u00e9, reste attach\u00e9 \u00e0 un combat. Il \u0153uvre au renforcement des liens entre les peuples ivoiriens et burkinab\u00e8. L\u2019ancien proche collaborateur du pr\u00e9sident Compaor\u00e9 est engag\u00e9 avec diverses organisations de la soci\u00e9t\u00e9 civile, des hommes d\u2019affaires, &hellip;<\/p>\n<p class=\"read-more\"> <a class=\"\" href=\"https:\/\/7culture.ci\/index.php\/2020\/10\/15\/luc-adolphe-tiao-le-nouveau-combat-du-dernier-premier-ministre-de-blaise-compaore\/\"> <span class=\"screen-reader-text\">LUC ADOLPHE TIAO : LE NOUVEAU COMBAT DU DERNIER PREMIER MINISTRE DE BLAISE COMPAOR\u00c9<\/span> Lire la suite\u00a0\u00bb<\/a><\/p>\n","protected":false},"author":2,"featured_media":241,"comment_status":"open","ping_status":"closed","sticky":false,"template":"","format":"standard","meta":{"_mi_skip_tracking":false,"_monsterinsights_sitenote_active":false,"_monsterinsights_sitenote_note":"","_monsterinsights_sitenote_category":0,"site-sidebar-layout":"default","site-content-layout":"default","ast-global-header-display":"","ast-main-header-display":"","ast-hfb-above-header-display":"","ast-hfb-below-header-display":"","ast-hfb-mobile-header-display":"","site-post-title":"","ast-breadcrumbs-content":"","ast-featured-img":"","footer-sml-layout":"","theme-transparent-header-meta":"","adv-header-id-meta":"","stick-header-meta":"","header-above-stick-meta":"","header-main-stick-meta":"","header-below-stick-meta":"","footnotes":"","jetpack_publicize_message":"","jetpack_is_tweetstorm":false,"jetpack_publicize_feature_enabled":true},"categories":[22,42],"tags":[],"jetpack_publicize_connections":[],"acf":[],"aioseo_notices":[],"yoast_head":"<!-- This site is optimized with the Yoast SEO plugin v19.6.1 - https:\/\/yoast.com\/wordpress\/plugins\/seo\/ -->\n<title>LUC ADOLPHE TIAO : LE NOUVEAU COMBAT DU DERNIER PREMIER MINISTRE DE BLAISE COMPAOR\u00c9 - 7culture<\/title>\n<meta name=\"robots\" content=\"index, follow, max-snippet:-1, max-image-preview:large, max-video-preview:-1\" \/>\n<link rel=\"canonical\" href=\"https:\/\/7culture.ci\/index.php\/2020\/10\/15\/luc-adolphe-tiao-le-nouveau-combat-du-dernier-premier-ministre-de-blaise-compaore\/\" \/>\n<meta property=\"og:locale\" content=\"fr_FR\" \/>\n<meta property=\"og:type\" content=\"article\" \/>\n<meta property=\"og:title\" content=\"LUC ADOLPHE TIAO : LE NOUVEAU COMBAT DU DERNIER PREMIER MINISTRE DE BLAISE COMPAOR\u00c9 - 7culture\" \/>\n<meta property=\"og:description\" content=\"Malgr\u00e9 son d\u00e9part du pouvoir, Luc Adolphe Tiao, le dernier Premier ministre de l\u2019ancien pr\u00e9sident du Burkina Faso, Blaise Compaor\u00e9, reste attach\u00e9 \u00e0 un combat. Il \u0153uvre au renforcement des liens entre les peuples ivoiriens et burkinab\u00e8. L\u2019ancien proche collaborateur du pr\u00e9sident Compaor\u00e9 est engag\u00e9 avec diverses organisations de la soci\u00e9t\u00e9 civile, des hommes d\u2019affaires, &hellip; LUC ADOLPHE TIAO : LE NOUVEAU COMBAT DU DERNIER PREMIER MINISTRE DE BLAISE COMPAOR\u00c9 Lire la suite\u00a0\u00bb\" \/>\n<meta property=\"og:url\" content=\"https:\/\/7culture.ci\/index.php\/2020\/10\/15\/luc-adolphe-tiao-le-nouveau-combat-du-dernier-premier-ministre-de-blaise-compaore\/\" \/>\n<meta property=\"og:site_name\" content=\"7culture\" \/>\n<meta property=\"article:publisher\" content=\"https:\/\/www.facebook.com\/redchefclaude\" \/>\n<meta property=\"article:published_time\" content=\"2020-10-15T20:00:00+00:00\" \/>\n<meta property=\"article:modified_time\" content=\"2022-01-12T22:47:24+00:00\" \/>\n<meta property=\"og:image\" content=\"http:\/\/7culture.ci\/wp-content\/uploads\/2021\/01\/child-care-template-topics-img-2.jpg\" \/>\n\t<meta property=\"og:image:width\" content=\"284\" \/>\n\t<meta property=\"og:image:height\" content=\"200\" \/>\n\t<meta property=\"og:image:type\" content=\"image\/jpeg\" \/>\n<meta name=\"author\" content=\"Claude Kipre\" \/>\n<meta name=\"twitter:card\" content=\"summary_large_image\" \/>\n<meta name=\"twitter:creator\" content=\"@7culturec\" \/>\n<meta name=\"twitter:site\" content=\"@7culturec\" \/>\n<meta name=\"twitter:label1\" content=\"\u00c9crit par\" \/>\n\t<meta name=\"twitter:data1\" content=\"Claude Kipre\" \/>\n\t<meta name=\"twitter:label2\" content=\"Dur\u00e9e de lecture estim\u00e9e\" \/>\n\t<meta name=\"twitter:data2\" content=\"2 minutes\" \/>\n<script type=\"application\/ld+json\" class=\"yoast-schema-graph\">{\"@context\":\"https:\/\/schema.org\",\"@graph\":[{\"@type\":\"Article\",\"@id\":\"https:\/\/7culture.ci\/index.php\/2020\/10\/15\/luc-adolphe-tiao-le-nouveau-combat-du-dernier-premier-ministre-de-blaise-compaore\/#article\",\"isPartOf\":{\"@id\":\"https:\/\/7culture.ci\/index.php\/2020\/10\/15\/luc-adolphe-tiao-le-nouveau-combat-du-dernier-premier-ministre-de-blaise-compaore\/\"},\"author\":{\"name\":\"Claude Kipre\",\"@id\":\"https:\/\/7culture.ci\/#\/schema\/person\/64b5687ef9752cd031e11e98f4fd60b6\"},\"headline\":\"LUC ADOLPHE TIAO : LE NOUVEAU COMBAT DU DERNIER PREMIER MINISTRE DE BLAISE COMPAOR\u00c9\",\"datePublished\":\"2020-10-15T20:00:00+00:00\",\"dateModified\":\"2022-01-12T22:47:24+00:00\",\"mainEntityOfPage\":{\"@id\":\"https:\/\/7culture.ci\/index.php\/2020\/10\/15\/luc-adolphe-tiao-le-nouveau-combat-du-dernier-premier-ministre-de-blaise-compaore\/\"},\"wordCount\":319,\"commentCount\":0,\"publisher\":{\"@id\":\"https:\/\/7culture.ci\/#organization\"},\"articleSection\":[\"Actualit\u00e9\",\"Reportage\"],\"inLanguage\":\"fr-FR\",\"potentialAction\":[{\"@type\":\"CommentAction\",\"name\":\"Comment\",\"target\":[\"https:\/\/7culture.ci\/index.php\/2020\/10\/15\/luc-adolphe-tiao-le-nouveau-combat-du-dernier-premier-ministre-de-blaise-compaore\/#respond\"]}]},{\"@type\":\"WebPage\",\"@id\":\"https:\/\/7culture.ci\/index.php\/2020\/10\/15\/luc-adolphe-tiao-le-nouveau-combat-du-dernier-premier-ministre-de-blaise-compaore\/\",\"url\":\"https:\/\/7culture.ci\/index.php\/2020\/10\/15\/luc-adolphe-tiao-le-nouveau-combat-du-dernier-premier-ministre-de-blaise-compaore\/\",\"name\":\"LUC ADOLPHE TIAO : LE NOUVEAU COMBAT DU DERNIER PREMIER MINISTRE DE BLAISE COMPAOR\u00c9 - 7culture\",\"isPartOf\":{\"@id\":\"https:\/\/7culture.ci\/#website\"},\"datePublished\":\"2020-10-15T20:00:00+00:00\",\"dateModified\":\"2022-01-12T22:47:24+00:00\",\"breadcrumb\":{\"@id\":\"https:\/\/7culture.ci\/index.php\/2020\/10\/15\/luc-adolphe-tiao-le-nouveau-combat-du-dernier-premier-ministre-de-blaise-compaore\/#breadcrumb\"},\"inLanguage\":\"fr-FR\",\"potentialAction\":[{\"@type\":\"ReadAction\",\"target\":[\"https:\/\/7culture.ci\/index.php\/2020\/10\/15\/luc-adolphe-tiao-le-nouveau-combat-du-dernier-premier-ministre-de-blaise-compaore\/\"]}]},{\"@type\":\"BreadcrumbList\",\"@id\":\"https:\/\/7culture.ci\/index.php\/2020\/10\/15\/luc-adolphe-tiao-le-nouveau-combat-du-dernier-premier-ministre-de-blaise-compaore\/#breadcrumb\",\"itemListElement\":[{\"@type\":\"ListItem\",\"position\":1,\"name\":\"Accueil\",\"item\":\"https:\/\/7culture.ci\/\"},{\"@type\":\"ListItem\",\"position\":2,\"name\":\"LUC ADOLPHE TIAO : LE NOUVEAU COMBAT DU DERNIER PREMIER MINISTRE DE BLAISE COMPAOR\u00c9\"}]},{\"@type\":\"WebSite\",\"@id\":\"https:\/\/7culture.ci\/#website\",\"url\":\"https:\/\/7culture.ci\/\",\"name\":\"7culture\",\"description\":\"Tout sur l&#039;actualit\u00e9\",\"publisher\":{\"@id\":\"https:\/\/7culture.ci\/#organization\"},\"potentialAction\":[{\"@type\":\"SearchAction\",\"target\":{\"@type\":\"EntryPoint\",\"urlTemplate\":\"https:\/\/7culture.ci\/?s={search_term_string}\"},\"query-input\":\"required name=search_term_string\"}],\"inLanguage\":\"fr-FR\"},{\"@type\":\"Organization\",\"@id\":\"https:\/\/7culture.ci\/#organization\",\"name\":\"7culture\",\"url\":\"https:\/\/7culture.ci\/\",\"sameAs\":[\"https:\/\/www.facebook.com\/redchefclaude\",\"https:\/\/twitter.com\/7culturec\"],\"logo\":{\"@type\":\"ImageObject\",\"inLanguage\":\"fr-FR\",\"@id\":\"https:\/\/7culture.ci\/#\/schema\/logo\/image\/\",\"url\":\"https:\/\/7culture.ci\/wp-content\/uploads\/2021\/12\/S1a-1.png\",\"contentUrl\":\"https:\/\/7culture.ci\/wp-content\/uploads\/2021\/12\/S1a-1.png\",\"width\":588,\"height\":192,\"caption\":\"7culture\"},\"image\":{\"@id\":\"https:\/\/7culture.ci\/#\/schema\/logo\/image\/\"}},{\"@type\":\"Person\",\"@id\":\"https:\/\/7culture.ci\/#\/schema\/person\/64b5687ef9752cd031e11e98f4fd60b6\",\"name\":\"Claude Kipre\",\"image\":{\"@type\":\"ImageObject\",\"inLanguage\":\"fr-FR\",\"@id\":\"https:\/\/7culture.ci\/#\/schema\/person\/image\/\",\"url\":\"https:\/\/secure.gravatar.com\/avatar\/60e5007626848549b0d9b2ad9c53c9e8?s=96&d=mm&r=g\",\"contentUrl\":\"https:\/\/secure.gravatar.com\/avatar\/60e5007626848549b0d9b2ad9c53c9e8?s=96&d=mm&r=g\",\"caption\":\"Claude Kipre\"},\"url\":\"https:\/\/7culture.ci\/index.php\/author\/claude-kipre\/\"}]}<\/script>\n<!-- \/ Yoast SEO plugin. -->","yoast_head_json":{"title":"LUC ADOLPHE TIAO : LE NOUVEAU COMBAT DU DERNIER PREMIER MINISTRE DE BLAISE COMPAOR\u00c9 - 7culture","robots":{"index":"index","follow":"follow","max-snippet":"max-snippet:-1","max-image-preview":"max-image-preview:large","max-video-preview":"max-video-preview:-1"},"canonical":"https:\/\/7culture.ci\/index.php\/2020\/10\/15\/luc-adolphe-tiao-le-nouveau-combat-du-dernier-premier-ministre-de-blaise-compaore\/","og_locale":"fr_FR","og_type":"article","og_title":"LUC ADOLPHE TIAO : LE NOUVEAU COMBAT DU DERNIER PREMIER MINISTRE DE BLAISE COMPAOR\u00c9 - 7culture","og_description":"Malgr\u00e9 son d\u00e9part du pouvoir, Luc Adolphe Tiao, le dernier Premier ministre de l\u2019ancien pr\u00e9sident du Burkina Faso, Blaise Compaor\u00e9, reste attach\u00e9 \u00e0 un combat. Il \u0153uvre au renforcement des liens entre les peuples ivoiriens et burkinab\u00e8. L\u2019ancien proche collaborateur du pr\u00e9sident Compaor\u00e9 est engag\u00e9 avec diverses organisations de la soci\u00e9t\u00e9 civile, des hommes d\u2019affaires, &hellip; LUC ADOLPHE TIAO : LE NOUVEAU COMBAT DU DERNIER PREMIER MINISTRE DE BLAISE COMPAOR\u00c9 Lire la suite\u00a0\u00bb","og_url":"https:\/\/7culture.ci\/index.php\/2020\/10\/15\/luc-adolphe-tiao-le-nouveau-combat-du-dernier-premier-ministre-de-blaise-compaore\/","og_site_name":"7culture","article_publisher":"https:\/\/www.facebook.com\/redchefclaude","article_published_time":"2020-10-15T20:00:00+00:00","article_modified_time":"2022-01-12T22:47:24+00:00","og_image":[{"width":284,"height":200,"url":"http:\/\/7culture.ci\/wp-content\/uploads\/2021\/01\/child-care-template-topics-img-2.jpg","type":"image\/jpeg"}],"author":"Claude Kipre","twitter_card":"summary_large_image","twitter_creator":"@7culturec","twitter_site":"@7culturec","twitter_misc":{"\u00c9crit par":"Claude Kipre","Dur\u00e9e de lecture estim\u00e9e":"2 minutes"},"schema":{"@context":"https:\/\/schema.org","@graph":[{"@type":"Article","@id":"https:\/\/7culture.ci\/index.php\/2020\/10\/15\/luc-adolphe-tiao-le-nouveau-combat-du-dernier-premier-ministre-de-blaise-compaore\/#article","isPartOf":{"@id":"https:\/\/7culture.ci\/index.php\/2020\/10\/15\/luc-adolphe-tiao-le-nouveau-combat-du-dernier-premier-ministre-de-blaise-compaore\/"},"author":{"name":"Claude Kipre","@id":"https:\/\/7culture.ci\/#\/schema\/person\/64b5687ef9752cd031e11e98f4fd60b6"},"headline":"LUC ADOLPHE TIAO : LE NOUVEAU COMBAT DU DERNIER PREMIER MINISTRE DE BLAISE COMPAOR\u00c9","datePublished":"2020-10-15T20:00:00+00:00","dateModified":"2022-01-12T22:47:24+00:00","mainEntityOfPage":{"@id":"https:\/\/7culture.ci\/index.php\/2020\/10\/15\/luc-adolphe-tiao-le-nouveau-combat-du-dernier-premier-ministre-de-blaise-compaore\/"},"wordCount":319,"commentCount":0,"publisher":{"@id":"https:\/\/7culture.ci\/#organization"},"articleSection":["Actualit\u00e9","Reportage"],"inLanguage":"fr-FR","potentialAction":[{"@type":"CommentAction","name":"Comment","target":["https:\/\/7culture.ci\/index.php\/2020\/10\/15\/luc-adolphe-tiao-le-nouveau-combat-du-dernier-premier-ministre-de-blaise-compaore\/#respond"]}]},{"@type":"WebPage","@id":"https:\/\/7culture.ci\/index.php\/2020\/10\/15\/luc-adolphe-tiao-le-nouveau-combat-du-dernier-premier-ministre-de-blaise-compaore\/","url":"https:\/\/7culture.ci\/index.php\/2020\/10\/15\/luc-adolphe-tiao-le-nouveau-combat-du-dernier-premier-ministre-de-blaise-compaore\/","name":"LUC ADOLPHE TIAO : LE NOUVEAU COMBAT DU DERNIER PREMIER MINISTRE DE BLAISE COMPAOR\u00c9 - 7culture","isPartOf":{"@id":"https:\/\/7culture.ci\/#website"},"datePublished":"2020-10-15T20:00:00+00:00","dateModified":"2022-01-12T22:47:24+00:00","breadcrumb":{"@id":"https:\/\/7culture.ci\/index.php\/2020\/10\/15\/luc-adolphe-tiao-le-nouveau-combat-du-dernier-premier-ministre-de-blaise-compaore\/#breadcrumb"},"inLanguage":"fr-FR","potentialAction":[{"@type":"ReadAction","target":["https:\/\/7culture.ci\/index.php\/2020\/10\/15\/luc-adolphe-tiao-le-nouveau-combat-du-dernier-premier-ministre-de-blaise-compaore\/"]}]},{"@type":"BreadcrumbList","@id":"https:\/\/7culture.ci\/index.php\/2020\/10\/15\/luc-adolphe-tiao-le-nouveau-combat-du-dernier-premier-ministre-de-blaise-compaore\/#breadcrumb","itemListElement":[{"@type":"ListItem","position":1,"name":"Accueil","item":"https:\/\/7culture.ci\/"},{"@type":"ListItem","position":2,"name":"LUC ADOLPHE TIAO : LE NOUVEAU COMBAT DU DERNIER PREMIER MINISTRE DE BLAISE COMPAOR\u00c9"}]},{"@type":"WebSite","@id":"https:\/\/7culture.ci\/#website","url":"https:\/\/7culture.ci\/","name":"7culture","description":"Tout sur l&#039;actualit\u00e9","publisher":{"@id":"https:\/\/7culture.ci\/#organization"},"potentialAction":[{"@type":"SearchAction","target":{"@type":"EntryPoint","urlTemplate":"https:\/\/7culture.ci\/?s={search_term_string}"},"query-input":"required name=search_term_string"}],"inLanguage":"fr-FR"},{"@type":"Organization","@id":"https:\/\/7culture.ci\/#organization","name":"7culture","url":"https:\/\/7culture.ci\/","sameAs":["https:\/\/www.facebook.com\/redchefclaude","https:\/\/twitter.com\/7culturec"],"logo":{"@type":"ImageObject","inLanguage":"fr-FR","@id":"https:\/\/7culture.ci\/#\/schema\/logo\/image\/","url":"https:\/\/7culture.ci\/wp-content\/uploads\/2021\/12\/S1a-1.png","contentUrl":"https:\/\/7culture.ci\/wp-content\/uploads\/2021\/12\/S1a-1.png","width":588,"height":192,"caption":"7culture"},"image":{"@id":"https:\/\/7culture.ci\/#\/schema\/logo\/image\/"}},{"@type":"Person","@id":"https:\/\/7culture.ci\/#\/schema\/person\/64b5687ef9752cd031e11e98f4fd60b6","name":"Claude Kipre","image":{"@type":"ImageObject","inLanguage":"fr-FR","@id":"https:\/\/7culture.ci\/#\/schema\/person\/image\/","url":"https:\/\/secure.gravatar.com\/avatar\/60e5007626848549b0d9b2ad9c53c9e8?s=96&d=mm&r=g","contentUrl":"https:\/\/secure.gravatar.com\/avatar\/60e5007626848549b0d9b2ad9c53c9e8?s=96&d=mm&r=g","caption":"Claude Kipre"},"url":"https:\/\/7culture.ci\/index.php\/author\/claude-kipre\/"}]}},"jetpack_featured_media_url":"https:\/\/7culture.ci\/wp-content\/uploads\/2021\/01\/child-care-template-topics-img-2.jpg","jetpack_likes_enabled":true,"jetpack_sharing_enabled":true,"_links":{"self":[{"href":"https:\/\/7culture.ci\/index.php\/wp-json\/wp\/v2\/posts\/4520"}],"collection":[{"href":"https:\/\/7culture.ci\/index.php\/wp-json\/wp\/v2\/posts"}],"about":[{"href":"https:\/\/7culture.ci\/index.php\/wp-json\/wp\/v2\/types\/post"}],"author":[{"embeddable":true,"href":"https:\/\/7culture.ci\/index.php\/wp-json\/wp\/v2\/users\/2"}],"replies":[{"embeddable":true,"href":"https:\/\/7culture.ci\/index.php\/wp-json\/wp\/v2\/comments?post=4520"}],"version-history":[{"count":0,"href":"https:\/\/7culture.ci\/index.php\/wp-json\/wp\/v2\/posts\/4520\/revisions"}],"wp:featuredmedia":[{"embeddable":true,"href":"https:\/\/7culture.ci\/index.php\/wp-json\/wp\/v2\/media\/241"}],"wp:attachment":[{"href":"https:\/\/7culture.ci\/index.php\/wp-json\/wp\/v2\/media?parent=4520"}],"wp:term":[{"taxonomy":"category","embeddable":true,"href":"https:\/\/7culture.ci\/index.php\/wp-json\/wp\/v2\/categories?post=4520"},{"taxonomy":"post_tag","embeddable":true,"href":"https:\/\/7culture.ci\/index.php\/wp-json\/wp\/v2\/tags?post=4520"}],"curies":[{"name":"wp","href":"https:\/\/api.w.org\/{rel}","templated":true}]}}