{"id":4476,"date":"2020-10-14T16:55:32","date_gmt":"2020-10-14T16:55:32","guid":{"rendered":"https:\/\/7culture.ci\/index.php\/2020\/10\/14\/che-guevara-comment-sa-mythique-photo-en-beret-a-fini-sur-nos-t-shirts\/"},"modified":"2022-01-12T23:37:02","modified_gmt":"2022-01-12T22:37:02","slug":"che-guevara-comment-sa-mythique-photo-en-beret-a-fini-sur-nos-t-shirts","status":"publish","type":"post","link":"https:\/\/7culture.ci\/index.php\/2020\/10\/14\/che-guevara-comment-sa-mythique-photo-en-beret-a-fini-sur-nos-t-shirts\/","title":{"rendered":"CHE GUEVARA: COMMENT SA MYTHIQUE PHOTO EN B\u00c9RET A FINI SUR NOS T-SHIRTS"},"content":{"rendered":"\n<p><strong><em>Ernesto Che Guevara est mort, il y a 53 ans. Parmi ses photographies, il y a \\&#8221;El Guerillero Heroico\\&#8221;, le portrait r\u00e9alis\u00e9 par le photographe Alberto Korda. Il est devenu iconique et il a fait le tour du monde.<\/em><\/strong><\/p>\n\n\n\n<p><strong>Le Che, air grave, est&#8230; \u00e0 un enterrement<\/strong><\/p>\n\n\n\n<p>Que montre la photo ? Sur un t-shirt, sur un mug ou un cendrier, cette image iconique reste encore tr\u00e8s largement utilis\u00e9e de nos jours. Prise le 5 mars 1960 \u00e0 La Havane, elle y pr\u00e9sente Ernesto Guevara de la Serna, plus connu sous le nom de <strong>Che Guevara<\/strong>, lors de l\\&#8217;enterrement des victimes de l\\&#8217;explosion du cargo fran\u00e7ais La Coubre. Ce navire, transportant des munitions belges, explosa le 4 mars 1960 dans le port de La Havane. Ce drame fit au moins 75 morts et plus de 200 bless\u00e9s. Cuba accusa la CIA d\\&#8217;\u00eatre \u00e0 l\\&#8217;origine de cet acte, mais les Etats-Unis ont toujours privil\u00e9gi\u00e9 la th\u00e8se de l\\&#8217;accident. Pr\u00e9sent lors des fun\u00e9railles, celui que l\\&#8217;on appelle <strong>Le Che<\/strong> y affiche un air d\u00e9termin\u00e9, grave et h\u00e9ro\u00efque, le regard tourn\u00e9 vers le haut.<\/p>\n\n\n\n<figure class=\\\"wp-block-image size-large\\\"><img src=\\\"http:\/\/7culture.ci\/fbf\/uploads\/2020\/07\/tch\u00e9-.jpg\\\" alt=\\\"\\\" class=\\\"wp-image-4481\\\"\/><\/figure>\n\n\n\n<p><strong>Une image recadr\u00e9e&#8230; qui reste d\\&#8217;abord dans l\\&#8217;ombre<\/strong><\/p>\n\n\n\n<p>Chose peu connue, la photographie initiale a \u00e9t\u00e9 recadr\u00e9e afin de n\\&#8217;afficher que le r\u00e9volutionnaire. Sur l\\&#8217;image originale, une moiti\u00e9 de visage appara\u00eet au bord du cadre, ainsi que des feuilles sur la gauche du Che.<\/p>\n\n\n\n<p>L\\&#8217;auteur de cette photographie mondialement connue est <strong>Alberto Korda<\/strong>, un fervent r\u00e9volutionnaire communiste. Il a r\u00e9ussi ce clich\u00e9 qui fera le tour du monde alors qu\\&#8217;il n\\&#8217;a pris que deux photos du Che ce jour-l\u00e0, comme le montre sa planche contact.<\/p>\n\n\n\n<p>La premi\u00e8re version publique de cette photographie sort en 1961, pour illustrer un reportage du journal <strong>Revolucion<\/strong> sur le Che. Mais l\\&#8217;image, qui ne conna\u00eet alors pas de succ\u00e8s international, retombe dans l\\&#8217;anonymat. Jusqu\\&#8217;\u00e0 la mort d\\&#8217;Ernesto Guevara en 1967, abattu par l\\&#8217;arm\u00e9e bolivienne, o\u00f9 la photo fait le tour des m\u00e9dias du monde entier qui voient en elle l\\&#8217;illustration parfaite du r\u00e9volutionnaire po\u00e9tique.<\/p>\n\n\n\n<p><strong>La c\u00e9l\u00e9brit\u00e9&#8230; et la question des droits d\\&#8217;auteur<\/strong><\/p>\n\n\n\n<p>Si cette image a tant \u00e9t\u00e9 reprise sur toutes formes de support, c\\&#8217;est gr\u00e2ce \u00e0 une faille\u2026 dans les droits d\\&#8217;auteur. Pendant plusieurs d\u00e9cennies, Alberto Korda a tol\u00e9r\u00e9 l\\&#8217;utilisation libre de cette image. Il a m\u00eame \u00e9t\u00e9 jusqu\\&#8217;\u00e0 en offrir un tirage original \u00e0 l\\&#8217;\u00e9diteur italien Giangiacomo Feltrinelli. Ce dernier en a profit\u00e9, \u00e0 la mort du Che, pour faire imprimer en un million d\\&#8217;exemplaires le portrait r\u00e9alis\u00e9 par Korda. Depuis, l\\&#8217;image reste utilis\u00e9e partout.<\/p>\n\n\n\n<p>Ce n\\&#8217;est qu\\&#8217;\u00e0 partir de 2000 qu\\&#8217;Alberto Korda a fait valoir son droit d\\&#8217;auteur, lorsqu\\&#8217;une c\u00e9l\u00e8bre marque de vodka a d\u00e9cid\u00e9 de l\\&#8217;utiliser pour ses campagnes publicitaires. <strong><em>\u00ab&nbsp;En tant que partisan des id\u00e9aux pour lesquels Che Guevara est mort, je ne suis pas oppos\u00e9 \u00e0 sa reproduction par ceux qui souhaitent propager sa m\u00e9moire et la cause de la justice sociale \u00e0 travers le monde, mais je suis cat\u00e9goriquement contre l\\&#8217;exploitation de l\\&#8217;image du Che pour la promotion de produits comme l\\&#8217;alcool, ou pour tout autre objet qui d\u00e9nigre la r\u00e9putation du Che&nbsp;\u00bb<\/em><\/strong>, soutient Alberto Korda. C\\&#8217;est ainsi qu\\&#8217;il gagna son proc\u00e8s contre la marque de vodka. Il donna les 50.000 dollars qui lui furent revers\u00e9s par l\\&#8217;entreprise au syst\u00e8me m\u00e9dical cubain. Autrement, celui qui a captur\u00e9 cette image n\\&#8217;a jamais tir\u00e9 un b\u00e9n\u00e9fice cons\u00e9quent de cette photographie.<\/p>\n\n\n\n<p>De son c\u00f4t\u00e9, la fille du photographe a entam\u00e9 une v\u00e9ritable croisade contre les utilisations abusives de l\\&#8217;image du Che. En 2008, ce sont deux proc\u00e8s que Diana Diaz-Lopez a gagn\u00e9s. Le premier contre l\\&#8217;Union sportive d\\&#8217;Ivry Handball, qui avait utilis\u00e9 et remplac\u00e9 dans un visuel les habits d\\&#8217;Ernesto Guevara par le maillot de l\\&#8217;\u00e9quipe, et le second contre deux vendeurs de cigares et de pipes sur le web, qui se servaient de la photo iconique comme support de promotion.<\/p>\n\n\n\n<p><strong>Alberto Korda, photographe personnel de Castro<\/strong><\/p>\n\n\n\n<p>Que dire du photographe ? N\u00e9 \u00e0 la Havane en 1928, Alberto Korda a toute sa vie \u00e9t\u00e9 un r\u00e9volutionnaire convaincu, ami du Che et photographe personnel de Fidel Castro durant dix ans. Il est mort \u00e0 Paris en 2001 lors de la pr\u00e9sentation d\\&#8217;une de ses expositions o\u00f9 il a succomb\u00e9 \u00e0 une crise cardiaque.<\/p>\n\n\n\n<figure class=\\\"wp-block-image size-large\\\"><img src=\\\"http:\/\/7culture.ci\/fbf\/uploads\/2020\/07\/tch\u00e9-1-757x1024.jpg\\\" alt=\\\"\\\" class=\\\"wp-image-4469\\\"\/><\/figure>\n\n\n\n<p>nouvelobs.com<\/p>\n","protected":false},"excerpt":{"rendered":"<p>Ernesto Che Guevara est mort, il y a 53 ans. Parmi ses photographies, il y a \\&#8221;El Guerillero Heroico\\&#8221;, le portrait r\u00e9alis\u00e9 par le photographe Alberto Korda. Il est devenu iconique et il a fait le tour du monde. Le Che, air grave, est&#8230; \u00e0 un enterrement Que montre la photo ? Sur un t-shirt, &hellip;<\/p>\n<p class=\"read-more\"> <a class=\"\" href=\"https:\/\/7culture.ci\/index.php\/2020\/10\/14\/che-guevara-comment-sa-mythique-photo-en-beret-a-fini-sur-nos-t-shirts\/\"> <span class=\"screen-reader-text\">CHE GUEVARA: COMMENT SA MYTHIQUE PHOTO EN B\u00c9RET A FINI SUR NOS T-SHIRTS<\/span> Lire la suite\u00a0\u00bb<\/a><\/p>\n","protected":false},"author":2,"featured_media":183,"comment_status":"open","ping_status":"closed","sticky":false,"template":"","format":"standard","meta":{"_mi_skip_tracking":false,"_monsterinsights_sitenote_active":false,"_monsterinsights_sitenote_note":"","_monsterinsights_sitenote_category":0,"site-sidebar-layout":"default","site-content-layout":"default","ast-global-header-display":"","ast-main-header-display":"","ast-hfb-above-header-display":"","ast-hfb-below-header-display":"","ast-hfb-mobile-header-display":"","site-post-title":"","ast-breadcrumbs-content":"","ast-featured-img":"","footer-sml-layout":"","theme-transparent-header-meta":"","adv-header-id-meta":"","stick-header-meta":"","header-above-stick-meta":"","header-main-stick-meta":"","header-below-stick-meta":"","footnotes":"","jetpack_publicize_message":"","jetpack_is_tweetstorm":false,"jetpack_publicize_feature_enabled":true},"categories":[35],"tags":[],"jetpack_publicize_connections":[],"acf":[],"aioseo_notices":[],"yoast_head":"<!-- This site is optimized with the Yoast SEO plugin v19.6.1 - https:\/\/yoast.com\/wordpress\/plugins\/seo\/ -->\n<title>CHE GUEVARA: COMMENT SA MYTHIQUE PHOTO EN B\u00c9RET A FINI SUR NOS T-SHIRTS - 7culture<\/title>\n<meta name=\"robots\" content=\"index, follow, max-snippet:-1, max-image-preview:large, max-video-preview:-1\" \/>\n<link rel=\"canonical\" href=\"https:\/\/7culture.ci\/index.php\/2020\/10\/14\/che-guevara-comment-sa-mythique-photo-en-beret-a-fini-sur-nos-t-shirts\/\" \/>\n<meta property=\"og:locale\" content=\"fr_FR\" \/>\n<meta property=\"og:type\" content=\"article\" \/>\n<meta property=\"og:title\" content=\"CHE GUEVARA: COMMENT SA MYTHIQUE PHOTO EN B\u00c9RET A FINI SUR NOS T-SHIRTS - 7culture\" \/>\n<meta property=\"og:description\" content=\"Ernesto Che Guevara est mort, il y a 53 ans. Parmi ses photographies, il y a &#8221;El Guerillero Heroico&#8221;, le portrait r\u00e9alis\u00e9 par le photographe Alberto Korda. Il est devenu iconique et il a fait le tour du monde. Le Che, air grave, est&#8230; \u00e0 un enterrement Que montre la photo ? Sur un t-shirt, &hellip; CHE GUEVARA: COMMENT SA MYTHIQUE PHOTO EN B\u00c9RET A FINI SUR NOS T-SHIRTS Lire la suite\u00a0\u00bb\" \/>\n<meta property=\"og:url\" content=\"https:\/\/7culture.ci\/index.php\/2020\/10\/14\/che-guevara-comment-sa-mythique-photo-en-beret-a-fini-sur-nos-t-shirts\/\" \/>\n<meta property=\"og:site_name\" content=\"7culture\" \/>\n<meta property=\"article:publisher\" content=\"https:\/\/www.facebook.com\/redchefclaude\" \/>\n<meta property=\"article:published_time\" content=\"2020-10-14T16:55:32+00:00\" \/>\n<meta property=\"article:modified_time\" content=\"2022-01-12T22:37:02+00:00\" \/>\n<meta property=\"og:image\" content=\"http:\/\/7culture.ci\/wp-content\/uploads\/2021\/01\/child-care-template-featured-article-img-1.jpg\" \/>\n\t<meta property=\"og:image:width\" content=\"368\" \/>\n\t<meta property=\"og:image:height\" content=\"240\" \/>\n\t<meta property=\"og:image:type\" content=\"image\/jpeg\" \/>\n<meta name=\"author\" content=\"Claude Kipre\" \/>\n<meta name=\"twitter:card\" content=\"summary_large_image\" \/>\n<meta name=\"twitter:creator\" content=\"@7culturec\" \/>\n<meta name=\"twitter:site\" content=\"@7culturec\" \/>\n<meta name=\"twitter:label1\" content=\"\u00c9crit par\" \/>\n\t<meta name=\"twitter:data1\" content=\"Claude Kipre\" \/>\n\t<meta name=\"twitter:label2\" content=\"Dur\u00e9e de lecture estim\u00e9e\" \/>\n\t<meta name=\"twitter:data2\" content=\"4 minutes\" \/>\n<script type=\"application\/ld+json\" class=\"yoast-schema-graph\">{\"@context\":\"https:\/\/schema.org\",\"@graph\":[{\"@type\":\"Article\",\"@id\":\"https:\/\/7culture.ci\/index.php\/2020\/10\/14\/che-guevara-comment-sa-mythique-photo-en-beret-a-fini-sur-nos-t-shirts\/#article\",\"isPartOf\":{\"@id\":\"https:\/\/7culture.ci\/index.php\/2020\/10\/14\/che-guevara-comment-sa-mythique-photo-en-beret-a-fini-sur-nos-t-shirts\/\"},\"author\":{\"name\":\"Claude Kipre\",\"@id\":\"https:\/\/7culture.ci\/#\/schema\/person\/64b5687ef9752cd031e11e98f4fd60b6\"},\"headline\":\"CHE GUEVARA: COMMENT SA MYTHIQUE PHOTO EN B\u00c9RET A FINI SUR NOS T-SHIRTS\",\"datePublished\":\"2020-10-14T16:55:32+00:00\",\"dateModified\":\"2022-01-12T22:37:02+00:00\",\"mainEntityOfPage\":{\"@id\":\"https:\/\/7culture.ci\/index.php\/2020\/10\/14\/che-guevara-comment-sa-mythique-photo-en-beret-a-fini-sur-nos-t-shirts\/\"},\"wordCount\":788,\"commentCount\":0,\"publisher\":{\"@id\":\"https:\/\/7culture.ci\/#organization\"},\"articleSection\":[\"Dossier\"],\"inLanguage\":\"fr-FR\",\"potentialAction\":[{\"@type\":\"CommentAction\",\"name\":\"Comment\",\"target\":[\"https:\/\/7culture.ci\/index.php\/2020\/10\/14\/che-guevara-comment-sa-mythique-photo-en-beret-a-fini-sur-nos-t-shirts\/#respond\"]}]},{\"@type\":\"WebPage\",\"@id\":\"https:\/\/7culture.ci\/index.php\/2020\/10\/14\/che-guevara-comment-sa-mythique-photo-en-beret-a-fini-sur-nos-t-shirts\/\",\"url\":\"https:\/\/7culture.ci\/index.php\/2020\/10\/14\/che-guevara-comment-sa-mythique-photo-en-beret-a-fini-sur-nos-t-shirts\/\",\"name\":\"CHE GUEVARA: COMMENT SA MYTHIQUE PHOTO EN B\u00c9RET A FINI SUR NOS T-SHIRTS - 7culture\",\"isPartOf\":{\"@id\":\"https:\/\/7culture.ci\/#website\"},\"datePublished\":\"2020-10-14T16:55:32+00:00\",\"dateModified\":\"2022-01-12T22:37:02+00:00\",\"breadcrumb\":{\"@id\":\"https:\/\/7culture.ci\/index.php\/2020\/10\/14\/che-guevara-comment-sa-mythique-photo-en-beret-a-fini-sur-nos-t-shirts\/#breadcrumb\"},\"inLanguage\":\"fr-FR\",\"potentialAction\":[{\"@type\":\"ReadAction\",\"target\":[\"https:\/\/7culture.ci\/index.php\/2020\/10\/14\/che-guevara-comment-sa-mythique-photo-en-beret-a-fini-sur-nos-t-shirts\/\"]}]},{\"@type\":\"BreadcrumbList\",\"@id\":\"https:\/\/7culture.ci\/index.php\/2020\/10\/14\/che-guevara-comment-sa-mythique-photo-en-beret-a-fini-sur-nos-t-shirts\/#breadcrumb\",\"itemListElement\":[{\"@type\":\"ListItem\",\"position\":1,\"name\":\"Accueil\",\"item\":\"https:\/\/7culture.ci\/\"},{\"@type\":\"ListItem\",\"position\":2,\"name\":\"CHE GUEVARA: COMMENT SA MYTHIQUE PHOTO EN B\u00c9RET A FINI SUR NOS T-SHIRTS\"}]},{\"@type\":\"WebSite\",\"@id\":\"https:\/\/7culture.ci\/#website\",\"url\":\"https:\/\/7culture.ci\/\",\"name\":\"7culture\",\"description\":\"Tout sur l&#039;actualit\u00e9\",\"publisher\":{\"@id\":\"https:\/\/7culture.ci\/#organization\"},\"potentialAction\":[{\"@type\":\"SearchAction\",\"target\":{\"@type\":\"EntryPoint\",\"urlTemplate\":\"https:\/\/7culture.ci\/?s={search_term_string}\"},\"query-input\":\"required name=search_term_string\"}],\"inLanguage\":\"fr-FR\"},{\"@type\":\"Organization\",\"@id\":\"https:\/\/7culture.ci\/#organization\",\"name\":\"7culture\",\"url\":\"https:\/\/7culture.ci\/\",\"sameAs\":[\"https:\/\/www.facebook.com\/redchefclaude\",\"https:\/\/twitter.com\/7culturec\"],\"logo\":{\"@type\":\"ImageObject\",\"inLanguage\":\"fr-FR\",\"@id\":\"https:\/\/7culture.ci\/#\/schema\/logo\/image\/\",\"url\":\"https:\/\/7culture.ci\/wp-content\/uploads\/2021\/12\/S1a-1.png\",\"contentUrl\":\"https:\/\/7culture.ci\/wp-content\/uploads\/2021\/12\/S1a-1.png\",\"width\":588,\"height\":192,\"caption\":\"7culture\"},\"image\":{\"@id\":\"https:\/\/7culture.ci\/#\/schema\/logo\/image\/\"}},{\"@type\":\"Person\",\"@id\":\"https:\/\/7culture.ci\/#\/schema\/person\/64b5687ef9752cd031e11e98f4fd60b6\",\"name\":\"Claude Kipre\",\"image\":{\"@type\":\"ImageObject\",\"inLanguage\":\"fr-FR\",\"@id\":\"https:\/\/7culture.ci\/#\/schema\/person\/image\/\",\"url\":\"https:\/\/secure.gravatar.com\/avatar\/60e5007626848549b0d9b2ad9c53c9e8?s=96&d=mm&r=g\",\"contentUrl\":\"https:\/\/secure.gravatar.com\/avatar\/60e5007626848549b0d9b2ad9c53c9e8?s=96&d=mm&r=g\",\"caption\":\"Claude Kipre\"},\"url\":\"https:\/\/7culture.ci\/index.php\/author\/claude-kipre\/\"}]}<\/script>\n<!-- \/ Yoast SEO plugin. -->","yoast_head_json":{"title":"CHE GUEVARA: COMMENT SA MYTHIQUE PHOTO EN B\u00c9RET A FINI SUR NOS T-SHIRTS - 7culture","robots":{"index":"index","follow":"follow","max-snippet":"max-snippet:-1","max-image-preview":"max-image-preview:large","max-video-preview":"max-video-preview:-1"},"canonical":"https:\/\/7culture.ci\/index.php\/2020\/10\/14\/che-guevara-comment-sa-mythique-photo-en-beret-a-fini-sur-nos-t-shirts\/","og_locale":"fr_FR","og_type":"article","og_title":"CHE GUEVARA: COMMENT SA MYTHIQUE PHOTO EN B\u00c9RET A FINI SUR NOS T-SHIRTS - 7culture","og_description":"Ernesto Che Guevara est mort, il y a 53 ans. Parmi ses photographies, il y a &#8221;El Guerillero Heroico&#8221;, le portrait r\u00e9alis\u00e9 par le photographe Alberto Korda. Il est devenu iconique et il a fait le tour du monde. Le Che, air grave, est&#8230; \u00e0 un enterrement Que montre la photo ? Sur un t-shirt, &hellip; CHE GUEVARA: COMMENT SA MYTHIQUE PHOTO EN B\u00c9RET A FINI SUR NOS T-SHIRTS Lire la suite\u00a0\u00bb","og_url":"https:\/\/7culture.ci\/index.php\/2020\/10\/14\/che-guevara-comment-sa-mythique-photo-en-beret-a-fini-sur-nos-t-shirts\/","og_site_name":"7culture","article_publisher":"https:\/\/www.facebook.com\/redchefclaude","article_published_time":"2020-10-14T16:55:32+00:00","article_modified_time":"2022-01-12T22:37:02+00:00","og_image":[{"width":368,"height":240,"url":"http:\/\/7culture.ci\/wp-content\/uploads\/2021\/01\/child-care-template-featured-article-img-1.jpg","type":"image\/jpeg"}],"author":"Claude Kipre","twitter_card":"summary_large_image","twitter_creator":"@7culturec","twitter_site":"@7culturec","twitter_misc":{"\u00c9crit par":"Claude Kipre","Dur\u00e9e de lecture estim\u00e9e":"4 minutes"},"schema":{"@context":"https:\/\/schema.org","@graph":[{"@type":"Article","@id":"https:\/\/7culture.ci\/index.php\/2020\/10\/14\/che-guevara-comment-sa-mythique-photo-en-beret-a-fini-sur-nos-t-shirts\/#article","isPartOf":{"@id":"https:\/\/7culture.ci\/index.php\/2020\/10\/14\/che-guevara-comment-sa-mythique-photo-en-beret-a-fini-sur-nos-t-shirts\/"},"author":{"name":"Claude Kipre","@id":"https:\/\/7culture.ci\/#\/schema\/person\/64b5687ef9752cd031e11e98f4fd60b6"},"headline":"CHE GUEVARA: COMMENT SA MYTHIQUE PHOTO EN B\u00c9RET A FINI SUR NOS T-SHIRTS","datePublished":"2020-10-14T16:55:32+00:00","dateModified":"2022-01-12T22:37:02+00:00","mainEntityOfPage":{"@id":"https:\/\/7culture.ci\/index.php\/2020\/10\/14\/che-guevara-comment-sa-mythique-photo-en-beret-a-fini-sur-nos-t-shirts\/"},"wordCount":788,"commentCount":0,"publisher":{"@id":"https:\/\/7culture.ci\/#organization"},"articleSection":["Dossier"],"inLanguage":"fr-FR","potentialAction":[{"@type":"CommentAction","name":"Comment","target":["https:\/\/7culture.ci\/index.php\/2020\/10\/14\/che-guevara-comment-sa-mythique-photo-en-beret-a-fini-sur-nos-t-shirts\/#respond"]}]},{"@type":"WebPage","@id":"https:\/\/7culture.ci\/index.php\/2020\/10\/14\/che-guevara-comment-sa-mythique-photo-en-beret-a-fini-sur-nos-t-shirts\/","url":"https:\/\/7culture.ci\/index.php\/2020\/10\/14\/che-guevara-comment-sa-mythique-photo-en-beret-a-fini-sur-nos-t-shirts\/","name":"CHE GUEVARA: COMMENT SA MYTHIQUE PHOTO EN B\u00c9RET A FINI SUR NOS T-SHIRTS - 7culture","isPartOf":{"@id":"https:\/\/7culture.ci\/#website"},"datePublished":"2020-10-14T16:55:32+00:00","dateModified":"2022-01-12T22:37:02+00:00","breadcrumb":{"@id":"https:\/\/7culture.ci\/index.php\/2020\/10\/14\/che-guevara-comment-sa-mythique-photo-en-beret-a-fini-sur-nos-t-shirts\/#breadcrumb"},"inLanguage":"fr-FR","potentialAction":[{"@type":"ReadAction","target":["https:\/\/7culture.ci\/index.php\/2020\/10\/14\/che-guevara-comment-sa-mythique-photo-en-beret-a-fini-sur-nos-t-shirts\/"]}]},{"@type":"BreadcrumbList","@id":"https:\/\/7culture.ci\/index.php\/2020\/10\/14\/che-guevara-comment-sa-mythique-photo-en-beret-a-fini-sur-nos-t-shirts\/#breadcrumb","itemListElement":[{"@type":"ListItem","position":1,"name":"Accueil","item":"https:\/\/7culture.ci\/"},{"@type":"ListItem","position":2,"name":"CHE GUEVARA: COMMENT SA MYTHIQUE PHOTO EN B\u00c9RET A FINI SUR NOS T-SHIRTS"}]},{"@type":"WebSite","@id":"https:\/\/7culture.ci\/#website","url":"https:\/\/7culture.ci\/","name":"7culture","description":"Tout sur l&#039;actualit\u00e9","publisher":{"@id":"https:\/\/7culture.ci\/#organization"},"potentialAction":[{"@type":"SearchAction","target":{"@type":"EntryPoint","urlTemplate":"https:\/\/7culture.ci\/?s={search_term_string}"},"query-input":"required name=search_term_string"}],"inLanguage":"fr-FR"},{"@type":"Organization","@id":"https:\/\/7culture.ci\/#organization","name":"7culture","url":"https:\/\/7culture.ci\/","sameAs":["https:\/\/www.facebook.com\/redchefclaude","https:\/\/twitter.com\/7culturec"],"logo":{"@type":"ImageObject","inLanguage":"fr-FR","@id":"https:\/\/7culture.ci\/#\/schema\/logo\/image\/","url":"https:\/\/7culture.ci\/wp-content\/uploads\/2021\/12\/S1a-1.png","contentUrl":"https:\/\/7culture.ci\/wp-content\/uploads\/2021\/12\/S1a-1.png","width":588,"height":192,"caption":"7culture"},"image":{"@id":"https:\/\/7culture.ci\/#\/schema\/logo\/image\/"}},{"@type":"Person","@id":"https:\/\/7culture.ci\/#\/schema\/person\/64b5687ef9752cd031e11e98f4fd60b6","name":"Claude Kipre","image":{"@type":"ImageObject","inLanguage":"fr-FR","@id":"https:\/\/7culture.ci\/#\/schema\/person\/image\/","url":"https:\/\/secure.gravatar.com\/avatar\/60e5007626848549b0d9b2ad9c53c9e8?s=96&d=mm&r=g","contentUrl":"https:\/\/secure.gravatar.com\/avatar\/60e5007626848549b0d9b2ad9c53c9e8?s=96&d=mm&r=g","caption":"Claude Kipre"},"url":"https:\/\/7culture.ci\/index.php\/author\/claude-kipre\/"}]}},"jetpack_featured_media_url":"https:\/\/7culture.ci\/wp-content\/uploads\/2021\/01\/child-care-template-featured-article-img-1.jpg","jetpack_likes_enabled":true,"jetpack_sharing_enabled":true,"_links":{"self":[{"href":"https:\/\/7culture.ci\/index.php\/wp-json\/wp\/v2\/posts\/4476"}],"collection":[{"href":"https:\/\/7culture.ci\/index.php\/wp-json\/wp\/v2\/posts"}],"about":[{"href":"https:\/\/7culture.ci\/index.php\/wp-json\/wp\/v2\/types\/post"}],"author":[{"embeddable":true,"href":"https:\/\/7culture.ci\/index.php\/wp-json\/wp\/v2\/users\/2"}],"replies":[{"embeddable":true,"href":"https:\/\/7culture.ci\/index.php\/wp-json\/wp\/v2\/comments?post=4476"}],"version-history":[{"count":0,"href":"https:\/\/7culture.ci\/index.php\/wp-json\/wp\/v2\/posts\/4476\/revisions"}],"wp:featuredmedia":[{"embeddable":true,"href":"https:\/\/7culture.ci\/index.php\/wp-json\/wp\/v2\/media\/183"}],"wp:attachment":[{"href":"https:\/\/7culture.ci\/index.php\/wp-json\/wp\/v2\/media?parent=4476"}],"wp:term":[{"taxonomy":"category","embeddable":true,"href":"https:\/\/7culture.ci\/index.php\/wp-json\/wp\/v2\/categories?post=4476"},{"taxonomy":"post_tag","embeddable":true,"href":"https:\/\/7culture.ci\/index.php\/wp-json\/wp\/v2\/tags?post=4476"}],"curies":[{"name":"wp","href":"https:\/\/api.w.org\/{rel}","templated":true}]}}