{"id":4418,"date":"2020-10-12T18:22:17","date_gmt":"2020-10-12T18:22:17","guid":{"rendered":"https:\/\/7culture.ci\/index.php\/2020\/10\/12\/le-fils-de-papitou-est-decede\/"},"modified":"2020-10-12T18:22:17","modified_gmt":"2020-10-12T18:22:17","slug":"le-fils-de-papitou-est-decede","status":"publish","type":"post","link":"https:\/\/7culture.ci\/index.php\/2020\/10\/12\/le-fils-de-papitou-est-decede\/","title":{"rendered":"LE FILS DE PAPITOU EST D\u00c9C\u00c9D\u00c9"},"content":{"rendered":"\n<p><strong><em>Papitou, l\u2019in\u00e9narrable imitateur du pr\u00e9sident B\u00e9di\u00e9 est actuellement inconsolable. Par voix de r\u00e9seaux sociaux, il a annonc\u00e9 le d\u00e9c\u00e8s de son fils Franck ce lundi 12 octobre 2020.<\/em><\/strong><\/p>\n\n\n\n<figure class=\\\"wp-block-image size-large\\\"><img src=\\\"http:\/\/7culture.ci\/fbf\/uploads\/2020\/10\/Papitou-Franck-2.jpg\\\" alt=\\\"\\\" class=\\\"wp-image-4422\\\"\/><\/figure>\n\n\n\n<p>\u00ab&nbsp;<strong><em>J\\&#8217;ai la grande douleur de vous annoncer le d\u00e9c\u00e8s de mon fils Franck. 2020 que t-ai-je fais ?<\/em><\/strong>\u00bb, s\u2019est interrog\u00e9 Germain Koloko dit Papitou apr\u00e8s avoir annonc\u00e9 quelques heures plut\u00f4t le rappel \u00e0 Dieu de Franck, son fils, ce lundi 12 octobre 2020. Selon le c\u00e9l\u00e8bre imitateur du pr\u00e9sident B\u00e9di\u00e9, les mauvaises nouvelles se succ\u00e8dent sans cesse dans sa famille. \u00ab&nbsp;<strong><em>Tr\u00e8s difficilement, je sors d\u2019un accident de circulation (16 novembre 2019) qui m\\&#8217;a terriblement mis en retard sur plusieurs activit\u00e9s professionnelles. Je croyais m\\&#8217;en sortir jusqu\\&#8217;\u00e0 ce que Corona vienne encore semer la terreur. Je perds mon papa dans cette pand\u00e9mie. J\\&#8217;ai surmont\u00e9 l\u2019\u00e9preuve et aujourd\\&#8217;hui encore, la mort emporte mon gar\u00e7on. Je suis effondr\u00e9. J\u2019ai mal&nbsp;\u00bb<\/em><\/strong>, a-t-il post\u00e9 sur Papitou-Officiel.<\/p>\n\n\n\n<figure class=\\\"wp-block-image size-large\\\"><img src=\\\"http:\/\/7culture.ci\/fbf\/uploads\/2020\/07\/Papitou3.jpg\\\" alt=\\\"\\\" class=\\\"wp-image-4416\\\"\/><\/figure>\n\n\n\n<p>D\u2019ordinaire si taquin sur son profil Facebook comme dans la vie de tous les jours, le mur de l\u2019artiste-com\u00e9dien respirait ce lundi 12 octobre le deuil et la tristesse. \u00ab&nbsp;<strong><em>Qu\\&#8217;est-ce qui se passe, mon b\u00e9b\u00e9 ? Ta maman est partie, toi aussi tu me laisses pour partir! 2020, si je t\\&#8217;ai fait quelques choses, pardonne-moi. Je t\\&#8217;en supplie, ram\u00e8ne-moi mon enfant, mon Franck, mon footballeur, mon champion&nbsp;! Dort en paix. Je salue ta Maman, je salue \u00e9galement mon Papa, reposez tous en paix et priez toujours pour moi et les autres<\/em><\/strong>&nbsp;\u00bb, a-t-il \u00e9crit, impuissant et inconsolable, au regard des \u00e9motic\u00f4nes de larmes qui terminent chaque phrase. En attendant de connaitre les circonstances exactes du d\u00e9c\u00e8s du fils de Papitou, 7culture.ci lui pr\u00e9sente ses condol\u00e9ances.<\/p>\n\n\n\n<p><strong>Omar A.K<\/strong><\/p>\n","protected":false},"excerpt":{"rendered":"<p>Papitou, l\u2019in\u00e9narrable imitateur du pr\u00e9sident B\u00e9di\u00e9 est actuellement inconsolable. Par voix de r\u00e9seaux sociaux, il a annonc\u00e9 le d\u00e9c\u00e8s de son fils Franck ce lundi 12 octobre 2020. \u00ab&nbsp;J\\&#8217;ai la grande douleur de vous annoncer le d\u00e9c\u00e8s de mon fils Franck. 2020 que t-ai-je fais ?\u00bb, s\u2019est interrog\u00e9 Germain Koloko dit Papitou apr\u00e8s avoir annonc\u00e9 &hellip;<\/p>\n<p class=\"read-more\"> <a class=\"\" href=\"https:\/\/7culture.ci\/index.php\/2020\/10\/12\/le-fils-de-papitou-est-decede\/\"> <span class=\"screen-reader-text\">LE FILS DE PAPITOU EST D\u00c9C\u00c9D\u00c9<\/span> Lire la suite\u00a0\u00bb<\/a><\/p>\n","protected":false},"author":2,"featured_media":4425,"comment_status":"open","ping_status":"closed","sticky":false,"template":"","format":"standard","meta":{"_mi_skip_tracking":false,"_monsterinsights_sitenote_active":false,"_monsterinsights_sitenote_note":"","_monsterinsights_sitenote_category":0,"site-sidebar-layout":"default","site-content-layout":"default","ast-global-header-display":"","ast-main-header-display":"","ast-hfb-above-header-display":"","ast-hfb-below-header-display":"","ast-hfb-mobile-header-display":"","site-post-title":"","ast-breadcrumbs-content":"","ast-featured-img":"","footer-sml-layout":"","theme-transparent-header-meta":"","adv-header-id-meta":"","stick-header-meta":"","header-above-stick-meta":"","header-main-stick-meta":"","header-below-stick-meta":"","footnotes":"","jetpack_publicize_message":"","jetpack_is_tweetstorm":false,"jetpack_publicize_feature_enabled":true},"categories":[22,37],"tags":[],"jetpack_publicize_connections":[],"acf":[],"aioseo_notices":[],"yoast_head":"<!-- This site is optimized with the Yoast SEO plugin v19.6.1 - https:\/\/yoast.com\/wordpress\/plugins\/seo\/ -->\n<title>LE FILS DE PAPITOU EST D\u00c9C\u00c9D\u00c9 - 7culture<\/title>\n<meta name=\"robots\" content=\"index, follow, max-snippet:-1, max-image-preview:large, max-video-preview:-1\" \/>\n<link rel=\"canonical\" href=\"https:\/\/7culture.ci\/index.php\/2020\/10\/12\/le-fils-de-papitou-est-decede\/\" \/>\n<meta property=\"og:locale\" content=\"fr_FR\" \/>\n<meta property=\"og:type\" content=\"article\" \/>\n<meta property=\"og:title\" content=\"LE FILS DE PAPITOU EST D\u00c9C\u00c9D\u00c9 - 7culture\" \/>\n<meta property=\"og:description\" content=\"Papitou, l\u2019in\u00e9narrable imitateur du pr\u00e9sident B\u00e9di\u00e9 est actuellement inconsolable. Par voix de r\u00e9seaux sociaux, il a annonc\u00e9 le d\u00e9c\u00e8s de son fils Franck ce lundi 12 octobre 2020. \u00ab&nbsp;J&#8217;ai la grande douleur de vous annoncer le d\u00e9c\u00e8s de mon fils Franck. 2020 que t-ai-je fais ?\u00bb, s\u2019est interrog\u00e9 Germain Koloko dit Papitou apr\u00e8s avoir annonc\u00e9 &hellip; LE FILS DE PAPITOU EST D\u00c9C\u00c9D\u00c9 Lire la suite\u00a0\u00bb\" \/>\n<meta property=\"og:url\" content=\"https:\/\/7culture.ci\/index.php\/2020\/10\/12\/le-fils-de-papitou-est-decede\/\" \/>\n<meta property=\"og:site_name\" content=\"7culture\" \/>\n<meta property=\"article:publisher\" content=\"https:\/\/www.facebook.com\/redchefclaude\" \/>\n<meta property=\"article:published_time\" content=\"2020-10-12T18:22:17+00:00\" \/>\n<meta name=\"author\" content=\"Claude Kipre\" \/>\n<meta name=\"twitter:card\" content=\"summary_large_image\" \/>\n<meta name=\"twitter:creator\" content=\"@7culturec\" \/>\n<meta name=\"twitter:site\" content=\"@7culturec\" \/>\n<meta name=\"twitter:label1\" content=\"\u00c9crit par\" \/>\n\t<meta name=\"twitter:data1\" content=\"Claude Kipre\" \/>\n\t<meta name=\"twitter:label2\" content=\"Dur\u00e9e de lecture estim\u00e9e\" \/>\n\t<meta name=\"twitter:data2\" content=\"2 minutes\" \/>\n<script type=\"application\/ld+json\" class=\"yoast-schema-graph\">{\"@context\":\"https:\/\/schema.org\",\"@graph\":[{\"@type\":\"Article\",\"@id\":\"https:\/\/7culture.ci\/index.php\/2020\/10\/12\/le-fils-de-papitou-est-decede\/#article\",\"isPartOf\":{\"@id\":\"https:\/\/7culture.ci\/index.php\/2020\/10\/12\/le-fils-de-papitou-est-decede\/\"},\"author\":{\"name\":\"Claude Kipre\",\"@id\":\"https:\/\/7culture.ci\/#\/schema\/person\/64b5687ef9752cd031e11e98f4fd60b6\"},\"headline\":\"LE FILS DE PAPITOU EST D\u00c9C\u00c9D\u00c9\",\"datePublished\":\"2020-10-12T18:22:17+00:00\",\"dateModified\":\"2020-10-12T18:22:17+00:00\",\"mainEntityOfPage\":{\"@id\":\"https:\/\/7culture.ci\/index.php\/2020\/10\/12\/le-fils-de-papitou-est-decede\/\"},\"wordCount\":322,\"commentCount\":0,\"publisher\":{\"@id\":\"https:\/\/7culture.ci\/#organization\"},\"articleSection\":[\"Actualit\u00e9\",\"Th\u00e9\u00e2tre\"],\"inLanguage\":\"fr-FR\",\"potentialAction\":[{\"@type\":\"CommentAction\",\"name\":\"Comment\",\"target\":[\"https:\/\/7culture.ci\/index.php\/2020\/10\/12\/le-fils-de-papitou-est-decede\/#respond\"]}]},{\"@type\":\"WebPage\",\"@id\":\"https:\/\/7culture.ci\/index.php\/2020\/10\/12\/le-fils-de-papitou-est-decede\/\",\"url\":\"https:\/\/7culture.ci\/index.php\/2020\/10\/12\/le-fils-de-papitou-est-decede\/\",\"name\":\"LE FILS DE PAPITOU EST D\u00c9C\u00c9D\u00c9 - 7culture\",\"isPartOf\":{\"@id\":\"https:\/\/7culture.ci\/#website\"},\"datePublished\":\"2020-10-12T18:22:17+00:00\",\"dateModified\":\"2020-10-12T18:22:17+00:00\",\"breadcrumb\":{\"@id\":\"https:\/\/7culture.ci\/index.php\/2020\/10\/12\/le-fils-de-papitou-est-decede\/#breadcrumb\"},\"inLanguage\":\"fr-FR\",\"potentialAction\":[{\"@type\":\"ReadAction\",\"target\":[\"https:\/\/7culture.ci\/index.php\/2020\/10\/12\/le-fils-de-papitou-est-decede\/\"]}]},{\"@type\":\"BreadcrumbList\",\"@id\":\"https:\/\/7culture.ci\/index.php\/2020\/10\/12\/le-fils-de-papitou-est-decede\/#breadcrumb\",\"itemListElement\":[{\"@type\":\"ListItem\",\"position\":1,\"name\":\"Accueil\",\"item\":\"https:\/\/7culture.ci\/\"},{\"@type\":\"ListItem\",\"position\":2,\"name\":\"LE FILS DE PAPITOU EST D\u00c9C\u00c9D\u00c9\"}]},{\"@type\":\"WebSite\",\"@id\":\"https:\/\/7culture.ci\/#website\",\"url\":\"https:\/\/7culture.ci\/\",\"name\":\"7culture\",\"description\":\"Tout sur l&#039;actualit\u00e9\",\"publisher\":{\"@id\":\"https:\/\/7culture.ci\/#organization\"},\"potentialAction\":[{\"@type\":\"SearchAction\",\"target\":{\"@type\":\"EntryPoint\",\"urlTemplate\":\"https:\/\/7culture.ci\/?s={search_term_string}\"},\"query-input\":\"required name=search_term_string\"}],\"inLanguage\":\"fr-FR\"},{\"@type\":\"Organization\",\"@id\":\"https:\/\/7culture.ci\/#organization\",\"name\":\"7culture\",\"url\":\"https:\/\/7culture.ci\/\",\"sameAs\":[\"https:\/\/www.facebook.com\/redchefclaude\",\"https:\/\/twitter.com\/7culturec\"],\"logo\":{\"@type\":\"ImageObject\",\"inLanguage\":\"fr-FR\",\"@id\":\"https:\/\/7culture.ci\/#\/schema\/logo\/image\/\",\"url\":\"https:\/\/7culture.ci\/wp-content\/uploads\/2021\/12\/S1a-1.png\",\"contentUrl\":\"https:\/\/7culture.ci\/wp-content\/uploads\/2021\/12\/S1a-1.png\",\"width\":588,\"height\":192,\"caption\":\"7culture\"},\"image\":{\"@id\":\"https:\/\/7culture.ci\/#\/schema\/logo\/image\/\"}},{\"@type\":\"Person\",\"@id\":\"https:\/\/7culture.ci\/#\/schema\/person\/64b5687ef9752cd031e11e98f4fd60b6\",\"name\":\"Claude Kipre\",\"image\":{\"@type\":\"ImageObject\",\"inLanguage\":\"fr-FR\",\"@id\":\"https:\/\/7culture.ci\/#\/schema\/person\/image\/\",\"url\":\"https:\/\/secure.gravatar.com\/avatar\/60e5007626848549b0d9b2ad9c53c9e8?s=96&d=mm&r=g\",\"contentUrl\":\"https:\/\/secure.gravatar.com\/avatar\/60e5007626848549b0d9b2ad9c53c9e8?s=96&d=mm&r=g\",\"caption\":\"Claude Kipre\"},\"url\":\"https:\/\/7culture.ci\/index.php\/author\/claude-kipre\/\"}]}<\/script>\n<!-- \/ Yoast SEO plugin. -->","yoast_head_json":{"title":"LE FILS DE PAPITOU EST D\u00c9C\u00c9D\u00c9 - 7culture","robots":{"index":"index","follow":"follow","max-snippet":"max-snippet:-1","max-image-preview":"max-image-preview:large","max-video-preview":"max-video-preview:-1"},"canonical":"https:\/\/7culture.ci\/index.php\/2020\/10\/12\/le-fils-de-papitou-est-decede\/","og_locale":"fr_FR","og_type":"article","og_title":"LE FILS DE PAPITOU EST D\u00c9C\u00c9D\u00c9 - 7culture","og_description":"Papitou, l\u2019in\u00e9narrable imitateur du pr\u00e9sident B\u00e9di\u00e9 est actuellement inconsolable. Par voix de r\u00e9seaux sociaux, il a annonc\u00e9 le d\u00e9c\u00e8s de son fils Franck ce lundi 12 octobre 2020. \u00ab&nbsp;J&#8217;ai la grande douleur de vous annoncer le d\u00e9c\u00e8s de mon fils Franck. 2020 que t-ai-je fais ?\u00bb, s\u2019est interrog\u00e9 Germain Koloko dit Papitou apr\u00e8s avoir annonc\u00e9 &hellip; LE FILS DE PAPITOU EST D\u00c9C\u00c9D\u00c9 Lire la suite\u00a0\u00bb","og_url":"https:\/\/7culture.ci\/index.php\/2020\/10\/12\/le-fils-de-papitou-est-decede\/","og_site_name":"7culture","article_publisher":"https:\/\/www.facebook.com\/redchefclaude","article_published_time":"2020-10-12T18:22:17+00:00","author":"Claude Kipre","twitter_card":"summary_large_image","twitter_creator":"@7culturec","twitter_site":"@7culturec","twitter_misc":{"\u00c9crit par":"Claude Kipre","Dur\u00e9e de lecture estim\u00e9e":"2 minutes"},"schema":{"@context":"https:\/\/schema.org","@graph":[{"@type":"Article","@id":"https:\/\/7culture.ci\/index.php\/2020\/10\/12\/le-fils-de-papitou-est-decede\/#article","isPartOf":{"@id":"https:\/\/7culture.ci\/index.php\/2020\/10\/12\/le-fils-de-papitou-est-decede\/"},"author":{"name":"Claude Kipre","@id":"https:\/\/7culture.ci\/#\/schema\/person\/64b5687ef9752cd031e11e98f4fd60b6"},"headline":"LE FILS DE PAPITOU EST D\u00c9C\u00c9D\u00c9","datePublished":"2020-10-12T18:22:17+00:00","dateModified":"2020-10-12T18:22:17+00:00","mainEntityOfPage":{"@id":"https:\/\/7culture.ci\/index.php\/2020\/10\/12\/le-fils-de-papitou-est-decede\/"},"wordCount":322,"commentCount":0,"publisher":{"@id":"https:\/\/7culture.ci\/#organization"},"articleSection":["Actualit\u00e9","Th\u00e9\u00e2tre"],"inLanguage":"fr-FR","potentialAction":[{"@type":"CommentAction","name":"Comment","target":["https:\/\/7culture.ci\/index.php\/2020\/10\/12\/le-fils-de-papitou-est-decede\/#respond"]}]},{"@type":"WebPage","@id":"https:\/\/7culture.ci\/index.php\/2020\/10\/12\/le-fils-de-papitou-est-decede\/","url":"https:\/\/7culture.ci\/index.php\/2020\/10\/12\/le-fils-de-papitou-est-decede\/","name":"LE FILS DE PAPITOU EST D\u00c9C\u00c9D\u00c9 - 7culture","isPartOf":{"@id":"https:\/\/7culture.ci\/#website"},"datePublished":"2020-10-12T18:22:17+00:00","dateModified":"2020-10-12T18:22:17+00:00","breadcrumb":{"@id":"https:\/\/7culture.ci\/index.php\/2020\/10\/12\/le-fils-de-papitou-est-decede\/#breadcrumb"},"inLanguage":"fr-FR","potentialAction":[{"@type":"ReadAction","target":["https:\/\/7culture.ci\/index.php\/2020\/10\/12\/le-fils-de-papitou-est-decede\/"]}]},{"@type":"BreadcrumbList","@id":"https:\/\/7culture.ci\/index.php\/2020\/10\/12\/le-fils-de-papitou-est-decede\/#breadcrumb","itemListElement":[{"@type":"ListItem","position":1,"name":"Accueil","item":"https:\/\/7culture.ci\/"},{"@type":"ListItem","position":2,"name":"LE FILS DE PAPITOU EST D\u00c9C\u00c9D\u00c9"}]},{"@type":"WebSite","@id":"https:\/\/7culture.ci\/#website","url":"https:\/\/7culture.ci\/","name":"7culture","description":"Tout sur l&#039;actualit\u00e9","publisher":{"@id":"https:\/\/7culture.ci\/#organization"},"potentialAction":[{"@type":"SearchAction","target":{"@type":"EntryPoint","urlTemplate":"https:\/\/7culture.ci\/?s={search_term_string}"},"query-input":"required name=search_term_string"}],"inLanguage":"fr-FR"},{"@type":"Organization","@id":"https:\/\/7culture.ci\/#organization","name":"7culture","url":"https:\/\/7culture.ci\/","sameAs":["https:\/\/www.facebook.com\/redchefclaude","https:\/\/twitter.com\/7culturec"],"logo":{"@type":"ImageObject","inLanguage":"fr-FR","@id":"https:\/\/7culture.ci\/#\/schema\/logo\/image\/","url":"https:\/\/7culture.ci\/wp-content\/uploads\/2021\/12\/S1a-1.png","contentUrl":"https:\/\/7culture.ci\/wp-content\/uploads\/2021\/12\/S1a-1.png","width":588,"height":192,"caption":"7culture"},"image":{"@id":"https:\/\/7culture.ci\/#\/schema\/logo\/image\/"}},{"@type":"Person","@id":"https:\/\/7culture.ci\/#\/schema\/person\/64b5687ef9752cd031e11e98f4fd60b6","name":"Claude Kipre","image":{"@type":"ImageObject","inLanguage":"fr-FR","@id":"https:\/\/7culture.ci\/#\/schema\/person\/image\/","url":"https:\/\/secure.gravatar.com\/avatar\/60e5007626848549b0d9b2ad9c53c9e8?s=96&d=mm&r=g","contentUrl":"https:\/\/secure.gravatar.com\/avatar\/60e5007626848549b0d9b2ad9c53c9e8?s=96&d=mm&r=g","caption":"Claude Kipre"},"url":"https:\/\/7culture.ci\/index.php\/author\/claude-kipre\/"}]}},"jetpack_featured_media_url":"","jetpack_likes_enabled":true,"jetpack_sharing_enabled":true,"_links":{"self":[{"href":"https:\/\/7culture.ci\/index.php\/wp-json\/wp\/v2\/posts\/4418"}],"collection":[{"href":"https:\/\/7culture.ci\/index.php\/wp-json\/wp\/v2\/posts"}],"about":[{"href":"https:\/\/7culture.ci\/index.php\/wp-json\/wp\/v2\/types\/post"}],"author":[{"embeddable":true,"href":"https:\/\/7culture.ci\/index.php\/wp-json\/wp\/v2\/users\/2"}],"replies":[{"embeddable":true,"href":"https:\/\/7culture.ci\/index.php\/wp-json\/wp\/v2\/comments?post=4418"}],"version-history":[{"count":0,"href":"https:\/\/7culture.ci\/index.php\/wp-json\/wp\/v2\/posts\/4418\/revisions"}],"wp:featuredmedia":[{"embeddable":true,"href":"https:\/\/7culture.ci\/index.php\/wp-json\/"}],"wp:attachment":[{"href":"https:\/\/7culture.ci\/index.php\/wp-json\/wp\/v2\/media?parent=4418"}],"wp:term":[{"taxonomy":"category","embeddable":true,"href":"https:\/\/7culture.ci\/index.php\/wp-json\/wp\/v2\/categories?post=4418"},{"taxonomy":"post_tag","embeddable":true,"href":"https:\/\/7culture.ci\/index.php\/wp-json\/wp\/v2\/tags?post=4418"}],"curies":[{"name":"wp","href":"https:\/\/api.w.org\/{rel}","templated":true}]}}