{"id":4389,"date":"2020-10-12T11:03:36","date_gmt":"2020-10-12T11:03:36","guid":{"rendered":"https:\/\/7culture.ci\/index.php\/2020\/10\/12\/treich-en-fete-bonne-nouvelle-et-bon-geste\/"},"modified":"2020-10-12T11:03:36","modified_gmt":"2020-10-12T11:03:36","slug":"treich-en-fete-bonne-nouvelle-et-bon-geste","status":"publish","type":"post","link":"https:\/\/7culture.ci\/index.php\/2020\/10\/12\/treich-en-fete-bonne-nouvelle-et-bon-geste\/","title":{"rendered":"TREICH EN F\u00caTE : BONNE NOUVELLE ET BON GESTE !"},"content":{"rendered":"\n<p><strong><em>C\u2019est parti pour la 5e \u00e9dition de la grand-messe culturelle et socio\u00e9ducative de la commune de Treichville d\u00e9nomm\u00e9e \u00ab\u00a0Treich en f\u00eate\u00a0\u00bb. Le rendez-vous 2020 de cet important festival a un contenu riche et vari\u00e9 pour les festivaliers.<\/em><\/strong><\/p>\n\n\n\n<p>Le top d\u00e9part de la 5\u00e8 \u00e9dition <strong>\u00ab&nbsp;Treich en f\u00eate&nbsp;\u00bb<\/strong>a \u00e9t\u00e9 donn\u00e9 le vendredi 9 octobre 2020 \u00e0 travers un important don d\u2019une centaine de kits scolaires aux \u00e9coliers de l\\&#8217;Ecole primaire publique SICOGI Arras 3. Tr\u00e8s touch\u00e9 par cette action, le Directeur de l\\&#8217;\u00e9tablissement, Kouachi Tchimou, a remerci\u00e9 les bienfaiteurs du jour tout en soulignant que le don constitue une bouff\u00e9e d\\&#8217;oxyg\u00e8ne pour les parents durement \u00e9prouv\u00e9s par la Covid-19. Le lancement s\u2019est d\u2019ailleurs fait sous le sceau bienveillant de son partenaire institutionnel, la Mairie de Treichville, repr\u00e9sent\u00e9e par, J\u00e9r\u00f4me Ahissi, 1<sup>er<\/sup> Adjoint au maire. \u00ab <strong><em>Le geste hautement salvateur vient soulager les populations en d\u00e9tresse \u00e0 cause de la maladie \u00e0 coronavirus<\/em><\/strong>&nbsp;\u00bb, a reconnu le repr\u00e9sentant du maire Fran\u00e7ois Amichia, qui n\u2019a pas tari d\u2019\u00e9loges \u00e0 l\u2019endroit du g\u00e9n\u00e9reux donateur. Il a aussi souhait\u00e9 que cette action de ce digne fils de Treichville soit un stimulus pour d\u2019autres bonnes volont\u00e9s afin que la solidarit\u00e9 et le partage soient le trait distinctif de tous les enfants de la commune N\u2019Zassa. Plus loin, J\u00e9r\u00f4me Ahissi a apport\u00e9 la bonne nouvelle \u00e0 Gnanhi C\u00f4te d\\&#8217;Ivoire, l\u2019initiateur du festival et \u00e0 son \u00e9quipe. Le conseil municipal de Treichville est disponible \u00e0 accompagner le festival tout au long de son d\u00e9roulement. Cette ann\u00e9e, le partenariat avec l\u2019institution municipal sera beaucoup plus dynamique afin de donner une plus grande notori\u00e9t\u00e9 \u00e0 l\\&#8217;\u00e9v\u00e9nement et de faire rayonner ses grandes articulations avec une bonne part r\u00e9serv\u00e9e \u00e0 la musique.<\/p>\n\n\n\n<figure class=\\\"wp-block-image size-large\\\"><img src=\\\"http:\/\/7culture.ci\/fbf\/uploads\/2020\/07\/Treichville-en-f\u00eate-3-1024x684.jpg\\\" alt=\\\"\\\" class=\\\"wp-image-4385\\\"\/><\/figure>\n\n\n\n<p>Treich en F\u00eate 2020 d\u00e9marre avec la promotion de la coh\u00e9sion sociale le 14 novembre \u00e0 l\u2019avenue 27 rue 22 barr\u00e9e (Cit\u00e9 Douane). L\u2019\u00e9v\u00e8nement se poursuivra ensuite avec la c\u00e9l\u00e9bration de la paix le 5 d\u00e9cembre sur la voie entre la pharmacie Belleville et le Restaurant Notre Dame. Il ajouter \u00e0 ces grands rendez-vous de Teich en F\u00eate, des activit\u00e9s socio\u00e9ducatives notamment le ravalement des murs du quartier de l\u2019avenue 22 \u00e0 la rue 24, une remise de don \u00e0 l\u2019h\u00f4pital g\u00e9n\u00e9ral de Treichville et de mat\u00e9riels informatiques aux forces de l\u2019ordre de la commune.<\/p>\n\n\n\n<p>Bien avant d\u2019arriver au d\u00e9roul\u00e9 effectif de la 5\u00e8 \u00e9dition de <strong>\u00ab&nbsp;Treich en f\u00eate&nbsp;\u00bb<\/strong>, Ti\u00e9moko Diarra, le charg\u00e9 de communication et des relations presse de Gnanhi C\u00f4te d\u2019Ivoire Production, a traduit sa reconnaissance au premier Adjoint au maire de Treichville, J\u00e9r\u00f4me Ahissi, pour sa disponibilit\u00e9 \u00e0 faire de cet \u00e9v\u00e9nement une r\u00e9ussite. Il a aussi not\u00e9 que le festival est le creuset de la promotion de la coh\u00e9sion sociale et du raffermissement des liens des communaut\u00e9s de la cit\u00e9 cosmopolite de Treichville. D\\&#8217;o\u00f9 le th\u00e8me de cette \u00e9dition <strong>Pour la paix, je m\\&#8217;engage.<\/strong><\/p>\n\n\n\n<p><strong>Omar A.K<\/strong><\/p>\n","protected":false},"excerpt":{"rendered":"<p>C\u2019est parti pour la 5e \u00e9dition de la grand-messe culturelle et socio\u00e9ducative de la commune de Treichville d\u00e9nomm\u00e9e \u00ab\u00a0Treich en f\u00eate\u00a0\u00bb. Le rendez-vous 2020 de cet important festival a un contenu riche et vari\u00e9 pour les festivaliers. Le top d\u00e9part de la 5\u00e8 \u00e9dition \u00ab&nbsp;Treich en f\u00eate&nbsp;\u00bba \u00e9t\u00e9 donn\u00e9 le vendredi 9 octobre 2020 \u00e0 &hellip;<\/p>\n<p class=\"read-more\"> <a class=\"\" href=\"https:\/\/7culture.ci\/index.php\/2020\/10\/12\/treich-en-fete-bonne-nouvelle-et-bon-geste\/\"> <span class=\"screen-reader-text\">TREICH EN F\u00caTE : BONNE NOUVELLE ET BON GESTE !<\/span> Lire la suite\u00a0\u00bb<\/a><\/p>\n","protected":false},"author":2,"featured_media":4384,"comment_status":"open","ping_status":"closed","sticky":false,"template":"","format":"standard","meta":{"_mi_skip_tracking":false,"_monsterinsights_sitenote_active":false,"_monsterinsights_sitenote_note":"","_monsterinsights_sitenote_category":0,"site-sidebar-layout":"default","site-content-layout":"default","ast-global-header-display":"","ast-main-header-display":"","ast-hfb-above-header-display":"","ast-hfb-below-header-display":"","ast-hfb-mobile-header-display":"","site-post-title":"","ast-breadcrumbs-content":"","ast-featured-img":"","footer-sml-layout":"","theme-transparent-header-meta":"","adv-header-id-meta":"","stick-header-meta":"","header-above-stick-meta":"","header-main-stick-meta":"","header-below-stick-meta":"","footnotes":"","jetpack_publicize_message":"","jetpack_is_tweetstorm":false,"jetpack_publicize_feature_enabled":true},"categories":[42],"tags":[],"jetpack_publicize_connections":[],"acf":[],"aioseo_notices":[],"yoast_head":"<!-- This site is optimized with the Yoast SEO plugin v19.6.1 - https:\/\/yoast.com\/wordpress\/plugins\/seo\/ -->\n<title>TREICH EN F\u00caTE : BONNE NOUVELLE ET BON GESTE ! - 7culture<\/title>\n<meta name=\"robots\" content=\"index, follow, max-snippet:-1, max-image-preview:large, max-video-preview:-1\" \/>\n<link rel=\"canonical\" href=\"https:\/\/7culture.ci\/index.php\/2020\/10\/12\/treich-en-fete-bonne-nouvelle-et-bon-geste\/\" \/>\n<meta property=\"og:locale\" content=\"fr_FR\" \/>\n<meta property=\"og:type\" content=\"article\" \/>\n<meta property=\"og:title\" content=\"TREICH EN F\u00caTE : BONNE NOUVELLE ET BON GESTE ! - 7culture\" \/>\n<meta property=\"og:description\" content=\"C\u2019est parti pour la 5e \u00e9dition de la grand-messe culturelle et socio\u00e9ducative de la commune de Treichville d\u00e9nomm\u00e9e \u00ab\u00a0Treich en f\u00eate\u00a0\u00bb. Le rendez-vous 2020 de cet important festival a un contenu riche et vari\u00e9 pour les festivaliers. Le top d\u00e9part de la 5\u00e8 \u00e9dition \u00ab&nbsp;Treich en f\u00eate&nbsp;\u00bba \u00e9t\u00e9 donn\u00e9 le vendredi 9 octobre 2020 \u00e0 &hellip; TREICH EN F\u00caTE : BONNE NOUVELLE ET BON GESTE ! Lire la suite\u00a0\u00bb\" \/>\n<meta property=\"og:url\" content=\"https:\/\/7culture.ci\/index.php\/2020\/10\/12\/treich-en-fete-bonne-nouvelle-et-bon-geste\/\" \/>\n<meta property=\"og:site_name\" content=\"7culture\" \/>\n<meta property=\"article:publisher\" content=\"https:\/\/www.facebook.com\/redchefclaude\" \/>\n<meta property=\"article:published_time\" content=\"2020-10-12T11:03:36+00:00\" \/>\n<meta name=\"author\" content=\"Claude Kipre\" \/>\n<meta name=\"twitter:card\" content=\"summary_large_image\" \/>\n<meta name=\"twitter:creator\" content=\"@7culturec\" \/>\n<meta name=\"twitter:site\" content=\"@7culturec\" \/>\n<meta name=\"twitter:label1\" content=\"\u00c9crit par\" \/>\n\t<meta name=\"twitter:data1\" content=\"Claude Kipre\" \/>\n\t<meta name=\"twitter:label2\" content=\"Dur\u00e9e de lecture estim\u00e9e\" \/>\n\t<meta name=\"twitter:data2\" content=\"3 minutes\" \/>\n<script type=\"application\/ld+json\" class=\"yoast-schema-graph\">{\"@context\":\"https:\/\/schema.org\",\"@graph\":[{\"@type\":\"Article\",\"@id\":\"https:\/\/7culture.ci\/index.php\/2020\/10\/12\/treich-en-fete-bonne-nouvelle-et-bon-geste\/#article\",\"isPartOf\":{\"@id\":\"https:\/\/7culture.ci\/index.php\/2020\/10\/12\/treich-en-fete-bonne-nouvelle-et-bon-geste\/\"},\"author\":{\"name\":\"Claude Kipre\",\"@id\":\"https:\/\/7culture.ci\/#\/schema\/person\/64b5687ef9752cd031e11e98f4fd60b6\"},\"headline\":\"TREICH EN F\u00caTE : BONNE NOUVELLE ET BON GESTE !\",\"datePublished\":\"2020-10-12T11:03:36+00:00\",\"dateModified\":\"2020-10-12T11:03:36+00:00\",\"mainEntityOfPage\":{\"@id\":\"https:\/\/7culture.ci\/index.php\/2020\/10\/12\/treich-en-fete-bonne-nouvelle-et-bon-geste\/\"},\"wordCount\":540,\"commentCount\":0,\"publisher\":{\"@id\":\"https:\/\/7culture.ci\/#organization\"},\"articleSection\":[\"Reportage\"],\"inLanguage\":\"fr-FR\",\"potentialAction\":[{\"@type\":\"CommentAction\",\"name\":\"Comment\",\"target\":[\"https:\/\/7culture.ci\/index.php\/2020\/10\/12\/treich-en-fete-bonne-nouvelle-et-bon-geste\/#respond\"]}]},{\"@type\":\"WebPage\",\"@id\":\"https:\/\/7culture.ci\/index.php\/2020\/10\/12\/treich-en-fete-bonne-nouvelle-et-bon-geste\/\",\"url\":\"https:\/\/7culture.ci\/index.php\/2020\/10\/12\/treich-en-fete-bonne-nouvelle-et-bon-geste\/\",\"name\":\"TREICH EN F\u00caTE : BONNE NOUVELLE ET BON GESTE ! - 7culture\",\"isPartOf\":{\"@id\":\"https:\/\/7culture.ci\/#website\"},\"datePublished\":\"2020-10-12T11:03:36+00:00\",\"dateModified\":\"2020-10-12T11:03:36+00:00\",\"breadcrumb\":{\"@id\":\"https:\/\/7culture.ci\/index.php\/2020\/10\/12\/treich-en-fete-bonne-nouvelle-et-bon-geste\/#breadcrumb\"},\"inLanguage\":\"fr-FR\",\"potentialAction\":[{\"@type\":\"ReadAction\",\"target\":[\"https:\/\/7culture.ci\/index.php\/2020\/10\/12\/treich-en-fete-bonne-nouvelle-et-bon-geste\/\"]}]},{\"@type\":\"BreadcrumbList\",\"@id\":\"https:\/\/7culture.ci\/index.php\/2020\/10\/12\/treich-en-fete-bonne-nouvelle-et-bon-geste\/#breadcrumb\",\"itemListElement\":[{\"@type\":\"ListItem\",\"position\":1,\"name\":\"Accueil\",\"item\":\"https:\/\/7culture.ci\/\"},{\"@type\":\"ListItem\",\"position\":2,\"name\":\"TREICH EN F\u00caTE : BONNE NOUVELLE ET BON GESTE !\"}]},{\"@type\":\"WebSite\",\"@id\":\"https:\/\/7culture.ci\/#website\",\"url\":\"https:\/\/7culture.ci\/\",\"name\":\"7culture\",\"description\":\"Tout sur l&#039;actualit\u00e9\",\"publisher\":{\"@id\":\"https:\/\/7culture.ci\/#organization\"},\"potentialAction\":[{\"@type\":\"SearchAction\",\"target\":{\"@type\":\"EntryPoint\",\"urlTemplate\":\"https:\/\/7culture.ci\/?s={search_term_string}\"},\"query-input\":\"required name=search_term_string\"}],\"inLanguage\":\"fr-FR\"},{\"@type\":\"Organization\",\"@id\":\"https:\/\/7culture.ci\/#organization\",\"name\":\"7culture\",\"url\":\"https:\/\/7culture.ci\/\",\"sameAs\":[\"https:\/\/www.facebook.com\/redchefclaude\",\"https:\/\/twitter.com\/7culturec\"],\"logo\":{\"@type\":\"ImageObject\",\"inLanguage\":\"fr-FR\",\"@id\":\"https:\/\/7culture.ci\/#\/schema\/logo\/image\/\",\"url\":\"https:\/\/7culture.ci\/wp-content\/uploads\/2021\/12\/S1a-1.png\",\"contentUrl\":\"https:\/\/7culture.ci\/wp-content\/uploads\/2021\/12\/S1a-1.png\",\"width\":588,\"height\":192,\"caption\":\"7culture\"},\"image\":{\"@id\":\"https:\/\/7culture.ci\/#\/schema\/logo\/image\/\"}},{\"@type\":\"Person\",\"@id\":\"https:\/\/7culture.ci\/#\/schema\/person\/64b5687ef9752cd031e11e98f4fd60b6\",\"name\":\"Claude Kipre\",\"image\":{\"@type\":\"ImageObject\",\"inLanguage\":\"fr-FR\",\"@id\":\"https:\/\/7culture.ci\/#\/schema\/person\/image\/\",\"url\":\"https:\/\/secure.gravatar.com\/avatar\/60e5007626848549b0d9b2ad9c53c9e8?s=96&d=mm&r=g\",\"contentUrl\":\"https:\/\/secure.gravatar.com\/avatar\/60e5007626848549b0d9b2ad9c53c9e8?s=96&d=mm&r=g\",\"caption\":\"Claude Kipre\"},\"url\":\"https:\/\/7culture.ci\/index.php\/author\/claude-kipre\/\"}]}<\/script>\n<!-- \/ Yoast SEO plugin. -->","yoast_head_json":{"title":"TREICH EN F\u00caTE : BONNE NOUVELLE ET BON GESTE ! - 7culture","robots":{"index":"index","follow":"follow","max-snippet":"max-snippet:-1","max-image-preview":"max-image-preview:large","max-video-preview":"max-video-preview:-1"},"canonical":"https:\/\/7culture.ci\/index.php\/2020\/10\/12\/treich-en-fete-bonne-nouvelle-et-bon-geste\/","og_locale":"fr_FR","og_type":"article","og_title":"TREICH EN F\u00caTE : BONNE NOUVELLE ET BON GESTE ! - 7culture","og_description":"C\u2019est parti pour la 5e \u00e9dition de la grand-messe culturelle et socio\u00e9ducative de la commune de Treichville d\u00e9nomm\u00e9e \u00ab\u00a0Treich en f\u00eate\u00a0\u00bb. Le rendez-vous 2020 de cet important festival a un contenu riche et vari\u00e9 pour les festivaliers. Le top d\u00e9part de la 5\u00e8 \u00e9dition \u00ab&nbsp;Treich en f\u00eate&nbsp;\u00bba \u00e9t\u00e9 donn\u00e9 le vendredi 9 octobre 2020 \u00e0 &hellip; TREICH EN F\u00caTE : BONNE NOUVELLE ET BON GESTE ! Lire la suite\u00a0\u00bb","og_url":"https:\/\/7culture.ci\/index.php\/2020\/10\/12\/treich-en-fete-bonne-nouvelle-et-bon-geste\/","og_site_name":"7culture","article_publisher":"https:\/\/www.facebook.com\/redchefclaude","article_published_time":"2020-10-12T11:03:36+00:00","author":"Claude Kipre","twitter_card":"summary_large_image","twitter_creator":"@7culturec","twitter_site":"@7culturec","twitter_misc":{"\u00c9crit par":"Claude Kipre","Dur\u00e9e de lecture estim\u00e9e":"3 minutes"},"schema":{"@context":"https:\/\/schema.org","@graph":[{"@type":"Article","@id":"https:\/\/7culture.ci\/index.php\/2020\/10\/12\/treich-en-fete-bonne-nouvelle-et-bon-geste\/#article","isPartOf":{"@id":"https:\/\/7culture.ci\/index.php\/2020\/10\/12\/treich-en-fete-bonne-nouvelle-et-bon-geste\/"},"author":{"name":"Claude Kipre","@id":"https:\/\/7culture.ci\/#\/schema\/person\/64b5687ef9752cd031e11e98f4fd60b6"},"headline":"TREICH EN F\u00caTE : BONNE NOUVELLE ET BON GESTE !","datePublished":"2020-10-12T11:03:36+00:00","dateModified":"2020-10-12T11:03:36+00:00","mainEntityOfPage":{"@id":"https:\/\/7culture.ci\/index.php\/2020\/10\/12\/treich-en-fete-bonne-nouvelle-et-bon-geste\/"},"wordCount":540,"commentCount":0,"publisher":{"@id":"https:\/\/7culture.ci\/#organization"},"articleSection":["Reportage"],"inLanguage":"fr-FR","potentialAction":[{"@type":"CommentAction","name":"Comment","target":["https:\/\/7culture.ci\/index.php\/2020\/10\/12\/treich-en-fete-bonne-nouvelle-et-bon-geste\/#respond"]}]},{"@type":"WebPage","@id":"https:\/\/7culture.ci\/index.php\/2020\/10\/12\/treich-en-fete-bonne-nouvelle-et-bon-geste\/","url":"https:\/\/7culture.ci\/index.php\/2020\/10\/12\/treich-en-fete-bonne-nouvelle-et-bon-geste\/","name":"TREICH EN F\u00caTE : BONNE NOUVELLE ET BON GESTE ! - 7culture","isPartOf":{"@id":"https:\/\/7culture.ci\/#website"},"datePublished":"2020-10-12T11:03:36+00:00","dateModified":"2020-10-12T11:03:36+00:00","breadcrumb":{"@id":"https:\/\/7culture.ci\/index.php\/2020\/10\/12\/treich-en-fete-bonne-nouvelle-et-bon-geste\/#breadcrumb"},"inLanguage":"fr-FR","potentialAction":[{"@type":"ReadAction","target":["https:\/\/7culture.ci\/index.php\/2020\/10\/12\/treich-en-fete-bonne-nouvelle-et-bon-geste\/"]}]},{"@type":"BreadcrumbList","@id":"https:\/\/7culture.ci\/index.php\/2020\/10\/12\/treich-en-fete-bonne-nouvelle-et-bon-geste\/#breadcrumb","itemListElement":[{"@type":"ListItem","position":1,"name":"Accueil","item":"https:\/\/7culture.ci\/"},{"@type":"ListItem","position":2,"name":"TREICH EN F\u00caTE : BONNE NOUVELLE ET BON GESTE !"}]},{"@type":"WebSite","@id":"https:\/\/7culture.ci\/#website","url":"https:\/\/7culture.ci\/","name":"7culture","description":"Tout sur l&#039;actualit\u00e9","publisher":{"@id":"https:\/\/7culture.ci\/#organization"},"potentialAction":[{"@type":"SearchAction","target":{"@type":"EntryPoint","urlTemplate":"https:\/\/7culture.ci\/?s={search_term_string}"},"query-input":"required name=search_term_string"}],"inLanguage":"fr-FR"},{"@type":"Organization","@id":"https:\/\/7culture.ci\/#organization","name":"7culture","url":"https:\/\/7culture.ci\/","sameAs":["https:\/\/www.facebook.com\/redchefclaude","https:\/\/twitter.com\/7culturec"],"logo":{"@type":"ImageObject","inLanguage":"fr-FR","@id":"https:\/\/7culture.ci\/#\/schema\/logo\/image\/","url":"https:\/\/7culture.ci\/wp-content\/uploads\/2021\/12\/S1a-1.png","contentUrl":"https:\/\/7culture.ci\/wp-content\/uploads\/2021\/12\/S1a-1.png","width":588,"height":192,"caption":"7culture"},"image":{"@id":"https:\/\/7culture.ci\/#\/schema\/logo\/image\/"}},{"@type":"Person","@id":"https:\/\/7culture.ci\/#\/schema\/person\/64b5687ef9752cd031e11e98f4fd60b6","name":"Claude Kipre","image":{"@type":"ImageObject","inLanguage":"fr-FR","@id":"https:\/\/7culture.ci\/#\/schema\/person\/image\/","url":"https:\/\/secure.gravatar.com\/avatar\/60e5007626848549b0d9b2ad9c53c9e8?s=96&d=mm&r=g","contentUrl":"https:\/\/secure.gravatar.com\/avatar\/60e5007626848549b0d9b2ad9c53c9e8?s=96&d=mm&r=g","caption":"Claude Kipre"},"url":"https:\/\/7culture.ci\/index.php\/author\/claude-kipre\/"}]}},"jetpack_featured_media_url":"","jetpack_likes_enabled":true,"jetpack_sharing_enabled":true,"_links":{"self":[{"href":"https:\/\/7culture.ci\/index.php\/wp-json\/wp\/v2\/posts\/4389"}],"collection":[{"href":"https:\/\/7culture.ci\/index.php\/wp-json\/wp\/v2\/posts"}],"about":[{"href":"https:\/\/7culture.ci\/index.php\/wp-json\/wp\/v2\/types\/post"}],"author":[{"embeddable":true,"href":"https:\/\/7culture.ci\/index.php\/wp-json\/wp\/v2\/users\/2"}],"replies":[{"embeddable":true,"href":"https:\/\/7culture.ci\/index.php\/wp-json\/wp\/v2\/comments?post=4389"}],"version-history":[{"count":0,"href":"https:\/\/7culture.ci\/index.php\/wp-json\/wp\/v2\/posts\/4389\/revisions"}],"wp:featuredmedia":[{"embeddable":true,"href":"https:\/\/7culture.ci\/index.php\/wp-json\/"}],"wp:attachment":[{"href":"https:\/\/7culture.ci\/index.php\/wp-json\/wp\/v2\/media?parent=4389"}],"wp:term":[{"taxonomy":"category","embeddable":true,"href":"https:\/\/7culture.ci\/index.php\/wp-json\/wp\/v2\/categories?post=4389"},{"taxonomy":"post_tag","embeddable":true,"href":"https:\/\/7culture.ci\/index.php\/wp-json\/wp\/v2\/tags?post=4389"}],"curies":[{"name":"wp","href":"https:\/\/api.w.org\/{rel}","templated":true}]}}