{"id":4314,"date":"2020-10-07T14:15:38","date_gmt":"2020-10-07T14:15:38","guid":{"rendered":"https:\/\/7culture.ci\/index.php\/2020\/10\/07\/cooperation-des-acteurs-de-lintegration-ivoiro-burkinabe-primes\/"},"modified":"2020-10-07T14:15:38","modified_gmt":"2020-10-07T14:15:38","slug":"cooperation-des-acteurs-de-lintegration-ivoiro-burkinabe-primes","status":"publish","type":"post","link":"https:\/\/7culture.ci\/index.php\/2020\/10\/07\/cooperation-des-acteurs-de-lintegration-ivoiro-burkinabe-primes\/","title":{"rendered":"COOP\u00c9RATION : DES ACTEURS DE L\u2019INT\u00c9GRATION IVOIRO-BURKINAB\u00c9 PRIM\u00c9S"},"content":{"rendered":"\n<p><strong><em>Des responsables d\u2019institutions, des diplomates, des \u00e9lus, des acteurs de la soci\u00e9t\u00e9 civile, du monde des affaires, des t\u00eates couronn\u00e9es, des artistes, des artisans, des cr\u00e9ateurs de mode etc, \u0153uvrant au renforcement de l\u2019int\u00e9gration des peuples ivoiriens et burkinab\u00e9s ont \u00e9t\u00e9 prim\u00e9s. C\u2019\u00e9tait le samedi 3 octobre dernier au Plateau, \u00e0 l\u2019occasion de la 4\u00e9me \u00e9dition de la c\u00e9r\u00e9monie du d\u00eener gala de remise de troph\u00e9es du grand prix du TAC 2020.<\/em><\/strong><\/p>\n\n\n\n<p>Organis\u00e9 par l\u2019agence Coptac (Convergence des peuples pour la promotion du trait\u00e9 d\u2019amiti\u00e9 et de coop\u00e9ration ivoiro-burkinab\u00e9),&nbsp;\u00ab <strong><em>cet \u00e9v\u00e8nement r\u00e9compense les personnalit\u00e9s et entit\u00e9s qui, au cours de l\u2019ann\u00e9e, ont contribu\u00e9 dans leur domaine d\u2019activit\u00e9 au renforcement de la coop\u00e9ration socio-\u00e9conomique et culturelle entre la C\u00f4te d\u2019ivoire et le Burkina-Faso<\/em><\/strong>&nbsp;\u00bb explique D\u00e9sir\u00e9 Yam\u00e9ogo, pr\u00e9sident de la Coptac. Le super grand prix du Tac 2020 a \u00e9t\u00e9 d\u00e9cern\u00e9&nbsp; \u00e0 Idrissa Nassa, PDG du groupe Coris Bank. Plac\u00e9e sous les co-parrainages d\u2019Albert Flind\u00e9, ministre de l\u2019Int\u00e9gration Africaine et des Ivoiriens de l\u2019Ext\u00e9rieur et de son excellence l\u2019ambassadeur Seydou Zagr\u00e9, directeur de cabinet du Pr\u00e9sident du Burkina Faso, Roch Marc Kabor\u00e9, cette \u00e9dition 2020 avait pour th\u00e8me <strong>\u00ab&nbsp;civisme et s\u00e9curit\u00e9&nbsp;\u00bb. \u00ab&nbsp;<em>Car la coptac qui travaille&nbsp; \u00e0 la vulgarisation du Trait\u00e9 d\u2019Amiti\u00e9 et de Coop\u00e9ration (TAC) Ivoiro-burkinab\u00e9, fait des propositions aux ex\u00e9cutifs en vue d\u2019une am\u00e9lioration des clauses du trait\u00e9 selon l\u2019actualit\u00e9. Cette derni\u00e8re, est actuellement marqu\u00e9e dans les deux pays, par la menace terroriste et la pand\u00e9mie de la Covid-19<\/em><\/strong>&nbsp;\u00bb justifie le pr\u00e9sident de la Coptac. Une vingtaine de laur\u00e9ats ont \u00e9t\u00e9 distingu\u00e9s dans les domaines des droits de l\u2019homme, de la promotion socio-\u00e9conomique, du d\u00e9veloppement communal, de l\u2019innovation technologique et industrielle, de l\u2019int\u00e9gration culturelle, du leadership jeunes et f\u00e9minin, de l\u2019int\u00e9gration et la coh\u00e9sion sociale etc. Outre, le ministre Flind\u00e9 Albert et l\u2019ambassadeur Seydou Zagr\u00e9,&nbsp; plusieurs autres personnalit\u00e9s ont \u00e9t\u00e9 prim\u00e9es. Il s\u2019agit de&nbsp; Mme Namizata Sangar\u00e9, pr\u00e9sidente du Conseil National des Droits de l\u2019Homme (CNDH),du&nbsp; maire de Koumassi Ciss\u00e9 Ibrahim Bacongo, l\u2019ambassadeur Alcide Dj\u00e9dj\u00e9, de sa majest\u00e9 Tchiffy Zi\u00e9, secr\u00e9taire permanent du forum des rois et chefs traditionnels d\u2019Afrique, de l\u2019humoriste Le Magnific, du styliste Mohamed Bassirou Obama, Maurice Dieudonn\u00e9&nbsp; Bonanet ministre de l\u2019urbanisme et de l\u2019habitat du Burkina Faso, Daouda Azoupiou, ministre des sports et des loisirs du Burkina Faso, l\u2019ambassadeur du&nbsp; royaume du Maroc en C\u00f4te d\u2019ivoire. Ses laur\u00e9ats sont d\u00e9sormais membres \u00e0 part enti\u00e8re de la Coptac et \u00ab&nbsp;ambassadeurs&nbsp;\u00bb du Tac. En tant que tel, ils travailleront \u00e0 la vulgarisation du trait\u00e9 d\u2019amiti\u00e9&nbsp; et de coop\u00e9ration, \u00e0 la promotion de la solidarit\u00e9 agissante entre les deux peuples, au dialogue comme moyen de r\u00e8glement des diff\u00e9rends, de la bonne gouvernance, du d\u00e9veloppement durable, \u00e0 l\u2019accroissement des \u00e9changes socio-\u00e9conomiques entre les deux peuples, afin de faire de l\u2019axe Yamoussoukro-Ouagadougou, un mod\u00e8le d\u2019int\u00e9gration sous r\u00e9gional, explique le pr\u00e9sident de la Coptac. Des prestations artistiques, une exposition de tenues traditionnelles, la remise de troph\u00e9es aux laur\u00e9ats ont agr\u00e9ment\u00e9s ce diner gala.<\/p>\n\n\n\n<p><strong>Adams T.<\/strong><\/p>\n\n\n\n<figure class=\\\"wp-block-image size-large\\\"><img src=\\\"http:\/\/7culture.ci\/fbf\/uploads\/2020\/07\/Prix-3-2.jpg\\\" alt=\\\"\\\" class=\\\"wp-image-4278\\\"\/><\/figure>\n\n\n\n<p><\/p>\n","protected":false},"excerpt":{"rendered":"<p>Des responsables d\u2019institutions, des diplomates, des \u00e9lus, des acteurs de la soci\u00e9t\u00e9 civile, du monde des affaires, des t\u00eates couronn\u00e9es, des artistes, des artisans, des cr\u00e9ateurs de mode etc, \u0153uvrant au renforcement de l\u2019int\u00e9gration des peuples ivoiriens et burkinab\u00e9s ont \u00e9t\u00e9 prim\u00e9s. C\u2019\u00e9tait le samedi 3 octobre dernier au Plateau, \u00e0 l\u2019occasion de la 4\u00e9me &hellip;<\/p>\n<p class=\"read-more\"> <a class=\"\" href=\"https:\/\/7culture.ci\/index.php\/2020\/10\/07\/cooperation-des-acteurs-de-lintegration-ivoiro-burkinabe-primes\/\"> <span class=\"screen-reader-text\">COOP\u00c9RATION : DES ACTEURS DE L\u2019INT\u00c9GRATION IVOIRO-BURKINAB\u00c9 PRIM\u00c9S<\/span> Lire la suite\u00a0\u00bb<\/a><\/p>\n","protected":false},"author":2,"featured_media":4277,"comment_status":"open","ping_status":"closed","sticky":false,"template":"","format":"standard","meta":{"_mi_skip_tracking":false,"_monsterinsights_sitenote_active":false,"_monsterinsights_sitenote_note":"","_monsterinsights_sitenote_category":0,"site-sidebar-layout":"default","site-content-layout":"default","ast-global-header-display":"","ast-main-header-display":"","ast-hfb-above-header-display":"","ast-hfb-below-header-display":"","ast-hfb-mobile-header-display":"","site-post-title":"","ast-breadcrumbs-content":"","ast-featured-img":"","footer-sml-layout":"","theme-transparent-header-meta":"","adv-header-id-meta":"","stick-header-meta":"","header-above-stick-meta":"","header-main-stick-meta":"","header-below-stick-meta":"","footnotes":"","jetpack_publicize_message":"","jetpack_is_tweetstorm":false,"jetpack_publicize_feature_enabled":true},"categories":[35],"tags":[],"jetpack_publicize_connections":[],"acf":[],"aioseo_notices":[],"yoast_head":"<!-- This site is optimized with the Yoast SEO plugin v19.6.1 - https:\/\/yoast.com\/wordpress\/plugins\/seo\/ -->\n<title>COOP\u00c9RATION : DES ACTEURS DE L\u2019INT\u00c9GRATION IVOIRO-BURKINAB\u00c9 PRIM\u00c9S - 7culture<\/title>\n<meta name=\"robots\" content=\"index, follow, max-snippet:-1, max-image-preview:large, max-video-preview:-1\" \/>\n<link rel=\"canonical\" href=\"https:\/\/7culture.ci\/index.php\/2020\/10\/07\/cooperation-des-acteurs-de-lintegration-ivoiro-burkinabe-primes\/\" \/>\n<meta property=\"og:locale\" content=\"fr_FR\" \/>\n<meta property=\"og:type\" content=\"article\" \/>\n<meta property=\"og:title\" content=\"COOP\u00c9RATION : DES ACTEURS DE L\u2019INT\u00c9GRATION IVOIRO-BURKINAB\u00c9 PRIM\u00c9S - 7culture\" \/>\n<meta property=\"og:description\" content=\"Des responsables d\u2019institutions, des diplomates, des \u00e9lus, des acteurs de la soci\u00e9t\u00e9 civile, du monde des affaires, des t\u00eates couronn\u00e9es, des artistes, des artisans, des cr\u00e9ateurs de mode etc, \u0153uvrant au renforcement de l\u2019int\u00e9gration des peuples ivoiriens et burkinab\u00e9s ont \u00e9t\u00e9 prim\u00e9s. C\u2019\u00e9tait le samedi 3 octobre dernier au Plateau, \u00e0 l\u2019occasion de la 4\u00e9me &hellip; COOP\u00c9RATION : DES ACTEURS DE L\u2019INT\u00c9GRATION IVOIRO-BURKINAB\u00c9 PRIM\u00c9S Lire la suite\u00a0\u00bb\" \/>\n<meta property=\"og:url\" content=\"https:\/\/7culture.ci\/index.php\/2020\/10\/07\/cooperation-des-acteurs-de-lintegration-ivoiro-burkinabe-primes\/\" \/>\n<meta property=\"og:site_name\" content=\"7culture\" \/>\n<meta property=\"article:publisher\" content=\"https:\/\/www.facebook.com\/redchefclaude\" \/>\n<meta property=\"article:published_time\" content=\"2020-10-07T14:15:38+00:00\" \/>\n<meta name=\"author\" content=\"Claude Kipre\" \/>\n<meta name=\"twitter:card\" content=\"summary_large_image\" \/>\n<meta name=\"twitter:creator\" content=\"@7culturec\" \/>\n<meta name=\"twitter:site\" content=\"@7culturec\" \/>\n<meta name=\"twitter:label1\" content=\"\u00c9crit par\" \/>\n\t<meta name=\"twitter:data1\" content=\"Claude Kipre\" \/>\n\t<meta name=\"twitter:label2\" content=\"Dur\u00e9e de lecture estim\u00e9e\" \/>\n\t<meta name=\"twitter:data2\" content=\"3 minutes\" \/>\n<script type=\"application\/ld+json\" class=\"yoast-schema-graph\">{\"@context\":\"https:\/\/schema.org\",\"@graph\":[{\"@type\":\"Article\",\"@id\":\"https:\/\/7culture.ci\/index.php\/2020\/10\/07\/cooperation-des-acteurs-de-lintegration-ivoiro-burkinabe-primes\/#article\",\"isPartOf\":{\"@id\":\"https:\/\/7culture.ci\/index.php\/2020\/10\/07\/cooperation-des-acteurs-de-lintegration-ivoiro-burkinabe-primes\/\"},\"author\":{\"name\":\"Claude Kipre\",\"@id\":\"https:\/\/7culture.ci\/#\/schema\/person\/64b5687ef9752cd031e11e98f4fd60b6\"},\"headline\":\"COOP\u00c9RATION : DES ACTEURS DE L\u2019INT\u00c9GRATION IVOIRO-BURKINAB\u00c9 PRIM\u00c9S\",\"datePublished\":\"2020-10-07T14:15:38+00:00\",\"dateModified\":\"2020-10-07T14:15:38+00:00\",\"mainEntityOfPage\":{\"@id\":\"https:\/\/7culture.ci\/index.php\/2020\/10\/07\/cooperation-des-acteurs-de-lintegration-ivoiro-burkinabe-primes\/\"},\"wordCount\":601,\"commentCount\":0,\"publisher\":{\"@id\":\"https:\/\/7culture.ci\/#organization\"},\"articleSection\":[\"Dossier\"],\"inLanguage\":\"fr-FR\",\"potentialAction\":[{\"@type\":\"CommentAction\",\"name\":\"Comment\",\"target\":[\"https:\/\/7culture.ci\/index.php\/2020\/10\/07\/cooperation-des-acteurs-de-lintegration-ivoiro-burkinabe-primes\/#respond\"]}]},{\"@type\":\"WebPage\",\"@id\":\"https:\/\/7culture.ci\/index.php\/2020\/10\/07\/cooperation-des-acteurs-de-lintegration-ivoiro-burkinabe-primes\/\",\"url\":\"https:\/\/7culture.ci\/index.php\/2020\/10\/07\/cooperation-des-acteurs-de-lintegration-ivoiro-burkinabe-primes\/\",\"name\":\"COOP\u00c9RATION : DES ACTEURS DE L\u2019INT\u00c9GRATION IVOIRO-BURKINAB\u00c9 PRIM\u00c9S - 7culture\",\"isPartOf\":{\"@id\":\"https:\/\/7culture.ci\/#website\"},\"datePublished\":\"2020-10-07T14:15:38+00:00\",\"dateModified\":\"2020-10-07T14:15:38+00:00\",\"breadcrumb\":{\"@id\":\"https:\/\/7culture.ci\/index.php\/2020\/10\/07\/cooperation-des-acteurs-de-lintegration-ivoiro-burkinabe-primes\/#breadcrumb\"},\"inLanguage\":\"fr-FR\",\"potentialAction\":[{\"@type\":\"ReadAction\",\"target\":[\"https:\/\/7culture.ci\/index.php\/2020\/10\/07\/cooperation-des-acteurs-de-lintegration-ivoiro-burkinabe-primes\/\"]}]},{\"@type\":\"BreadcrumbList\",\"@id\":\"https:\/\/7culture.ci\/index.php\/2020\/10\/07\/cooperation-des-acteurs-de-lintegration-ivoiro-burkinabe-primes\/#breadcrumb\",\"itemListElement\":[{\"@type\":\"ListItem\",\"position\":1,\"name\":\"Accueil\",\"item\":\"https:\/\/7culture.ci\/\"},{\"@type\":\"ListItem\",\"position\":2,\"name\":\"COOP\u00c9RATION : DES ACTEURS DE L\u2019INT\u00c9GRATION IVOIRO-BURKINAB\u00c9 PRIM\u00c9S\"}]},{\"@type\":\"WebSite\",\"@id\":\"https:\/\/7culture.ci\/#website\",\"url\":\"https:\/\/7culture.ci\/\",\"name\":\"7culture\",\"description\":\"Tout sur l&#039;actualit\u00e9\",\"publisher\":{\"@id\":\"https:\/\/7culture.ci\/#organization\"},\"potentialAction\":[{\"@type\":\"SearchAction\",\"target\":{\"@type\":\"EntryPoint\",\"urlTemplate\":\"https:\/\/7culture.ci\/?s={search_term_string}\"},\"query-input\":\"required name=search_term_string\"}],\"inLanguage\":\"fr-FR\"},{\"@type\":\"Organization\",\"@id\":\"https:\/\/7culture.ci\/#organization\",\"name\":\"7culture\",\"url\":\"https:\/\/7culture.ci\/\",\"sameAs\":[\"https:\/\/www.facebook.com\/redchefclaude\",\"https:\/\/twitter.com\/7culturec\"],\"logo\":{\"@type\":\"ImageObject\",\"inLanguage\":\"fr-FR\",\"@id\":\"https:\/\/7culture.ci\/#\/schema\/logo\/image\/\",\"url\":\"https:\/\/7culture.ci\/wp-content\/uploads\/2021\/12\/S1a-1.png\",\"contentUrl\":\"https:\/\/7culture.ci\/wp-content\/uploads\/2021\/12\/S1a-1.png\",\"width\":588,\"height\":192,\"caption\":\"7culture\"},\"image\":{\"@id\":\"https:\/\/7culture.ci\/#\/schema\/logo\/image\/\"}},{\"@type\":\"Person\",\"@id\":\"https:\/\/7culture.ci\/#\/schema\/person\/64b5687ef9752cd031e11e98f4fd60b6\",\"name\":\"Claude Kipre\",\"image\":{\"@type\":\"ImageObject\",\"inLanguage\":\"fr-FR\",\"@id\":\"https:\/\/7culture.ci\/#\/schema\/person\/image\/\",\"url\":\"https:\/\/secure.gravatar.com\/avatar\/60e5007626848549b0d9b2ad9c53c9e8?s=96&d=mm&r=g\",\"contentUrl\":\"https:\/\/secure.gravatar.com\/avatar\/60e5007626848549b0d9b2ad9c53c9e8?s=96&d=mm&r=g\",\"caption\":\"Claude Kipre\"},\"url\":\"https:\/\/7culture.ci\/index.php\/author\/claude-kipre\/\"}]}<\/script>\n<!-- \/ Yoast SEO plugin. -->","yoast_head_json":{"title":"COOP\u00c9RATION : DES ACTEURS DE L\u2019INT\u00c9GRATION IVOIRO-BURKINAB\u00c9 PRIM\u00c9S - 7culture","robots":{"index":"index","follow":"follow","max-snippet":"max-snippet:-1","max-image-preview":"max-image-preview:large","max-video-preview":"max-video-preview:-1"},"canonical":"https:\/\/7culture.ci\/index.php\/2020\/10\/07\/cooperation-des-acteurs-de-lintegration-ivoiro-burkinabe-primes\/","og_locale":"fr_FR","og_type":"article","og_title":"COOP\u00c9RATION : DES ACTEURS DE L\u2019INT\u00c9GRATION IVOIRO-BURKINAB\u00c9 PRIM\u00c9S - 7culture","og_description":"Des responsables d\u2019institutions, des diplomates, des \u00e9lus, des acteurs de la soci\u00e9t\u00e9 civile, du monde des affaires, des t\u00eates couronn\u00e9es, des artistes, des artisans, des cr\u00e9ateurs de mode etc, \u0153uvrant au renforcement de l\u2019int\u00e9gration des peuples ivoiriens et burkinab\u00e9s ont \u00e9t\u00e9 prim\u00e9s. C\u2019\u00e9tait le samedi 3 octobre dernier au Plateau, \u00e0 l\u2019occasion de la 4\u00e9me &hellip; COOP\u00c9RATION : DES ACTEURS DE L\u2019INT\u00c9GRATION IVOIRO-BURKINAB\u00c9 PRIM\u00c9S Lire la suite\u00a0\u00bb","og_url":"https:\/\/7culture.ci\/index.php\/2020\/10\/07\/cooperation-des-acteurs-de-lintegration-ivoiro-burkinabe-primes\/","og_site_name":"7culture","article_publisher":"https:\/\/www.facebook.com\/redchefclaude","article_published_time":"2020-10-07T14:15:38+00:00","author":"Claude Kipre","twitter_card":"summary_large_image","twitter_creator":"@7culturec","twitter_site":"@7culturec","twitter_misc":{"\u00c9crit par":"Claude Kipre","Dur\u00e9e de lecture estim\u00e9e":"3 minutes"},"schema":{"@context":"https:\/\/schema.org","@graph":[{"@type":"Article","@id":"https:\/\/7culture.ci\/index.php\/2020\/10\/07\/cooperation-des-acteurs-de-lintegration-ivoiro-burkinabe-primes\/#article","isPartOf":{"@id":"https:\/\/7culture.ci\/index.php\/2020\/10\/07\/cooperation-des-acteurs-de-lintegration-ivoiro-burkinabe-primes\/"},"author":{"name":"Claude Kipre","@id":"https:\/\/7culture.ci\/#\/schema\/person\/64b5687ef9752cd031e11e98f4fd60b6"},"headline":"COOP\u00c9RATION : DES ACTEURS DE L\u2019INT\u00c9GRATION IVOIRO-BURKINAB\u00c9 PRIM\u00c9S","datePublished":"2020-10-07T14:15:38+00:00","dateModified":"2020-10-07T14:15:38+00:00","mainEntityOfPage":{"@id":"https:\/\/7culture.ci\/index.php\/2020\/10\/07\/cooperation-des-acteurs-de-lintegration-ivoiro-burkinabe-primes\/"},"wordCount":601,"commentCount":0,"publisher":{"@id":"https:\/\/7culture.ci\/#organization"},"articleSection":["Dossier"],"inLanguage":"fr-FR","potentialAction":[{"@type":"CommentAction","name":"Comment","target":["https:\/\/7culture.ci\/index.php\/2020\/10\/07\/cooperation-des-acteurs-de-lintegration-ivoiro-burkinabe-primes\/#respond"]}]},{"@type":"WebPage","@id":"https:\/\/7culture.ci\/index.php\/2020\/10\/07\/cooperation-des-acteurs-de-lintegration-ivoiro-burkinabe-primes\/","url":"https:\/\/7culture.ci\/index.php\/2020\/10\/07\/cooperation-des-acteurs-de-lintegration-ivoiro-burkinabe-primes\/","name":"COOP\u00c9RATION : DES ACTEURS DE L\u2019INT\u00c9GRATION IVOIRO-BURKINAB\u00c9 PRIM\u00c9S - 7culture","isPartOf":{"@id":"https:\/\/7culture.ci\/#website"},"datePublished":"2020-10-07T14:15:38+00:00","dateModified":"2020-10-07T14:15:38+00:00","breadcrumb":{"@id":"https:\/\/7culture.ci\/index.php\/2020\/10\/07\/cooperation-des-acteurs-de-lintegration-ivoiro-burkinabe-primes\/#breadcrumb"},"inLanguage":"fr-FR","potentialAction":[{"@type":"ReadAction","target":["https:\/\/7culture.ci\/index.php\/2020\/10\/07\/cooperation-des-acteurs-de-lintegration-ivoiro-burkinabe-primes\/"]}]},{"@type":"BreadcrumbList","@id":"https:\/\/7culture.ci\/index.php\/2020\/10\/07\/cooperation-des-acteurs-de-lintegration-ivoiro-burkinabe-primes\/#breadcrumb","itemListElement":[{"@type":"ListItem","position":1,"name":"Accueil","item":"https:\/\/7culture.ci\/"},{"@type":"ListItem","position":2,"name":"COOP\u00c9RATION : DES ACTEURS DE L\u2019INT\u00c9GRATION IVOIRO-BURKINAB\u00c9 PRIM\u00c9S"}]},{"@type":"WebSite","@id":"https:\/\/7culture.ci\/#website","url":"https:\/\/7culture.ci\/","name":"7culture","description":"Tout sur l&#039;actualit\u00e9","publisher":{"@id":"https:\/\/7culture.ci\/#organization"},"potentialAction":[{"@type":"SearchAction","target":{"@type":"EntryPoint","urlTemplate":"https:\/\/7culture.ci\/?s={search_term_string}"},"query-input":"required name=search_term_string"}],"inLanguage":"fr-FR"},{"@type":"Organization","@id":"https:\/\/7culture.ci\/#organization","name":"7culture","url":"https:\/\/7culture.ci\/","sameAs":["https:\/\/www.facebook.com\/redchefclaude","https:\/\/twitter.com\/7culturec"],"logo":{"@type":"ImageObject","inLanguage":"fr-FR","@id":"https:\/\/7culture.ci\/#\/schema\/logo\/image\/","url":"https:\/\/7culture.ci\/wp-content\/uploads\/2021\/12\/S1a-1.png","contentUrl":"https:\/\/7culture.ci\/wp-content\/uploads\/2021\/12\/S1a-1.png","width":588,"height":192,"caption":"7culture"},"image":{"@id":"https:\/\/7culture.ci\/#\/schema\/logo\/image\/"}},{"@type":"Person","@id":"https:\/\/7culture.ci\/#\/schema\/person\/64b5687ef9752cd031e11e98f4fd60b6","name":"Claude Kipre","image":{"@type":"ImageObject","inLanguage":"fr-FR","@id":"https:\/\/7culture.ci\/#\/schema\/person\/image\/","url":"https:\/\/secure.gravatar.com\/avatar\/60e5007626848549b0d9b2ad9c53c9e8?s=96&d=mm&r=g","contentUrl":"https:\/\/secure.gravatar.com\/avatar\/60e5007626848549b0d9b2ad9c53c9e8?s=96&d=mm&r=g","caption":"Claude Kipre"},"url":"https:\/\/7culture.ci\/index.php\/author\/claude-kipre\/"}]}},"jetpack_featured_media_url":"","jetpack_likes_enabled":true,"jetpack_sharing_enabled":true,"_links":{"self":[{"href":"https:\/\/7culture.ci\/index.php\/wp-json\/wp\/v2\/posts\/4314"}],"collection":[{"href":"https:\/\/7culture.ci\/index.php\/wp-json\/wp\/v2\/posts"}],"about":[{"href":"https:\/\/7culture.ci\/index.php\/wp-json\/wp\/v2\/types\/post"}],"author":[{"embeddable":true,"href":"https:\/\/7culture.ci\/index.php\/wp-json\/wp\/v2\/users\/2"}],"replies":[{"embeddable":true,"href":"https:\/\/7culture.ci\/index.php\/wp-json\/wp\/v2\/comments?post=4314"}],"version-history":[{"count":0,"href":"https:\/\/7culture.ci\/index.php\/wp-json\/wp\/v2\/posts\/4314\/revisions"}],"wp:featuredmedia":[{"embeddable":true,"href":"https:\/\/7culture.ci\/index.php\/wp-json\/"}],"wp:attachment":[{"href":"https:\/\/7culture.ci\/index.php\/wp-json\/wp\/v2\/media?parent=4314"}],"wp:term":[{"taxonomy":"category","embeddable":true,"href":"https:\/\/7culture.ci\/index.php\/wp-json\/wp\/v2\/categories?post=4314"},{"taxonomy":"post_tag","embeddable":true,"href":"https:\/\/7culture.ci\/index.php\/wp-json\/wp\/v2\/tags?post=4314"}],"curies":[{"name":"wp","href":"https:\/\/api.w.org\/{rel}","templated":true}]}}