{"id":4178,"date":"2020-10-05T17:48:53","date_gmt":"2020-10-05T17:48:53","guid":{"rendered":"https:\/\/7culture.ci\/index.php\/2020\/10\/05\/incarcere-sidiki-diabate-offre-un-repas-aux-prisonniers\/"},"modified":"2020-10-05T17:48:53","modified_gmt":"2020-10-05T17:48:53","slug":"incarcere-sidiki-diabate-offre-un-repas-aux-prisonniers","status":"publish","type":"post","link":"https:\/\/7culture.ci\/index.php\/2020\/10\/05\/incarcere-sidiki-diabate-offre-un-repas-aux-prisonniers\/","title":{"rendered":"INCARC\u00c9R\u00c9 : SIDIKI DIABAT\u00c9 OFFRE UN REPAS AUX PRISONNIERS"},"content":{"rendered":"\n<p><strong><em>Samedi dernier, la famille de Sidiki Diabat\u00e9 emprisonn\u00e9 \u00e0 Bamako, est all\u00e9e offrir un repas aux prisonniers.<\/em><\/strong><\/p>\n\n\n\n<p>Depuis plus de deux semaines, Sidiki Diabat\u00e9 est abonn\u00e9 \u00e0 la rubrique <strong>Faits divers<\/strong> &nbsp;de la presse et fait le buzz sur la toile. Accus\u00e9 de violences conjugales, coups et blessures sur mademoiselle Mamasita Sow, son ex petite amie, le chanteur est incarc\u00e9r\u00e9 dans une prison de Bamako, la capitale malienne. On entend des nouvelles contradictoires sur le sort du petit prince de la Kora. Le samedi 3 octobre, sur instruction de la star mandingue, sa famille et son staff ont tu\u00e9 un b\u0153uf pour en faire un repas qu\u2019ils ont distribu\u00e9 aux prisonniers de la Maison Centrale d\\&#8217;Arr\u00eat (MCA). En tout cas, c\u2019est un beau geste en attendant que l\u2019horizon s\u2019\u00e9claircisse pour l\u2019auteur de <strong><em>Diabateba Music<\/em><\/strong>.<\/p>\n\n\n\n<figure class=\\\"wp-block-image size-large is-resized\\\"><img src=\\\"http:\/\/7culture.ci\/fbf\/uploads\/2020\/10\/Sid-Repas2.jpg\\\" alt=\\\"\\\" class=\\\"wp-image-4180\\\" width=\\\"735\\\" height=\\\"551\\\"\/><\/figure>\n\n\n\n<figure class=\\\"wp-block-image size-large\\\"><img src=\\\"http:\/\/7culture.ci\/fbf\/uploads\/2020\/10\/Sidiki-diabat\u00e9-prison-2.jpg\\\" alt=\\\"\\\" class=\\\"wp-image-4182\\\"\/><\/figure>\n\n\n\n<p><strong>Omar A.K<\/strong>.<\/p>\n","protected":false},"excerpt":{"rendered":"<p>Samedi dernier, la famille de Sidiki Diabat\u00e9 emprisonn\u00e9 \u00e0 Bamako, est all\u00e9e offrir un repas aux prisonniers. Depuis plus de deux semaines, Sidiki Diabat\u00e9 est abonn\u00e9 \u00e0 la rubrique Faits divers &nbsp;de la presse et fait le buzz sur la toile. Accus\u00e9 de violences conjugales, coups et blessures sur mademoiselle Mamasita Sow, son ex petite &hellip;<\/p>\n<p class=\"read-more\"> <a class=\"\" href=\"https:\/\/7culture.ci\/index.php\/2020\/10\/05\/incarcere-sidiki-diabate-offre-un-repas-aux-prisonniers\/\"> <span class=\"screen-reader-text\">INCARC\u00c9R\u00c9 : SIDIKI DIABAT\u00c9 OFFRE UN REPAS AUX PRISONNIERS<\/span> Lire la suite\u00a0\u00bb<\/a><\/p>\n","protected":false},"author":2,"featured_media":4181,"comment_status":"open","ping_status":"closed","sticky":false,"template":"","format":"standard","meta":{"_mi_skip_tracking":false,"_monsterinsights_sitenote_active":false,"_monsterinsights_sitenote_note":"","_monsterinsights_sitenote_category":0,"site-sidebar-layout":"default","site-content-layout":"default","ast-global-header-display":"","ast-main-header-display":"","ast-hfb-above-header-display":"","ast-hfb-below-header-display":"","ast-hfb-mobile-header-display":"","site-post-title":"","ast-breadcrumbs-content":"","ast-featured-img":"","footer-sml-layout":"","theme-transparent-header-meta":"","adv-header-id-meta":"","stick-header-meta":"","header-above-stick-meta":"","header-main-stick-meta":"","header-below-stick-meta":"","footnotes":"","jetpack_publicize_message":"","jetpack_is_tweetstorm":false,"jetpack_publicize_feature_enabled":true},"categories":[22,16],"tags":[],"jetpack_publicize_connections":[],"acf":[],"aioseo_notices":[],"yoast_head":"<!-- This site is optimized with the Yoast SEO plugin v19.6.1 - https:\/\/yoast.com\/wordpress\/plugins\/seo\/ -->\n<title>INCARC\u00c9R\u00c9 : SIDIKI DIABAT\u00c9 OFFRE UN REPAS AUX PRISONNIERS - 7culture<\/title>\n<meta name=\"robots\" content=\"index, follow, max-snippet:-1, max-image-preview:large, max-video-preview:-1\" \/>\n<link rel=\"canonical\" href=\"https:\/\/7culture.ci\/index.php\/2020\/10\/05\/incarcere-sidiki-diabate-offre-un-repas-aux-prisonniers\/\" \/>\n<meta property=\"og:locale\" content=\"fr_FR\" \/>\n<meta property=\"og:type\" content=\"article\" \/>\n<meta property=\"og:title\" content=\"INCARC\u00c9R\u00c9 : SIDIKI DIABAT\u00c9 OFFRE UN REPAS AUX PRISONNIERS - 7culture\" \/>\n<meta property=\"og:description\" content=\"Samedi dernier, la famille de Sidiki Diabat\u00e9 emprisonn\u00e9 \u00e0 Bamako, est all\u00e9e offrir un repas aux prisonniers. Depuis plus de deux semaines, Sidiki Diabat\u00e9 est abonn\u00e9 \u00e0 la rubrique Faits divers &nbsp;de la presse et fait le buzz sur la toile. Accus\u00e9 de violences conjugales, coups et blessures sur mademoiselle Mamasita Sow, son ex petite &hellip; INCARC\u00c9R\u00c9 : SIDIKI DIABAT\u00c9 OFFRE UN REPAS AUX PRISONNIERS Lire la suite\u00a0\u00bb\" \/>\n<meta property=\"og:url\" content=\"https:\/\/7culture.ci\/index.php\/2020\/10\/05\/incarcere-sidiki-diabate-offre-un-repas-aux-prisonniers\/\" \/>\n<meta property=\"og:site_name\" content=\"7culture\" \/>\n<meta property=\"article:publisher\" content=\"https:\/\/www.facebook.com\/redchefclaude\" \/>\n<meta property=\"article:published_time\" content=\"2020-10-05T17:48:53+00:00\" \/>\n<meta name=\"author\" content=\"Claude Kipre\" \/>\n<meta name=\"twitter:card\" content=\"summary_large_image\" \/>\n<meta name=\"twitter:creator\" content=\"@7culturec\" \/>\n<meta name=\"twitter:site\" content=\"@7culturec\" \/>\n<meta name=\"twitter:label1\" content=\"\u00c9crit par\" \/>\n\t<meta name=\"twitter:data1\" content=\"Claude Kipre\" \/>\n\t<meta name=\"twitter:label2\" content=\"Dur\u00e9e de lecture estim\u00e9e\" \/>\n\t<meta name=\"twitter:data2\" content=\"1 minute\" \/>\n<script type=\"application\/ld+json\" class=\"yoast-schema-graph\">{\"@context\":\"https:\/\/schema.org\",\"@graph\":[{\"@type\":\"Article\",\"@id\":\"https:\/\/7culture.ci\/index.php\/2020\/10\/05\/incarcere-sidiki-diabate-offre-un-repas-aux-prisonniers\/#article\",\"isPartOf\":{\"@id\":\"https:\/\/7culture.ci\/index.php\/2020\/10\/05\/incarcere-sidiki-diabate-offre-un-repas-aux-prisonniers\/\"},\"author\":{\"name\":\"Claude Kipre\",\"@id\":\"https:\/\/7culture.ci\/#\/schema\/person\/64b5687ef9752cd031e11e98f4fd60b6\"},\"headline\":\"INCARC\u00c9R\u00c9 : SIDIKI DIABAT\u00c9 OFFRE UN REPAS AUX PRISONNIERS\",\"datePublished\":\"2020-10-05T17:48:53+00:00\",\"dateModified\":\"2020-10-05T17:48:53+00:00\",\"mainEntityOfPage\":{\"@id\":\"https:\/\/7culture.ci\/index.php\/2020\/10\/05\/incarcere-sidiki-diabate-offre-un-repas-aux-prisonniers\/\"},\"wordCount\":154,\"commentCount\":0,\"publisher\":{\"@id\":\"https:\/\/7culture.ci\/#organization\"},\"articleSection\":[\"Actualit\u00e9\",\"Musique\"],\"inLanguage\":\"fr-FR\",\"potentialAction\":[{\"@type\":\"CommentAction\",\"name\":\"Comment\",\"target\":[\"https:\/\/7culture.ci\/index.php\/2020\/10\/05\/incarcere-sidiki-diabate-offre-un-repas-aux-prisonniers\/#respond\"]}]},{\"@type\":\"WebPage\",\"@id\":\"https:\/\/7culture.ci\/index.php\/2020\/10\/05\/incarcere-sidiki-diabate-offre-un-repas-aux-prisonniers\/\",\"url\":\"https:\/\/7culture.ci\/index.php\/2020\/10\/05\/incarcere-sidiki-diabate-offre-un-repas-aux-prisonniers\/\",\"name\":\"INCARC\u00c9R\u00c9 : SIDIKI DIABAT\u00c9 OFFRE UN REPAS AUX PRISONNIERS - 7culture\",\"isPartOf\":{\"@id\":\"https:\/\/7culture.ci\/#website\"},\"datePublished\":\"2020-10-05T17:48:53+00:00\",\"dateModified\":\"2020-10-05T17:48:53+00:00\",\"breadcrumb\":{\"@id\":\"https:\/\/7culture.ci\/index.php\/2020\/10\/05\/incarcere-sidiki-diabate-offre-un-repas-aux-prisonniers\/#breadcrumb\"},\"inLanguage\":\"fr-FR\",\"potentialAction\":[{\"@type\":\"ReadAction\",\"target\":[\"https:\/\/7culture.ci\/index.php\/2020\/10\/05\/incarcere-sidiki-diabate-offre-un-repas-aux-prisonniers\/\"]}]},{\"@type\":\"BreadcrumbList\",\"@id\":\"https:\/\/7culture.ci\/index.php\/2020\/10\/05\/incarcere-sidiki-diabate-offre-un-repas-aux-prisonniers\/#breadcrumb\",\"itemListElement\":[{\"@type\":\"ListItem\",\"position\":1,\"name\":\"Accueil\",\"item\":\"https:\/\/7culture.ci\/\"},{\"@type\":\"ListItem\",\"position\":2,\"name\":\"INCARC\u00c9R\u00c9 : SIDIKI DIABAT\u00c9 OFFRE UN REPAS AUX PRISONNIERS\"}]},{\"@type\":\"WebSite\",\"@id\":\"https:\/\/7culture.ci\/#website\",\"url\":\"https:\/\/7culture.ci\/\",\"name\":\"7culture\",\"description\":\"Tout sur l&#039;actualit\u00e9\",\"publisher\":{\"@id\":\"https:\/\/7culture.ci\/#organization\"},\"potentialAction\":[{\"@type\":\"SearchAction\",\"target\":{\"@type\":\"EntryPoint\",\"urlTemplate\":\"https:\/\/7culture.ci\/?s={search_term_string}\"},\"query-input\":\"required name=search_term_string\"}],\"inLanguage\":\"fr-FR\"},{\"@type\":\"Organization\",\"@id\":\"https:\/\/7culture.ci\/#organization\",\"name\":\"7culture\",\"url\":\"https:\/\/7culture.ci\/\",\"sameAs\":[\"https:\/\/www.facebook.com\/redchefclaude\",\"https:\/\/twitter.com\/7culturec\"],\"logo\":{\"@type\":\"ImageObject\",\"inLanguage\":\"fr-FR\",\"@id\":\"https:\/\/7culture.ci\/#\/schema\/logo\/image\/\",\"url\":\"https:\/\/7culture.ci\/wp-content\/uploads\/2021\/12\/S1a-1.png\",\"contentUrl\":\"https:\/\/7culture.ci\/wp-content\/uploads\/2021\/12\/S1a-1.png\",\"width\":588,\"height\":192,\"caption\":\"7culture\"},\"image\":{\"@id\":\"https:\/\/7culture.ci\/#\/schema\/logo\/image\/\"}},{\"@type\":\"Person\",\"@id\":\"https:\/\/7culture.ci\/#\/schema\/person\/64b5687ef9752cd031e11e98f4fd60b6\",\"name\":\"Claude Kipre\",\"image\":{\"@type\":\"ImageObject\",\"inLanguage\":\"fr-FR\",\"@id\":\"https:\/\/7culture.ci\/#\/schema\/person\/image\/\",\"url\":\"https:\/\/secure.gravatar.com\/avatar\/60e5007626848549b0d9b2ad9c53c9e8?s=96&d=mm&r=g\",\"contentUrl\":\"https:\/\/secure.gravatar.com\/avatar\/60e5007626848549b0d9b2ad9c53c9e8?s=96&d=mm&r=g\",\"caption\":\"Claude Kipre\"},\"url\":\"https:\/\/7culture.ci\/index.php\/author\/claude-kipre\/\"}]}<\/script>\n<!-- \/ Yoast SEO plugin. -->","yoast_head_json":{"title":"INCARC\u00c9R\u00c9 : SIDIKI DIABAT\u00c9 OFFRE UN REPAS AUX PRISONNIERS - 7culture","robots":{"index":"index","follow":"follow","max-snippet":"max-snippet:-1","max-image-preview":"max-image-preview:large","max-video-preview":"max-video-preview:-1"},"canonical":"https:\/\/7culture.ci\/index.php\/2020\/10\/05\/incarcere-sidiki-diabate-offre-un-repas-aux-prisonniers\/","og_locale":"fr_FR","og_type":"article","og_title":"INCARC\u00c9R\u00c9 : SIDIKI DIABAT\u00c9 OFFRE UN REPAS AUX PRISONNIERS - 7culture","og_description":"Samedi dernier, la famille de Sidiki Diabat\u00e9 emprisonn\u00e9 \u00e0 Bamako, est all\u00e9e offrir un repas aux prisonniers. Depuis plus de deux semaines, Sidiki Diabat\u00e9 est abonn\u00e9 \u00e0 la rubrique Faits divers &nbsp;de la presse et fait le buzz sur la toile. Accus\u00e9 de violences conjugales, coups et blessures sur mademoiselle Mamasita Sow, son ex petite &hellip; INCARC\u00c9R\u00c9 : SIDIKI DIABAT\u00c9 OFFRE UN REPAS AUX PRISONNIERS Lire la suite\u00a0\u00bb","og_url":"https:\/\/7culture.ci\/index.php\/2020\/10\/05\/incarcere-sidiki-diabate-offre-un-repas-aux-prisonniers\/","og_site_name":"7culture","article_publisher":"https:\/\/www.facebook.com\/redchefclaude","article_published_time":"2020-10-05T17:48:53+00:00","author":"Claude Kipre","twitter_card":"summary_large_image","twitter_creator":"@7culturec","twitter_site":"@7culturec","twitter_misc":{"\u00c9crit par":"Claude Kipre","Dur\u00e9e de lecture estim\u00e9e":"1 minute"},"schema":{"@context":"https:\/\/schema.org","@graph":[{"@type":"Article","@id":"https:\/\/7culture.ci\/index.php\/2020\/10\/05\/incarcere-sidiki-diabate-offre-un-repas-aux-prisonniers\/#article","isPartOf":{"@id":"https:\/\/7culture.ci\/index.php\/2020\/10\/05\/incarcere-sidiki-diabate-offre-un-repas-aux-prisonniers\/"},"author":{"name":"Claude Kipre","@id":"https:\/\/7culture.ci\/#\/schema\/person\/64b5687ef9752cd031e11e98f4fd60b6"},"headline":"INCARC\u00c9R\u00c9 : SIDIKI DIABAT\u00c9 OFFRE UN REPAS AUX PRISONNIERS","datePublished":"2020-10-05T17:48:53+00:00","dateModified":"2020-10-05T17:48:53+00:00","mainEntityOfPage":{"@id":"https:\/\/7culture.ci\/index.php\/2020\/10\/05\/incarcere-sidiki-diabate-offre-un-repas-aux-prisonniers\/"},"wordCount":154,"commentCount":0,"publisher":{"@id":"https:\/\/7culture.ci\/#organization"},"articleSection":["Actualit\u00e9","Musique"],"inLanguage":"fr-FR","potentialAction":[{"@type":"CommentAction","name":"Comment","target":["https:\/\/7culture.ci\/index.php\/2020\/10\/05\/incarcere-sidiki-diabate-offre-un-repas-aux-prisonniers\/#respond"]}]},{"@type":"WebPage","@id":"https:\/\/7culture.ci\/index.php\/2020\/10\/05\/incarcere-sidiki-diabate-offre-un-repas-aux-prisonniers\/","url":"https:\/\/7culture.ci\/index.php\/2020\/10\/05\/incarcere-sidiki-diabate-offre-un-repas-aux-prisonniers\/","name":"INCARC\u00c9R\u00c9 : SIDIKI DIABAT\u00c9 OFFRE UN REPAS AUX PRISONNIERS - 7culture","isPartOf":{"@id":"https:\/\/7culture.ci\/#website"},"datePublished":"2020-10-05T17:48:53+00:00","dateModified":"2020-10-05T17:48:53+00:00","breadcrumb":{"@id":"https:\/\/7culture.ci\/index.php\/2020\/10\/05\/incarcere-sidiki-diabate-offre-un-repas-aux-prisonniers\/#breadcrumb"},"inLanguage":"fr-FR","potentialAction":[{"@type":"ReadAction","target":["https:\/\/7culture.ci\/index.php\/2020\/10\/05\/incarcere-sidiki-diabate-offre-un-repas-aux-prisonniers\/"]}]},{"@type":"BreadcrumbList","@id":"https:\/\/7culture.ci\/index.php\/2020\/10\/05\/incarcere-sidiki-diabate-offre-un-repas-aux-prisonniers\/#breadcrumb","itemListElement":[{"@type":"ListItem","position":1,"name":"Accueil","item":"https:\/\/7culture.ci\/"},{"@type":"ListItem","position":2,"name":"INCARC\u00c9R\u00c9 : SIDIKI DIABAT\u00c9 OFFRE UN REPAS AUX PRISONNIERS"}]},{"@type":"WebSite","@id":"https:\/\/7culture.ci\/#website","url":"https:\/\/7culture.ci\/","name":"7culture","description":"Tout sur l&#039;actualit\u00e9","publisher":{"@id":"https:\/\/7culture.ci\/#organization"},"potentialAction":[{"@type":"SearchAction","target":{"@type":"EntryPoint","urlTemplate":"https:\/\/7culture.ci\/?s={search_term_string}"},"query-input":"required name=search_term_string"}],"inLanguage":"fr-FR"},{"@type":"Organization","@id":"https:\/\/7culture.ci\/#organization","name":"7culture","url":"https:\/\/7culture.ci\/","sameAs":["https:\/\/www.facebook.com\/redchefclaude","https:\/\/twitter.com\/7culturec"],"logo":{"@type":"ImageObject","inLanguage":"fr-FR","@id":"https:\/\/7culture.ci\/#\/schema\/logo\/image\/","url":"https:\/\/7culture.ci\/wp-content\/uploads\/2021\/12\/S1a-1.png","contentUrl":"https:\/\/7culture.ci\/wp-content\/uploads\/2021\/12\/S1a-1.png","width":588,"height":192,"caption":"7culture"},"image":{"@id":"https:\/\/7culture.ci\/#\/schema\/logo\/image\/"}},{"@type":"Person","@id":"https:\/\/7culture.ci\/#\/schema\/person\/64b5687ef9752cd031e11e98f4fd60b6","name":"Claude Kipre","image":{"@type":"ImageObject","inLanguage":"fr-FR","@id":"https:\/\/7culture.ci\/#\/schema\/person\/image\/","url":"https:\/\/secure.gravatar.com\/avatar\/60e5007626848549b0d9b2ad9c53c9e8?s=96&d=mm&r=g","contentUrl":"https:\/\/secure.gravatar.com\/avatar\/60e5007626848549b0d9b2ad9c53c9e8?s=96&d=mm&r=g","caption":"Claude Kipre"},"url":"https:\/\/7culture.ci\/index.php\/author\/claude-kipre\/"}]}},"jetpack_featured_media_url":"","jetpack_likes_enabled":true,"jetpack_sharing_enabled":true,"_links":{"self":[{"href":"https:\/\/7culture.ci\/index.php\/wp-json\/wp\/v2\/posts\/4178"}],"collection":[{"href":"https:\/\/7culture.ci\/index.php\/wp-json\/wp\/v2\/posts"}],"about":[{"href":"https:\/\/7culture.ci\/index.php\/wp-json\/wp\/v2\/types\/post"}],"author":[{"embeddable":true,"href":"https:\/\/7culture.ci\/index.php\/wp-json\/wp\/v2\/users\/2"}],"replies":[{"embeddable":true,"href":"https:\/\/7culture.ci\/index.php\/wp-json\/wp\/v2\/comments?post=4178"}],"version-history":[{"count":0,"href":"https:\/\/7culture.ci\/index.php\/wp-json\/wp\/v2\/posts\/4178\/revisions"}],"wp:featuredmedia":[{"embeddable":true,"href":"https:\/\/7culture.ci\/index.php\/wp-json\/"}],"wp:attachment":[{"href":"https:\/\/7culture.ci\/index.php\/wp-json\/wp\/v2\/media?parent=4178"}],"wp:term":[{"taxonomy":"category","embeddable":true,"href":"https:\/\/7culture.ci\/index.php\/wp-json\/wp\/v2\/categories?post=4178"},{"taxonomy":"post_tag","embeddable":true,"href":"https:\/\/7culture.ci\/index.php\/wp-json\/wp\/v2\/tags?post=4178"}],"curies":[{"name":"wp","href":"https:\/\/api.w.org\/{rel}","templated":true}]}}