{"id":4065,"date":"2020-10-02T14:46:24","date_gmt":"2020-10-02T14:46:24","guid":{"rendered":"https:\/\/7culture.ci\/index.php\/2020\/10\/02\/daphne-jai-ete-viole\/"},"modified":"2020-10-02T14:46:24","modified_gmt":"2020-10-02T14:46:24","slug":"daphne-jai-ete-viole","status":"publish","type":"post","link":"https:\/\/7culture.ci\/index.php\/2020\/10\/02\/daphne-jai-ete-viole\/","title":{"rendered":"DAPHN\u00c9 : J\u2019AI \u00c9T\u00c9 VIOL\u00c9E!"},"content":{"rendered":"\n<p><strong><em>Avec l\u2019affaire Sidiki Diabat\u00e9 qui d\u00e9fraie la chronique au Mali et dans le monde entier, la question des violences faites aux femmes est plus que d\u2019actualit\u00e9. A l\u2019instar des stars am\u00e9ricaines et europ\u00e9ennes initiatrices du mouvement Me Too, les leaders d\u2019opinions en Afrique d\u00e9cident de prendre leur part de combat. La chanteuse camerounaise, Daphn\u00e9, met les pieds dans le plat. De quelle mani\u00e8re&nbsp;?<\/em><\/strong><\/p>\n\n\n\n<figure class=\\\"wp-block-image size-large\\\"><img src=\\\"http:\/\/7culture.ci\/fbf\/uploads\/2020\/10\/Daphne-N.jpg\\\" alt=\\\"\\\" class=\\\"wp-image-4069\\\"\/><\/figure>\n\n\n\n<p>Accus\u00e9 de violences conjugales, de coups et blessures, la star Sidiki Diabat\u00e9 est derri\u00e8re les barreaux d\u2019une prison de Bamako, la capitale malienne. Cette affaire ravive, depuis peu, le combat contre les violences de tous ordres faites aux femmes. Notamment, le viol ou rapports non consentis, les violences physiques, morales et psychologiques\u2026 A l\u2019instar de nombreuses stars internationales qui portent cette lutte, les stars du continent commencent \u00e0 s\u2019y mettre ouvertement. Et la derni\u00e8re a d\u00e9cid\u00e9 de prendre sa part de combat, est la talentueuse chanteuse Daphn\u00e9.<\/p>\n\n\n\n<p>Dans un message publi\u00e9 sur ses pages des r\u00e9seaux sociaux, l\u2019artiste a tenu \u00e0 d\u00e9noncer cette maltraitance \u00e0 l\u2019\u00e9gard de la femme. Un v\u00e9ritable crime qu\u2019elle n\u2019a pas voulu couvrir longtemps. Elle raconte avec force d\u00e9tails ce qui lui est arriv\u00e9e. <strong>\u00ab&nbsp;J\u2019ai \u00e9t\u00e9 viol\u00e9e dans mon enfance par une personne dont je ne me souviens plus<\/strong>. <strong>J\\&#8217;ai v\u00e9cu une s\u00e9rie de d\u00e9pressions, de crises d\u2019anxi\u00e9t\u00e9 et de panique et une d\u00e9t\u00e9rioration de ma sant\u00e9 en raison du traumatisme que j\u2019ai travers\u00e9. Je souffre d\\&#8217;attaques de panique et vomis \u00e0 chaque fois que j\\&#8217;essaie de devenir intime parce que je sens la forte odeur de sa sueur et des flashbacks de la sc\u00e8ne \u00bb, <\/strong>raconte-elle<strong>. <\/strong>Outre cette violence physique pendant laquelle la jeune fille perdra sa virginit\u00e9, l\u2019auteur de <strong><em>Jusqu\u2019\u00e0 la gare<\/em><\/strong>\u2026 a \u00e9galement fait mention des souffrances psychologiques. <strong>\u00ab&nbsp;<em>Apr\u00e8s la fin de ma premi\u00e8re relation, je ne pouvais pas me pardonner d\\&#8217;avoir laiss\u00e9 un homme en moi \u00e0 nouveau. (\u2026.). Je me sentais comme une chose sale et sans valeur. En 2013, on m\\&#8217;a diagnostiqu\u00e9 un probl\u00e8me de sant\u00e9, mais je n\\&#8217;ai pas pu recevoir de traitement en raison de ma peur d\u2019\u00eatre p\u00e9n\u00e9tr\u00e9e par quoi que ce soit dans mon vagin<\/em><\/strong>&nbsp;\u00bb. Sans oublier qu\u2019en fin de l\u2019ann\u00e9e 2018, Daphn\u00e9 Njie a \u00e9t\u00e9 transport\u00e9e d\\&#8217;urgence \u00e0 l\\&#8217;h\u00f4pital ou les m\u00e9decins vont lui diagnostiquer un \u00abvaginisme\u00bb&nbsp;!!?? Elle trouvera son salut finalement chez un psychiatre. Le r\u00e9sultat est l\u00e0, Daphn\u00e9 se sent plus en confiance et s\u00fbre de ses capacit\u00e9s. Et c\u2019est tant mieux pour ses nombreux fans.<\/p>\n\n\n\n<p><\/p>\n","protected":false},"excerpt":{"rendered":"<p>Avec l\u2019affaire Sidiki Diabat\u00e9 qui d\u00e9fraie la chronique au Mali et dans le monde entier, la question des violences faites aux femmes est plus que d\u2019actualit\u00e9. A l\u2019instar des stars am\u00e9ricaines et europ\u00e9ennes initiatrices du mouvement Me Too, les leaders d\u2019opinions en Afrique d\u00e9cident de prendre leur part de combat. La chanteuse camerounaise, Daphn\u00e9, met &hellip;<\/p>\n<p class=\"read-more\"> <a class=\"\" href=\"https:\/\/7culture.ci\/index.php\/2020\/10\/02\/daphne-jai-ete-viole\/\"> <span class=\"screen-reader-text\">DAPHN\u00c9 : J\u2019AI \u00c9T\u00c9 VIOL\u00c9E!<\/span> Lire la suite\u00a0\u00bb<\/a><\/p>\n","protected":false},"author":2,"featured_media":4076,"comment_status":"open","ping_status":"closed","sticky":true,"template":"","format":"standard","meta":{"_mi_skip_tracking":false,"_monsterinsights_sitenote_active":false,"_monsterinsights_sitenote_note":"","_monsterinsights_sitenote_category":0,"site-sidebar-layout":"default","site-content-layout":"default","ast-global-header-display":"","ast-main-header-display":"","ast-hfb-above-header-display":"","ast-hfb-below-header-display":"","ast-hfb-mobile-header-display":"","site-post-title":"","ast-breadcrumbs-content":"","ast-featured-img":"","footer-sml-layout":"","theme-transparent-header-meta":"","adv-header-id-meta":"","stick-header-meta":"","header-above-stick-meta":"","header-main-stick-meta":"","header-below-stick-meta":"","footnotes":"","jetpack_publicize_message":"","jetpack_is_tweetstorm":false,"jetpack_publicize_feature_enabled":true},"categories":[22,16],"tags":[],"jetpack_publicize_connections":[],"acf":[],"aioseo_notices":[],"yoast_head":"<!-- This site is optimized with the Yoast SEO plugin v19.6.1 - https:\/\/yoast.com\/wordpress\/plugins\/seo\/ -->\n<title>DAPHN\u00c9 : J\u2019AI \u00c9T\u00c9 VIOL\u00c9E! 7culture<\/title>\n<meta name=\"description\" content=\"Avec l\u2019affaire Sidiki qui d\u00e9fraie la chronique le monde entier, la question des violences faites aux femmes est plus que d\u2019actualit\u00e9\" \/>\n<meta name=\"robots\" content=\"index, follow, max-snippet:-1, max-image-preview:large, max-video-preview:-1\" \/>\n<link rel=\"canonical\" href=\"https:\/\/7culture.ci\/index.php\/2020\/10\/02\/daphne-jai-ete-viole\/\" \/>\n<meta property=\"og:locale\" content=\"fr_FR\" \/>\n<meta property=\"og:type\" content=\"article\" \/>\n<meta property=\"og:title\" content=\"DAPHN\u00c9 : J\u2019AI \u00c9T\u00c9 VIOL\u00c9E! 7culture\" \/>\n<meta property=\"og:description\" content=\"Avec l\u2019affaire Sidiki qui d\u00e9fraie la chronique le monde entier, la question des violences faites aux femmes est plus que d\u2019actualit\u00e9\" \/>\n<meta property=\"og:url\" content=\"https:\/\/7culture.ci\/index.php\/2020\/10\/02\/daphne-jai-ete-viole\/\" \/>\n<meta property=\"og:site_name\" content=\"7culture\" \/>\n<meta property=\"article:publisher\" content=\"https:\/\/www.facebook.com\/redchefclaude\" \/>\n<meta property=\"article:published_time\" content=\"2020-10-02T14:46:24+00:00\" \/>\n<meta name=\"author\" content=\"Claude Kipre\" \/>\n<meta name=\"twitter:card\" content=\"summary_large_image\" \/>\n<meta name=\"twitter:creator\" content=\"@7culturec\" \/>\n<meta name=\"twitter:site\" content=\"@7culturec\" \/>\n<meta name=\"twitter:label1\" content=\"\u00c9crit par\" \/>\n\t<meta name=\"twitter:data1\" content=\"Claude Kipre\" \/>\n\t<meta name=\"twitter:label2\" content=\"Dur\u00e9e de lecture estim\u00e9e\" \/>\n\t<meta name=\"twitter:data2\" content=\"2 minutes\" \/>\n<script type=\"application\/ld+json\" class=\"yoast-schema-graph\">{\"@context\":\"https:\/\/schema.org\",\"@graph\":[{\"@type\":\"Article\",\"@id\":\"https:\/\/7culture.ci\/index.php\/2020\/10\/02\/daphne-jai-ete-viole\/#article\",\"isPartOf\":{\"@id\":\"https:\/\/7culture.ci\/index.php\/2020\/10\/02\/daphne-jai-ete-viole\/\"},\"author\":{\"name\":\"Claude Kipre\",\"@id\":\"https:\/\/7culture.ci\/#\/schema\/person\/64b5687ef9752cd031e11e98f4fd60b6\"},\"headline\":\"DAPHN\u00c9 : J\u2019AI \u00c9T\u00c9 VIOL\u00c9E!\",\"datePublished\":\"2020-10-02T14:46:24+00:00\",\"dateModified\":\"2020-10-02T14:46:24+00:00\",\"mainEntityOfPage\":{\"@id\":\"https:\/\/7culture.ci\/index.php\/2020\/10\/02\/daphne-jai-ete-viole\/\"},\"wordCount\":468,\"commentCount\":0,\"publisher\":{\"@id\":\"https:\/\/7culture.ci\/#organization\"},\"articleSection\":[\"Actualit\u00e9\",\"Musique\"],\"inLanguage\":\"fr-FR\",\"potentialAction\":[{\"@type\":\"CommentAction\",\"name\":\"Comment\",\"target\":[\"https:\/\/7culture.ci\/index.php\/2020\/10\/02\/daphne-jai-ete-viole\/#respond\"]}]},{\"@type\":\"WebPage\",\"@id\":\"https:\/\/7culture.ci\/index.php\/2020\/10\/02\/daphne-jai-ete-viole\/\",\"url\":\"https:\/\/7culture.ci\/index.php\/2020\/10\/02\/daphne-jai-ete-viole\/\",\"name\":\"DAPHN\u00c9 : J\u2019AI \u00c9T\u00c9 VIOL\u00c9E! 7culture\",\"isPartOf\":{\"@id\":\"https:\/\/7culture.ci\/#website\"},\"datePublished\":\"2020-10-02T14:46:24+00:00\",\"dateModified\":\"2020-10-02T14:46:24+00:00\",\"description\":\"Avec l\u2019affaire Sidiki qui d\u00e9fraie la chronique le monde entier, la question des violences faites aux femmes est plus que d\u2019actualit\u00e9\",\"breadcrumb\":{\"@id\":\"https:\/\/7culture.ci\/index.php\/2020\/10\/02\/daphne-jai-ete-viole\/#breadcrumb\"},\"inLanguage\":\"fr-FR\",\"potentialAction\":[{\"@type\":\"ReadAction\",\"target\":[\"https:\/\/7culture.ci\/index.php\/2020\/10\/02\/daphne-jai-ete-viole\/\"]}]},{\"@type\":\"BreadcrumbList\",\"@id\":\"https:\/\/7culture.ci\/index.php\/2020\/10\/02\/daphne-jai-ete-viole\/#breadcrumb\",\"itemListElement\":[{\"@type\":\"ListItem\",\"position\":1,\"name\":\"Accueil\",\"item\":\"https:\/\/7culture.ci\/\"},{\"@type\":\"ListItem\",\"position\":2,\"name\":\"DAPHN\u00c9 : J\u2019AI \u00c9T\u00c9 VIOL\u00c9E!\"}]},{\"@type\":\"WebSite\",\"@id\":\"https:\/\/7culture.ci\/#website\",\"url\":\"https:\/\/7culture.ci\/\",\"name\":\"7culture\",\"description\":\"Tout sur l&#039;actualit\u00e9\",\"publisher\":{\"@id\":\"https:\/\/7culture.ci\/#organization\"},\"potentialAction\":[{\"@type\":\"SearchAction\",\"target\":{\"@type\":\"EntryPoint\",\"urlTemplate\":\"https:\/\/7culture.ci\/?s={search_term_string}\"},\"query-input\":\"required name=search_term_string\"}],\"inLanguage\":\"fr-FR\"},{\"@type\":\"Organization\",\"@id\":\"https:\/\/7culture.ci\/#organization\",\"name\":\"7culture\",\"url\":\"https:\/\/7culture.ci\/\",\"sameAs\":[\"https:\/\/www.facebook.com\/redchefclaude\",\"https:\/\/twitter.com\/7culturec\"],\"logo\":{\"@type\":\"ImageObject\",\"inLanguage\":\"fr-FR\",\"@id\":\"https:\/\/7culture.ci\/#\/schema\/logo\/image\/\",\"url\":\"https:\/\/7culture.ci\/wp-content\/uploads\/2021\/12\/S1a-1.png\",\"contentUrl\":\"https:\/\/7culture.ci\/wp-content\/uploads\/2021\/12\/S1a-1.png\",\"width\":588,\"height\":192,\"caption\":\"7culture\"},\"image\":{\"@id\":\"https:\/\/7culture.ci\/#\/schema\/logo\/image\/\"}},{\"@type\":\"Person\",\"@id\":\"https:\/\/7culture.ci\/#\/schema\/person\/64b5687ef9752cd031e11e98f4fd60b6\",\"name\":\"Claude Kipre\",\"image\":{\"@type\":\"ImageObject\",\"inLanguage\":\"fr-FR\",\"@id\":\"https:\/\/7culture.ci\/#\/schema\/person\/image\/\",\"url\":\"https:\/\/secure.gravatar.com\/avatar\/60e5007626848549b0d9b2ad9c53c9e8?s=96&d=mm&r=g\",\"contentUrl\":\"https:\/\/secure.gravatar.com\/avatar\/60e5007626848549b0d9b2ad9c53c9e8?s=96&d=mm&r=g\",\"caption\":\"Claude Kipre\"},\"url\":\"https:\/\/7culture.ci\/index.php\/author\/claude-kipre\/\"}]}<\/script>\n<!-- \/ Yoast SEO plugin. -->","yoast_head_json":{"title":"DAPHN\u00c9 : J\u2019AI \u00c9T\u00c9 VIOL\u00c9E! 7culture","description":"Avec l\u2019affaire Sidiki qui d\u00e9fraie la chronique le monde entier, la question des violences faites aux femmes est plus que d\u2019actualit\u00e9","robots":{"index":"index","follow":"follow","max-snippet":"max-snippet:-1","max-image-preview":"max-image-preview:large","max-video-preview":"max-video-preview:-1"},"canonical":"https:\/\/7culture.ci\/index.php\/2020\/10\/02\/daphne-jai-ete-viole\/","og_locale":"fr_FR","og_type":"article","og_title":"DAPHN\u00c9 : J\u2019AI \u00c9T\u00c9 VIOL\u00c9E! 7culture","og_description":"Avec l\u2019affaire Sidiki qui d\u00e9fraie la chronique le monde entier, la question des violences faites aux femmes est plus que d\u2019actualit\u00e9","og_url":"https:\/\/7culture.ci\/index.php\/2020\/10\/02\/daphne-jai-ete-viole\/","og_site_name":"7culture","article_publisher":"https:\/\/www.facebook.com\/redchefclaude","article_published_time":"2020-10-02T14:46:24+00:00","author":"Claude Kipre","twitter_card":"summary_large_image","twitter_creator":"@7culturec","twitter_site":"@7culturec","twitter_misc":{"\u00c9crit par":"Claude Kipre","Dur\u00e9e de lecture estim\u00e9e":"2 minutes"},"schema":{"@context":"https:\/\/schema.org","@graph":[{"@type":"Article","@id":"https:\/\/7culture.ci\/index.php\/2020\/10\/02\/daphne-jai-ete-viole\/#article","isPartOf":{"@id":"https:\/\/7culture.ci\/index.php\/2020\/10\/02\/daphne-jai-ete-viole\/"},"author":{"name":"Claude Kipre","@id":"https:\/\/7culture.ci\/#\/schema\/person\/64b5687ef9752cd031e11e98f4fd60b6"},"headline":"DAPHN\u00c9 : J\u2019AI \u00c9T\u00c9 VIOL\u00c9E!","datePublished":"2020-10-02T14:46:24+00:00","dateModified":"2020-10-02T14:46:24+00:00","mainEntityOfPage":{"@id":"https:\/\/7culture.ci\/index.php\/2020\/10\/02\/daphne-jai-ete-viole\/"},"wordCount":468,"commentCount":0,"publisher":{"@id":"https:\/\/7culture.ci\/#organization"},"articleSection":["Actualit\u00e9","Musique"],"inLanguage":"fr-FR","potentialAction":[{"@type":"CommentAction","name":"Comment","target":["https:\/\/7culture.ci\/index.php\/2020\/10\/02\/daphne-jai-ete-viole\/#respond"]}]},{"@type":"WebPage","@id":"https:\/\/7culture.ci\/index.php\/2020\/10\/02\/daphne-jai-ete-viole\/","url":"https:\/\/7culture.ci\/index.php\/2020\/10\/02\/daphne-jai-ete-viole\/","name":"DAPHN\u00c9 : J\u2019AI \u00c9T\u00c9 VIOL\u00c9E! 7culture","isPartOf":{"@id":"https:\/\/7culture.ci\/#website"},"datePublished":"2020-10-02T14:46:24+00:00","dateModified":"2020-10-02T14:46:24+00:00","description":"Avec l\u2019affaire Sidiki qui d\u00e9fraie la chronique le monde entier, la question des violences faites aux femmes est plus que d\u2019actualit\u00e9","breadcrumb":{"@id":"https:\/\/7culture.ci\/index.php\/2020\/10\/02\/daphne-jai-ete-viole\/#breadcrumb"},"inLanguage":"fr-FR","potentialAction":[{"@type":"ReadAction","target":["https:\/\/7culture.ci\/index.php\/2020\/10\/02\/daphne-jai-ete-viole\/"]}]},{"@type":"BreadcrumbList","@id":"https:\/\/7culture.ci\/index.php\/2020\/10\/02\/daphne-jai-ete-viole\/#breadcrumb","itemListElement":[{"@type":"ListItem","position":1,"name":"Accueil","item":"https:\/\/7culture.ci\/"},{"@type":"ListItem","position":2,"name":"DAPHN\u00c9 : J\u2019AI \u00c9T\u00c9 VIOL\u00c9E!"}]},{"@type":"WebSite","@id":"https:\/\/7culture.ci\/#website","url":"https:\/\/7culture.ci\/","name":"7culture","description":"Tout sur l&#039;actualit\u00e9","publisher":{"@id":"https:\/\/7culture.ci\/#organization"},"potentialAction":[{"@type":"SearchAction","target":{"@type":"EntryPoint","urlTemplate":"https:\/\/7culture.ci\/?s={search_term_string}"},"query-input":"required name=search_term_string"}],"inLanguage":"fr-FR"},{"@type":"Organization","@id":"https:\/\/7culture.ci\/#organization","name":"7culture","url":"https:\/\/7culture.ci\/","sameAs":["https:\/\/www.facebook.com\/redchefclaude","https:\/\/twitter.com\/7culturec"],"logo":{"@type":"ImageObject","inLanguage":"fr-FR","@id":"https:\/\/7culture.ci\/#\/schema\/logo\/image\/","url":"https:\/\/7culture.ci\/wp-content\/uploads\/2021\/12\/S1a-1.png","contentUrl":"https:\/\/7culture.ci\/wp-content\/uploads\/2021\/12\/S1a-1.png","width":588,"height":192,"caption":"7culture"},"image":{"@id":"https:\/\/7culture.ci\/#\/schema\/logo\/image\/"}},{"@type":"Person","@id":"https:\/\/7culture.ci\/#\/schema\/person\/64b5687ef9752cd031e11e98f4fd60b6","name":"Claude Kipre","image":{"@type":"ImageObject","inLanguage":"fr-FR","@id":"https:\/\/7culture.ci\/#\/schema\/person\/image\/","url":"https:\/\/secure.gravatar.com\/avatar\/60e5007626848549b0d9b2ad9c53c9e8?s=96&d=mm&r=g","contentUrl":"https:\/\/secure.gravatar.com\/avatar\/60e5007626848549b0d9b2ad9c53c9e8?s=96&d=mm&r=g","caption":"Claude Kipre"},"url":"https:\/\/7culture.ci\/index.php\/author\/claude-kipre\/"}]}},"jetpack_featured_media_url":"","jetpack_likes_enabled":true,"jetpack_sharing_enabled":true,"_links":{"self":[{"href":"https:\/\/7culture.ci\/index.php\/wp-json\/wp\/v2\/posts\/4065"}],"collection":[{"href":"https:\/\/7culture.ci\/index.php\/wp-json\/wp\/v2\/posts"}],"about":[{"href":"https:\/\/7culture.ci\/index.php\/wp-json\/wp\/v2\/types\/post"}],"author":[{"embeddable":true,"href":"https:\/\/7culture.ci\/index.php\/wp-json\/wp\/v2\/users\/2"}],"replies":[{"embeddable":true,"href":"https:\/\/7culture.ci\/index.php\/wp-json\/wp\/v2\/comments?post=4065"}],"version-history":[{"count":0,"href":"https:\/\/7culture.ci\/index.php\/wp-json\/wp\/v2\/posts\/4065\/revisions"}],"wp:featuredmedia":[{"embeddable":true,"href":"https:\/\/7culture.ci\/index.php\/wp-json\/"}],"wp:attachment":[{"href":"https:\/\/7culture.ci\/index.php\/wp-json\/wp\/v2\/media?parent=4065"}],"wp:term":[{"taxonomy":"category","embeddable":true,"href":"https:\/\/7culture.ci\/index.php\/wp-json\/wp\/v2\/categories?post=4065"},{"taxonomy":"post_tag","embeddable":true,"href":"https:\/\/7culture.ci\/index.php\/wp-json\/wp\/v2\/tags?post=4065"}],"curies":[{"name":"wp","href":"https:\/\/api.w.org\/{rel}","templated":true}]}}