{"id":3997,"date":"2020-10-01T13:20:39","date_gmt":"2020-10-01T13:20:39","guid":{"rendered":"https:\/\/7culture.ci\/index.php\/2020\/10\/01\/fargass-assande-il-est-la-bas\/"},"modified":"2020-10-01T13:20:39","modified_gmt":"2020-10-01T13:20:39","slug":"fargass-assande-il-est-la-bas","status":"publish","type":"post","link":"https:\/\/7culture.ci\/index.php\/2020\/10\/01\/fargass-assande-il-est-la-bas\/","title":{"rendered":"FARGASS ASSANDE : IL EST \u2018\u2019LA-BAS\u2019\u2019"},"content":{"rendered":"\n<p><strong><em>Dans la s\u00e9rie ivoirienne \u2018\u2019Cacao\u2019\u2019 d\u2019Alex Ogou, l\u2019acteur Fargass Assand\u00e9 campe l\u2019un des principaux r\u00f4les aux c\u00f4t\u00e9s de Naky Sy Savan\u00e9 et Serge Ab\u00e9ssolo. Apr\u00e8s l\u2019euphorie du t\u00e9l\u00e9film sur Canal+ Horizons, Fargass Assand\u00e9 continue de porter la voie du th\u00e9\u00e2tre africain sur les sc\u00e8nes europ\u00e9ennes. Il \u00e9tait au Festival des francophonies Z\u00e9brures d\\&#8217;automne de Limoges avec sa derni\u00e8re cr\u00e9ation, \u2018\u2019L\u00e0-bas\u2019\u2019.<\/em><\/strong><\/p>\n\n\n\n<p>\u00c0&nbsp;Limoges, aux Z\u00e9brures d\u2019Automne, Fargass Assand\u00e9 a pr\u00e9sent\u00e9 \u2018<strong>\u2019<em>L\u00e0-bas\u2019\u2019<\/em><\/strong>, pi\u00e8ce \u00e9crite, mise en sc\u00e8ne et interpr\u00e9t\u00e9e par lui-m\u00eame, avec l\u2019actrice camerounaise Yaya Mbil\u00e9 Bitang. <strong><em>L\u00e0-bas<\/em><\/strong>, c\u2019est l\u2019histoire de \u00ab&nbsp;<strong><em>Ce fils est l\u2019h\u00e9ritier d\u2019un ma\u00eetre forgeron, donc ancr\u00e9 dans une profonde tradition dogon. Ce sont des gens qui, d\u2019ordinaire, ne sortent pas de leur environnement, puisqu\u2019il a l\u2019h\u00e9ritage en charge. Mais ce fils, pour des raisons de guerre dans son pays, d\u00e9cide de quitter le territoire, donc de faire l\u2019aventure, avec le soutien de son p\u00e8re qui a la certitude que son fils reviendra. Trois ans apr\u00e8s le d\u00e9part, il n\u2019y a toujours aucune nouvelle, reste le regard de la soci\u00e9t\u00e9, des grosses interrogations et les inqui\u00e9tudes des parents<\/em><\/strong> \u00bb. En d\u2019autres termes, le com\u00e9dien aborde la lancinante question de l\u2019immigration clandestine qui se solde par la mort dans la m\u00e9diterran\u00e9e pour les jeunes Africains qui r\u00eavent d\u2019une meilleure vie. Un voyage duquel on ne revient peut-\u00eatre jamais. Parce que&nbsp;\u00ab&nbsp;<strong>quand on n\u2019est pas mort, on ne peut pas aller l\u00e0-bas. Alors, comment faire pour aller l\u00e0-bas&nbsp;? Personne ne conna\u00eet le \u00ab&nbsp;l\u00e0-bas&nbsp;\u00bb ou ceux qui le connaissent&nbsp;ne sont jamais revenus&nbsp;\u00bb.<\/strong> La mort repr\u00e9sente souvent un lieu imaginaire. Ce lieu imaginaire, est-ce uniquement la mort ou aussi la vie&nbsp;?&nbsp;Puisque <strong><em>\u00ab&nbsp;L\u00e0-bas&nbsp;\u00bb,<\/em><\/strong> cela&nbsp;peut \u00eatre la vie, pour ceux qui tentent&nbsp;l\u2019aventure et r\u00e9ussissent \u00e0 atteindre l\u2019Occident.<\/p>\n\n\n\n<p>Acteur, com\u00e9dien, metteur en sc\u00e8ne, l\u2019Ivoirien Fargass Assand\u00e9 est tout cela \u00e0 la fois. Il s\u2019est fait une place de choix au th\u00e9\u00e2tre, au cin\u00e9ma&#8230; M. Assand\u00e9 doit son amour pour la sc\u00e8ne aux l\u00e9gendes ivoiriennes comme le regrett\u00e9 Bitty Moro et Bienvenu Neba. \u00c0&nbsp;l\u2019\u00e2ge de 23 ans, Assand\u00e9 a cr\u00e9\u00e9 le N\u2019Zassa Th\u00e9\u00e2tre \u00e0 Abidjan, avant de se r\u00e9fugier en 2002 au Burkina Faso et de continuer sa carri\u00e8re aussi en France.&nbsp;\u00c0&nbsp;c\u00f4t\u00e9 de ses multiples engagements en tant que com\u00e9dien, il a mis en sc\u00e8ne de nombreuses pi\u00e8ces&nbsp;: de Friedrich D\u00fcrrenmatt jusqu\u2019\u00e0 Gustave Akakpo en passant par Heiner M\u00fcller, Eug\u00e8ne Ionesco ou ses propres \u0153uvres. &nbsp;<\/p>\n\n\n\n<figure class=\\\"wp-block-image size-large is-resized\\\"><img src=\\\"http:\/\/7culture.ci\/fbf\/uploads\/2020\/07\/Assande-Fargass-2.jpg\\\" alt=\\\"\\\" class=\\\"wp-image-3992\\\" width=\\\"362\\\" height=\\\"495\\\"\/><\/figure>\n\n\n\n<p>Au cin\u00e9ma, il a travaill\u00e9 notamment avec l\\&#8217;Ivoirien Henri Duparc, consid\u00e9r\u00e9 comme le ma\u00eetre de la com\u00e9die africaine et remport\u00e9 en 2015 le prix de la Meilleure interpr\u00e9tation masculine au Festival panafricain du cin\u00e9ma de Ouagadougou (Fespaco) pour son incarnation de&nbsp;la force et de la folie du guerrier traumatis\u00e9 Blackshouam dans <a href=\\\"https:\/\/www.rfi.fr\/fr\/afrique\/20150302-sekou-traore-fespaco-oeil-du-cyclone-profitent-crimes-afrique\\\" target=\\\"_blank\\\" rel=\\\"noreferrer noopener\\\"><em>L\u2019\u0152il du cyclone<\/em><\/a>, du Burkinab\u00e8 S\u00e9kou Traor\u00e9.<\/p>\n\n\n\n<p><strong>Source&nbsp;: RFI<\/strong><\/p>\n\n\n\n<p><\/p>\n","protected":false},"excerpt":{"rendered":"<p>Dans la s\u00e9rie ivoirienne \u2018\u2019Cacao\u2019\u2019 d\u2019Alex Ogou, l\u2019acteur Fargass Assand\u00e9 campe l\u2019un des principaux r\u00f4les aux c\u00f4t\u00e9s de Naky Sy Savan\u00e9 et Serge Ab\u00e9ssolo. Apr\u00e8s l\u2019euphorie du t\u00e9l\u00e9film sur Canal+ Horizons, Fargass Assand\u00e9 continue de porter la voie du th\u00e9\u00e2tre africain sur les sc\u00e8nes europ\u00e9ennes. Il \u00e9tait au Festival des francophonies Z\u00e9brures d\\&#8217;automne de Limoges &hellip;<\/p>\n<p class=\"read-more\"> <a class=\"\" href=\"https:\/\/7culture.ci\/index.php\/2020\/10\/01\/fargass-assande-il-est-la-bas\/\"> <span class=\"screen-reader-text\">FARGASS ASSANDE : IL EST \u2018\u2019LA-BAS\u2019\u2019<\/span> Lire la suite\u00a0\u00bb<\/a><\/p>\n","protected":false},"author":2,"featured_media":3993,"comment_status":"open","ping_status":"closed","sticky":false,"template":"","format":"standard","meta":{"_mi_skip_tracking":false,"_monsterinsights_sitenote_active":false,"_monsterinsights_sitenote_note":"","_monsterinsights_sitenote_category":0,"site-sidebar-layout":"default","site-content-layout":"default","ast-global-header-display":"","ast-main-header-display":"","ast-hfb-above-header-display":"","ast-hfb-below-header-display":"","ast-hfb-mobile-header-display":"","site-post-title":"","ast-breadcrumbs-content":"","ast-featured-img":"","footer-sml-layout":"","theme-transparent-header-meta":"","adv-header-id-meta":"","stick-header-meta":"","header-above-stick-meta":"","header-main-stick-meta":"","header-below-stick-meta":"","footnotes":"","jetpack_publicize_message":"","jetpack_is_tweetstorm":false,"jetpack_publicize_feature_enabled":true},"categories":[37],"tags":[],"jetpack_publicize_connections":[],"acf":[],"aioseo_notices":[],"yoast_head":"<!-- This site is optimized with the Yoast SEO plugin v19.6.1 - https:\/\/yoast.com\/wordpress\/plugins\/seo\/ -->\n<title>FARGASS ASSANDE : IL EST \u2018\u2019LA-BAS\u2019\u2019 - 7culture<\/title>\n<meta name=\"robots\" content=\"index, follow, max-snippet:-1, max-image-preview:large, max-video-preview:-1\" \/>\n<link rel=\"canonical\" href=\"https:\/\/7culture.ci\/index.php\/2020\/10\/01\/fargass-assande-il-est-la-bas\/\" \/>\n<meta property=\"og:locale\" content=\"fr_FR\" \/>\n<meta property=\"og:type\" content=\"article\" \/>\n<meta property=\"og:title\" content=\"FARGASS ASSANDE : IL EST \u2018\u2019LA-BAS\u2019\u2019 - 7culture\" \/>\n<meta property=\"og:description\" content=\"Dans la s\u00e9rie ivoirienne \u2018\u2019Cacao\u2019\u2019 d\u2019Alex Ogou, l\u2019acteur Fargass Assand\u00e9 campe l\u2019un des principaux r\u00f4les aux c\u00f4t\u00e9s de Naky Sy Savan\u00e9 et Serge Ab\u00e9ssolo. Apr\u00e8s l\u2019euphorie du t\u00e9l\u00e9film sur Canal+ Horizons, Fargass Assand\u00e9 continue de porter la voie du th\u00e9\u00e2tre africain sur les sc\u00e8nes europ\u00e9ennes. Il \u00e9tait au Festival des francophonies Z\u00e9brures d&#8217;automne de Limoges &hellip; FARGASS ASSANDE : IL EST \u2018\u2019LA-BAS\u2019\u2019 Lire la suite\u00a0\u00bb\" \/>\n<meta property=\"og:url\" content=\"https:\/\/7culture.ci\/index.php\/2020\/10\/01\/fargass-assande-il-est-la-bas\/\" \/>\n<meta property=\"og:site_name\" content=\"7culture\" \/>\n<meta property=\"article:publisher\" content=\"https:\/\/www.facebook.com\/redchefclaude\" \/>\n<meta property=\"article:published_time\" content=\"2020-10-01T13:20:39+00:00\" \/>\n<meta name=\"author\" content=\"Claude Kipre\" \/>\n<meta name=\"twitter:card\" content=\"summary_large_image\" \/>\n<meta name=\"twitter:creator\" content=\"@7culturec\" \/>\n<meta name=\"twitter:site\" content=\"@7culturec\" \/>\n<meta name=\"twitter:label1\" content=\"\u00c9crit par\" \/>\n\t<meta name=\"twitter:data1\" content=\"Claude Kipre\" \/>\n\t<meta name=\"twitter:label2\" content=\"Dur\u00e9e de lecture estim\u00e9e\" \/>\n\t<meta name=\"twitter:data2\" content=\"3 minutes\" \/>\n<script type=\"application\/ld+json\" class=\"yoast-schema-graph\">{\"@context\":\"https:\/\/schema.org\",\"@graph\":[{\"@type\":\"Article\",\"@id\":\"https:\/\/7culture.ci\/index.php\/2020\/10\/01\/fargass-assande-il-est-la-bas\/#article\",\"isPartOf\":{\"@id\":\"https:\/\/7culture.ci\/index.php\/2020\/10\/01\/fargass-assande-il-est-la-bas\/\"},\"author\":{\"name\":\"Claude Kipre\",\"@id\":\"https:\/\/7culture.ci\/#\/schema\/person\/64b5687ef9752cd031e11e98f4fd60b6\"},\"headline\":\"FARGASS ASSANDE : IL EST \u2018\u2019LA-BAS\u2019\u2019\",\"datePublished\":\"2020-10-01T13:20:39+00:00\",\"dateModified\":\"2020-10-01T13:20:39+00:00\",\"mainEntityOfPage\":{\"@id\":\"https:\/\/7culture.ci\/index.php\/2020\/10\/01\/fargass-assande-il-est-la-bas\/\"},\"wordCount\":569,\"commentCount\":0,\"publisher\":{\"@id\":\"https:\/\/7culture.ci\/#organization\"},\"articleSection\":[\"Th\u00e9\u00e2tre\"],\"inLanguage\":\"fr-FR\",\"potentialAction\":[{\"@type\":\"CommentAction\",\"name\":\"Comment\",\"target\":[\"https:\/\/7culture.ci\/index.php\/2020\/10\/01\/fargass-assande-il-est-la-bas\/#respond\"]}]},{\"@type\":\"WebPage\",\"@id\":\"https:\/\/7culture.ci\/index.php\/2020\/10\/01\/fargass-assande-il-est-la-bas\/\",\"url\":\"https:\/\/7culture.ci\/index.php\/2020\/10\/01\/fargass-assande-il-est-la-bas\/\",\"name\":\"FARGASS ASSANDE : IL EST \u2018\u2019LA-BAS\u2019\u2019 - 7culture\",\"isPartOf\":{\"@id\":\"https:\/\/7culture.ci\/#website\"},\"datePublished\":\"2020-10-01T13:20:39+00:00\",\"dateModified\":\"2020-10-01T13:20:39+00:00\",\"breadcrumb\":{\"@id\":\"https:\/\/7culture.ci\/index.php\/2020\/10\/01\/fargass-assande-il-est-la-bas\/#breadcrumb\"},\"inLanguage\":\"fr-FR\",\"potentialAction\":[{\"@type\":\"ReadAction\",\"target\":[\"https:\/\/7culture.ci\/index.php\/2020\/10\/01\/fargass-assande-il-est-la-bas\/\"]}]},{\"@type\":\"BreadcrumbList\",\"@id\":\"https:\/\/7culture.ci\/index.php\/2020\/10\/01\/fargass-assande-il-est-la-bas\/#breadcrumb\",\"itemListElement\":[{\"@type\":\"ListItem\",\"position\":1,\"name\":\"Accueil\",\"item\":\"https:\/\/7culture.ci\/\"},{\"@type\":\"ListItem\",\"position\":2,\"name\":\"FARGASS ASSANDE : IL EST \u2018\u2019LA-BAS\u2019\u2019\"}]},{\"@type\":\"WebSite\",\"@id\":\"https:\/\/7culture.ci\/#website\",\"url\":\"https:\/\/7culture.ci\/\",\"name\":\"7culture\",\"description\":\"Tout sur l&#039;actualit\u00e9\",\"publisher\":{\"@id\":\"https:\/\/7culture.ci\/#organization\"},\"potentialAction\":[{\"@type\":\"SearchAction\",\"target\":{\"@type\":\"EntryPoint\",\"urlTemplate\":\"https:\/\/7culture.ci\/?s={search_term_string}\"},\"query-input\":\"required name=search_term_string\"}],\"inLanguage\":\"fr-FR\"},{\"@type\":\"Organization\",\"@id\":\"https:\/\/7culture.ci\/#organization\",\"name\":\"7culture\",\"url\":\"https:\/\/7culture.ci\/\",\"sameAs\":[\"https:\/\/www.facebook.com\/redchefclaude\",\"https:\/\/twitter.com\/7culturec\"],\"logo\":{\"@type\":\"ImageObject\",\"inLanguage\":\"fr-FR\",\"@id\":\"https:\/\/7culture.ci\/#\/schema\/logo\/image\/\",\"url\":\"https:\/\/7culture.ci\/wp-content\/uploads\/2021\/12\/S1a-1.png\",\"contentUrl\":\"https:\/\/7culture.ci\/wp-content\/uploads\/2021\/12\/S1a-1.png\",\"width\":588,\"height\":192,\"caption\":\"7culture\"},\"image\":{\"@id\":\"https:\/\/7culture.ci\/#\/schema\/logo\/image\/\"}},{\"@type\":\"Person\",\"@id\":\"https:\/\/7culture.ci\/#\/schema\/person\/64b5687ef9752cd031e11e98f4fd60b6\",\"name\":\"Claude Kipre\",\"image\":{\"@type\":\"ImageObject\",\"inLanguage\":\"fr-FR\",\"@id\":\"https:\/\/7culture.ci\/#\/schema\/person\/image\/\",\"url\":\"https:\/\/secure.gravatar.com\/avatar\/60e5007626848549b0d9b2ad9c53c9e8?s=96&d=mm&r=g\",\"contentUrl\":\"https:\/\/secure.gravatar.com\/avatar\/60e5007626848549b0d9b2ad9c53c9e8?s=96&d=mm&r=g\",\"caption\":\"Claude Kipre\"},\"url\":\"https:\/\/7culture.ci\/index.php\/author\/claude-kipre\/\"}]}<\/script>\n<!-- \/ Yoast SEO plugin. -->","yoast_head_json":{"title":"FARGASS ASSANDE : IL EST \u2018\u2019LA-BAS\u2019\u2019 - 7culture","robots":{"index":"index","follow":"follow","max-snippet":"max-snippet:-1","max-image-preview":"max-image-preview:large","max-video-preview":"max-video-preview:-1"},"canonical":"https:\/\/7culture.ci\/index.php\/2020\/10\/01\/fargass-assande-il-est-la-bas\/","og_locale":"fr_FR","og_type":"article","og_title":"FARGASS ASSANDE : IL EST \u2018\u2019LA-BAS\u2019\u2019 - 7culture","og_description":"Dans la s\u00e9rie ivoirienne \u2018\u2019Cacao\u2019\u2019 d\u2019Alex Ogou, l\u2019acteur Fargass Assand\u00e9 campe l\u2019un des principaux r\u00f4les aux c\u00f4t\u00e9s de Naky Sy Savan\u00e9 et Serge Ab\u00e9ssolo. Apr\u00e8s l\u2019euphorie du t\u00e9l\u00e9film sur Canal+ Horizons, Fargass Assand\u00e9 continue de porter la voie du th\u00e9\u00e2tre africain sur les sc\u00e8nes europ\u00e9ennes. Il \u00e9tait au Festival des francophonies Z\u00e9brures d&#8217;automne de Limoges &hellip; FARGASS ASSANDE : IL EST \u2018\u2019LA-BAS\u2019\u2019 Lire la suite\u00a0\u00bb","og_url":"https:\/\/7culture.ci\/index.php\/2020\/10\/01\/fargass-assande-il-est-la-bas\/","og_site_name":"7culture","article_publisher":"https:\/\/www.facebook.com\/redchefclaude","article_published_time":"2020-10-01T13:20:39+00:00","author":"Claude Kipre","twitter_card":"summary_large_image","twitter_creator":"@7culturec","twitter_site":"@7culturec","twitter_misc":{"\u00c9crit par":"Claude Kipre","Dur\u00e9e de lecture estim\u00e9e":"3 minutes"},"schema":{"@context":"https:\/\/schema.org","@graph":[{"@type":"Article","@id":"https:\/\/7culture.ci\/index.php\/2020\/10\/01\/fargass-assande-il-est-la-bas\/#article","isPartOf":{"@id":"https:\/\/7culture.ci\/index.php\/2020\/10\/01\/fargass-assande-il-est-la-bas\/"},"author":{"name":"Claude Kipre","@id":"https:\/\/7culture.ci\/#\/schema\/person\/64b5687ef9752cd031e11e98f4fd60b6"},"headline":"FARGASS ASSANDE : IL EST \u2018\u2019LA-BAS\u2019\u2019","datePublished":"2020-10-01T13:20:39+00:00","dateModified":"2020-10-01T13:20:39+00:00","mainEntityOfPage":{"@id":"https:\/\/7culture.ci\/index.php\/2020\/10\/01\/fargass-assande-il-est-la-bas\/"},"wordCount":569,"commentCount":0,"publisher":{"@id":"https:\/\/7culture.ci\/#organization"},"articleSection":["Th\u00e9\u00e2tre"],"inLanguage":"fr-FR","potentialAction":[{"@type":"CommentAction","name":"Comment","target":["https:\/\/7culture.ci\/index.php\/2020\/10\/01\/fargass-assande-il-est-la-bas\/#respond"]}]},{"@type":"WebPage","@id":"https:\/\/7culture.ci\/index.php\/2020\/10\/01\/fargass-assande-il-est-la-bas\/","url":"https:\/\/7culture.ci\/index.php\/2020\/10\/01\/fargass-assande-il-est-la-bas\/","name":"FARGASS ASSANDE : IL EST \u2018\u2019LA-BAS\u2019\u2019 - 7culture","isPartOf":{"@id":"https:\/\/7culture.ci\/#website"},"datePublished":"2020-10-01T13:20:39+00:00","dateModified":"2020-10-01T13:20:39+00:00","breadcrumb":{"@id":"https:\/\/7culture.ci\/index.php\/2020\/10\/01\/fargass-assande-il-est-la-bas\/#breadcrumb"},"inLanguage":"fr-FR","potentialAction":[{"@type":"ReadAction","target":["https:\/\/7culture.ci\/index.php\/2020\/10\/01\/fargass-assande-il-est-la-bas\/"]}]},{"@type":"BreadcrumbList","@id":"https:\/\/7culture.ci\/index.php\/2020\/10\/01\/fargass-assande-il-est-la-bas\/#breadcrumb","itemListElement":[{"@type":"ListItem","position":1,"name":"Accueil","item":"https:\/\/7culture.ci\/"},{"@type":"ListItem","position":2,"name":"FARGASS ASSANDE : IL EST \u2018\u2019LA-BAS\u2019\u2019"}]},{"@type":"WebSite","@id":"https:\/\/7culture.ci\/#website","url":"https:\/\/7culture.ci\/","name":"7culture","description":"Tout sur l&#039;actualit\u00e9","publisher":{"@id":"https:\/\/7culture.ci\/#organization"},"potentialAction":[{"@type":"SearchAction","target":{"@type":"EntryPoint","urlTemplate":"https:\/\/7culture.ci\/?s={search_term_string}"},"query-input":"required name=search_term_string"}],"inLanguage":"fr-FR"},{"@type":"Organization","@id":"https:\/\/7culture.ci\/#organization","name":"7culture","url":"https:\/\/7culture.ci\/","sameAs":["https:\/\/www.facebook.com\/redchefclaude","https:\/\/twitter.com\/7culturec"],"logo":{"@type":"ImageObject","inLanguage":"fr-FR","@id":"https:\/\/7culture.ci\/#\/schema\/logo\/image\/","url":"https:\/\/7culture.ci\/wp-content\/uploads\/2021\/12\/S1a-1.png","contentUrl":"https:\/\/7culture.ci\/wp-content\/uploads\/2021\/12\/S1a-1.png","width":588,"height":192,"caption":"7culture"},"image":{"@id":"https:\/\/7culture.ci\/#\/schema\/logo\/image\/"}},{"@type":"Person","@id":"https:\/\/7culture.ci\/#\/schema\/person\/64b5687ef9752cd031e11e98f4fd60b6","name":"Claude Kipre","image":{"@type":"ImageObject","inLanguage":"fr-FR","@id":"https:\/\/7culture.ci\/#\/schema\/person\/image\/","url":"https:\/\/secure.gravatar.com\/avatar\/60e5007626848549b0d9b2ad9c53c9e8?s=96&d=mm&r=g","contentUrl":"https:\/\/secure.gravatar.com\/avatar\/60e5007626848549b0d9b2ad9c53c9e8?s=96&d=mm&r=g","caption":"Claude Kipre"},"url":"https:\/\/7culture.ci\/index.php\/author\/claude-kipre\/"}]}},"jetpack_featured_media_url":"","jetpack_likes_enabled":true,"jetpack_sharing_enabled":true,"_links":{"self":[{"href":"https:\/\/7culture.ci\/index.php\/wp-json\/wp\/v2\/posts\/3997"}],"collection":[{"href":"https:\/\/7culture.ci\/index.php\/wp-json\/wp\/v2\/posts"}],"about":[{"href":"https:\/\/7culture.ci\/index.php\/wp-json\/wp\/v2\/types\/post"}],"author":[{"embeddable":true,"href":"https:\/\/7culture.ci\/index.php\/wp-json\/wp\/v2\/users\/2"}],"replies":[{"embeddable":true,"href":"https:\/\/7culture.ci\/index.php\/wp-json\/wp\/v2\/comments?post=3997"}],"version-history":[{"count":0,"href":"https:\/\/7culture.ci\/index.php\/wp-json\/wp\/v2\/posts\/3997\/revisions"}],"wp:featuredmedia":[{"embeddable":true,"href":"https:\/\/7culture.ci\/index.php\/wp-json\/"}],"wp:attachment":[{"href":"https:\/\/7culture.ci\/index.php\/wp-json\/wp\/v2\/media?parent=3997"}],"wp:term":[{"taxonomy":"category","embeddable":true,"href":"https:\/\/7culture.ci\/index.php\/wp-json\/wp\/v2\/categories?post=3997"},{"taxonomy":"post_tag","embeddable":true,"href":"https:\/\/7culture.ci\/index.php\/wp-json\/wp\/v2\/tags?post=3997"}],"curies":[{"name":"wp","href":"https:\/\/api.w.org\/{rel}","templated":true}]}}