{"id":3916,"date":"2020-09-30T11:57:18","date_gmt":"2020-09-30T11:57:18","guid":{"rendered":"https:\/\/7culture.ci\/index.php\/2020\/09\/30\/les-salopards-ils-ne-sentendent-pas-mais\/"},"modified":"2020-09-30T11:57:18","modified_gmt":"2020-09-30T11:57:18","slug":"les-salopards-ils-ne-sentendent-pas-mais","status":"publish","type":"post","link":"https:\/\/7culture.ci\/index.php\/2020\/09\/30\/les-salopards-ils-ne-sentendent-pas-mais\/","title":{"rendered":"LES SALOPARDS: ILS NE S\u2019ENTENDENT PAS MAIS\u2026"},"content":{"rendered":"\n<p><strong><em>C\u2019est fait\u00a0! Les Salopards sont vraiment de retour. L\u2019album de\u00a0 leurs retrouvailles apr\u00e8s 20 ans d\u2019embrouille est disponible ce mercredi 30 septembre dans les bacs \u00e0 CD et sur les r\u00e9seaux de t\u00e9l\u00e9chargement l\u00e9gal.<\/em><\/strong><\/p>\n\n\n\n<p>\u00c7a y est&nbsp;! Le groupe Zouglou, Les Salopards, est bien de retour&nbsp;! En l\u2019absence de Debengue rest\u00e9 en France, Soum Bill, Bloco et Collin ont pr\u00e9sent\u00e9 le maxi single marquant leur retour sur la sc\u00e8ne musicale et leur r\u00e9conciliation apr\u00e8s 20 ans de s\u00e9paration. C\u2019\u00e9tait hier mardi 29 septembre au restaurant Sangria \u00e0 Abidjan Cocody II Plateau Vallon.<\/p>\n\n\n\n<p>Le nouvel opus est distribu\u00e9 par la maison Hankes et est disponible dans le r\u00e9seau habituel d\u00e8s ce mercredi 30 septembre. Le retour des ex-enfants prodiges du rythme n\u00e9 dans les cit\u00e9s U au d\u00e9but des ann\u00e9es 1990, est mat\u00e9rialis\u00e9 par un album de deux titres baptis\u00e9 <strong>Doucement<\/strong> ou <strong>DCMT<\/strong>. Comme une alerte, les chanteurs invitent les politiciens \u00e0 mettre l\u2019eau dans leur vin \u00e0 la veille de l\u2019\u00e9lection pr\u00e9sidentielle du 31 octobre prochain en C\u00f4te d\u2019Ivoire. \u00ab&nbsp;<strong><em>On a pris la chose de plein fouet, il y a quelques ann\u00e9es en arri\u00e8re. C\u2019est pour cela qu\u2019on commence t\u00f4t cette fois-ci<\/em><\/strong>&nbsp;\u00bb, explique Soum Bill. Comme les membres du groupe qui ont r\u00e9ussi \u00e0 se remettre ensemble apr\u00e8s deux d\u00e9cennies de brouille, ce retour des <em>\u00ab&nbsp;Salauds de l\u2019art<\/em>&nbsp;\u00bb est une invite \u00e0 l\u2019endroit de la classe politique \u00e0 faire comme eux&nbsp;: <strong>s\u2019entendre sur l\u2019essentiel<\/strong>. Dans le cas de la C\u00f4te d\u2019Ivoire, l\u2019essentiel reste la paix et le pays lui-m\u00eame car comme ils le chantent&nbsp;: \u00ab&nbsp;<em><strong>Attention, ne tombons pas dans la b\u00eatise. La C\u00f4te d\u2019Ivoire, c\u2019est tout ce qu\u2019on a, quoiqu\u2019on dise&nbsp;\u00bb<\/strong><\/em><em>. \u00ab&nbsp;<\/em><em><strong>On n\u2019est pas forc\u00e9ment d\u2019accord sur tout. Sauf pour la paix o\u00f9 on est tous d\u2019accord. Chacun a sa sensibilit\u00e9. Chacun est pro ceci ou pro cela mais on a r\u00e9ussi \u00e0 nous accorder sur l\u2019essentiel<\/strong><\/em><em>&nbsp;\u00bb, rench\u00e9rit Soum Bill.<\/em><\/p>\n\n\n\n<figure class=\\\"wp-block-image size-large\\\"><img src=\\\"http:\/\/7culture.ci\/fbf\/uploads\/2020\/07\/Les-Salaupards-2-1024x683.jpg\\\" alt=\\\"\\\" class=\\\"wp-image-3914\\\"\/><\/figure>\n\n\n\n<p><em>Constitu\u00e9 des chansons <\/em><em><strong>Doucement<\/strong><\/em><em> et <strong>N\u2019abandonne pas<\/strong><\/em><em>, le nouveau single des Salopards est une sorte de mise en bouche en attendant <\/em><em>le v\u00e9ritable album du groupe. \u00ab<strong>Ce single marque le retour d\u00e9finitif des Salopards. Chaque ann\u00e9e, on se mettra ensemble pour un projet et apr\u00e8s chacun va vaquer \u00e0 ses propres occupations<\/strong><\/em><em>\u00bb, pr\u00e9cise Bloco. En clair, le groupe va d\u00e9sormais fonctionner comme leurs ain\u00e9s<\/em><em> de l\u2019<\/em><em>Orquesta Aragon, Kassav\u2019 ou Africando. Chaque membre g\u00e8re sa carri\u00e8re solo et ses affaires qu\u2019il mettra en stand bye d\u00e8s qu\u2019il y a une activit\u00e9 du groupe. \u00ab&nbsp;<\/em><em><strong>Apr\u00e8s le single, notre album complet comprendra peut-\u00eatre une dizaine de titres. Mais on va prendre notre temps pour le pr\u00e9parer. Car un album, c\u2019est un \u00e9tat d\u2019esprit, je dirai m\u00eame un esprit tout court&nbsp;<\/strong><\/em><em>\u00bb, souligne Soum Bill. Dans la phase de communication du nouveau son, le groupe va profiter pour rencontrer les leaders politiques du pays. Soum Bill, Bloco, Collin et leur staff ont d\u00e9j\u00e0 \u00e9t\u00e9 re\u00e7us par l\u2019ancienne Premi\u00e8re dame Mme Simone Gbagbo. \u00ab&nbsp;<\/em><em><strong>On va leur donner des orientations. Pas de leurs partis politiques mais celles dont le pays a besoin<\/strong><\/em><em>&nbsp;\u00bb, insiste Soum Bill. Il est aussi pr\u00e9vu dans l\u2019imm\u00e9diat une tourn\u00e9e musicale qui conduira Les Salopards dans plusieurs villes du pays avant l\u2019\u00e9ch\u00e9ance du scrutin pr\u00e9sidentiel.<\/em><\/p>\n\n\n\n<p><em>Pour arriver \u00e0 se remettre ensemble apr\u00e8s la longue p\u00e9riode f\u00e2cheuse, Bloco, Collin, Debengue et Soum Bill ont fait beaucoup de sacrifices. \u00ab&nbsp;<\/em><em><strong>On a mis plein de choses de c\u00f4t\u00e9 pour nous remettre ensemble<\/strong><\/em><em>&nbsp;\u00bb, soutient Bloco. Mais pourquoi en \u00e9taient-ils arriv\u00e9s \u00e0 la division, eux qui \u00e9taient bien partis&nbsp;? <\/em><em><strong>\u00ab&nbsp;On \u00e9taient jeunes. Et quand on a des paquets d\u2019argent chaque jour, on ne se contr\u00f4le plus. Mais on a compris, plus jamais \u00e7a&nbsp;!<\/strong><\/em><em>\u00bb, r\u00e9pond l\u2019auteur de l\u2019album <\/em><em><strong>Terre des hommes, Soum Bill<\/strong><\/em><em>.<\/em><\/p>\n\n\n\n<figure class=\\\"wp-block-image size-large\\\"><img src=\\\"http:\/\/7culture.ci\/fbf\/uploads\/2020\/07\/Les-Salaupards-3.jpg\\\" alt=\\\"\\\" class=\\\"wp-image-3915\\\"\/><\/figure>\n\n\n\n<p><em><strong>Omar A.K<\/strong><\/em><strong><em><\/em><\/strong><\/p>\n","protected":false},"excerpt":{"rendered":"<p>C\u2019est fait\u00a0! Les Salopards sont vraiment de retour. L\u2019album de\u00a0 leurs retrouvailles apr\u00e8s 20 ans d\u2019embrouille est disponible ce mercredi 30 septembre dans les bacs \u00e0 CD et sur les r\u00e9seaux de t\u00e9l\u00e9chargement l\u00e9gal. \u00c7a y est&nbsp;! Le groupe Zouglou, Les Salopards, est bien de retour&nbsp;! En l\u2019absence de Debengue rest\u00e9 en France, Soum Bill, &hellip;<\/p>\n<p class=\"read-more\"> <a class=\"\" href=\"https:\/\/7culture.ci\/index.php\/2020\/09\/30\/les-salopards-ils-ne-sentendent-pas-mais\/\"> <span class=\"screen-reader-text\">LES SALOPARDS: ILS NE S\u2019ENTENDENT PAS MAIS\u2026<\/span> Lire la suite\u00a0\u00bb<\/a><\/p>\n","protected":false},"author":2,"featured_media":3913,"comment_status":"open","ping_status":"closed","sticky":true,"template":"","format":"standard","meta":{"_mi_skip_tracking":false,"_monsterinsights_sitenote_active":false,"_monsterinsights_sitenote_note":"","_monsterinsights_sitenote_category":0,"site-sidebar-layout":"default","site-content-layout":"default","ast-global-header-display":"","ast-main-header-display":"","ast-hfb-above-header-display":"","ast-hfb-below-header-display":"","ast-hfb-mobile-header-display":"","site-post-title":"","ast-breadcrumbs-content":"","ast-featured-img":"","footer-sml-layout":"","theme-transparent-header-meta":"","adv-header-id-meta":"","stick-header-meta":"","header-above-stick-meta":"","header-main-stick-meta":"","header-below-stick-meta":"","footnotes":"","jetpack_publicize_message":"","jetpack_is_tweetstorm":false,"jetpack_publicize_feature_enabled":true},"categories":[22,16],"tags":[],"jetpack_publicize_connections":[],"acf":[],"aioseo_notices":[],"yoast_head":"<!-- This site is optimized with the Yoast SEO plugin v19.6.1 - https:\/\/yoast.com\/wordpress\/plugins\/seo\/ -->\n<title>LES SALOPARDS: ILS NE S\u2019ENTENDENT PAS MAIS\u2026 - 7culture<\/title>\n<meta name=\"robots\" content=\"index, follow, max-snippet:-1, max-image-preview:large, max-video-preview:-1\" \/>\n<link rel=\"canonical\" href=\"https:\/\/7culture.ci\/index.php\/2020\/09\/30\/les-salopards-ils-ne-sentendent-pas-mais\/\" \/>\n<meta property=\"og:locale\" content=\"fr_FR\" \/>\n<meta property=\"og:type\" content=\"article\" \/>\n<meta property=\"og:title\" content=\"LES SALOPARDS: ILS NE S\u2019ENTENDENT PAS MAIS\u2026 - 7culture\" \/>\n<meta property=\"og:description\" content=\"C\u2019est fait\u00a0! Les Salopards sont vraiment de retour. L\u2019album de\u00a0 leurs retrouvailles apr\u00e8s 20 ans d\u2019embrouille est disponible ce mercredi 30 septembre dans les bacs \u00e0 CD et sur les r\u00e9seaux de t\u00e9l\u00e9chargement l\u00e9gal. \u00c7a y est&nbsp;! Le groupe Zouglou, Les Salopards, est bien de retour&nbsp;! En l\u2019absence de Debengue rest\u00e9 en France, Soum Bill, &hellip; LES SALOPARDS: ILS NE S\u2019ENTENDENT PAS MAIS\u2026 Lire la suite\u00a0\u00bb\" \/>\n<meta property=\"og:url\" content=\"https:\/\/7culture.ci\/index.php\/2020\/09\/30\/les-salopards-ils-ne-sentendent-pas-mais\/\" \/>\n<meta property=\"og:site_name\" content=\"7culture\" \/>\n<meta property=\"article:publisher\" content=\"https:\/\/www.facebook.com\/redchefclaude\" \/>\n<meta property=\"article:published_time\" content=\"2020-09-30T11:57:18+00:00\" \/>\n<meta name=\"author\" content=\"Claude Kipre\" \/>\n<meta name=\"twitter:card\" content=\"summary_large_image\" \/>\n<meta name=\"twitter:creator\" content=\"@7culturec\" \/>\n<meta name=\"twitter:site\" content=\"@7culturec\" \/>\n<meta name=\"twitter:label1\" content=\"\u00c9crit par\" \/>\n\t<meta name=\"twitter:data1\" content=\"Claude Kipre\" \/>\n\t<meta name=\"twitter:label2\" content=\"Dur\u00e9e de lecture estim\u00e9e\" \/>\n\t<meta name=\"twitter:data2\" content=\"4 minutes\" \/>\n<script type=\"application\/ld+json\" class=\"yoast-schema-graph\">{\"@context\":\"https:\/\/schema.org\",\"@graph\":[{\"@type\":\"Article\",\"@id\":\"https:\/\/7culture.ci\/index.php\/2020\/09\/30\/les-salopards-ils-ne-sentendent-pas-mais\/#article\",\"isPartOf\":{\"@id\":\"https:\/\/7culture.ci\/index.php\/2020\/09\/30\/les-salopards-ils-ne-sentendent-pas-mais\/\"},\"author\":{\"name\":\"Claude Kipre\",\"@id\":\"https:\/\/7culture.ci\/#\/schema\/person\/64b5687ef9752cd031e11e98f4fd60b6\"},\"headline\":\"LES SALOPARDS: ILS NE S\u2019ENTENDENT PAS MAIS\u2026\",\"datePublished\":\"2020-09-30T11:57:18+00:00\",\"dateModified\":\"2020-09-30T11:57:18+00:00\",\"mainEntityOfPage\":{\"@id\":\"https:\/\/7culture.ci\/index.php\/2020\/09\/30\/les-salopards-ils-ne-sentendent-pas-mais\/\"},\"wordCount\":713,\"commentCount\":0,\"publisher\":{\"@id\":\"https:\/\/7culture.ci\/#organization\"},\"articleSection\":[\"Actualit\u00e9\",\"Musique\"],\"inLanguage\":\"fr-FR\",\"potentialAction\":[{\"@type\":\"CommentAction\",\"name\":\"Comment\",\"target\":[\"https:\/\/7culture.ci\/index.php\/2020\/09\/30\/les-salopards-ils-ne-sentendent-pas-mais\/#respond\"]}]},{\"@type\":\"WebPage\",\"@id\":\"https:\/\/7culture.ci\/index.php\/2020\/09\/30\/les-salopards-ils-ne-sentendent-pas-mais\/\",\"url\":\"https:\/\/7culture.ci\/index.php\/2020\/09\/30\/les-salopards-ils-ne-sentendent-pas-mais\/\",\"name\":\"LES SALOPARDS: ILS NE S\u2019ENTENDENT PAS MAIS\u2026 - 7culture\",\"isPartOf\":{\"@id\":\"https:\/\/7culture.ci\/#website\"},\"datePublished\":\"2020-09-30T11:57:18+00:00\",\"dateModified\":\"2020-09-30T11:57:18+00:00\",\"breadcrumb\":{\"@id\":\"https:\/\/7culture.ci\/index.php\/2020\/09\/30\/les-salopards-ils-ne-sentendent-pas-mais\/#breadcrumb\"},\"inLanguage\":\"fr-FR\",\"potentialAction\":[{\"@type\":\"ReadAction\",\"target\":[\"https:\/\/7culture.ci\/index.php\/2020\/09\/30\/les-salopards-ils-ne-sentendent-pas-mais\/\"]}]},{\"@type\":\"BreadcrumbList\",\"@id\":\"https:\/\/7culture.ci\/index.php\/2020\/09\/30\/les-salopards-ils-ne-sentendent-pas-mais\/#breadcrumb\",\"itemListElement\":[{\"@type\":\"ListItem\",\"position\":1,\"name\":\"Accueil\",\"item\":\"https:\/\/7culture.ci\/\"},{\"@type\":\"ListItem\",\"position\":2,\"name\":\"LES SALOPARDS: ILS NE S\u2019ENTENDENT PAS MAIS\u2026\"}]},{\"@type\":\"WebSite\",\"@id\":\"https:\/\/7culture.ci\/#website\",\"url\":\"https:\/\/7culture.ci\/\",\"name\":\"7culture\",\"description\":\"Tout sur l&#039;actualit\u00e9\",\"publisher\":{\"@id\":\"https:\/\/7culture.ci\/#organization\"},\"potentialAction\":[{\"@type\":\"SearchAction\",\"target\":{\"@type\":\"EntryPoint\",\"urlTemplate\":\"https:\/\/7culture.ci\/?s={search_term_string}\"},\"query-input\":\"required name=search_term_string\"}],\"inLanguage\":\"fr-FR\"},{\"@type\":\"Organization\",\"@id\":\"https:\/\/7culture.ci\/#organization\",\"name\":\"7culture\",\"url\":\"https:\/\/7culture.ci\/\",\"sameAs\":[\"https:\/\/www.facebook.com\/redchefclaude\",\"https:\/\/twitter.com\/7culturec\"],\"logo\":{\"@type\":\"ImageObject\",\"inLanguage\":\"fr-FR\",\"@id\":\"https:\/\/7culture.ci\/#\/schema\/logo\/image\/\",\"url\":\"https:\/\/7culture.ci\/wp-content\/uploads\/2021\/12\/S1a-1.png\",\"contentUrl\":\"https:\/\/7culture.ci\/wp-content\/uploads\/2021\/12\/S1a-1.png\",\"width\":588,\"height\":192,\"caption\":\"7culture\"},\"image\":{\"@id\":\"https:\/\/7culture.ci\/#\/schema\/logo\/image\/\"}},{\"@type\":\"Person\",\"@id\":\"https:\/\/7culture.ci\/#\/schema\/person\/64b5687ef9752cd031e11e98f4fd60b6\",\"name\":\"Claude Kipre\",\"image\":{\"@type\":\"ImageObject\",\"inLanguage\":\"fr-FR\",\"@id\":\"https:\/\/7culture.ci\/#\/schema\/person\/image\/\",\"url\":\"https:\/\/secure.gravatar.com\/avatar\/60e5007626848549b0d9b2ad9c53c9e8?s=96&d=mm&r=g\",\"contentUrl\":\"https:\/\/secure.gravatar.com\/avatar\/60e5007626848549b0d9b2ad9c53c9e8?s=96&d=mm&r=g\",\"caption\":\"Claude Kipre\"},\"url\":\"https:\/\/7culture.ci\/index.php\/author\/claude-kipre\/\"}]}<\/script>\n<!-- \/ Yoast SEO plugin. -->","yoast_head_json":{"title":"LES SALOPARDS: ILS NE S\u2019ENTENDENT PAS MAIS\u2026 - 7culture","robots":{"index":"index","follow":"follow","max-snippet":"max-snippet:-1","max-image-preview":"max-image-preview:large","max-video-preview":"max-video-preview:-1"},"canonical":"https:\/\/7culture.ci\/index.php\/2020\/09\/30\/les-salopards-ils-ne-sentendent-pas-mais\/","og_locale":"fr_FR","og_type":"article","og_title":"LES SALOPARDS: ILS NE S\u2019ENTENDENT PAS MAIS\u2026 - 7culture","og_description":"C\u2019est fait\u00a0! Les Salopards sont vraiment de retour. L\u2019album de\u00a0 leurs retrouvailles apr\u00e8s 20 ans d\u2019embrouille est disponible ce mercredi 30 septembre dans les bacs \u00e0 CD et sur les r\u00e9seaux de t\u00e9l\u00e9chargement l\u00e9gal. \u00c7a y est&nbsp;! Le groupe Zouglou, Les Salopards, est bien de retour&nbsp;! En l\u2019absence de Debengue rest\u00e9 en France, Soum Bill, &hellip; LES SALOPARDS: ILS NE S\u2019ENTENDENT PAS MAIS\u2026 Lire la suite\u00a0\u00bb","og_url":"https:\/\/7culture.ci\/index.php\/2020\/09\/30\/les-salopards-ils-ne-sentendent-pas-mais\/","og_site_name":"7culture","article_publisher":"https:\/\/www.facebook.com\/redchefclaude","article_published_time":"2020-09-30T11:57:18+00:00","author":"Claude Kipre","twitter_card":"summary_large_image","twitter_creator":"@7culturec","twitter_site":"@7culturec","twitter_misc":{"\u00c9crit par":"Claude Kipre","Dur\u00e9e de lecture estim\u00e9e":"4 minutes"},"schema":{"@context":"https:\/\/schema.org","@graph":[{"@type":"Article","@id":"https:\/\/7culture.ci\/index.php\/2020\/09\/30\/les-salopards-ils-ne-sentendent-pas-mais\/#article","isPartOf":{"@id":"https:\/\/7culture.ci\/index.php\/2020\/09\/30\/les-salopards-ils-ne-sentendent-pas-mais\/"},"author":{"name":"Claude Kipre","@id":"https:\/\/7culture.ci\/#\/schema\/person\/64b5687ef9752cd031e11e98f4fd60b6"},"headline":"LES SALOPARDS: ILS NE S\u2019ENTENDENT PAS MAIS\u2026","datePublished":"2020-09-30T11:57:18+00:00","dateModified":"2020-09-30T11:57:18+00:00","mainEntityOfPage":{"@id":"https:\/\/7culture.ci\/index.php\/2020\/09\/30\/les-salopards-ils-ne-sentendent-pas-mais\/"},"wordCount":713,"commentCount":0,"publisher":{"@id":"https:\/\/7culture.ci\/#organization"},"articleSection":["Actualit\u00e9","Musique"],"inLanguage":"fr-FR","potentialAction":[{"@type":"CommentAction","name":"Comment","target":["https:\/\/7culture.ci\/index.php\/2020\/09\/30\/les-salopards-ils-ne-sentendent-pas-mais\/#respond"]}]},{"@type":"WebPage","@id":"https:\/\/7culture.ci\/index.php\/2020\/09\/30\/les-salopards-ils-ne-sentendent-pas-mais\/","url":"https:\/\/7culture.ci\/index.php\/2020\/09\/30\/les-salopards-ils-ne-sentendent-pas-mais\/","name":"LES SALOPARDS: ILS NE S\u2019ENTENDENT PAS MAIS\u2026 - 7culture","isPartOf":{"@id":"https:\/\/7culture.ci\/#website"},"datePublished":"2020-09-30T11:57:18+00:00","dateModified":"2020-09-30T11:57:18+00:00","breadcrumb":{"@id":"https:\/\/7culture.ci\/index.php\/2020\/09\/30\/les-salopards-ils-ne-sentendent-pas-mais\/#breadcrumb"},"inLanguage":"fr-FR","potentialAction":[{"@type":"ReadAction","target":["https:\/\/7culture.ci\/index.php\/2020\/09\/30\/les-salopards-ils-ne-sentendent-pas-mais\/"]}]},{"@type":"BreadcrumbList","@id":"https:\/\/7culture.ci\/index.php\/2020\/09\/30\/les-salopards-ils-ne-sentendent-pas-mais\/#breadcrumb","itemListElement":[{"@type":"ListItem","position":1,"name":"Accueil","item":"https:\/\/7culture.ci\/"},{"@type":"ListItem","position":2,"name":"LES SALOPARDS: ILS NE S\u2019ENTENDENT PAS MAIS\u2026"}]},{"@type":"WebSite","@id":"https:\/\/7culture.ci\/#website","url":"https:\/\/7culture.ci\/","name":"7culture","description":"Tout sur l&#039;actualit\u00e9","publisher":{"@id":"https:\/\/7culture.ci\/#organization"},"potentialAction":[{"@type":"SearchAction","target":{"@type":"EntryPoint","urlTemplate":"https:\/\/7culture.ci\/?s={search_term_string}"},"query-input":"required name=search_term_string"}],"inLanguage":"fr-FR"},{"@type":"Organization","@id":"https:\/\/7culture.ci\/#organization","name":"7culture","url":"https:\/\/7culture.ci\/","sameAs":["https:\/\/www.facebook.com\/redchefclaude","https:\/\/twitter.com\/7culturec"],"logo":{"@type":"ImageObject","inLanguage":"fr-FR","@id":"https:\/\/7culture.ci\/#\/schema\/logo\/image\/","url":"https:\/\/7culture.ci\/wp-content\/uploads\/2021\/12\/S1a-1.png","contentUrl":"https:\/\/7culture.ci\/wp-content\/uploads\/2021\/12\/S1a-1.png","width":588,"height":192,"caption":"7culture"},"image":{"@id":"https:\/\/7culture.ci\/#\/schema\/logo\/image\/"}},{"@type":"Person","@id":"https:\/\/7culture.ci\/#\/schema\/person\/64b5687ef9752cd031e11e98f4fd60b6","name":"Claude Kipre","image":{"@type":"ImageObject","inLanguage":"fr-FR","@id":"https:\/\/7culture.ci\/#\/schema\/person\/image\/","url":"https:\/\/secure.gravatar.com\/avatar\/60e5007626848549b0d9b2ad9c53c9e8?s=96&d=mm&r=g","contentUrl":"https:\/\/secure.gravatar.com\/avatar\/60e5007626848549b0d9b2ad9c53c9e8?s=96&d=mm&r=g","caption":"Claude Kipre"},"url":"https:\/\/7culture.ci\/index.php\/author\/claude-kipre\/"}]}},"jetpack_featured_media_url":"","jetpack_likes_enabled":true,"jetpack_sharing_enabled":true,"_links":{"self":[{"href":"https:\/\/7culture.ci\/index.php\/wp-json\/wp\/v2\/posts\/3916"}],"collection":[{"href":"https:\/\/7culture.ci\/index.php\/wp-json\/wp\/v2\/posts"}],"about":[{"href":"https:\/\/7culture.ci\/index.php\/wp-json\/wp\/v2\/types\/post"}],"author":[{"embeddable":true,"href":"https:\/\/7culture.ci\/index.php\/wp-json\/wp\/v2\/users\/2"}],"replies":[{"embeddable":true,"href":"https:\/\/7culture.ci\/index.php\/wp-json\/wp\/v2\/comments?post=3916"}],"version-history":[{"count":0,"href":"https:\/\/7culture.ci\/index.php\/wp-json\/wp\/v2\/posts\/3916\/revisions"}],"wp:featuredmedia":[{"embeddable":true,"href":"https:\/\/7culture.ci\/index.php\/wp-json\/"}],"wp:attachment":[{"href":"https:\/\/7culture.ci\/index.php\/wp-json\/wp\/v2\/media?parent=3916"}],"wp:term":[{"taxonomy":"category","embeddable":true,"href":"https:\/\/7culture.ci\/index.php\/wp-json\/wp\/v2\/categories?post=3916"},{"taxonomy":"post_tag","embeddable":true,"href":"https:\/\/7culture.ci\/index.php\/wp-json\/wp\/v2\/tags?post=3916"}],"curies":[{"name":"wp","href":"https:\/\/api.w.org\/{rel}","templated":true}]}}