{"id":3757,"date":"2020-09-25T18:46:37","date_gmt":"2020-09-25T18:46:37","guid":{"rendered":"https:\/\/7culture.ci\/index.php\/2020\/09\/25\/defile-de-lagence-du-chic-et-du-glamour-avec-6-jeunes-talents\/"},"modified":"2020-09-25T18:46:37","modified_gmt":"2020-09-25T18:46:37","slug":"defile-de-lagence-du-chic-et-du-glamour-avec-6-jeunes-talents","status":"publish","type":"post","link":"https:\/\/7culture.ci\/index.php\/2020\/09\/25\/defile-de-lagence-du-chic-et-du-glamour-avec-6-jeunes-talents\/","title":{"rendered":"D\u00c9FILE DE L\u2019AGENCE : DU CHIC ET DU GLAMOUR AVEC 6 JEUNES TALENTS"},"content":{"rendered":"\n<p><strong><em>Il y avait du chic et du glamour le 12 septembre dernier au Sofitel Abidjan H\u00f4tel Ivoire. Apr\u00e8s pr\u00e8s de six mois de silence li\u00e9 \u00e0 la pand\u00e9mie du coronavirus, le monde de la mode a retrouv\u00e9 de l\u2019\u00e9clat et des couleurs ce samedi-l\u00e0 au Salon Chandelier de l\u2019Ivoire.<\/em><\/strong><\/p>\n\n\n\n<p>Ce rendez-vous du 12 septembre 2020 avait r\u00e9sonn\u00e9 comme le top d\u00e9part des podiums surchauff\u00e9s et illumin\u00e9s par les spotlights. Il a surtout permis \u00e0 six nouveaux labels de faire leur bapt\u00eame du feu. Et ils ont su saisir la perche \u00e0 eux tendue pour pr\u00e9senter leurs productions devant un public de connaisseurs et d\u2019amateurs de la mode. Des tenues de sortie aux v\u00eatements de grand soir, ils ont r\u00e9ussi leur mission et ont permis aux invit\u00e9s de passer une soir\u00e9e de r\u00eave. Dans leurs diff\u00e9rentes collections, <strong>JMS Couture, Mad &amp; Lee Style, K-Style, Monabi La Marque, S\u00e9ki et Rodrig Couture<\/strong> ont montr\u00e9 leur savoir-faire avec des habits chic et glamour. Pour s\u00e9duire l\u2019assistance, chaque maison de couture avait ses propres ingr\u00e9dients. Elles ont d\u00e9voil\u00e9 des robes, chemises et costumes chatoyants et attrayants. De nombreux spectateurs ont trouv\u00e9 dans les pr\u00e9sentations des cr\u00e9ations, une belle d\u00e9couverte vestimentaire. Toutes les griffes de ce d\u00e9fil\u00e9 post-confinement, constituent de beaux fleurons de la mode ivoirienne. Dans ces temps couverts d\u2019incertitudes li\u00e9es \u00e0 la situation socio-politique d\u00e9l\u00e9t\u00e8re du pays et la crise sanitaire, les cr\u00e9ateurs ont redonn\u00e9 de l\u2019espoir et la promesse de croire encore en un avenir reluisant et radieux. \u00ab <strong><em>Ce soir, j\u2019ai sorti mon drapeau blanc pour inviter tout le monde \u00e0 la paix&nbsp;<\/em><\/strong>\u00bb, a r\u00e9sum\u00e9 Yannick St\u00e9phane Tra de <strong>Monabi La Marque<\/strong> \u00e0 travers sa collection <strong>Colombe et Orchid\u00e9e<\/strong> de couleur blanche. Message identique \u00e0 celui d\u2019Hamed Koffi Zarour, le parrain de la c\u00e9r\u00e9monie qui a, lui aussi, tendu les mains aux Ivoiriens pour plus d\u2019unit\u00e9, d\u2019entente et de coh\u00e9sion.<\/p>\n\n\n\n<div class=\\\"wp-block-image\\\"><figure class=\\\"aligncenter size-large is-resized\\\"><img src=\\\"http:\/\/7culture.ci\/fbf\/uploads\/2020\/07\/D\u00e9fil\u00e9-Agence-3-2.jpeg\\\" alt=\\\"\\\" class=\\\"wp-image-3756\\\" width=\\\"900\\\" height=\\\"485\\\"\/><\/figure><\/div>\n\n\n\n<p><strong><em>\u00ab Les D\u00e9fil\u00e9s de L\u2019Agence \u00bb<\/em><\/strong> est un v\u00e9ritable outil de d\u00e9couverte et d\u2019ouverture des m\u00e9tiers de la mode. Il a permis de rassembler sur un podium des talents de ce secteur d\u2019activit\u00e9s qui ne demandent qu\u2019\u00e0 \u00e9clore. Leurs cr\u00e9ations ont \u00e9t\u00e9 superbement port\u00e9es par les jeunes mais talentueux mod\u00e8les de <strong>l\u2019Agence Model Management<\/strong> qui a pilot\u00e9 toute la c\u00e9r\u00e9monie. La chor\u00e9graphie du d\u00e9fil\u00e9 \u00e9tait sign\u00e9e Carlos Hazel. Le chic Event s\u2019est d\u00e9roul\u00e9 devant de nombreux cr\u00e9ateurs comme Elie Kuam, le parrain artistique, Diana Ronsin de l\u2019Association des jeunes cr\u00e9ateurs, Ella Assoumou de l\u2019Association des cr\u00e9ateurs de mode de C\u00f4te d\u2019Ivoire (ACM-CI)\u2026 L\u2019interm\u00e8de musical de la soir\u00e9e \u00e9tait l\u2019affaire d\u2019Abou Nidal.<\/p>\n\n\n\n<p><strong>Omar A. K<\/strong><\/p>\n","protected":false},"excerpt":{"rendered":"<p>Il y avait du chic et du glamour le 12 septembre dernier au Sofitel Abidjan H\u00f4tel Ivoire. Apr\u00e8s pr\u00e8s de six mois de silence li\u00e9 \u00e0 la pand\u00e9mie du coronavirus, le monde de la mode a retrouv\u00e9 de l\u2019\u00e9clat et des couleurs ce samedi-l\u00e0 au Salon Chandelier de l\u2019Ivoire. Ce rendez-vous du 12 septembre 2020 &hellip;<\/p>\n<p class=\"read-more\"> <a class=\"\" href=\"https:\/\/7culture.ci\/index.php\/2020\/09\/25\/defile-de-lagence-du-chic-et-du-glamour-avec-6-jeunes-talents\/\"> <span class=\"screen-reader-text\">D\u00c9FILE DE L\u2019AGENCE : DU CHIC ET DU GLAMOUR AVEC 6 JEUNES TALENTS<\/span> Lire la suite\u00a0\u00bb<\/a><\/p>\n","protected":false},"author":3,"featured_media":0,"comment_status":"open","ping_status":"closed","sticky":false,"template":"","format":"standard","meta":{"_mi_skip_tracking":false,"_monsterinsights_sitenote_active":false,"_monsterinsights_sitenote_note":"","_monsterinsights_sitenote_category":0,"site-sidebar-layout":"default","site-content-layout":"default","ast-global-header-display":"","ast-main-header-display":"","ast-hfb-above-header-display":"","ast-hfb-below-header-display":"","ast-hfb-mobile-header-display":"","site-post-title":"","ast-breadcrumbs-content":"","ast-featured-img":"","footer-sml-layout":"","theme-transparent-header-meta":"","adv-header-id-meta":"","stick-header-meta":"","header-above-stick-meta":"","header-main-stick-meta":"","header-below-stick-meta":"","footnotes":"","jetpack_publicize_message":"","jetpack_is_tweetstorm":false,"jetpack_publicize_feature_enabled":true},"categories":[22],"tags":[],"jetpack_publicize_connections":[],"acf":[],"aioseo_notices":[],"yoast_head":"<!-- This site is optimized with the Yoast SEO plugin v19.6.1 - https:\/\/yoast.com\/wordpress\/plugins\/seo\/ -->\n<title>D\u00c9FILE DE L\u2019AGENCE : DU CHIC ET DU GLAMOUR AVEC 6 JEUNES TALENTS - 7culture<\/title>\n<meta name=\"robots\" content=\"index, follow, max-snippet:-1, max-image-preview:large, max-video-preview:-1\" \/>\n<link rel=\"canonical\" href=\"https:\/\/7culture.ci\/index.php\/2020\/09\/25\/defile-de-lagence-du-chic-et-du-glamour-avec-6-jeunes-talents\/\" \/>\n<meta property=\"og:locale\" content=\"fr_FR\" \/>\n<meta property=\"og:type\" content=\"article\" \/>\n<meta property=\"og:title\" content=\"D\u00c9FILE DE L\u2019AGENCE : DU CHIC ET DU GLAMOUR AVEC 6 JEUNES TALENTS - 7culture\" \/>\n<meta property=\"og:description\" content=\"Il y avait du chic et du glamour le 12 septembre dernier au Sofitel Abidjan H\u00f4tel Ivoire. Apr\u00e8s pr\u00e8s de six mois de silence li\u00e9 \u00e0 la pand\u00e9mie du coronavirus, le monde de la mode a retrouv\u00e9 de l\u2019\u00e9clat et des couleurs ce samedi-l\u00e0 au Salon Chandelier de l\u2019Ivoire. Ce rendez-vous du 12 septembre 2020 &hellip; D\u00c9FILE DE L\u2019AGENCE : DU CHIC ET DU GLAMOUR AVEC 6 JEUNES TALENTS Lire la suite\u00a0\u00bb\" \/>\n<meta property=\"og:url\" content=\"https:\/\/7culture.ci\/index.php\/2020\/09\/25\/defile-de-lagence-du-chic-et-du-glamour-avec-6-jeunes-talents\/\" \/>\n<meta property=\"og:site_name\" content=\"7culture\" \/>\n<meta property=\"article:publisher\" content=\"https:\/\/www.facebook.com\/redchefclaude\" \/>\n<meta property=\"article:published_time\" content=\"2020-09-25T18:46:37+00:00\" \/>\n<meta name=\"author\" content=\"Fahizu FAKAYODE\" \/>\n<meta name=\"twitter:card\" content=\"summary_large_image\" \/>\n<meta name=\"twitter:creator\" content=\"@7culturec\" \/>\n<meta name=\"twitter:site\" content=\"@7culturec\" \/>\n<meta name=\"twitter:label1\" content=\"\u00c9crit par\" \/>\n\t<meta name=\"twitter:data1\" content=\"Fahizu FAKAYODE\" \/>\n\t<meta name=\"twitter:label2\" content=\"Dur\u00e9e de lecture estim\u00e9e\" \/>\n\t<meta name=\"twitter:data2\" content=\"2 minutes\" \/>\n<script type=\"application\/ld+json\" class=\"yoast-schema-graph\">{\"@context\":\"https:\/\/schema.org\",\"@graph\":[{\"@type\":\"Article\",\"@id\":\"https:\/\/7culture.ci\/index.php\/2020\/09\/25\/defile-de-lagence-du-chic-et-du-glamour-avec-6-jeunes-talents\/#article\",\"isPartOf\":{\"@id\":\"https:\/\/7culture.ci\/index.php\/2020\/09\/25\/defile-de-lagence-du-chic-et-du-glamour-avec-6-jeunes-talents\/\"},\"author\":{\"name\":\"Fahizu FAKAYODE\",\"@id\":\"https:\/\/7culture.ci\/#\/schema\/person\/73d24461f401f2fd27e46591435caafc\"},\"headline\":\"D\u00c9FILE DE L\u2019AGENCE : DU CHIC ET DU GLAMOUR AVEC 6 JEUNES TALENTS\",\"datePublished\":\"2020-09-25T18:46:37+00:00\",\"dateModified\":\"2020-09-25T18:46:37+00:00\",\"mainEntityOfPage\":{\"@id\":\"https:\/\/7culture.ci\/index.php\/2020\/09\/25\/defile-de-lagence-du-chic-et-du-glamour-avec-6-jeunes-talents\/\"},\"wordCount\":501,\"commentCount\":0,\"publisher\":{\"@id\":\"https:\/\/7culture.ci\/#organization\"},\"articleSection\":[\"Actualit\u00e9\"],\"inLanguage\":\"fr-FR\",\"potentialAction\":[{\"@type\":\"CommentAction\",\"name\":\"Comment\",\"target\":[\"https:\/\/7culture.ci\/index.php\/2020\/09\/25\/defile-de-lagence-du-chic-et-du-glamour-avec-6-jeunes-talents\/#respond\"]}]},{\"@type\":\"WebPage\",\"@id\":\"https:\/\/7culture.ci\/index.php\/2020\/09\/25\/defile-de-lagence-du-chic-et-du-glamour-avec-6-jeunes-talents\/\",\"url\":\"https:\/\/7culture.ci\/index.php\/2020\/09\/25\/defile-de-lagence-du-chic-et-du-glamour-avec-6-jeunes-talents\/\",\"name\":\"D\u00c9FILE DE L\u2019AGENCE : DU CHIC ET DU GLAMOUR AVEC 6 JEUNES TALENTS - 7culture\",\"isPartOf\":{\"@id\":\"https:\/\/7culture.ci\/#website\"},\"datePublished\":\"2020-09-25T18:46:37+00:00\",\"dateModified\":\"2020-09-25T18:46:37+00:00\",\"breadcrumb\":{\"@id\":\"https:\/\/7culture.ci\/index.php\/2020\/09\/25\/defile-de-lagence-du-chic-et-du-glamour-avec-6-jeunes-talents\/#breadcrumb\"},\"inLanguage\":\"fr-FR\",\"potentialAction\":[{\"@type\":\"ReadAction\",\"target\":[\"https:\/\/7culture.ci\/index.php\/2020\/09\/25\/defile-de-lagence-du-chic-et-du-glamour-avec-6-jeunes-talents\/\"]}]},{\"@type\":\"BreadcrumbList\",\"@id\":\"https:\/\/7culture.ci\/index.php\/2020\/09\/25\/defile-de-lagence-du-chic-et-du-glamour-avec-6-jeunes-talents\/#breadcrumb\",\"itemListElement\":[{\"@type\":\"ListItem\",\"position\":1,\"name\":\"Accueil\",\"item\":\"https:\/\/7culture.ci\/\"},{\"@type\":\"ListItem\",\"position\":2,\"name\":\"D\u00c9FILE DE L\u2019AGENCE : DU CHIC ET DU GLAMOUR AVEC 6 JEUNES TALENTS\"}]},{\"@type\":\"WebSite\",\"@id\":\"https:\/\/7culture.ci\/#website\",\"url\":\"https:\/\/7culture.ci\/\",\"name\":\"7culture\",\"description\":\"Tout sur l&#039;actualit\u00e9\",\"publisher\":{\"@id\":\"https:\/\/7culture.ci\/#organization\"},\"potentialAction\":[{\"@type\":\"SearchAction\",\"target\":{\"@type\":\"EntryPoint\",\"urlTemplate\":\"https:\/\/7culture.ci\/?s={search_term_string}\"},\"query-input\":\"required name=search_term_string\"}],\"inLanguage\":\"fr-FR\"},{\"@type\":\"Organization\",\"@id\":\"https:\/\/7culture.ci\/#organization\",\"name\":\"7culture\",\"url\":\"https:\/\/7culture.ci\/\",\"sameAs\":[\"https:\/\/www.facebook.com\/redchefclaude\",\"https:\/\/twitter.com\/7culturec\"],\"logo\":{\"@type\":\"ImageObject\",\"inLanguage\":\"fr-FR\",\"@id\":\"https:\/\/7culture.ci\/#\/schema\/logo\/image\/\",\"url\":\"https:\/\/7culture.ci\/wp-content\/uploads\/2021\/12\/S1a-1.png\",\"contentUrl\":\"https:\/\/7culture.ci\/wp-content\/uploads\/2021\/12\/S1a-1.png\",\"width\":588,\"height\":192,\"caption\":\"7culture\"},\"image\":{\"@id\":\"https:\/\/7culture.ci\/#\/schema\/logo\/image\/\"}},{\"@type\":\"Person\",\"@id\":\"https:\/\/7culture.ci\/#\/schema\/person\/73d24461f401f2fd27e46591435caafc\",\"name\":\"Fahizu FAKAYODE\",\"image\":{\"@type\":\"ImageObject\",\"inLanguage\":\"fr-FR\",\"@id\":\"https:\/\/7culture.ci\/#\/schema\/person\/image\/\",\"url\":\"https:\/\/secure.gravatar.com\/avatar\/ac3baef8c34a343dc153cb0854a9dbc5?s=96&d=mm&r=g\",\"contentUrl\":\"https:\/\/secure.gravatar.com\/avatar\/ac3baef8c34a343dc153cb0854a9dbc5?s=96&d=mm&r=g\",\"caption\":\"Fahizu FAKAYODE\"},\"url\":\"https:\/\/7culture.ci\/index.php\/author\/fahizu-fakayode\/\"}]}<\/script>\n<!-- \/ Yoast SEO plugin. -->","yoast_head_json":{"title":"D\u00c9FILE DE L\u2019AGENCE : DU CHIC ET DU GLAMOUR AVEC 6 JEUNES TALENTS - 7culture","robots":{"index":"index","follow":"follow","max-snippet":"max-snippet:-1","max-image-preview":"max-image-preview:large","max-video-preview":"max-video-preview:-1"},"canonical":"https:\/\/7culture.ci\/index.php\/2020\/09\/25\/defile-de-lagence-du-chic-et-du-glamour-avec-6-jeunes-talents\/","og_locale":"fr_FR","og_type":"article","og_title":"D\u00c9FILE DE L\u2019AGENCE : DU CHIC ET DU GLAMOUR AVEC 6 JEUNES TALENTS - 7culture","og_description":"Il y avait du chic et du glamour le 12 septembre dernier au Sofitel Abidjan H\u00f4tel Ivoire. Apr\u00e8s pr\u00e8s de six mois de silence li\u00e9 \u00e0 la pand\u00e9mie du coronavirus, le monde de la mode a retrouv\u00e9 de l\u2019\u00e9clat et des couleurs ce samedi-l\u00e0 au Salon Chandelier de l\u2019Ivoire. Ce rendez-vous du 12 septembre 2020 &hellip; D\u00c9FILE DE L\u2019AGENCE : DU CHIC ET DU GLAMOUR AVEC 6 JEUNES TALENTS Lire la suite\u00a0\u00bb","og_url":"https:\/\/7culture.ci\/index.php\/2020\/09\/25\/defile-de-lagence-du-chic-et-du-glamour-avec-6-jeunes-talents\/","og_site_name":"7culture","article_publisher":"https:\/\/www.facebook.com\/redchefclaude","article_published_time":"2020-09-25T18:46:37+00:00","author":"Fahizu FAKAYODE","twitter_card":"summary_large_image","twitter_creator":"@7culturec","twitter_site":"@7culturec","twitter_misc":{"\u00c9crit par":"Fahizu FAKAYODE","Dur\u00e9e de lecture estim\u00e9e":"2 minutes"},"schema":{"@context":"https:\/\/schema.org","@graph":[{"@type":"Article","@id":"https:\/\/7culture.ci\/index.php\/2020\/09\/25\/defile-de-lagence-du-chic-et-du-glamour-avec-6-jeunes-talents\/#article","isPartOf":{"@id":"https:\/\/7culture.ci\/index.php\/2020\/09\/25\/defile-de-lagence-du-chic-et-du-glamour-avec-6-jeunes-talents\/"},"author":{"name":"Fahizu FAKAYODE","@id":"https:\/\/7culture.ci\/#\/schema\/person\/73d24461f401f2fd27e46591435caafc"},"headline":"D\u00c9FILE DE L\u2019AGENCE : DU CHIC ET DU GLAMOUR AVEC 6 JEUNES TALENTS","datePublished":"2020-09-25T18:46:37+00:00","dateModified":"2020-09-25T18:46:37+00:00","mainEntityOfPage":{"@id":"https:\/\/7culture.ci\/index.php\/2020\/09\/25\/defile-de-lagence-du-chic-et-du-glamour-avec-6-jeunes-talents\/"},"wordCount":501,"commentCount":0,"publisher":{"@id":"https:\/\/7culture.ci\/#organization"},"articleSection":["Actualit\u00e9"],"inLanguage":"fr-FR","potentialAction":[{"@type":"CommentAction","name":"Comment","target":["https:\/\/7culture.ci\/index.php\/2020\/09\/25\/defile-de-lagence-du-chic-et-du-glamour-avec-6-jeunes-talents\/#respond"]}]},{"@type":"WebPage","@id":"https:\/\/7culture.ci\/index.php\/2020\/09\/25\/defile-de-lagence-du-chic-et-du-glamour-avec-6-jeunes-talents\/","url":"https:\/\/7culture.ci\/index.php\/2020\/09\/25\/defile-de-lagence-du-chic-et-du-glamour-avec-6-jeunes-talents\/","name":"D\u00c9FILE DE L\u2019AGENCE : DU CHIC ET DU GLAMOUR AVEC 6 JEUNES TALENTS - 7culture","isPartOf":{"@id":"https:\/\/7culture.ci\/#website"},"datePublished":"2020-09-25T18:46:37+00:00","dateModified":"2020-09-25T18:46:37+00:00","breadcrumb":{"@id":"https:\/\/7culture.ci\/index.php\/2020\/09\/25\/defile-de-lagence-du-chic-et-du-glamour-avec-6-jeunes-talents\/#breadcrumb"},"inLanguage":"fr-FR","potentialAction":[{"@type":"ReadAction","target":["https:\/\/7culture.ci\/index.php\/2020\/09\/25\/defile-de-lagence-du-chic-et-du-glamour-avec-6-jeunes-talents\/"]}]},{"@type":"BreadcrumbList","@id":"https:\/\/7culture.ci\/index.php\/2020\/09\/25\/defile-de-lagence-du-chic-et-du-glamour-avec-6-jeunes-talents\/#breadcrumb","itemListElement":[{"@type":"ListItem","position":1,"name":"Accueil","item":"https:\/\/7culture.ci\/"},{"@type":"ListItem","position":2,"name":"D\u00c9FILE DE L\u2019AGENCE : DU CHIC ET DU GLAMOUR AVEC 6 JEUNES TALENTS"}]},{"@type":"WebSite","@id":"https:\/\/7culture.ci\/#website","url":"https:\/\/7culture.ci\/","name":"7culture","description":"Tout sur l&#039;actualit\u00e9","publisher":{"@id":"https:\/\/7culture.ci\/#organization"},"potentialAction":[{"@type":"SearchAction","target":{"@type":"EntryPoint","urlTemplate":"https:\/\/7culture.ci\/?s={search_term_string}"},"query-input":"required name=search_term_string"}],"inLanguage":"fr-FR"},{"@type":"Organization","@id":"https:\/\/7culture.ci\/#organization","name":"7culture","url":"https:\/\/7culture.ci\/","sameAs":["https:\/\/www.facebook.com\/redchefclaude","https:\/\/twitter.com\/7culturec"],"logo":{"@type":"ImageObject","inLanguage":"fr-FR","@id":"https:\/\/7culture.ci\/#\/schema\/logo\/image\/","url":"https:\/\/7culture.ci\/wp-content\/uploads\/2021\/12\/S1a-1.png","contentUrl":"https:\/\/7culture.ci\/wp-content\/uploads\/2021\/12\/S1a-1.png","width":588,"height":192,"caption":"7culture"},"image":{"@id":"https:\/\/7culture.ci\/#\/schema\/logo\/image\/"}},{"@type":"Person","@id":"https:\/\/7culture.ci\/#\/schema\/person\/73d24461f401f2fd27e46591435caafc","name":"Fahizu FAKAYODE","image":{"@type":"ImageObject","inLanguage":"fr-FR","@id":"https:\/\/7culture.ci\/#\/schema\/person\/image\/","url":"https:\/\/secure.gravatar.com\/avatar\/ac3baef8c34a343dc153cb0854a9dbc5?s=96&d=mm&r=g","contentUrl":"https:\/\/secure.gravatar.com\/avatar\/ac3baef8c34a343dc153cb0854a9dbc5?s=96&d=mm&r=g","caption":"Fahizu FAKAYODE"},"url":"https:\/\/7culture.ci\/index.php\/author\/fahizu-fakayode\/"}]}},"jetpack_featured_media_url":"","jetpack_likes_enabled":true,"jetpack_sharing_enabled":true,"_links":{"self":[{"href":"https:\/\/7culture.ci\/index.php\/wp-json\/wp\/v2\/posts\/3757"}],"collection":[{"href":"https:\/\/7culture.ci\/index.php\/wp-json\/wp\/v2\/posts"}],"about":[{"href":"https:\/\/7culture.ci\/index.php\/wp-json\/wp\/v2\/types\/post"}],"author":[{"embeddable":true,"href":"https:\/\/7culture.ci\/index.php\/wp-json\/wp\/v2\/users\/3"}],"replies":[{"embeddable":true,"href":"https:\/\/7culture.ci\/index.php\/wp-json\/wp\/v2\/comments?post=3757"}],"version-history":[{"count":0,"href":"https:\/\/7culture.ci\/index.php\/wp-json\/wp\/v2\/posts\/3757\/revisions"}],"wp:attachment":[{"href":"https:\/\/7culture.ci\/index.php\/wp-json\/wp\/v2\/media?parent=3757"}],"wp:term":[{"taxonomy":"category","embeddable":true,"href":"https:\/\/7culture.ci\/index.php\/wp-json\/wp\/v2\/categories?post=3757"},{"taxonomy":"post_tag","embeddable":true,"href":"https:\/\/7culture.ci\/index.php\/wp-json\/wp\/v2\/tags?post=3757"}],"curies":[{"name":"wp","href":"https:\/\/api.w.org\/{rel}","templated":true}]}}