{"id":3640,"date":"2020-09-22T16:17:03","date_gmt":"2020-09-22T16:17:03","guid":{"rendered":"https:\/\/7culture.ci\/index.php\/2020\/09\/22\/covid-19-le-monde-dapres-les-acteurs-culturels-sinterrogent\/"},"modified":"2020-09-22T16:17:03","modified_gmt":"2020-09-22T16:17:03","slug":"covid-19-le-monde-dapres-les-acteurs-culturels-sinterrogent","status":"publish","type":"post","link":"https:\/\/7culture.ci\/index.php\/2020\/09\/22\/covid-19-le-monde-dapres-les-acteurs-culturels-sinterrogent\/","title":{"rendered":"COVID-19: \u00ab LE MONDE D\u2019APR\u00c8S \u00bb  LES ACTEURS CULTURELS S\u2019INTERROGENT"},"content":{"rendered":"\n<p><strong><em>En plein confinement, les acteurs culturels ivoiriens ont r\u00e9fl\u00e9chi \u00e0 ce que devra \u00eatre le Monde apr\u00e8s la pand\u00e9mie de la covid-19. Le single \u00ab&nbsp;Le Monde d\u2019apr\u00e8s&nbsp;\u00bb est le fruit de cette r\u00e9flexion. Cette \u0153uvre musicale coll\u00e9giale r\u00e9unissant des artistes de tout style musical, de toute discipline, ainsi que le clip qui l\u2019accompagne ont \u00e9t\u00e9 officiellement pr\u00e9sent\u00e9 au public le mardi 8 septembre 2020 \u00e0 Cocody 2 plateaux les Vallons.<\/em><\/strong><\/p>\n\n\n\n<p>R\u00e9alis\u00e9e par le collectif des acteurs culturels ivoiriens contre la Covid 19 (CACIC 19), l\u2019\u0153uvre&nbsp; a enregistr\u00e9 la participation d\u2019une trentaine d\u2019interpr\u00e8tes. Dont Aain Tailly, Adama Dahico, Mar\u00e9chal Zongo, Amy Bamba, Taxi conteur, Chantal Dj\u00e9dj\u00e9, Aboutou Roots, Dan Log, Roger Gob\u00e9a, Adolphe Yac\u00e9, Vivi Makado, les slameurs de l\u2019\u00e9cole des po\u00e8tes, la compagnie N\u2019Sol\u00eah, Be Ahissia, Falco, Jafaro etc, sous la direction d\u2019Aristide Dicko.&nbsp;<strong><em>\u00ab&nbsp;Le Monde d\u2019apr\u00e8s&nbsp;\u00bb est l\u2018illustration du r\u00eave des artistes ivoiriens pour leur pays. Un monde de paix, d\u2019amour, d\u2019unit\u00e9, de solidarit\u00e9, de respect de la nature, d\u2019avenir radieux&nbsp;\u00bb<\/em><\/strong> a expliqu\u00e9 Alain Tailly, coordonnateur g\u00e9n\u00e9ral du CACIC 19. Pour lui, la culture doit \u00eatre au c\u0153ur du d\u00e9veloppement et les artistes doivent \u00eatre des vecteurs de paix. Suite \u00e0 la suspension des activit\u00e9s culturelles, due \u00e0 la maladie \u00e0 coronavirus, le CACIC 19 avait, sur la base d\u2019une \u00e9tude qu\u2019il a men\u00e9e sur l\u2019impact financier de la Covid 19 pour le secteur de la culture, fait un plaidoyer aupr\u00e8s du gouvernement en vue de prendre des mesures d\u2019accompagnement en faveur des acteurs culturels de toute discipline.&nbsp;<strong><em>\u00ab&nbsp;Globalement, notre plaidoyer a \u00e9t\u00e9 pris en compte par Mme Raymonde GOUDOU COFFIE, ministre de la culture et de la francophonie, qui a d\u00e9gag\u00e9 une enveloppe de plus de 300 millions frs cfa pour soutenir les acteurs culturels&nbsp;\u00bb<\/em><\/strong> s\u2019est r\u00e9joui Alain Tailly. N\u00e9anmoins, le coordonnateur g\u00e9n\u00e9ral du Cacic 19 estime que beaucoup reste \u00e0 faire pour le d\u00e9veloppement de la culture en C\u00f4te d\u2019Ivoire.<\/p>\n\n\n\n<p>Au S\u00e9n\u00e9gal et au Burkina-Faso, les autorit\u00e9s mettent plus d\u2019un milliard frs cfa \u00e0 la disposition du secteur culturel, a-t-il compar\u00e9. A l\u2019en croire, le Monde d\u2019apr\u00e8s doit se fait avec la culture qui doit b\u00e9n\u00e9ficier d\u2019un plus grand financement. Le monde d\u2019apr\u00e8s, c\u2019est aussi pour les artistes, de s\u2019adapter au nouveau mod\u00e8le \u00e9conomique de la culture, ils doivent se mettre au digital et au num\u00e9rique afin de&nbsp; conqu\u00e9rir d\u2019autres march\u00e9s, sugg\u00e8re le CACIC 19.<\/p>\n\n\n\n<p>Aussi, en collaboration avec le bureau Unesco Abidjan, met-il en place une plateforme num\u00e9rique pour promouvoir et mieux vendre les \u0153uvres des artistes ivoiriens. Dans ce sens, le CACIC a organis\u00e9 un atelier de formation au num\u00e9rique en faveur de ses membres estim\u00e9s \u00e0 plus de 500 artistes de toute discipline. Le clip et le sigle \u00ab&nbsp;Le monde d\u2019apr\u00e8s&nbsp;\u00bb sont gratuitement disponibles sur les plateformes de t\u00e9l\u00e9chargement, pr\u00e9cise-t-on. Le single \u00ab&nbsp;Le Monde d\u2019apr\u00e8s&nbsp;\u00bb pourrait servir de chanson de sensibilisation \u00e0 la maladie \u00e0 coronavirus pour le minist\u00e8re de la sant\u00e9, estiment certains sp\u00e9cialistes<\/p>\n\n\n\n<p><strong>Adama Traor\u00e9<\/strong><\/p>\n","protected":false},"excerpt":{"rendered":"<p>En plein confinement, les acteurs culturels ivoiriens ont r\u00e9fl\u00e9chi \u00e0 ce que devra \u00eatre le Monde apr\u00e8s la pand\u00e9mie de la covid-19. Le single \u00ab&nbsp;Le Monde d\u2019apr\u00e8s&nbsp;\u00bb est le fruit de cette r\u00e9flexion. Cette \u0153uvre musicale coll\u00e9giale r\u00e9unissant des artistes de tout style musical, de toute discipline, ainsi que le clip qui l\u2019accompagne ont \u00e9t\u00e9 &hellip;<\/p>\n<p class=\"read-more\"> <a class=\"\" href=\"https:\/\/7culture.ci\/index.php\/2020\/09\/22\/covid-19-le-monde-dapres-les-acteurs-culturels-sinterrogent\/\"> <span class=\"screen-reader-text\">COVID-19: \u00ab LE MONDE D\u2019APR\u00c8S \u00bb  LES ACTEURS CULTURELS S\u2019INTERROGENT<\/span> Lire la suite\u00a0\u00bb<\/a><\/p>\n","protected":false},"author":2,"featured_media":3646,"comment_status":"open","ping_status":"closed","sticky":false,"template":"","format":"standard","meta":{"_mi_skip_tracking":false,"_monsterinsights_sitenote_active":false,"_monsterinsights_sitenote_note":"","_monsterinsights_sitenote_category":0,"site-sidebar-layout":"default","site-content-layout":"default","ast-global-header-display":"","ast-main-header-display":"","ast-hfb-above-header-display":"","ast-hfb-below-header-display":"","ast-hfb-mobile-header-display":"","site-post-title":"","ast-breadcrumbs-content":"","ast-featured-img":"","footer-sml-layout":"","theme-transparent-header-meta":"","adv-header-id-meta":"","stick-header-meta":"","header-above-stick-meta":"","header-main-stick-meta":"","header-below-stick-meta":"","footnotes":"","jetpack_publicize_message":"","jetpack_is_tweetstorm":false,"jetpack_publicize_feature_enabled":true},"categories":[16],"tags":[],"jetpack_publicize_connections":[],"acf":[],"aioseo_notices":[],"yoast_head":"<!-- This site is optimized with the Yoast SEO plugin v19.6.1 - https:\/\/yoast.com\/wordpress\/plugins\/seo\/ -->\n<title>COVID-19: \u00ab LE MONDE D\u2019APR\u00c8S \u00bb LES ACTEURS CULTURELS S\u2019INTERROGENT - 7culture<\/title>\n<meta name=\"robots\" content=\"index, follow, max-snippet:-1, max-image-preview:large, max-video-preview:-1\" \/>\n<link rel=\"canonical\" href=\"https:\/\/7culture.ci\/index.php\/2020\/09\/22\/covid-19-le-monde-dapres-les-acteurs-culturels-sinterrogent\/\" \/>\n<meta property=\"og:locale\" content=\"fr_FR\" \/>\n<meta property=\"og:type\" content=\"article\" \/>\n<meta property=\"og:title\" content=\"COVID-19: \u00ab LE MONDE D\u2019APR\u00c8S \u00bb LES ACTEURS CULTURELS S\u2019INTERROGENT - 7culture\" \/>\n<meta property=\"og:description\" content=\"En plein confinement, les acteurs culturels ivoiriens ont r\u00e9fl\u00e9chi \u00e0 ce que devra \u00eatre le Monde apr\u00e8s la pand\u00e9mie de la covid-19. Le single \u00ab&nbsp;Le Monde d\u2019apr\u00e8s&nbsp;\u00bb est le fruit de cette r\u00e9flexion. Cette \u0153uvre musicale coll\u00e9giale r\u00e9unissant des artistes de tout style musical, de toute discipline, ainsi que le clip qui l\u2019accompagne ont \u00e9t\u00e9 &hellip; COVID-19: \u00ab LE MONDE D\u2019APR\u00c8S \u00bb LES ACTEURS CULTURELS S\u2019INTERROGENT Lire la suite\u00a0\u00bb\" \/>\n<meta property=\"og:url\" content=\"https:\/\/7culture.ci\/index.php\/2020\/09\/22\/covid-19-le-monde-dapres-les-acteurs-culturels-sinterrogent\/\" \/>\n<meta property=\"og:site_name\" content=\"7culture\" \/>\n<meta property=\"article:publisher\" content=\"https:\/\/www.facebook.com\/redchefclaude\" \/>\n<meta property=\"article:published_time\" content=\"2020-09-22T16:17:03+00:00\" \/>\n<meta name=\"author\" content=\"Claude Kipre\" \/>\n<meta name=\"twitter:card\" content=\"summary_large_image\" \/>\n<meta name=\"twitter:creator\" content=\"@7culturec\" \/>\n<meta name=\"twitter:site\" content=\"@7culturec\" \/>\n<meta name=\"twitter:label1\" content=\"\u00c9crit par\" \/>\n\t<meta name=\"twitter:data1\" content=\"Claude Kipre\" \/>\n\t<meta name=\"twitter:label2\" content=\"Dur\u00e9e de lecture estim\u00e9e\" \/>\n\t<meta name=\"twitter:data2\" content=\"3 minutes\" \/>\n<script type=\"application\/ld+json\" class=\"yoast-schema-graph\">{\"@context\":\"https:\/\/schema.org\",\"@graph\":[{\"@type\":\"Article\",\"@id\":\"https:\/\/7culture.ci\/index.php\/2020\/09\/22\/covid-19-le-monde-dapres-les-acteurs-culturels-sinterrogent\/#article\",\"isPartOf\":{\"@id\":\"https:\/\/7culture.ci\/index.php\/2020\/09\/22\/covid-19-le-monde-dapres-les-acteurs-culturels-sinterrogent\/\"},\"author\":{\"name\":\"Claude Kipre\",\"@id\":\"https:\/\/7culture.ci\/#\/schema\/person\/64b5687ef9752cd031e11e98f4fd60b6\"},\"headline\":\"COVID-19: \u00ab LE MONDE D\u2019APR\u00c8S \u00bb LES ACTEURS CULTURELS S\u2019INTERROGENT\",\"datePublished\":\"2020-09-22T16:17:03+00:00\",\"dateModified\":\"2020-09-22T16:17:03+00:00\",\"mainEntityOfPage\":{\"@id\":\"https:\/\/7culture.ci\/index.php\/2020\/09\/22\/covid-19-le-monde-dapres-les-acteurs-culturels-sinterrogent\/\"},\"wordCount\":571,\"commentCount\":0,\"publisher\":{\"@id\":\"https:\/\/7culture.ci\/#organization\"},\"articleSection\":[\"Musique\"],\"inLanguage\":\"fr-FR\",\"potentialAction\":[{\"@type\":\"CommentAction\",\"name\":\"Comment\",\"target\":[\"https:\/\/7culture.ci\/index.php\/2020\/09\/22\/covid-19-le-monde-dapres-les-acteurs-culturels-sinterrogent\/#respond\"]}]},{\"@type\":\"WebPage\",\"@id\":\"https:\/\/7culture.ci\/index.php\/2020\/09\/22\/covid-19-le-monde-dapres-les-acteurs-culturels-sinterrogent\/\",\"url\":\"https:\/\/7culture.ci\/index.php\/2020\/09\/22\/covid-19-le-monde-dapres-les-acteurs-culturels-sinterrogent\/\",\"name\":\"COVID-19: \u00ab LE MONDE D\u2019APR\u00c8S \u00bb LES ACTEURS CULTURELS S\u2019INTERROGENT - 7culture\",\"isPartOf\":{\"@id\":\"https:\/\/7culture.ci\/#website\"},\"datePublished\":\"2020-09-22T16:17:03+00:00\",\"dateModified\":\"2020-09-22T16:17:03+00:00\",\"breadcrumb\":{\"@id\":\"https:\/\/7culture.ci\/index.php\/2020\/09\/22\/covid-19-le-monde-dapres-les-acteurs-culturels-sinterrogent\/#breadcrumb\"},\"inLanguage\":\"fr-FR\",\"potentialAction\":[{\"@type\":\"ReadAction\",\"target\":[\"https:\/\/7culture.ci\/index.php\/2020\/09\/22\/covid-19-le-monde-dapres-les-acteurs-culturels-sinterrogent\/\"]}]},{\"@type\":\"BreadcrumbList\",\"@id\":\"https:\/\/7culture.ci\/index.php\/2020\/09\/22\/covid-19-le-monde-dapres-les-acteurs-culturels-sinterrogent\/#breadcrumb\",\"itemListElement\":[{\"@type\":\"ListItem\",\"position\":1,\"name\":\"Accueil\",\"item\":\"https:\/\/7culture.ci\/\"},{\"@type\":\"ListItem\",\"position\":2,\"name\":\"COVID-19: \u00ab LE MONDE D\u2019APR\u00c8S \u00bb LES ACTEURS CULTURELS S\u2019INTERROGENT\"}]},{\"@type\":\"WebSite\",\"@id\":\"https:\/\/7culture.ci\/#website\",\"url\":\"https:\/\/7culture.ci\/\",\"name\":\"7culture\",\"description\":\"Tout sur l&#039;actualit\u00e9\",\"publisher\":{\"@id\":\"https:\/\/7culture.ci\/#organization\"},\"potentialAction\":[{\"@type\":\"SearchAction\",\"target\":{\"@type\":\"EntryPoint\",\"urlTemplate\":\"https:\/\/7culture.ci\/?s={search_term_string}\"},\"query-input\":\"required name=search_term_string\"}],\"inLanguage\":\"fr-FR\"},{\"@type\":\"Organization\",\"@id\":\"https:\/\/7culture.ci\/#organization\",\"name\":\"7culture\",\"url\":\"https:\/\/7culture.ci\/\",\"sameAs\":[\"https:\/\/www.facebook.com\/redchefclaude\",\"https:\/\/twitter.com\/7culturec\"],\"logo\":{\"@type\":\"ImageObject\",\"inLanguage\":\"fr-FR\",\"@id\":\"https:\/\/7culture.ci\/#\/schema\/logo\/image\/\",\"url\":\"https:\/\/7culture.ci\/wp-content\/uploads\/2021\/12\/S1a-1.png\",\"contentUrl\":\"https:\/\/7culture.ci\/wp-content\/uploads\/2021\/12\/S1a-1.png\",\"width\":588,\"height\":192,\"caption\":\"7culture\"},\"image\":{\"@id\":\"https:\/\/7culture.ci\/#\/schema\/logo\/image\/\"}},{\"@type\":\"Person\",\"@id\":\"https:\/\/7culture.ci\/#\/schema\/person\/64b5687ef9752cd031e11e98f4fd60b6\",\"name\":\"Claude Kipre\",\"image\":{\"@type\":\"ImageObject\",\"inLanguage\":\"fr-FR\",\"@id\":\"https:\/\/7culture.ci\/#\/schema\/person\/image\/\",\"url\":\"https:\/\/secure.gravatar.com\/avatar\/60e5007626848549b0d9b2ad9c53c9e8?s=96&d=mm&r=g\",\"contentUrl\":\"https:\/\/secure.gravatar.com\/avatar\/60e5007626848549b0d9b2ad9c53c9e8?s=96&d=mm&r=g\",\"caption\":\"Claude Kipre\"},\"url\":\"https:\/\/7culture.ci\/index.php\/author\/claude-kipre\/\"}]}<\/script>\n<!-- \/ Yoast SEO plugin. -->","yoast_head_json":{"title":"COVID-19: \u00ab LE MONDE D\u2019APR\u00c8S \u00bb LES ACTEURS CULTURELS S\u2019INTERROGENT - 7culture","robots":{"index":"index","follow":"follow","max-snippet":"max-snippet:-1","max-image-preview":"max-image-preview:large","max-video-preview":"max-video-preview:-1"},"canonical":"https:\/\/7culture.ci\/index.php\/2020\/09\/22\/covid-19-le-monde-dapres-les-acteurs-culturels-sinterrogent\/","og_locale":"fr_FR","og_type":"article","og_title":"COVID-19: \u00ab LE MONDE D\u2019APR\u00c8S \u00bb LES ACTEURS CULTURELS S\u2019INTERROGENT - 7culture","og_description":"En plein confinement, les acteurs culturels ivoiriens ont r\u00e9fl\u00e9chi \u00e0 ce que devra \u00eatre le Monde apr\u00e8s la pand\u00e9mie de la covid-19. Le single \u00ab&nbsp;Le Monde d\u2019apr\u00e8s&nbsp;\u00bb est le fruit de cette r\u00e9flexion. Cette \u0153uvre musicale coll\u00e9giale r\u00e9unissant des artistes de tout style musical, de toute discipline, ainsi que le clip qui l\u2019accompagne ont \u00e9t\u00e9 &hellip; COVID-19: \u00ab LE MONDE D\u2019APR\u00c8S \u00bb LES ACTEURS CULTURELS S\u2019INTERROGENT Lire la suite\u00a0\u00bb","og_url":"https:\/\/7culture.ci\/index.php\/2020\/09\/22\/covid-19-le-monde-dapres-les-acteurs-culturels-sinterrogent\/","og_site_name":"7culture","article_publisher":"https:\/\/www.facebook.com\/redchefclaude","article_published_time":"2020-09-22T16:17:03+00:00","author":"Claude Kipre","twitter_card":"summary_large_image","twitter_creator":"@7culturec","twitter_site":"@7culturec","twitter_misc":{"\u00c9crit par":"Claude Kipre","Dur\u00e9e de lecture estim\u00e9e":"3 minutes"},"schema":{"@context":"https:\/\/schema.org","@graph":[{"@type":"Article","@id":"https:\/\/7culture.ci\/index.php\/2020\/09\/22\/covid-19-le-monde-dapres-les-acteurs-culturels-sinterrogent\/#article","isPartOf":{"@id":"https:\/\/7culture.ci\/index.php\/2020\/09\/22\/covid-19-le-monde-dapres-les-acteurs-culturels-sinterrogent\/"},"author":{"name":"Claude Kipre","@id":"https:\/\/7culture.ci\/#\/schema\/person\/64b5687ef9752cd031e11e98f4fd60b6"},"headline":"COVID-19: \u00ab LE MONDE D\u2019APR\u00c8S \u00bb LES ACTEURS CULTURELS S\u2019INTERROGENT","datePublished":"2020-09-22T16:17:03+00:00","dateModified":"2020-09-22T16:17:03+00:00","mainEntityOfPage":{"@id":"https:\/\/7culture.ci\/index.php\/2020\/09\/22\/covid-19-le-monde-dapres-les-acteurs-culturels-sinterrogent\/"},"wordCount":571,"commentCount":0,"publisher":{"@id":"https:\/\/7culture.ci\/#organization"},"articleSection":["Musique"],"inLanguage":"fr-FR","potentialAction":[{"@type":"CommentAction","name":"Comment","target":["https:\/\/7culture.ci\/index.php\/2020\/09\/22\/covid-19-le-monde-dapres-les-acteurs-culturels-sinterrogent\/#respond"]}]},{"@type":"WebPage","@id":"https:\/\/7culture.ci\/index.php\/2020\/09\/22\/covid-19-le-monde-dapres-les-acteurs-culturels-sinterrogent\/","url":"https:\/\/7culture.ci\/index.php\/2020\/09\/22\/covid-19-le-monde-dapres-les-acteurs-culturels-sinterrogent\/","name":"COVID-19: \u00ab LE MONDE D\u2019APR\u00c8S \u00bb LES ACTEURS CULTURELS S\u2019INTERROGENT - 7culture","isPartOf":{"@id":"https:\/\/7culture.ci\/#website"},"datePublished":"2020-09-22T16:17:03+00:00","dateModified":"2020-09-22T16:17:03+00:00","breadcrumb":{"@id":"https:\/\/7culture.ci\/index.php\/2020\/09\/22\/covid-19-le-monde-dapres-les-acteurs-culturels-sinterrogent\/#breadcrumb"},"inLanguage":"fr-FR","potentialAction":[{"@type":"ReadAction","target":["https:\/\/7culture.ci\/index.php\/2020\/09\/22\/covid-19-le-monde-dapres-les-acteurs-culturels-sinterrogent\/"]}]},{"@type":"BreadcrumbList","@id":"https:\/\/7culture.ci\/index.php\/2020\/09\/22\/covid-19-le-monde-dapres-les-acteurs-culturels-sinterrogent\/#breadcrumb","itemListElement":[{"@type":"ListItem","position":1,"name":"Accueil","item":"https:\/\/7culture.ci\/"},{"@type":"ListItem","position":2,"name":"COVID-19: \u00ab LE MONDE D\u2019APR\u00c8S \u00bb LES ACTEURS CULTURELS S\u2019INTERROGENT"}]},{"@type":"WebSite","@id":"https:\/\/7culture.ci\/#website","url":"https:\/\/7culture.ci\/","name":"7culture","description":"Tout sur l&#039;actualit\u00e9","publisher":{"@id":"https:\/\/7culture.ci\/#organization"},"potentialAction":[{"@type":"SearchAction","target":{"@type":"EntryPoint","urlTemplate":"https:\/\/7culture.ci\/?s={search_term_string}"},"query-input":"required name=search_term_string"}],"inLanguage":"fr-FR"},{"@type":"Organization","@id":"https:\/\/7culture.ci\/#organization","name":"7culture","url":"https:\/\/7culture.ci\/","sameAs":["https:\/\/www.facebook.com\/redchefclaude","https:\/\/twitter.com\/7culturec"],"logo":{"@type":"ImageObject","inLanguage":"fr-FR","@id":"https:\/\/7culture.ci\/#\/schema\/logo\/image\/","url":"https:\/\/7culture.ci\/wp-content\/uploads\/2021\/12\/S1a-1.png","contentUrl":"https:\/\/7culture.ci\/wp-content\/uploads\/2021\/12\/S1a-1.png","width":588,"height":192,"caption":"7culture"},"image":{"@id":"https:\/\/7culture.ci\/#\/schema\/logo\/image\/"}},{"@type":"Person","@id":"https:\/\/7culture.ci\/#\/schema\/person\/64b5687ef9752cd031e11e98f4fd60b6","name":"Claude Kipre","image":{"@type":"ImageObject","inLanguage":"fr-FR","@id":"https:\/\/7culture.ci\/#\/schema\/person\/image\/","url":"https:\/\/secure.gravatar.com\/avatar\/60e5007626848549b0d9b2ad9c53c9e8?s=96&d=mm&r=g","contentUrl":"https:\/\/secure.gravatar.com\/avatar\/60e5007626848549b0d9b2ad9c53c9e8?s=96&d=mm&r=g","caption":"Claude Kipre"},"url":"https:\/\/7culture.ci\/index.php\/author\/claude-kipre\/"}]}},"jetpack_featured_media_url":"","jetpack_likes_enabled":true,"jetpack_sharing_enabled":true,"_links":{"self":[{"href":"https:\/\/7culture.ci\/index.php\/wp-json\/wp\/v2\/posts\/3640"}],"collection":[{"href":"https:\/\/7culture.ci\/index.php\/wp-json\/wp\/v2\/posts"}],"about":[{"href":"https:\/\/7culture.ci\/index.php\/wp-json\/wp\/v2\/types\/post"}],"author":[{"embeddable":true,"href":"https:\/\/7culture.ci\/index.php\/wp-json\/wp\/v2\/users\/2"}],"replies":[{"embeddable":true,"href":"https:\/\/7culture.ci\/index.php\/wp-json\/wp\/v2\/comments?post=3640"}],"version-history":[{"count":0,"href":"https:\/\/7culture.ci\/index.php\/wp-json\/wp\/v2\/posts\/3640\/revisions"}],"wp:featuredmedia":[{"embeddable":true,"href":"https:\/\/7culture.ci\/index.php\/wp-json\/"}],"wp:attachment":[{"href":"https:\/\/7culture.ci\/index.php\/wp-json\/wp\/v2\/media?parent=3640"}],"wp:term":[{"taxonomy":"category","embeddable":true,"href":"https:\/\/7culture.ci\/index.php\/wp-json\/wp\/v2\/categories?post=3640"},{"taxonomy":"post_tag","embeddable":true,"href":"https:\/\/7culture.ci\/index.php\/wp-json\/wp\/v2\/tags?post=3640"}],"curies":[{"name":"wp","href":"https:\/\/api.w.org\/{rel}","templated":true}]}}