{"id":3558,"date":"2020-09-18T14:30:40","date_gmt":"2020-09-18T14:30:40","guid":{"rendered":"https:\/\/7culture.ci\/index.php\/2020\/09\/18\/festival-international-parole-de-conteurs-2020\/"},"modified":"2020-09-18T14:30:40","modified_gmt":"2020-09-18T14:30:40","slug":"festival-international-parole-de-conteurs-2020","status":"publish","type":"post","link":"https:\/\/7culture.ci\/index.php\/2020\/09\/18\/festival-international-parole-de-conteurs-2020\/","title":{"rendered":"FESTIVAL INTERNATIONAL PAROLE DE CONTEURS 2020"},"content":{"rendered":"\n<h4 class=\"wp-block-heading\"><strong>AMOIN ET DES ARTISTES PLAIDENT POUR LA PAIX<\/strong><\/h4>\n\n\n\n<p>Comme les contes au clair de lune \u00e0 l\u2019ancienne mais sauf que cette fois-ci, la partie de contes se d\u00e9roulait en pleine journ\u00e9e \u00e0 Abobo-Avocatier sur le terrain All\u00e9chikoi le samedi 12 septembre 2020 entre 9 heures \u00e0 17 heures. C\u2019\u00e9tait \u00e0 la 6\u00e8 \u00e9dition du <strong>Festival international Parole de conteurs<\/strong> o\u00f9 Amoin, Etienne Kouam\u00e9, Constant Wayou, Th\u00e9r\u00e8se Yao, Koko et bien d\u2019autres ont fait tordre de rire les nombreux spectateurs venus vivre ou revivre les hilarants et \u00e9ducatifs moments de contes. Les conteurs ont racont\u00e9 des histoires qui rappelaient la n\u00e9cessit\u00e9 de paix et d\u2019entente entre les populations. Ils r\u00e9pondaient ainsi \u00e0 l\u2019exigence du th\u00e8me central : <strong><em>le renforcement de coh\u00e9sion et de la paix<\/em><\/strong>.<\/p>\n\n\n\n<div class=\\\"wp-block-image\\\"><figure class=\\\"aligncenter size-full is-resized\\\"><img src=\\\"http:\/\/7culture.ci\/fbf\/uploads\/2020\/07\/1.jpg\\\" alt=\\\"\\\" class=\\\"wp-image-3615\\\" width=\\\"534\\\" height=\\\"355\\\"\/><\/figure><\/div>\n\n\n\n<p>Initi\u00e9 par l\u2019actrice com\u00e9dienne Amoin Koffi de la s\u00e9rie \u00e0 succ\u00e8s <strong>Ma Famille<\/strong>, le festival a \u00e9t\u00e9 soutenu par de nombreux com\u00e9diens. A c\u00f4t\u00e9 du parrain artistique Ti\u00e8koumba Dosso dit Vieux Dosso, l\u2019\u00e9dition 2020 a enregistr\u00e9 la pr\u00e9sence des t\u00eates connues comme Teisson dit B\u00e9b\u00e9 G\u00e2t\u00e9, Mory Major Bamba, Hortense de M\u00e9aka\u2026 Ce qui a \u00e9t\u00e9 beaucoup appr\u00e9ci\u00e9 par les spectateurs. L\u2019\u00e9v\u00e8nement a fait aussi une ouverture sur la musique. Invit\u00e9 d\u2019honneur, le chanteur Pos\u00e9idon IBS a \u00e9lectris\u00e9 la foule avec ses titres populaires. Et comme lui, Noureddine, Black King, Samsl\u00e9, Les Merveilles ou Beross ont donn\u00e9 des couleurs \u00e0 la f\u00eate avec leurs belles prestations.<\/p>\n\n\n\n<p>Normalement, le <strong>Festival international parole de conteurs<\/strong> se tient \u00e0 la journ\u00e9e nationale de la paix en C\u00f4te d\u2019Ivoire c\u00e9l\u00e9br\u00e9e le 15 novembre de chaque ann\u00e9e. \u00ab&nbsp;<strong><em>Ce festival a \u00e9t\u00e9 con\u00e7u par rapport \u00e0 la journ\u00e9e nationale de paix en C\u00f4te d\u2019Ivoire, c\u00e9l\u00e9br\u00e9e le 15&nbsp; novembre de chaque ann\u00e9e. Cette ann\u00e9e, on l\u2019a fait avant la date initiale par rapport aux \u00e9lections du 31 octobre prochain<\/em><\/strong>&nbsp;\u00bb, explique Amoin. Et elle en a profit\u00e9 pour faire un plaidoyer aux Ivoiriens. \u00ab&nbsp;<strong><em>Au commencement \u00e9tait la parole. Et la parole est la vie et qui dit vie, a besoin de paix. Nous voulons parler aux Ivoiriens. C\u2019est pourquoi ce festival a lieu maintenant. Tous les artistes sont l\u00e0 pour dire oui \u00e0 la paix. Non \u00e0 la violence et non \u00e0 la guerre. Les Ivoiriens sont comme deux cuisses d\u2019un m\u00eame coq. Nous avons la m\u00eame valeur. Pourquoi nous entretuer&nbsp;? Nous sommes oblig\u00e9s de vivre ensemble. Nous sommes l\u00e0 pour pr\u00f4ner la paix&nbsp;<\/em><\/strong>\u00bb, soutient l\u2019initiatrice. Avant de poursuivre&nbsp;: \u00ab<strong><em>Tous les grands festivals de C\u00f4te d\u2019Ivoire n\u2019ont pas eu lieu. Vous savez, la maladie \u00e0 coronavirus est venue pour nous tuer mais Dieu a fait que nous sommes vivants<\/em><\/strong>&nbsp;\u00bb. Parrain artistique de cette 6\u00e8 \u00e9dition, Vieux Dosso partage les m\u00eame id\u00e9aux que sa coll\u00e8gue Amoin. \u00ab&nbsp;<strong><em>Comme Amoin l\u2019a dit, nous avons tous constat\u00e9 que le monde entier est \u00e0 l\u2019arr\u00eat. Il faut donc saluer son courage&nbsp; pour l\u2019organisation de ce festival cette ann\u00e9e car elle n\u2019a pas de moyen. J\u2019\u00e9tais sur plusieurs festivals \u00e0 l\u2019\u00e9tranger mais tout a avort\u00e9 pour raison de crise sanitaire. Amoin tient aussi \u00e0 l\u2019union, \u00e0 la fraternit\u00e9 des enfants de ce pays. Elle accorde une importance particuli\u00e8re \u00e0 la paix. Le travail artistique que nous faisons d\u00e9pend de l\u2019humeur de la nation, de l\u2019humeur des filles et des fils de la nation. Tant qu\u2019il n\u2019y a pas de paix, il n\u2019y a pas d\u2019activit\u00e9 culturelle. Alors, je soutiens Amoin par rapport \u00e0 sa prise de conscience&nbsp;<\/em><\/strong>\u00bb. Comme Vieux Dosso l\u2019a bien soulign\u00e9&nbsp;dans son mot, Amoin n\u2019a eu pas de soutien pour organiser son \u00e9v\u00e8nement. A cela, est venue s\u2019ajouter la maladie qui a presque pris ses yeux. La com\u00e9dienne a quasiment perdu la vue et a besoin d\u2019un guide au quotidien. \u00ab&nbsp;<strong><em>On a fait ce festival sur fonds propres. C\u2019est Cisko Ngowa qui nous a fourni tout ce qui est b\u00e2ches, chaises et mat\u00e9riel de sonorisation<\/em><\/strong>&nbsp;\u00bb, a relev\u00e9 Amoin. Heureusement que le message de paix qu\u2019elle pr\u00f4ne et le fait qu\u2019elle redonne vie au conte sont tomb\u00e9s dans une bonne oreille. A l\u2019instar de celle de Mme Fatim Bamba qui apport\u00e9 un peu de baume au c\u0153ur d\u2019Amoin. Emp\u00each\u00e9e pour raison de deuil, la marraine de l\u2019\u00e9dition 2020 s\u2019est fait repr\u00e9senter par une d\u00e9l\u00e9gation qui a dit tout le bien fond\u00e9 du Festival international Parole de conteurs. \u00ab <strong><em>Le conte est la particularit\u00e9 de l\u2019Afrique et a marqu\u00e9 notre enfance. Il nous a cultiv\u00e9 et nous a permis de rester coller \u00e0 notre culture. A la fin de chaque conte, il y a toujours une moralit\u00e9. Ce qui nous a permis d\u2019avoir une bonne conduite dans la vie. Cette ann\u00e9e, ce festival est plac\u00e9 sous le signe de la paix. L\u2019\u00e9lection pr\u00e9sidentielle approche et les bruits que nous entendons, nous inqui\u00e8tent. Si des artistes prennent les devants pour attirer l\u2019attention des populations par rapport \u00e0 la paix, \u00e0 une \u00e9lection apais\u00e9e, la marraine ne pouvait qu\u2019apporter son soutien \u00e0 un tel \u00e9v\u00e8nement qui fait la promotion de la paix<\/em><\/strong>&nbsp;\u00bb, a fait savoir M. Lassina Karamoko, porte-parole de la marraine Fatim Bamba.<\/p>\n","protected":false},"excerpt":{"rendered":"<p>AMOIN ET DES ARTISTES PLAIDENT POUR LA PAIX Comme les contes au clair de lune \u00e0 l\u2019ancienne mais sauf que cette fois-ci, la partie de contes se d\u00e9roulait en pleine journ\u00e9e \u00e0 Abobo-Avocatier sur le terrain All\u00e9chikoi le samedi 12 septembre 2020 entre 9 heures \u00e0 17 heures. C\u2019\u00e9tait \u00e0 la 6\u00e8 \u00e9dition du Festival &hellip;<\/p>\n<p class=\"read-more\"> <a class=\"\" href=\"https:\/\/7culture.ci\/index.php\/2020\/09\/18\/festival-international-parole-de-conteurs-2020\/\"> <span class=\"screen-reader-text\">FESTIVAL INTERNATIONAL PAROLE DE CONTEURS 2020<\/span> Lire la suite\u00a0\u00bb<\/a><\/p>\n","protected":false},"author":3,"featured_media":0,"comment_status":"open","ping_status":"closed","sticky":false,"template":"","format":"standard","meta":{"_mi_skip_tracking":false,"_monsterinsights_sitenote_active":false,"_monsterinsights_sitenote_note":"","_monsterinsights_sitenote_category":0,"site-sidebar-layout":"default","site-content-layout":"default","ast-global-header-display":"","ast-main-header-display":"","ast-hfb-above-header-display":"","ast-hfb-below-header-display":"","ast-hfb-mobile-header-display":"","site-post-title":"","ast-breadcrumbs-content":"","ast-featured-img":"","footer-sml-layout":"","theme-transparent-header-meta":"","adv-header-id-meta":"","stick-header-meta":"","header-above-stick-meta":"","header-main-stick-meta":"","header-below-stick-meta":"","footnotes":"","jetpack_publicize_message":"","jetpack_is_tweetstorm":false,"jetpack_publicize_feature_enabled":true},"categories":[37],"tags":[],"jetpack_publicize_connections":[],"acf":[],"aioseo_notices":[],"yoast_head":"<!-- This site is optimized with the Yoast SEO plugin v19.6.1 - https:\/\/yoast.com\/wordpress\/plugins\/seo\/ -->\n<title>FESTIVAL INTERNATIONAL PAROLE DE CONTEURS 2020 - 7culture<\/title>\n<meta name=\"robots\" content=\"index, follow, max-snippet:-1, max-image-preview:large, max-video-preview:-1\" \/>\n<link rel=\"canonical\" href=\"https:\/\/7culture.ci\/index.php\/2020\/09\/18\/festival-international-parole-de-conteurs-2020\/\" \/>\n<meta property=\"og:locale\" content=\"fr_FR\" \/>\n<meta property=\"og:type\" content=\"article\" \/>\n<meta property=\"og:title\" content=\"FESTIVAL INTERNATIONAL PAROLE DE CONTEURS 2020 - 7culture\" \/>\n<meta property=\"og:description\" content=\"AMOIN ET DES ARTISTES PLAIDENT POUR LA PAIX Comme les contes au clair de lune \u00e0 l\u2019ancienne mais sauf que cette fois-ci, la partie de contes se d\u00e9roulait en pleine journ\u00e9e \u00e0 Abobo-Avocatier sur le terrain All\u00e9chikoi le samedi 12 septembre 2020 entre 9 heures \u00e0 17 heures. C\u2019\u00e9tait \u00e0 la 6\u00e8 \u00e9dition du Festival &hellip; FESTIVAL INTERNATIONAL PAROLE DE CONTEURS 2020 Lire la suite\u00a0\u00bb\" \/>\n<meta property=\"og:url\" content=\"https:\/\/7culture.ci\/index.php\/2020\/09\/18\/festival-international-parole-de-conteurs-2020\/\" \/>\n<meta property=\"og:site_name\" content=\"7culture\" \/>\n<meta property=\"article:publisher\" content=\"https:\/\/www.facebook.com\/redchefclaude\" \/>\n<meta property=\"article:published_time\" content=\"2020-09-18T14:30:40+00:00\" \/>\n<meta name=\"author\" content=\"Fahizu FAKAYODE\" \/>\n<meta name=\"twitter:card\" content=\"summary_large_image\" \/>\n<meta name=\"twitter:creator\" content=\"@7culturec\" \/>\n<meta name=\"twitter:site\" content=\"@7culturec\" \/>\n<meta name=\"twitter:label1\" content=\"\u00c9crit par\" \/>\n\t<meta name=\"twitter:data1\" content=\"Fahizu FAKAYODE\" \/>\n\t<meta name=\"twitter:label2\" content=\"Dur\u00e9e de lecture estim\u00e9e\" \/>\n\t<meta name=\"twitter:data2\" content=\"5 minutes\" \/>\n<script type=\"application\/ld+json\" class=\"yoast-schema-graph\">{\"@context\":\"https:\/\/schema.org\",\"@graph\":[{\"@type\":\"Article\",\"@id\":\"https:\/\/7culture.ci\/index.php\/2020\/09\/18\/festival-international-parole-de-conteurs-2020\/#article\",\"isPartOf\":{\"@id\":\"https:\/\/7culture.ci\/index.php\/2020\/09\/18\/festival-international-parole-de-conteurs-2020\/\"},\"author\":{\"name\":\"Fahizu FAKAYODE\",\"@id\":\"https:\/\/7culture.ci\/#\/schema\/person\/73d24461f401f2fd27e46591435caafc\"},\"headline\":\"FESTIVAL INTERNATIONAL PAROLE DE CONTEURS 2020\",\"datePublished\":\"2020-09-18T14:30:40+00:00\",\"dateModified\":\"2020-09-18T14:30:40+00:00\",\"mainEntityOfPage\":{\"@id\":\"https:\/\/7culture.ci\/index.php\/2020\/09\/18\/festival-international-parole-de-conteurs-2020\/\"},\"wordCount\":920,\"commentCount\":0,\"publisher\":{\"@id\":\"https:\/\/7culture.ci\/#organization\"},\"articleSection\":[\"Th\u00e9\u00e2tre\"],\"inLanguage\":\"fr-FR\",\"potentialAction\":[{\"@type\":\"CommentAction\",\"name\":\"Comment\",\"target\":[\"https:\/\/7culture.ci\/index.php\/2020\/09\/18\/festival-international-parole-de-conteurs-2020\/#respond\"]}]},{\"@type\":\"WebPage\",\"@id\":\"https:\/\/7culture.ci\/index.php\/2020\/09\/18\/festival-international-parole-de-conteurs-2020\/\",\"url\":\"https:\/\/7culture.ci\/index.php\/2020\/09\/18\/festival-international-parole-de-conteurs-2020\/\",\"name\":\"FESTIVAL INTERNATIONAL PAROLE DE CONTEURS 2020 - 7culture\",\"isPartOf\":{\"@id\":\"https:\/\/7culture.ci\/#website\"},\"datePublished\":\"2020-09-18T14:30:40+00:00\",\"dateModified\":\"2020-09-18T14:30:40+00:00\",\"breadcrumb\":{\"@id\":\"https:\/\/7culture.ci\/index.php\/2020\/09\/18\/festival-international-parole-de-conteurs-2020\/#breadcrumb\"},\"inLanguage\":\"fr-FR\",\"potentialAction\":[{\"@type\":\"ReadAction\",\"target\":[\"https:\/\/7culture.ci\/index.php\/2020\/09\/18\/festival-international-parole-de-conteurs-2020\/\"]}]},{\"@type\":\"BreadcrumbList\",\"@id\":\"https:\/\/7culture.ci\/index.php\/2020\/09\/18\/festival-international-parole-de-conteurs-2020\/#breadcrumb\",\"itemListElement\":[{\"@type\":\"ListItem\",\"position\":1,\"name\":\"Accueil\",\"item\":\"https:\/\/7culture.ci\/\"},{\"@type\":\"ListItem\",\"position\":2,\"name\":\"FESTIVAL INTERNATIONAL PAROLE DE CONTEURS 2020\"}]},{\"@type\":\"WebSite\",\"@id\":\"https:\/\/7culture.ci\/#website\",\"url\":\"https:\/\/7culture.ci\/\",\"name\":\"7culture\",\"description\":\"Tout sur l&#039;actualit\u00e9\",\"publisher\":{\"@id\":\"https:\/\/7culture.ci\/#organization\"},\"potentialAction\":[{\"@type\":\"SearchAction\",\"target\":{\"@type\":\"EntryPoint\",\"urlTemplate\":\"https:\/\/7culture.ci\/?s={search_term_string}\"},\"query-input\":\"required name=search_term_string\"}],\"inLanguage\":\"fr-FR\"},{\"@type\":\"Organization\",\"@id\":\"https:\/\/7culture.ci\/#organization\",\"name\":\"7culture\",\"url\":\"https:\/\/7culture.ci\/\",\"sameAs\":[\"https:\/\/www.facebook.com\/redchefclaude\",\"https:\/\/twitter.com\/7culturec\"],\"logo\":{\"@type\":\"ImageObject\",\"inLanguage\":\"fr-FR\",\"@id\":\"https:\/\/7culture.ci\/#\/schema\/logo\/image\/\",\"url\":\"https:\/\/7culture.ci\/wp-content\/uploads\/2021\/12\/S1a-1.png\",\"contentUrl\":\"https:\/\/7culture.ci\/wp-content\/uploads\/2021\/12\/S1a-1.png\",\"width\":588,\"height\":192,\"caption\":\"7culture\"},\"image\":{\"@id\":\"https:\/\/7culture.ci\/#\/schema\/logo\/image\/\"}},{\"@type\":\"Person\",\"@id\":\"https:\/\/7culture.ci\/#\/schema\/person\/73d24461f401f2fd27e46591435caafc\",\"name\":\"Fahizu FAKAYODE\",\"image\":{\"@type\":\"ImageObject\",\"inLanguage\":\"fr-FR\",\"@id\":\"https:\/\/7culture.ci\/#\/schema\/person\/image\/\",\"url\":\"https:\/\/secure.gravatar.com\/avatar\/ac3baef8c34a343dc153cb0854a9dbc5?s=96&d=mm&r=g\",\"contentUrl\":\"https:\/\/secure.gravatar.com\/avatar\/ac3baef8c34a343dc153cb0854a9dbc5?s=96&d=mm&r=g\",\"caption\":\"Fahizu FAKAYODE\"},\"url\":\"https:\/\/7culture.ci\/index.php\/author\/fahizu-fakayode\/\"}]}<\/script>\n<!-- \/ Yoast SEO plugin. -->","yoast_head_json":{"title":"FESTIVAL INTERNATIONAL PAROLE DE CONTEURS 2020 - 7culture","robots":{"index":"index","follow":"follow","max-snippet":"max-snippet:-1","max-image-preview":"max-image-preview:large","max-video-preview":"max-video-preview:-1"},"canonical":"https:\/\/7culture.ci\/index.php\/2020\/09\/18\/festival-international-parole-de-conteurs-2020\/","og_locale":"fr_FR","og_type":"article","og_title":"FESTIVAL INTERNATIONAL PAROLE DE CONTEURS 2020 - 7culture","og_description":"AMOIN ET DES ARTISTES PLAIDENT POUR LA PAIX Comme les contes au clair de lune \u00e0 l\u2019ancienne mais sauf que cette fois-ci, la partie de contes se d\u00e9roulait en pleine journ\u00e9e \u00e0 Abobo-Avocatier sur le terrain All\u00e9chikoi le samedi 12 septembre 2020 entre 9 heures \u00e0 17 heures. C\u2019\u00e9tait \u00e0 la 6\u00e8 \u00e9dition du Festival &hellip; FESTIVAL INTERNATIONAL PAROLE DE CONTEURS 2020 Lire la suite\u00a0\u00bb","og_url":"https:\/\/7culture.ci\/index.php\/2020\/09\/18\/festival-international-parole-de-conteurs-2020\/","og_site_name":"7culture","article_publisher":"https:\/\/www.facebook.com\/redchefclaude","article_published_time":"2020-09-18T14:30:40+00:00","author":"Fahizu FAKAYODE","twitter_card":"summary_large_image","twitter_creator":"@7culturec","twitter_site":"@7culturec","twitter_misc":{"\u00c9crit par":"Fahizu FAKAYODE","Dur\u00e9e de lecture estim\u00e9e":"5 minutes"},"schema":{"@context":"https:\/\/schema.org","@graph":[{"@type":"Article","@id":"https:\/\/7culture.ci\/index.php\/2020\/09\/18\/festival-international-parole-de-conteurs-2020\/#article","isPartOf":{"@id":"https:\/\/7culture.ci\/index.php\/2020\/09\/18\/festival-international-parole-de-conteurs-2020\/"},"author":{"name":"Fahizu FAKAYODE","@id":"https:\/\/7culture.ci\/#\/schema\/person\/73d24461f401f2fd27e46591435caafc"},"headline":"FESTIVAL INTERNATIONAL PAROLE DE CONTEURS 2020","datePublished":"2020-09-18T14:30:40+00:00","dateModified":"2020-09-18T14:30:40+00:00","mainEntityOfPage":{"@id":"https:\/\/7culture.ci\/index.php\/2020\/09\/18\/festival-international-parole-de-conteurs-2020\/"},"wordCount":920,"commentCount":0,"publisher":{"@id":"https:\/\/7culture.ci\/#organization"},"articleSection":["Th\u00e9\u00e2tre"],"inLanguage":"fr-FR","potentialAction":[{"@type":"CommentAction","name":"Comment","target":["https:\/\/7culture.ci\/index.php\/2020\/09\/18\/festival-international-parole-de-conteurs-2020\/#respond"]}]},{"@type":"WebPage","@id":"https:\/\/7culture.ci\/index.php\/2020\/09\/18\/festival-international-parole-de-conteurs-2020\/","url":"https:\/\/7culture.ci\/index.php\/2020\/09\/18\/festival-international-parole-de-conteurs-2020\/","name":"FESTIVAL INTERNATIONAL PAROLE DE CONTEURS 2020 - 7culture","isPartOf":{"@id":"https:\/\/7culture.ci\/#website"},"datePublished":"2020-09-18T14:30:40+00:00","dateModified":"2020-09-18T14:30:40+00:00","breadcrumb":{"@id":"https:\/\/7culture.ci\/index.php\/2020\/09\/18\/festival-international-parole-de-conteurs-2020\/#breadcrumb"},"inLanguage":"fr-FR","potentialAction":[{"@type":"ReadAction","target":["https:\/\/7culture.ci\/index.php\/2020\/09\/18\/festival-international-parole-de-conteurs-2020\/"]}]},{"@type":"BreadcrumbList","@id":"https:\/\/7culture.ci\/index.php\/2020\/09\/18\/festival-international-parole-de-conteurs-2020\/#breadcrumb","itemListElement":[{"@type":"ListItem","position":1,"name":"Accueil","item":"https:\/\/7culture.ci\/"},{"@type":"ListItem","position":2,"name":"FESTIVAL INTERNATIONAL PAROLE DE CONTEURS 2020"}]},{"@type":"WebSite","@id":"https:\/\/7culture.ci\/#website","url":"https:\/\/7culture.ci\/","name":"7culture","description":"Tout sur l&#039;actualit\u00e9","publisher":{"@id":"https:\/\/7culture.ci\/#organization"},"potentialAction":[{"@type":"SearchAction","target":{"@type":"EntryPoint","urlTemplate":"https:\/\/7culture.ci\/?s={search_term_string}"},"query-input":"required name=search_term_string"}],"inLanguage":"fr-FR"},{"@type":"Organization","@id":"https:\/\/7culture.ci\/#organization","name":"7culture","url":"https:\/\/7culture.ci\/","sameAs":["https:\/\/www.facebook.com\/redchefclaude","https:\/\/twitter.com\/7culturec"],"logo":{"@type":"ImageObject","inLanguage":"fr-FR","@id":"https:\/\/7culture.ci\/#\/schema\/logo\/image\/","url":"https:\/\/7culture.ci\/wp-content\/uploads\/2021\/12\/S1a-1.png","contentUrl":"https:\/\/7culture.ci\/wp-content\/uploads\/2021\/12\/S1a-1.png","width":588,"height":192,"caption":"7culture"},"image":{"@id":"https:\/\/7culture.ci\/#\/schema\/logo\/image\/"}},{"@type":"Person","@id":"https:\/\/7culture.ci\/#\/schema\/person\/73d24461f401f2fd27e46591435caafc","name":"Fahizu FAKAYODE","image":{"@type":"ImageObject","inLanguage":"fr-FR","@id":"https:\/\/7culture.ci\/#\/schema\/person\/image\/","url":"https:\/\/secure.gravatar.com\/avatar\/ac3baef8c34a343dc153cb0854a9dbc5?s=96&d=mm&r=g","contentUrl":"https:\/\/secure.gravatar.com\/avatar\/ac3baef8c34a343dc153cb0854a9dbc5?s=96&d=mm&r=g","caption":"Fahizu FAKAYODE"},"url":"https:\/\/7culture.ci\/index.php\/author\/fahizu-fakayode\/"}]}},"jetpack_featured_media_url":"","jetpack_likes_enabled":true,"jetpack_sharing_enabled":true,"_links":{"self":[{"href":"https:\/\/7culture.ci\/index.php\/wp-json\/wp\/v2\/posts\/3558"}],"collection":[{"href":"https:\/\/7culture.ci\/index.php\/wp-json\/wp\/v2\/posts"}],"about":[{"href":"https:\/\/7culture.ci\/index.php\/wp-json\/wp\/v2\/types\/post"}],"author":[{"embeddable":true,"href":"https:\/\/7culture.ci\/index.php\/wp-json\/wp\/v2\/users\/3"}],"replies":[{"embeddable":true,"href":"https:\/\/7culture.ci\/index.php\/wp-json\/wp\/v2\/comments?post=3558"}],"version-history":[{"count":0,"href":"https:\/\/7culture.ci\/index.php\/wp-json\/wp\/v2\/posts\/3558\/revisions"}],"wp:attachment":[{"href":"https:\/\/7culture.ci\/index.php\/wp-json\/wp\/v2\/media?parent=3558"}],"wp:term":[{"taxonomy":"category","embeddable":true,"href":"https:\/\/7culture.ci\/index.php\/wp-json\/wp\/v2\/categories?post=3558"},{"taxonomy":"post_tag","embeddable":true,"href":"https:\/\/7culture.ci\/index.php\/wp-json\/wp\/v2\/tags?post=3558"}],"curies":[{"name":"wp","href":"https:\/\/api.w.org\/{rel}","templated":true}]}}