{"id":3458,"date":"2020-09-10T13:09:46","date_gmt":"2020-09-10T13:09:46","guid":{"rendered":"https:\/\/7culture.ci\/index.php\/2020\/09\/10\/aboutou-rootsla-fin-de-la-recre\/"},"modified":"2020-09-10T13:09:46","modified_gmt":"2020-09-10T13:09:46","slug":"aboutou-rootsla-fin-de-la-recre","status":"publish","type":"post","link":"https:\/\/7culture.ci\/index.php\/2020\/09\/10\/aboutou-rootsla-fin-de-la-recre\/","title":{"rendered":"ABOUTOU ROOTS : LA FIN DE LA RECRE\u2026"},"content":{"rendered":"\n<p>Angelo Papa et son comp\u00e8re Akpess Bilo du groupe les Aboutou Roots sont dans le bois sacr\u00e9 depuis un bon moment. Ils s\u2019appr\u00eatent \u00e0 sortir avec deux grands projets. La sortie tr\u00e8s prochaine, d\u2019un nouveau single intitul\u00e9 \u00ab&nbsp;La petite a g\u00e2t\u00e9&nbsp;\u00bb toujours dans le style Youssoumba qu\u2019on leur connait.&nbsp;<strong><em>\u00ab&nbsp;Cette chanson rend hommage aux femmes, il faut respecter la femme, il s\u2019agit d\u2019un vieux p\u00e8re qui aimait sous-estimer les femmes et qui est tomb\u00e9 sur une petite fille qui lui a montr\u00e9 quelque chose&nbsp;\u00bb<\/em><\/strong> explique Angelo Papa. Apr\u00e8s, la promotion de ce sigle, le groupe attaque la pr\u00e9paration des c\u00e9l\u00e9brations de ses 25 ans de carri\u00e8re. La mise sur le march\u00e9 discographique de \u00ab&nbsp;Dieu Merci&nbsp;\u00bb un album complet arrang\u00e9 par David Tayorault accompagnera la f\u00eate. Une tourn\u00e9e europ\u00e9enne lancera la c\u00e9l\u00e9bration des 25 ans de carri\u00e8re du groupe. Un concert sur les bords de la lagune Ebri\u00e9 constituera la cerise sur le g\u00e2teau de cet anniversaire d\u2019un quart de si\u00e8cle de carri\u00e8re. Ce sera en Mars 2021, si la pand\u00e9mie de la Covid 19 le permet, prient les pr\u00e9curseurs du madinga. En attendant, le groupe a joint sa voix \u00e0 d\u2019autres artistes pour mettre \u00e0 la disposition du public,&nbsp;\u00ab&nbsp;Le Monde d\u2019apr\u00e8s&nbsp;\u00bb un single commun du collectif des acteurs culturels ivoiriens contre la Covid-19 (Cacic 19) coordonn\u00e9 par Alain Tailly.<\/p>\n","protected":false},"excerpt":{"rendered":"<p>Angelo Papa et son comp\u00e8re Akpess Bilo du groupe les Aboutou Roots sont dans le bois sacr\u00e9 depuis un bon moment. Ils s\u2019appr\u00eatent \u00e0 sortir avec deux grands projets. La sortie tr\u00e8s prochaine, d\u2019un nouveau single intitul\u00e9 \u00ab&nbsp;La petite a g\u00e2t\u00e9&nbsp;\u00bb toujours dans le style Youssoumba qu\u2019on leur connait.&nbsp;\u00ab&nbsp;Cette chanson rend hommage aux femmes, il &hellip;<\/p>\n<p class=\"read-more\"> <a class=\"\" href=\"https:\/\/7culture.ci\/index.php\/2020\/09\/10\/aboutou-rootsla-fin-de-la-recre\/\"> <span class=\"screen-reader-text\">ABOUTOU ROOTS : LA FIN DE LA RECRE\u2026<\/span> Lire la suite\u00a0\u00bb<\/a><\/p>\n","protected":false},"author":3,"featured_media":0,"comment_status":"open","ping_status":"closed","sticky":false,"template":"","format":"standard","meta":{"_mi_skip_tracking":false,"_monsterinsights_sitenote_active":false,"_monsterinsights_sitenote_note":"","_monsterinsights_sitenote_category":0,"site-sidebar-layout":"default","site-content-layout":"default","ast-global-header-display":"","ast-main-header-display":"","ast-hfb-above-header-display":"","ast-hfb-below-header-display":"","ast-hfb-mobile-header-display":"","site-post-title":"","ast-breadcrumbs-content":"","ast-featured-img":"","footer-sml-layout":"","theme-transparent-header-meta":"","adv-header-id-meta":"","stick-header-meta":"","header-above-stick-meta":"","header-main-stick-meta":"","header-below-stick-meta":"","footnotes":"","jetpack_publicize_message":"","jetpack_is_tweetstorm":false,"jetpack_publicize_feature_enabled":true},"categories":[22,16],"tags":[],"jetpack_publicize_connections":[],"acf":[],"aioseo_notices":[],"yoast_head":"<!-- This site is optimized with the Yoast SEO plugin v19.6.1 - https:\/\/yoast.com\/wordpress\/plugins\/seo\/ -->\n<title>ABOUTOU ROOTS : LA FIN DE LA RECRE\u2026 - 7culture<\/title>\n<meta name=\"robots\" content=\"index, follow, max-snippet:-1, max-image-preview:large, max-video-preview:-1\" \/>\n<link rel=\"canonical\" href=\"https:\/\/7culture.ci\/index.php\/2020\/09\/10\/aboutou-rootsla-fin-de-la-recre\/\" \/>\n<meta property=\"og:locale\" content=\"fr_FR\" \/>\n<meta property=\"og:type\" content=\"article\" \/>\n<meta property=\"og:title\" content=\"ABOUTOU ROOTS : LA FIN DE LA RECRE\u2026 - 7culture\" \/>\n<meta property=\"og:description\" content=\"Angelo Papa et son comp\u00e8re Akpess Bilo du groupe les Aboutou Roots sont dans le bois sacr\u00e9 depuis un bon moment. Ils s\u2019appr\u00eatent \u00e0 sortir avec deux grands projets. La sortie tr\u00e8s prochaine, d\u2019un nouveau single intitul\u00e9 \u00ab&nbsp;La petite a g\u00e2t\u00e9&nbsp;\u00bb toujours dans le style Youssoumba qu\u2019on leur connait.&nbsp;\u00ab&nbsp;Cette chanson rend hommage aux femmes, il &hellip; ABOUTOU ROOTS : LA FIN DE LA RECRE\u2026 Lire la suite\u00a0\u00bb\" \/>\n<meta property=\"og:url\" content=\"https:\/\/7culture.ci\/index.php\/2020\/09\/10\/aboutou-rootsla-fin-de-la-recre\/\" \/>\n<meta property=\"og:site_name\" content=\"7culture\" \/>\n<meta property=\"article:publisher\" content=\"https:\/\/www.facebook.com\/redchefclaude\" \/>\n<meta property=\"article:published_time\" content=\"2020-09-10T13:09:46+00:00\" \/>\n<meta name=\"author\" content=\"Fahizu FAKAYODE\" \/>\n<meta name=\"twitter:card\" content=\"summary_large_image\" \/>\n<meta name=\"twitter:creator\" content=\"@7culturec\" \/>\n<meta name=\"twitter:site\" content=\"@7culturec\" \/>\n<meta name=\"twitter:label1\" content=\"\u00c9crit par\" \/>\n\t<meta name=\"twitter:data1\" content=\"Fahizu FAKAYODE\" \/>\n\t<meta name=\"twitter:label2\" content=\"Dur\u00e9e de lecture estim\u00e9e\" \/>\n\t<meta name=\"twitter:data2\" content=\"1 minute\" \/>\n<script type=\"application\/ld+json\" class=\"yoast-schema-graph\">{\"@context\":\"https:\/\/schema.org\",\"@graph\":[{\"@type\":\"Article\",\"@id\":\"https:\/\/7culture.ci\/index.php\/2020\/09\/10\/aboutou-rootsla-fin-de-la-recre\/#article\",\"isPartOf\":{\"@id\":\"https:\/\/7culture.ci\/index.php\/2020\/09\/10\/aboutou-rootsla-fin-de-la-recre\/\"},\"author\":{\"name\":\"Fahizu FAKAYODE\",\"@id\":\"https:\/\/7culture.ci\/#\/schema\/person\/73d24461f401f2fd27e46591435caafc\"},\"headline\":\"ABOUTOU ROOTS : LA FIN DE LA RECRE\u2026\",\"datePublished\":\"2020-09-10T13:09:46+00:00\",\"dateModified\":\"2020-09-10T13:09:46+00:00\",\"mainEntityOfPage\":{\"@id\":\"https:\/\/7culture.ci\/index.php\/2020\/09\/10\/aboutou-rootsla-fin-de-la-recre\/\"},\"wordCount\":259,\"commentCount\":0,\"publisher\":{\"@id\":\"https:\/\/7culture.ci\/#organization\"},\"articleSection\":[\"Actualit\u00e9\",\"Musique\"],\"inLanguage\":\"fr-FR\",\"potentialAction\":[{\"@type\":\"CommentAction\",\"name\":\"Comment\",\"target\":[\"https:\/\/7culture.ci\/index.php\/2020\/09\/10\/aboutou-rootsla-fin-de-la-recre\/#respond\"]}]},{\"@type\":\"WebPage\",\"@id\":\"https:\/\/7culture.ci\/index.php\/2020\/09\/10\/aboutou-rootsla-fin-de-la-recre\/\",\"url\":\"https:\/\/7culture.ci\/index.php\/2020\/09\/10\/aboutou-rootsla-fin-de-la-recre\/\",\"name\":\"ABOUTOU ROOTS : LA FIN DE LA RECRE\u2026 - 7culture\",\"isPartOf\":{\"@id\":\"https:\/\/7culture.ci\/#website\"},\"datePublished\":\"2020-09-10T13:09:46+00:00\",\"dateModified\":\"2020-09-10T13:09:46+00:00\",\"breadcrumb\":{\"@id\":\"https:\/\/7culture.ci\/index.php\/2020\/09\/10\/aboutou-rootsla-fin-de-la-recre\/#breadcrumb\"},\"inLanguage\":\"fr-FR\",\"potentialAction\":[{\"@type\":\"ReadAction\",\"target\":[\"https:\/\/7culture.ci\/index.php\/2020\/09\/10\/aboutou-rootsla-fin-de-la-recre\/\"]}]},{\"@type\":\"BreadcrumbList\",\"@id\":\"https:\/\/7culture.ci\/index.php\/2020\/09\/10\/aboutou-rootsla-fin-de-la-recre\/#breadcrumb\",\"itemListElement\":[{\"@type\":\"ListItem\",\"position\":1,\"name\":\"Accueil\",\"item\":\"https:\/\/7culture.ci\/\"},{\"@type\":\"ListItem\",\"position\":2,\"name\":\"ABOUTOU ROOTS : LA FIN DE LA RECRE\u2026\"}]},{\"@type\":\"WebSite\",\"@id\":\"https:\/\/7culture.ci\/#website\",\"url\":\"https:\/\/7culture.ci\/\",\"name\":\"7culture\",\"description\":\"Tout sur l&#039;actualit\u00e9\",\"publisher\":{\"@id\":\"https:\/\/7culture.ci\/#organization\"},\"potentialAction\":[{\"@type\":\"SearchAction\",\"target\":{\"@type\":\"EntryPoint\",\"urlTemplate\":\"https:\/\/7culture.ci\/?s={search_term_string}\"},\"query-input\":\"required name=search_term_string\"}],\"inLanguage\":\"fr-FR\"},{\"@type\":\"Organization\",\"@id\":\"https:\/\/7culture.ci\/#organization\",\"name\":\"7culture\",\"url\":\"https:\/\/7culture.ci\/\",\"sameAs\":[\"https:\/\/www.facebook.com\/redchefclaude\",\"https:\/\/twitter.com\/7culturec\"],\"logo\":{\"@type\":\"ImageObject\",\"inLanguage\":\"fr-FR\",\"@id\":\"https:\/\/7culture.ci\/#\/schema\/logo\/image\/\",\"url\":\"https:\/\/7culture.ci\/wp-content\/uploads\/2021\/12\/S1a-1.png\",\"contentUrl\":\"https:\/\/7culture.ci\/wp-content\/uploads\/2021\/12\/S1a-1.png\",\"width\":588,\"height\":192,\"caption\":\"7culture\"},\"image\":{\"@id\":\"https:\/\/7culture.ci\/#\/schema\/logo\/image\/\"}},{\"@type\":\"Person\",\"@id\":\"https:\/\/7culture.ci\/#\/schema\/person\/73d24461f401f2fd27e46591435caafc\",\"name\":\"Fahizu FAKAYODE\",\"image\":{\"@type\":\"ImageObject\",\"inLanguage\":\"fr-FR\",\"@id\":\"https:\/\/7culture.ci\/#\/schema\/person\/image\/\",\"url\":\"https:\/\/secure.gravatar.com\/avatar\/ac3baef8c34a343dc153cb0854a9dbc5?s=96&d=mm&r=g\",\"contentUrl\":\"https:\/\/secure.gravatar.com\/avatar\/ac3baef8c34a343dc153cb0854a9dbc5?s=96&d=mm&r=g\",\"caption\":\"Fahizu FAKAYODE\"},\"url\":\"https:\/\/7culture.ci\/index.php\/author\/fahizu-fakayode\/\"}]}<\/script>\n<!-- \/ Yoast SEO plugin. -->","yoast_head_json":{"title":"ABOUTOU ROOTS : LA FIN DE LA RECRE\u2026 - 7culture","robots":{"index":"index","follow":"follow","max-snippet":"max-snippet:-1","max-image-preview":"max-image-preview:large","max-video-preview":"max-video-preview:-1"},"canonical":"https:\/\/7culture.ci\/index.php\/2020\/09\/10\/aboutou-rootsla-fin-de-la-recre\/","og_locale":"fr_FR","og_type":"article","og_title":"ABOUTOU ROOTS : LA FIN DE LA RECRE\u2026 - 7culture","og_description":"Angelo Papa et son comp\u00e8re Akpess Bilo du groupe les Aboutou Roots sont dans le bois sacr\u00e9 depuis un bon moment. Ils s\u2019appr\u00eatent \u00e0 sortir avec deux grands projets. La sortie tr\u00e8s prochaine, d\u2019un nouveau single intitul\u00e9 \u00ab&nbsp;La petite a g\u00e2t\u00e9&nbsp;\u00bb toujours dans le style Youssoumba qu\u2019on leur connait.&nbsp;\u00ab&nbsp;Cette chanson rend hommage aux femmes, il &hellip; ABOUTOU ROOTS : LA FIN DE LA RECRE\u2026 Lire la suite\u00a0\u00bb","og_url":"https:\/\/7culture.ci\/index.php\/2020\/09\/10\/aboutou-rootsla-fin-de-la-recre\/","og_site_name":"7culture","article_publisher":"https:\/\/www.facebook.com\/redchefclaude","article_published_time":"2020-09-10T13:09:46+00:00","author":"Fahizu FAKAYODE","twitter_card":"summary_large_image","twitter_creator":"@7culturec","twitter_site":"@7culturec","twitter_misc":{"\u00c9crit par":"Fahizu FAKAYODE","Dur\u00e9e de lecture estim\u00e9e":"1 minute"},"schema":{"@context":"https:\/\/schema.org","@graph":[{"@type":"Article","@id":"https:\/\/7culture.ci\/index.php\/2020\/09\/10\/aboutou-rootsla-fin-de-la-recre\/#article","isPartOf":{"@id":"https:\/\/7culture.ci\/index.php\/2020\/09\/10\/aboutou-rootsla-fin-de-la-recre\/"},"author":{"name":"Fahizu FAKAYODE","@id":"https:\/\/7culture.ci\/#\/schema\/person\/73d24461f401f2fd27e46591435caafc"},"headline":"ABOUTOU ROOTS : LA FIN DE LA RECRE\u2026","datePublished":"2020-09-10T13:09:46+00:00","dateModified":"2020-09-10T13:09:46+00:00","mainEntityOfPage":{"@id":"https:\/\/7culture.ci\/index.php\/2020\/09\/10\/aboutou-rootsla-fin-de-la-recre\/"},"wordCount":259,"commentCount":0,"publisher":{"@id":"https:\/\/7culture.ci\/#organization"},"articleSection":["Actualit\u00e9","Musique"],"inLanguage":"fr-FR","potentialAction":[{"@type":"CommentAction","name":"Comment","target":["https:\/\/7culture.ci\/index.php\/2020\/09\/10\/aboutou-rootsla-fin-de-la-recre\/#respond"]}]},{"@type":"WebPage","@id":"https:\/\/7culture.ci\/index.php\/2020\/09\/10\/aboutou-rootsla-fin-de-la-recre\/","url":"https:\/\/7culture.ci\/index.php\/2020\/09\/10\/aboutou-rootsla-fin-de-la-recre\/","name":"ABOUTOU ROOTS : LA FIN DE LA RECRE\u2026 - 7culture","isPartOf":{"@id":"https:\/\/7culture.ci\/#website"},"datePublished":"2020-09-10T13:09:46+00:00","dateModified":"2020-09-10T13:09:46+00:00","breadcrumb":{"@id":"https:\/\/7culture.ci\/index.php\/2020\/09\/10\/aboutou-rootsla-fin-de-la-recre\/#breadcrumb"},"inLanguage":"fr-FR","potentialAction":[{"@type":"ReadAction","target":["https:\/\/7culture.ci\/index.php\/2020\/09\/10\/aboutou-rootsla-fin-de-la-recre\/"]}]},{"@type":"BreadcrumbList","@id":"https:\/\/7culture.ci\/index.php\/2020\/09\/10\/aboutou-rootsla-fin-de-la-recre\/#breadcrumb","itemListElement":[{"@type":"ListItem","position":1,"name":"Accueil","item":"https:\/\/7culture.ci\/"},{"@type":"ListItem","position":2,"name":"ABOUTOU ROOTS : LA FIN DE LA RECRE\u2026"}]},{"@type":"WebSite","@id":"https:\/\/7culture.ci\/#website","url":"https:\/\/7culture.ci\/","name":"7culture","description":"Tout sur l&#039;actualit\u00e9","publisher":{"@id":"https:\/\/7culture.ci\/#organization"},"potentialAction":[{"@type":"SearchAction","target":{"@type":"EntryPoint","urlTemplate":"https:\/\/7culture.ci\/?s={search_term_string}"},"query-input":"required name=search_term_string"}],"inLanguage":"fr-FR"},{"@type":"Organization","@id":"https:\/\/7culture.ci\/#organization","name":"7culture","url":"https:\/\/7culture.ci\/","sameAs":["https:\/\/www.facebook.com\/redchefclaude","https:\/\/twitter.com\/7culturec"],"logo":{"@type":"ImageObject","inLanguage":"fr-FR","@id":"https:\/\/7culture.ci\/#\/schema\/logo\/image\/","url":"https:\/\/7culture.ci\/wp-content\/uploads\/2021\/12\/S1a-1.png","contentUrl":"https:\/\/7culture.ci\/wp-content\/uploads\/2021\/12\/S1a-1.png","width":588,"height":192,"caption":"7culture"},"image":{"@id":"https:\/\/7culture.ci\/#\/schema\/logo\/image\/"}},{"@type":"Person","@id":"https:\/\/7culture.ci\/#\/schema\/person\/73d24461f401f2fd27e46591435caafc","name":"Fahizu FAKAYODE","image":{"@type":"ImageObject","inLanguage":"fr-FR","@id":"https:\/\/7culture.ci\/#\/schema\/person\/image\/","url":"https:\/\/secure.gravatar.com\/avatar\/ac3baef8c34a343dc153cb0854a9dbc5?s=96&d=mm&r=g","contentUrl":"https:\/\/secure.gravatar.com\/avatar\/ac3baef8c34a343dc153cb0854a9dbc5?s=96&d=mm&r=g","caption":"Fahizu FAKAYODE"},"url":"https:\/\/7culture.ci\/index.php\/author\/fahizu-fakayode\/"}]}},"jetpack_featured_media_url":"","jetpack_likes_enabled":true,"jetpack_sharing_enabled":true,"_links":{"self":[{"href":"https:\/\/7culture.ci\/index.php\/wp-json\/wp\/v2\/posts\/3458"}],"collection":[{"href":"https:\/\/7culture.ci\/index.php\/wp-json\/wp\/v2\/posts"}],"about":[{"href":"https:\/\/7culture.ci\/index.php\/wp-json\/wp\/v2\/types\/post"}],"author":[{"embeddable":true,"href":"https:\/\/7culture.ci\/index.php\/wp-json\/wp\/v2\/users\/3"}],"replies":[{"embeddable":true,"href":"https:\/\/7culture.ci\/index.php\/wp-json\/wp\/v2\/comments?post=3458"}],"version-history":[{"count":0,"href":"https:\/\/7culture.ci\/index.php\/wp-json\/wp\/v2\/posts\/3458\/revisions"}],"wp:attachment":[{"href":"https:\/\/7culture.ci\/index.php\/wp-json\/wp\/v2\/media?parent=3458"}],"wp:term":[{"taxonomy":"category","embeddable":true,"href":"https:\/\/7culture.ci\/index.php\/wp-json\/wp\/v2\/categories?post=3458"},{"taxonomy":"post_tag","embeddable":true,"href":"https:\/\/7culture.ci\/index.php\/wp-json\/wp\/v2\/tags?post=3458"}],"curies":[{"name":"wp","href":"https:\/\/api.w.org\/{rel}","templated":true}]}}