{"id":3316,"date":"2020-09-02T14:20:11","date_gmt":"2020-09-02T14:20:11","guid":{"rendered":"https:\/\/7culture.ci\/index.php\/2020\/09\/02\/affaire-des-18-millions-des-obseques-dallah-therese-le-ministere-de-la-culture-se-defend\/"},"modified":"2020-09-02T14:20:11","modified_gmt":"2020-09-02T14:20:11","slug":"affaire-des-18-millions-des-obseques-dallah-therese-le-ministere-de-la-culture-se-defend","status":"publish","type":"post","link":"https:\/\/7culture.ci\/index.php\/2020\/09\/02\/affaire-des-18-millions-des-obseques-dallah-therese-le-ministere-de-la-culture-se-defend\/","title":{"rendered":"AFFAIRE DES 18 MILLIONS DES OBS\u00c8QUES D\u2019ALLAH TH\u00c9R\u00c8SE                                                    LE MINIST\u00c8RE DE LA CULTURE SE D\u00c9FEND"},"content":{"rendered":"\n<p><\/p>\n\n\n\n<p>D\u00e9c\u00e9d\u00e9e le 19 janvier 2020 \u00e0 Dj\u00e9kanou, Allah Th\u00e9r\u00e8se a \u00e9t\u00e9 inhum\u00e9e le samedi 29 ao\u00fbt dernier \u00e0 Gbofia dans son village natal. Ador\u00e9e et appr\u00e9ci\u00e9e de son vivant, la cantatrice baoul\u00e9 a eu des obs\u00e8ques dignes d\u2019une star. L\u2019Etat de C\u00f4te d\u2019Ivoire \u00e9tait repr\u00e9sent\u00e9 par les ministres Raymonde Goudou Coffie, Jean-Claude Kouassi et Am\u00e9d\u00e9 Kouakou. Les cadres de la r\u00e9gion et les d\u00e9l\u00e9gations des partis politiques \u00e9taient aussi l\u00e0 pour accompagner Maman Allah Th\u00e9r\u00e8se \u00e0 sa derni\u00e8re demeure. Mais tout juste apr\u00e8s l\u2019inhumation de celle qui a fait danser les Ivoiriens durant plus de 60 ans, une vive pol\u00e9mique est n\u00e9e dans la presse. La famille \u00e9plor\u00e9e n\u2019aurait pas re\u00e7u l\u2019argent remis aux noms de l\u2019ancien Vice-Pr\u00e9sident Daniel Kablan Duncan et des ministres Raymonde Goudou Coffie et Am\u00e9d\u00e9 Kouakou qui s\u2019\u00e9l\u00e8ve \u00e0 18 millions de F CFA. Pour lever toute ambigu\u00eft\u00e9 et \u00e9quivoque, le Minist\u00e8re de la Culture et de la Francophonie a fait un point un presse le mardi 1<sup>er<\/sup> septembre 2020 pour clarifier les choses. En fait, tout est parti d\u2019une mauvaise interpr\u00e9tation d\u2019une mise au point de M. Edouard Loukou Konan dit Bakassa, porte-parole des parents de l\u2019artiste d\u00e9c\u00e9d\u00e9e. \u00ab&nbsp;<strong><em>J\u2019avais fait savoir dans mon speech que la famille n\u2019a pas re\u00e7u en esp\u00e8ces les dons des ministres Raymonde Goudou Coffie et M. Am\u00e9d\u00e9 Kouakou. En fait les dons ont servi \u00e0 r\u00e9profiler les routes, changer les poteaux \u00e9lectrique du village, la location des chaises et b\u00e2ches et \u00e0 nettoyer le village&nbsp;<\/em><\/strong>\u00bb, a pr\u00e9cis\u00e9 M. Bakassa dans une vid\u00e9o et \u00e0 Toumodi TV Internationale. Et il ajoute&nbsp;: \u00ab&nbsp;<strong><em>Ce que je lis dans la presse ne refl\u00e8te pas ma pens\u00e9e. Je n\u2019ai pas gard\u00e9 l\u2019argent par devers moi. Mes propos n\u2019ont pas \u00e9t\u00e9 traduits fid\u00e8lement. Ce qui pourrait ternir l\u2019image de Mme Raymonde Goudou Coffie et de celle de M. Am\u00e9d\u00e9 Kouakou<\/em><\/strong>&nbsp;\u00bb. Dans la m\u00eame vid\u00e9o, M. Bakassa, neveu d\u2019Allah Th\u00e9r\u00e8se a reconnu que la famille a bien re\u00e7u les 5 millions de FCFA de l\u2019ancien Vice-Pr\u00e9sident. Il en a \u00e9t\u00e9 de m\u00eame pour M. Agbo, un membre de la famille qui a re\u00e7u les 5 millions du ministre de l\u2019Equipement et de l\u2019Entretien routier M. Am\u00e9d\u00e9 Kouakou. \u00ab&nbsp;<strong><em>Tout a \u00e9t\u00e9 fait en concertation permanente et en pr\u00e9sence du comit\u00e9 d\u2019organisation des obs\u00e8ques<\/em><\/strong>&nbsp;\u00bb, a rappel\u00e9 M. Mermoz Koffi, Conseiller technique de la ministre Raymonde Goudou Coffie apr\u00e8s avoir fait les d\u00e9tails des 8 millions de CFA de sa responsable. \u00ab&nbsp;<strong><em>Je dois vous dire que l\u2019\u00e9tat de C\u00f4te d\u2019Ivoire a \u00e9t\u00e9 pr\u00e9sent \u00e0 l\u2019inhumation de Maman Allah Th\u00e9r\u00e8se contrairement \u00e0 ce qui a \u00e9t\u00e9 dit. Mme la Ministre de la Culture et de la Francophonie \u00e9tait repr\u00e9sent\u00e9e par son Directeur de cabinet. Son conseiller technique que je suis et le Directeur des affaires financi\u00e8res, avons \u00e9galement assist\u00e9 \u00e0 l\u2019inhumation&nbsp;de notre maman<\/em><\/strong>\u00bb, a aussi mentionn\u00e9 M. Koffi.<\/p>\n\n\n\n<p>DT<\/p>\n","protected":false},"excerpt":{"rendered":"<p>D\u00e9c\u00e9d\u00e9e le 19 janvier 2020 \u00e0 Dj\u00e9kanou, Allah Th\u00e9r\u00e8se a \u00e9t\u00e9 inhum\u00e9e le samedi 29 ao\u00fbt dernier \u00e0 Gbofia dans son village natal. Ador\u00e9e et appr\u00e9ci\u00e9e de son vivant, la cantatrice baoul\u00e9 a eu des obs\u00e8ques dignes d\u2019une star. L\u2019Etat de C\u00f4te d\u2019Ivoire \u00e9tait repr\u00e9sent\u00e9 par les ministres Raymonde Goudou Coffie, Jean-Claude Kouassi et Am\u00e9d\u00e9 &hellip;<\/p>\n<p class=\"read-more\"> <a class=\"\" href=\"https:\/\/7culture.ci\/index.php\/2020\/09\/02\/affaire-des-18-millions-des-obseques-dallah-therese-le-ministere-de-la-culture-se-defend\/\"> <span class=\"screen-reader-text\">AFFAIRE DES 18 MILLIONS DES OBS\u00c8QUES D\u2019ALLAH TH\u00c9R\u00c8SE                                                    LE MINIST\u00c8RE DE LA CULTURE SE D\u00c9FEND<\/span> Lire la suite\u00a0\u00bb<\/a><\/p>\n","protected":false},"author":2,"featured_media":3319,"comment_status":"open","ping_status":"closed","sticky":false,"template":"","format":"standard","meta":{"_mi_skip_tracking":false,"_monsterinsights_sitenote_active":false,"_monsterinsights_sitenote_note":"","_monsterinsights_sitenote_category":0,"site-sidebar-layout":"default","site-content-layout":"default","ast-global-header-display":"","ast-main-header-display":"","ast-hfb-above-header-display":"","ast-hfb-below-header-display":"","ast-hfb-mobile-header-display":"","site-post-title":"","ast-breadcrumbs-content":"","ast-featured-img":"","footer-sml-layout":"","theme-transparent-header-meta":"","adv-header-id-meta":"","stick-header-meta":"","header-above-stick-meta":"","header-main-stick-meta":"","header-below-stick-meta":"","footnotes":"","jetpack_publicize_message":"","jetpack_is_tweetstorm":false,"jetpack_publicize_feature_enabled":true},"categories":[22],"tags":[],"jetpack_publicize_connections":[],"acf":[],"aioseo_notices":[],"yoast_head":"<!-- This site is optimized with the Yoast SEO plugin v19.6.1 - https:\/\/yoast.com\/wordpress\/plugins\/seo\/ -->\n<title>AFFAIRE DES 18 MILLIONS DES OBS\u00c8QUES D\u2019ALLAH TH\u00c9R\u00c8SE                          LE MINIST\u00c8RE DE LA CULTURE SE D\u00c9FEND - 7culture<\/title>\n<meta name=\"robots\" content=\"index, follow, max-snippet:-1, max-image-preview:large, max-video-preview:-1\" \/>\n<link rel=\"canonical\" href=\"https:\/\/7culture.ci\/index.php\/2020\/09\/02\/affaire-des-18-millions-des-obseques-dallah-therese-le-ministere-de-la-culture-se-defend\/\" \/>\n<meta property=\"og:locale\" content=\"fr_FR\" \/>\n<meta property=\"og:type\" content=\"article\" \/>\n<meta property=\"og:title\" content=\"AFFAIRE DES 18 MILLIONS DES OBS\u00c8QUES D\u2019ALLAH TH\u00c9R\u00c8SE                          LE MINIST\u00c8RE DE LA CULTURE SE D\u00c9FEND - 7culture\" \/>\n<meta property=\"og:description\" content=\"D\u00e9c\u00e9d\u00e9e le 19 janvier 2020 \u00e0 Dj\u00e9kanou, Allah Th\u00e9r\u00e8se a \u00e9t\u00e9 inhum\u00e9e le samedi 29 ao\u00fbt dernier \u00e0 Gbofia dans son village natal. Ador\u00e9e et appr\u00e9ci\u00e9e de son vivant, la cantatrice baoul\u00e9 a eu des obs\u00e8ques dignes d\u2019une star. L\u2019Etat de C\u00f4te d\u2019Ivoire \u00e9tait repr\u00e9sent\u00e9 par les ministres Raymonde Goudou Coffie, Jean-Claude Kouassi et Am\u00e9d\u00e9 &hellip; AFFAIRE DES 18 MILLIONS DES OBS\u00c8QUES D\u2019ALLAH TH\u00c9R\u00c8SE                          LE MINIST\u00c8RE DE LA CULTURE SE D\u00c9FEND Lire la suite\u00a0\u00bb\" \/>\n<meta property=\"og:url\" content=\"https:\/\/7culture.ci\/index.php\/2020\/09\/02\/affaire-des-18-millions-des-obseques-dallah-therese-le-ministere-de-la-culture-se-defend\/\" \/>\n<meta property=\"og:site_name\" content=\"7culture\" \/>\n<meta property=\"article:publisher\" content=\"https:\/\/www.facebook.com\/redchefclaude\" \/>\n<meta property=\"article:published_time\" content=\"2020-09-02T14:20:11+00:00\" \/>\n<meta name=\"author\" content=\"Claude Kipre\" \/>\n<meta name=\"twitter:card\" content=\"summary_large_image\" \/>\n<meta name=\"twitter:creator\" content=\"@7culturec\" \/>\n<meta name=\"twitter:site\" content=\"@7culturec\" \/>\n<meta name=\"twitter:label1\" content=\"\u00c9crit par\" \/>\n\t<meta name=\"twitter:data1\" content=\"Claude Kipre\" \/>\n\t<meta name=\"twitter:label2\" content=\"Dur\u00e9e de lecture estim\u00e9e\" \/>\n\t<meta name=\"twitter:data2\" content=\"3 minutes\" \/>\n<script type=\"application\/ld+json\" class=\"yoast-schema-graph\">{\"@context\":\"https:\/\/schema.org\",\"@graph\":[{\"@type\":\"Article\",\"@id\":\"https:\/\/7culture.ci\/index.php\/2020\/09\/02\/affaire-des-18-millions-des-obseques-dallah-therese-le-ministere-de-la-culture-se-defend\/#article\",\"isPartOf\":{\"@id\":\"https:\/\/7culture.ci\/index.php\/2020\/09\/02\/affaire-des-18-millions-des-obseques-dallah-therese-le-ministere-de-la-culture-se-defend\/\"},\"author\":{\"name\":\"Claude Kipre\",\"@id\":\"https:\/\/7culture.ci\/#\/schema\/person\/64b5687ef9752cd031e11e98f4fd60b6\"},\"headline\":\"AFFAIRE DES 18 MILLIONS DES OBS\u00c8QUES D\u2019ALLAH TH\u00c9R\u00c8SE LE MINIST\u00c8RE DE LA CULTURE SE D\u00c9FEND\",\"datePublished\":\"2020-09-02T14:20:11+00:00\",\"dateModified\":\"2020-09-02T14:20:11+00:00\",\"mainEntityOfPage\":{\"@id\":\"https:\/\/7culture.ci\/index.php\/2020\/09\/02\/affaire-des-18-millions-des-obseques-dallah-therese-le-ministere-de-la-culture-se-defend\/\"},\"wordCount\":571,\"commentCount\":0,\"publisher\":{\"@id\":\"https:\/\/7culture.ci\/#organization\"},\"articleSection\":[\"Actualit\u00e9\"],\"inLanguage\":\"fr-FR\",\"potentialAction\":[{\"@type\":\"CommentAction\",\"name\":\"Comment\",\"target\":[\"https:\/\/7culture.ci\/index.php\/2020\/09\/02\/affaire-des-18-millions-des-obseques-dallah-therese-le-ministere-de-la-culture-se-defend\/#respond\"]}]},{\"@type\":\"WebPage\",\"@id\":\"https:\/\/7culture.ci\/index.php\/2020\/09\/02\/affaire-des-18-millions-des-obseques-dallah-therese-le-ministere-de-la-culture-se-defend\/\",\"url\":\"https:\/\/7culture.ci\/index.php\/2020\/09\/02\/affaire-des-18-millions-des-obseques-dallah-therese-le-ministere-de-la-culture-se-defend\/\",\"name\":\"AFFAIRE DES 18 MILLIONS DES OBS\u00c8QUES D\u2019ALLAH TH\u00c9R\u00c8SE LE MINIST\u00c8RE DE LA CULTURE SE D\u00c9FEND - 7culture\",\"isPartOf\":{\"@id\":\"https:\/\/7culture.ci\/#website\"},\"datePublished\":\"2020-09-02T14:20:11+00:00\",\"dateModified\":\"2020-09-02T14:20:11+00:00\",\"breadcrumb\":{\"@id\":\"https:\/\/7culture.ci\/index.php\/2020\/09\/02\/affaire-des-18-millions-des-obseques-dallah-therese-le-ministere-de-la-culture-se-defend\/#breadcrumb\"},\"inLanguage\":\"fr-FR\",\"potentialAction\":[{\"@type\":\"ReadAction\",\"target\":[\"https:\/\/7culture.ci\/index.php\/2020\/09\/02\/affaire-des-18-millions-des-obseques-dallah-therese-le-ministere-de-la-culture-se-defend\/\"]}]},{\"@type\":\"BreadcrumbList\",\"@id\":\"https:\/\/7culture.ci\/index.php\/2020\/09\/02\/affaire-des-18-millions-des-obseques-dallah-therese-le-ministere-de-la-culture-se-defend\/#breadcrumb\",\"itemListElement\":[{\"@type\":\"ListItem\",\"position\":1,\"name\":\"Accueil\",\"item\":\"https:\/\/7culture.ci\/\"},{\"@type\":\"ListItem\",\"position\":2,\"name\":\"AFFAIRE DES 18 MILLIONS DES OBS\u00c8QUES D\u2019ALLAH TH\u00c9R\u00c8SE LE MINIST\u00c8RE DE LA CULTURE SE D\u00c9FEND\"}]},{\"@type\":\"WebSite\",\"@id\":\"https:\/\/7culture.ci\/#website\",\"url\":\"https:\/\/7culture.ci\/\",\"name\":\"7culture\",\"description\":\"Tout sur l&#039;actualit\u00e9\",\"publisher\":{\"@id\":\"https:\/\/7culture.ci\/#organization\"},\"potentialAction\":[{\"@type\":\"SearchAction\",\"target\":{\"@type\":\"EntryPoint\",\"urlTemplate\":\"https:\/\/7culture.ci\/?s={search_term_string}\"},\"query-input\":\"required name=search_term_string\"}],\"inLanguage\":\"fr-FR\"},{\"@type\":\"Organization\",\"@id\":\"https:\/\/7culture.ci\/#organization\",\"name\":\"7culture\",\"url\":\"https:\/\/7culture.ci\/\",\"sameAs\":[\"https:\/\/www.facebook.com\/redchefclaude\",\"https:\/\/twitter.com\/7culturec\"],\"logo\":{\"@type\":\"ImageObject\",\"inLanguage\":\"fr-FR\",\"@id\":\"https:\/\/7culture.ci\/#\/schema\/logo\/image\/\",\"url\":\"https:\/\/7culture.ci\/wp-content\/uploads\/2021\/12\/S1a-1.png\",\"contentUrl\":\"https:\/\/7culture.ci\/wp-content\/uploads\/2021\/12\/S1a-1.png\",\"width\":588,\"height\":192,\"caption\":\"7culture\"},\"image\":{\"@id\":\"https:\/\/7culture.ci\/#\/schema\/logo\/image\/\"}},{\"@type\":\"Person\",\"@id\":\"https:\/\/7culture.ci\/#\/schema\/person\/64b5687ef9752cd031e11e98f4fd60b6\",\"name\":\"Claude Kipre\",\"image\":{\"@type\":\"ImageObject\",\"inLanguage\":\"fr-FR\",\"@id\":\"https:\/\/7culture.ci\/#\/schema\/person\/image\/\",\"url\":\"https:\/\/secure.gravatar.com\/avatar\/60e5007626848549b0d9b2ad9c53c9e8?s=96&d=mm&r=g\",\"contentUrl\":\"https:\/\/secure.gravatar.com\/avatar\/60e5007626848549b0d9b2ad9c53c9e8?s=96&d=mm&r=g\",\"caption\":\"Claude Kipre\"},\"url\":\"https:\/\/7culture.ci\/index.php\/author\/claude-kipre\/\"}]}<\/script>\n<!-- \/ Yoast SEO plugin. -->","yoast_head_json":{"title":"AFFAIRE DES 18 MILLIONS DES OBS\u00c8QUES D\u2019ALLAH TH\u00c9R\u00c8SE                          LE MINIST\u00c8RE DE LA CULTURE SE D\u00c9FEND - 7culture","robots":{"index":"index","follow":"follow","max-snippet":"max-snippet:-1","max-image-preview":"max-image-preview:large","max-video-preview":"max-video-preview:-1"},"canonical":"https:\/\/7culture.ci\/index.php\/2020\/09\/02\/affaire-des-18-millions-des-obseques-dallah-therese-le-ministere-de-la-culture-se-defend\/","og_locale":"fr_FR","og_type":"article","og_title":"AFFAIRE DES 18 MILLIONS DES OBS\u00c8QUES D\u2019ALLAH TH\u00c9R\u00c8SE                          LE MINIST\u00c8RE DE LA CULTURE SE D\u00c9FEND - 7culture","og_description":"D\u00e9c\u00e9d\u00e9e le 19 janvier 2020 \u00e0 Dj\u00e9kanou, Allah Th\u00e9r\u00e8se a \u00e9t\u00e9 inhum\u00e9e le samedi 29 ao\u00fbt dernier \u00e0 Gbofia dans son village natal. Ador\u00e9e et appr\u00e9ci\u00e9e de son vivant, la cantatrice baoul\u00e9 a eu des obs\u00e8ques dignes d\u2019une star. L\u2019Etat de C\u00f4te d\u2019Ivoire \u00e9tait repr\u00e9sent\u00e9 par les ministres Raymonde Goudou Coffie, Jean-Claude Kouassi et Am\u00e9d\u00e9 &hellip; AFFAIRE DES 18 MILLIONS DES OBS\u00c8QUES D\u2019ALLAH TH\u00c9R\u00c8SE                          LE MINIST\u00c8RE DE LA CULTURE SE D\u00c9FEND Lire la suite\u00a0\u00bb","og_url":"https:\/\/7culture.ci\/index.php\/2020\/09\/02\/affaire-des-18-millions-des-obseques-dallah-therese-le-ministere-de-la-culture-se-defend\/","og_site_name":"7culture","article_publisher":"https:\/\/www.facebook.com\/redchefclaude","article_published_time":"2020-09-02T14:20:11+00:00","author":"Claude Kipre","twitter_card":"summary_large_image","twitter_creator":"@7culturec","twitter_site":"@7culturec","twitter_misc":{"\u00c9crit par":"Claude Kipre","Dur\u00e9e de lecture estim\u00e9e":"3 minutes"},"schema":{"@context":"https:\/\/schema.org","@graph":[{"@type":"Article","@id":"https:\/\/7culture.ci\/index.php\/2020\/09\/02\/affaire-des-18-millions-des-obseques-dallah-therese-le-ministere-de-la-culture-se-defend\/#article","isPartOf":{"@id":"https:\/\/7culture.ci\/index.php\/2020\/09\/02\/affaire-des-18-millions-des-obseques-dallah-therese-le-ministere-de-la-culture-se-defend\/"},"author":{"name":"Claude Kipre","@id":"https:\/\/7culture.ci\/#\/schema\/person\/64b5687ef9752cd031e11e98f4fd60b6"},"headline":"AFFAIRE DES 18 MILLIONS DES OBS\u00c8QUES D\u2019ALLAH TH\u00c9R\u00c8SE LE MINIST\u00c8RE DE LA CULTURE SE D\u00c9FEND","datePublished":"2020-09-02T14:20:11+00:00","dateModified":"2020-09-02T14:20:11+00:00","mainEntityOfPage":{"@id":"https:\/\/7culture.ci\/index.php\/2020\/09\/02\/affaire-des-18-millions-des-obseques-dallah-therese-le-ministere-de-la-culture-se-defend\/"},"wordCount":571,"commentCount":0,"publisher":{"@id":"https:\/\/7culture.ci\/#organization"},"articleSection":["Actualit\u00e9"],"inLanguage":"fr-FR","potentialAction":[{"@type":"CommentAction","name":"Comment","target":["https:\/\/7culture.ci\/index.php\/2020\/09\/02\/affaire-des-18-millions-des-obseques-dallah-therese-le-ministere-de-la-culture-se-defend\/#respond"]}]},{"@type":"WebPage","@id":"https:\/\/7culture.ci\/index.php\/2020\/09\/02\/affaire-des-18-millions-des-obseques-dallah-therese-le-ministere-de-la-culture-se-defend\/","url":"https:\/\/7culture.ci\/index.php\/2020\/09\/02\/affaire-des-18-millions-des-obseques-dallah-therese-le-ministere-de-la-culture-se-defend\/","name":"AFFAIRE DES 18 MILLIONS DES OBS\u00c8QUES D\u2019ALLAH TH\u00c9R\u00c8SE LE MINIST\u00c8RE DE LA CULTURE SE D\u00c9FEND - 7culture","isPartOf":{"@id":"https:\/\/7culture.ci\/#website"},"datePublished":"2020-09-02T14:20:11+00:00","dateModified":"2020-09-02T14:20:11+00:00","breadcrumb":{"@id":"https:\/\/7culture.ci\/index.php\/2020\/09\/02\/affaire-des-18-millions-des-obseques-dallah-therese-le-ministere-de-la-culture-se-defend\/#breadcrumb"},"inLanguage":"fr-FR","potentialAction":[{"@type":"ReadAction","target":["https:\/\/7culture.ci\/index.php\/2020\/09\/02\/affaire-des-18-millions-des-obseques-dallah-therese-le-ministere-de-la-culture-se-defend\/"]}]},{"@type":"BreadcrumbList","@id":"https:\/\/7culture.ci\/index.php\/2020\/09\/02\/affaire-des-18-millions-des-obseques-dallah-therese-le-ministere-de-la-culture-se-defend\/#breadcrumb","itemListElement":[{"@type":"ListItem","position":1,"name":"Accueil","item":"https:\/\/7culture.ci\/"},{"@type":"ListItem","position":2,"name":"AFFAIRE DES 18 MILLIONS DES OBS\u00c8QUES D\u2019ALLAH TH\u00c9R\u00c8SE LE MINIST\u00c8RE DE LA CULTURE SE D\u00c9FEND"}]},{"@type":"WebSite","@id":"https:\/\/7culture.ci\/#website","url":"https:\/\/7culture.ci\/","name":"7culture","description":"Tout sur l&#039;actualit\u00e9","publisher":{"@id":"https:\/\/7culture.ci\/#organization"},"potentialAction":[{"@type":"SearchAction","target":{"@type":"EntryPoint","urlTemplate":"https:\/\/7culture.ci\/?s={search_term_string}"},"query-input":"required name=search_term_string"}],"inLanguage":"fr-FR"},{"@type":"Organization","@id":"https:\/\/7culture.ci\/#organization","name":"7culture","url":"https:\/\/7culture.ci\/","sameAs":["https:\/\/www.facebook.com\/redchefclaude","https:\/\/twitter.com\/7culturec"],"logo":{"@type":"ImageObject","inLanguage":"fr-FR","@id":"https:\/\/7culture.ci\/#\/schema\/logo\/image\/","url":"https:\/\/7culture.ci\/wp-content\/uploads\/2021\/12\/S1a-1.png","contentUrl":"https:\/\/7culture.ci\/wp-content\/uploads\/2021\/12\/S1a-1.png","width":588,"height":192,"caption":"7culture"},"image":{"@id":"https:\/\/7culture.ci\/#\/schema\/logo\/image\/"}},{"@type":"Person","@id":"https:\/\/7culture.ci\/#\/schema\/person\/64b5687ef9752cd031e11e98f4fd60b6","name":"Claude Kipre","image":{"@type":"ImageObject","inLanguage":"fr-FR","@id":"https:\/\/7culture.ci\/#\/schema\/person\/image\/","url":"https:\/\/secure.gravatar.com\/avatar\/60e5007626848549b0d9b2ad9c53c9e8?s=96&d=mm&r=g","contentUrl":"https:\/\/secure.gravatar.com\/avatar\/60e5007626848549b0d9b2ad9c53c9e8?s=96&d=mm&r=g","caption":"Claude Kipre"},"url":"https:\/\/7culture.ci\/index.php\/author\/claude-kipre\/"}]}},"jetpack_featured_media_url":"","jetpack_likes_enabled":true,"jetpack_sharing_enabled":true,"_links":{"self":[{"href":"https:\/\/7culture.ci\/index.php\/wp-json\/wp\/v2\/posts\/3316"}],"collection":[{"href":"https:\/\/7culture.ci\/index.php\/wp-json\/wp\/v2\/posts"}],"about":[{"href":"https:\/\/7culture.ci\/index.php\/wp-json\/wp\/v2\/types\/post"}],"author":[{"embeddable":true,"href":"https:\/\/7culture.ci\/index.php\/wp-json\/wp\/v2\/users\/2"}],"replies":[{"embeddable":true,"href":"https:\/\/7culture.ci\/index.php\/wp-json\/wp\/v2\/comments?post=3316"}],"version-history":[{"count":0,"href":"https:\/\/7culture.ci\/index.php\/wp-json\/wp\/v2\/posts\/3316\/revisions"}],"wp:featuredmedia":[{"embeddable":true,"href":"https:\/\/7culture.ci\/index.php\/wp-json\/"}],"wp:attachment":[{"href":"https:\/\/7culture.ci\/index.php\/wp-json\/wp\/v2\/media?parent=3316"}],"wp:term":[{"taxonomy":"category","embeddable":true,"href":"https:\/\/7culture.ci\/index.php\/wp-json\/wp\/v2\/categories?post=3316"},{"taxonomy":"post_tag","embeddable":true,"href":"https:\/\/7culture.ci\/index.php\/wp-json\/wp\/v2\/tags?post=3316"}],"curies":[{"name":"wp","href":"https:\/\/api.w.org\/{rel}","templated":true}]}}