{"id":3274,"date":"2020-09-02T13:27:39","date_gmt":"2020-09-02T13:27:39","guid":{"rendered":"https:\/\/7culture.ci\/index.php\/2020\/09\/02\/musique-mfesta-bientot-a-abidjan-avec-make-me-smile\/"},"modified":"2020-09-02T13:27:39","modified_gmt":"2020-09-02T13:27:39","slug":"musique-mfesta-bientot-a-abidjan-avec-make-me-smile","status":"publish","type":"post","link":"https:\/\/7culture.ci\/index.php\/2020\/09\/02\/musique-mfesta-bientot-a-abidjan-avec-make-me-smile\/","title":{"rendered":"M\u2019FESTA BIENTOT \u00c0 ABIDJAN AVEC MAKE ME SMILE"},"content":{"rendered":"\n<p><\/p>\n\n\n\n<p>Depuis le 1er ao\u00fbt 2020, un nom est apparu dans le paysage musical black fran\u00e7ais. C\u2019est celui de M\u2019Festa. Sylvette Erialc, son nom \u00e0 l\u2019\u00e9tat civil, est originaire de Luc\u00e9 pr\u00e8s de Chartres en France, a publi\u00e9 son premier album d\u00e9nomm\u00e9 \u00ab&nbsp;<strong><em>Make Me Smile<\/em><\/strong>&nbsp;\u00bb. Juste un sourire qu\u2019elle demande dans les cinq titres de belle facture qui composent son disque. Chanteuse de vari\u00e9t\u00e9, M\u2019Festa surfe ais\u00e9ment entre new soul, jazz, pop, reggae&#8230; \u00ab<strong><em>Mes influences sont multiples. J\u2019essaye de ne pas \u00eatre cantonn\u00e9e dans une case. Je m\u2019inspire de mes chanteuses pr\u00e9f\u00e9r\u00e9es, comme Nina Simone, Liz McComb, Lauryn Hill, Miriam Makeba, ou encore Diane Reeves<\/em><\/strong> \u00bb, situe l\u2019artiste \u00e0 propos de son genre musical. Ce sont tous des noms qui donnent une id\u00e9e de l\u2019orientation de son projet de carri\u00e8re \u00e0 la crois\u00e9e des chemins entre plusieurs rythmes. Apr\u00e8s la publication de \u2018\u2019Make Me Smile\u2019\u2019, les puristes sont unanimes que le maxi single est en passe de confirmer le talent de M\u2019Festa et de la hisser au rang de nouvelle \u00e9toile de la musique franco-black.<\/p>\n\n\n\n<p>La sortie de son CD est l\u2019aboutissement d\u2019un r\u00eave. En d\u00e9but d\u2019ann\u00e9e 2020, M\u2019Festa avait sollicit\u00e9 un financement participatif pour r\u00e9aliser son d\u00e9sir d\u2019enregistrer et de sortir son album. Les bonnes volont\u00e9s ont r\u00e9agi et l\\&#8217;objectif de r\u00e9colter 1.500 \u20ac soit \u00e0 peu pr\u00e8s un million de francs CFA a \u00e9t\u00e9 atteint. Mais c\u2019est le confinement qui avait retard\u00e9 le processus. Aujourd\u2019hui, l\u2019essentiel est sauf. L\\&#8217;album est sorti.<\/p>\n\n\n\n<p>Si c\u2019est pendant ce mois d\u2019ao\u00fbt que M\u2019Festa a publi\u00e9 son premier album, elle porte derri\u00e8re elle un lourd bagage de plusieurs ann\u00e9es d\u2019exp\u00e9rience. Elle vient d\u2019une famille qui aime la musique. Tr\u00e8s t\u00f4t, elle s\u2019est donc frott\u00e9e \u00e0 de nombreuses sensibilit\u00e9s qui vont forger plus tard son identit\u00e9 musicale. Naturellement, elle apprend les B.A.-BA du m\u00e9tier comme choriste avant de rejoindre des bands. Encourag\u00e9e par ces exp\u00e9riences r\u00e9ussies et apr\u00e8s de nombreux featurings, M\u2019Festa a d\u00e9cid\u00e9 de voler de ses propres ailes. Et le r\u00e9sultat est \u00e9clatant avec le sourire en plus&nbsp;!<\/p>\n\n\n\n<p>DT<\/p>\n","protected":false},"excerpt":{"rendered":"<p>Depuis le 1er ao\u00fbt 2020, un nom est apparu dans le paysage musical black fran\u00e7ais. C\u2019est celui de M\u2019Festa. Sylvette Erialc, son nom \u00e0 l\u2019\u00e9tat civil, est originaire de Luc\u00e9 pr\u00e8s de Chartres en France, a publi\u00e9 son premier album d\u00e9nomm\u00e9 \u00ab&nbsp;Make Me Smile&nbsp;\u00bb. Juste un sourire qu\u2019elle demande dans les cinq titres de belle &hellip;<\/p>\n<p class=\"read-more\"> <a class=\"\" href=\"https:\/\/7culture.ci\/index.php\/2020\/09\/02\/musique-mfesta-bientot-a-abidjan-avec-make-me-smile\/\"> <span class=\"screen-reader-text\">M\u2019FESTA BIENTOT \u00c0 ABIDJAN AVEC MAKE ME SMILE<\/span> Lire la suite\u00a0\u00bb<\/a><\/p>\n","protected":false},"author":2,"featured_media":0,"comment_status":"open","ping_status":"closed","sticky":false,"template":"","format":"standard","meta":{"_mi_skip_tracking":false,"_monsterinsights_sitenote_active":false,"_monsterinsights_sitenote_note":"","_monsterinsights_sitenote_category":0,"site-sidebar-layout":"default","site-content-layout":"default","ast-global-header-display":"","ast-main-header-display":"","ast-hfb-above-header-display":"","ast-hfb-below-header-display":"","ast-hfb-mobile-header-display":"","site-post-title":"","ast-breadcrumbs-content":"","ast-featured-img":"","footer-sml-layout":"","theme-transparent-header-meta":"","adv-header-id-meta":"","stick-header-meta":"","header-above-stick-meta":"","header-main-stick-meta":"","header-below-stick-meta":"","footnotes":"","jetpack_publicize_message":"","jetpack_is_tweetstorm":false,"jetpack_publicize_feature_enabled":true},"categories":[16],"tags":[],"jetpack_publicize_connections":[],"acf":[],"aioseo_notices":[],"yoast_head":"<!-- This site is optimized with the Yoast SEO plugin v19.6.1 - https:\/\/yoast.com\/wordpress\/plugins\/seo\/ -->\n<title>M\u2019FESTA BIENTOT \u00c0 ABIDJAN AVEC MAKE ME SMILE - 7culture<\/title>\n<meta name=\"robots\" content=\"index, follow, max-snippet:-1, max-image-preview:large, max-video-preview:-1\" \/>\n<link rel=\"canonical\" href=\"https:\/\/7culture.ci\/index.php\/2020\/09\/02\/musique-mfesta-bientot-a-abidjan-avec-make-me-smile\/\" \/>\n<meta property=\"og:locale\" content=\"fr_FR\" \/>\n<meta property=\"og:type\" content=\"article\" \/>\n<meta property=\"og:title\" content=\"M\u2019FESTA BIENTOT \u00c0 ABIDJAN AVEC MAKE ME SMILE - 7culture\" \/>\n<meta property=\"og:description\" content=\"Depuis le 1er ao\u00fbt 2020, un nom est apparu dans le paysage musical black fran\u00e7ais. C\u2019est celui de M\u2019Festa. Sylvette Erialc, son nom \u00e0 l\u2019\u00e9tat civil, est originaire de Luc\u00e9 pr\u00e8s de Chartres en France, a publi\u00e9 son premier album d\u00e9nomm\u00e9 \u00ab&nbsp;Make Me Smile&nbsp;\u00bb. Juste un sourire qu\u2019elle demande dans les cinq titres de belle &hellip; M\u2019FESTA BIENTOT \u00c0 ABIDJAN AVEC MAKE ME SMILE Lire la suite\u00a0\u00bb\" \/>\n<meta property=\"og:url\" content=\"https:\/\/7culture.ci\/index.php\/2020\/09\/02\/musique-mfesta-bientot-a-abidjan-avec-make-me-smile\/\" \/>\n<meta property=\"og:site_name\" content=\"7culture\" \/>\n<meta property=\"article:publisher\" content=\"https:\/\/www.facebook.com\/redchefclaude\" \/>\n<meta property=\"article:published_time\" content=\"2020-09-02T13:27:39+00:00\" \/>\n<meta name=\"author\" content=\"Claude Kipre\" \/>\n<meta name=\"twitter:card\" content=\"summary_large_image\" \/>\n<meta name=\"twitter:creator\" content=\"@7culturec\" \/>\n<meta name=\"twitter:site\" content=\"@7culturec\" \/>\n<meta name=\"twitter:label1\" content=\"\u00c9crit par\" \/>\n\t<meta name=\"twitter:data1\" content=\"Claude Kipre\" \/>\n\t<meta name=\"twitter:label2\" content=\"Dur\u00e9e de lecture estim\u00e9e\" \/>\n\t<meta name=\"twitter:data2\" content=\"2 minutes\" \/>\n<script type=\"application\/ld+json\" class=\"yoast-schema-graph\">{\"@context\":\"https:\/\/schema.org\",\"@graph\":[{\"@type\":\"Article\",\"@id\":\"https:\/\/7culture.ci\/index.php\/2020\/09\/02\/musique-mfesta-bientot-a-abidjan-avec-make-me-smile\/#article\",\"isPartOf\":{\"@id\":\"https:\/\/7culture.ci\/index.php\/2020\/09\/02\/musique-mfesta-bientot-a-abidjan-avec-make-me-smile\/\"},\"author\":{\"name\":\"Claude Kipre\",\"@id\":\"https:\/\/7culture.ci\/#\/schema\/person\/64b5687ef9752cd031e11e98f4fd60b6\"},\"headline\":\"M\u2019FESTA BIENTOT \u00c0 ABIDJAN AVEC MAKE ME SMILE\",\"datePublished\":\"2020-09-02T13:27:39+00:00\",\"dateModified\":\"2020-09-02T13:27:39+00:00\",\"mainEntityOfPage\":{\"@id\":\"https:\/\/7culture.ci\/index.php\/2020\/09\/02\/musique-mfesta-bientot-a-abidjan-avec-make-me-smile\/\"},\"wordCount\":404,\"commentCount\":0,\"publisher\":{\"@id\":\"https:\/\/7culture.ci\/#organization\"},\"articleSection\":[\"Musique\"],\"inLanguage\":\"fr-FR\",\"potentialAction\":[{\"@type\":\"CommentAction\",\"name\":\"Comment\",\"target\":[\"https:\/\/7culture.ci\/index.php\/2020\/09\/02\/musique-mfesta-bientot-a-abidjan-avec-make-me-smile\/#respond\"]}]},{\"@type\":\"WebPage\",\"@id\":\"https:\/\/7culture.ci\/index.php\/2020\/09\/02\/musique-mfesta-bientot-a-abidjan-avec-make-me-smile\/\",\"url\":\"https:\/\/7culture.ci\/index.php\/2020\/09\/02\/musique-mfesta-bientot-a-abidjan-avec-make-me-smile\/\",\"name\":\"M\u2019FESTA BIENTOT \u00c0 ABIDJAN AVEC MAKE ME SMILE - 7culture\",\"isPartOf\":{\"@id\":\"https:\/\/7culture.ci\/#website\"},\"datePublished\":\"2020-09-02T13:27:39+00:00\",\"dateModified\":\"2020-09-02T13:27:39+00:00\",\"breadcrumb\":{\"@id\":\"https:\/\/7culture.ci\/index.php\/2020\/09\/02\/musique-mfesta-bientot-a-abidjan-avec-make-me-smile\/#breadcrumb\"},\"inLanguage\":\"fr-FR\",\"potentialAction\":[{\"@type\":\"ReadAction\",\"target\":[\"https:\/\/7culture.ci\/index.php\/2020\/09\/02\/musique-mfesta-bientot-a-abidjan-avec-make-me-smile\/\"]}]},{\"@type\":\"BreadcrumbList\",\"@id\":\"https:\/\/7culture.ci\/index.php\/2020\/09\/02\/musique-mfesta-bientot-a-abidjan-avec-make-me-smile\/#breadcrumb\",\"itemListElement\":[{\"@type\":\"ListItem\",\"position\":1,\"name\":\"Accueil\",\"item\":\"https:\/\/7culture.ci\/\"},{\"@type\":\"ListItem\",\"position\":2,\"name\":\"M\u2019FESTA BIENTOT \u00c0 ABIDJAN AVEC MAKE ME SMILE\"}]},{\"@type\":\"WebSite\",\"@id\":\"https:\/\/7culture.ci\/#website\",\"url\":\"https:\/\/7culture.ci\/\",\"name\":\"7culture\",\"description\":\"Tout sur l&#039;actualit\u00e9\",\"publisher\":{\"@id\":\"https:\/\/7culture.ci\/#organization\"},\"potentialAction\":[{\"@type\":\"SearchAction\",\"target\":{\"@type\":\"EntryPoint\",\"urlTemplate\":\"https:\/\/7culture.ci\/?s={search_term_string}\"},\"query-input\":\"required name=search_term_string\"}],\"inLanguage\":\"fr-FR\"},{\"@type\":\"Organization\",\"@id\":\"https:\/\/7culture.ci\/#organization\",\"name\":\"7culture\",\"url\":\"https:\/\/7culture.ci\/\",\"sameAs\":[\"https:\/\/www.facebook.com\/redchefclaude\",\"https:\/\/twitter.com\/7culturec\"],\"logo\":{\"@type\":\"ImageObject\",\"inLanguage\":\"fr-FR\",\"@id\":\"https:\/\/7culture.ci\/#\/schema\/logo\/image\/\",\"url\":\"https:\/\/7culture.ci\/wp-content\/uploads\/2021\/12\/S1a-1.png\",\"contentUrl\":\"https:\/\/7culture.ci\/wp-content\/uploads\/2021\/12\/S1a-1.png\",\"width\":588,\"height\":192,\"caption\":\"7culture\"},\"image\":{\"@id\":\"https:\/\/7culture.ci\/#\/schema\/logo\/image\/\"}},{\"@type\":\"Person\",\"@id\":\"https:\/\/7culture.ci\/#\/schema\/person\/64b5687ef9752cd031e11e98f4fd60b6\",\"name\":\"Claude Kipre\",\"image\":{\"@type\":\"ImageObject\",\"inLanguage\":\"fr-FR\",\"@id\":\"https:\/\/7culture.ci\/#\/schema\/person\/image\/\",\"url\":\"https:\/\/secure.gravatar.com\/avatar\/60e5007626848549b0d9b2ad9c53c9e8?s=96&d=mm&r=g\",\"contentUrl\":\"https:\/\/secure.gravatar.com\/avatar\/60e5007626848549b0d9b2ad9c53c9e8?s=96&d=mm&r=g\",\"caption\":\"Claude Kipre\"},\"url\":\"https:\/\/7culture.ci\/index.php\/author\/claude-kipre\/\"}]}<\/script>\n<!-- \/ Yoast SEO plugin. -->","yoast_head_json":{"title":"M\u2019FESTA BIENTOT \u00c0 ABIDJAN AVEC MAKE ME SMILE - 7culture","robots":{"index":"index","follow":"follow","max-snippet":"max-snippet:-1","max-image-preview":"max-image-preview:large","max-video-preview":"max-video-preview:-1"},"canonical":"https:\/\/7culture.ci\/index.php\/2020\/09\/02\/musique-mfesta-bientot-a-abidjan-avec-make-me-smile\/","og_locale":"fr_FR","og_type":"article","og_title":"M\u2019FESTA BIENTOT \u00c0 ABIDJAN AVEC MAKE ME SMILE - 7culture","og_description":"Depuis le 1er ao\u00fbt 2020, un nom est apparu dans le paysage musical black fran\u00e7ais. C\u2019est celui de M\u2019Festa. Sylvette Erialc, son nom \u00e0 l\u2019\u00e9tat civil, est originaire de Luc\u00e9 pr\u00e8s de Chartres en France, a publi\u00e9 son premier album d\u00e9nomm\u00e9 \u00ab&nbsp;Make Me Smile&nbsp;\u00bb. Juste un sourire qu\u2019elle demande dans les cinq titres de belle &hellip; M\u2019FESTA BIENTOT \u00c0 ABIDJAN AVEC MAKE ME SMILE Lire la suite\u00a0\u00bb","og_url":"https:\/\/7culture.ci\/index.php\/2020\/09\/02\/musique-mfesta-bientot-a-abidjan-avec-make-me-smile\/","og_site_name":"7culture","article_publisher":"https:\/\/www.facebook.com\/redchefclaude","article_published_time":"2020-09-02T13:27:39+00:00","author":"Claude Kipre","twitter_card":"summary_large_image","twitter_creator":"@7culturec","twitter_site":"@7culturec","twitter_misc":{"\u00c9crit par":"Claude Kipre","Dur\u00e9e de lecture estim\u00e9e":"2 minutes"},"schema":{"@context":"https:\/\/schema.org","@graph":[{"@type":"Article","@id":"https:\/\/7culture.ci\/index.php\/2020\/09\/02\/musique-mfesta-bientot-a-abidjan-avec-make-me-smile\/#article","isPartOf":{"@id":"https:\/\/7culture.ci\/index.php\/2020\/09\/02\/musique-mfesta-bientot-a-abidjan-avec-make-me-smile\/"},"author":{"name":"Claude Kipre","@id":"https:\/\/7culture.ci\/#\/schema\/person\/64b5687ef9752cd031e11e98f4fd60b6"},"headline":"M\u2019FESTA BIENTOT \u00c0 ABIDJAN AVEC MAKE ME SMILE","datePublished":"2020-09-02T13:27:39+00:00","dateModified":"2020-09-02T13:27:39+00:00","mainEntityOfPage":{"@id":"https:\/\/7culture.ci\/index.php\/2020\/09\/02\/musique-mfesta-bientot-a-abidjan-avec-make-me-smile\/"},"wordCount":404,"commentCount":0,"publisher":{"@id":"https:\/\/7culture.ci\/#organization"},"articleSection":["Musique"],"inLanguage":"fr-FR","potentialAction":[{"@type":"CommentAction","name":"Comment","target":["https:\/\/7culture.ci\/index.php\/2020\/09\/02\/musique-mfesta-bientot-a-abidjan-avec-make-me-smile\/#respond"]}]},{"@type":"WebPage","@id":"https:\/\/7culture.ci\/index.php\/2020\/09\/02\/musique-mfesta-bientot-a-abidjan-avec-make-me-smile\/","url":"https:\/\/7culture.ci\/index.php\/2020\/09\/02\/musique-mfesta-bientot-a-abidjan-avec-make-me-smile\/","name":"M\u2019FESTA BIENTOT \u00c0 ABIDJAN AVEC MAKE ME SMILE - 7culture","isPartOf":{"@id":"https:\/\/7culture.ci\/#website"},"datePublished":"2020-09-02T13:27:39+00:00","dateModified":"2020-09-02T13:27:39+00:00","breadcrumb":{"@id":"https:\/\/7culture.ci\/index.php\/2020\/09\/02\/musique-mfesta-bientot-a-abidjan-avec-make-me-smile\/#breadcrumb"},"inLanguage":"fr-FR","potentialAction":[{"@type":"ReadAction","target":["https:\/\/7culture.ci\/index.php\/2020\/09\/02\/musique-mfesta-bientot-a-abidjan-avec-make-me-smile\/"]}]},{"@type":"BreadcrumbList","@id":"https:\/\/7culture.ci\/index.php\/2020\/09\/02\/musique-mfesta-bientot-a-abidjan-avec-make-me-smile\/#breadcrumb","itemListElement":[{"@type":"ListItem","position":1,"name":"Accueil","item":"https:\/\/7culture.ci\/"},{"@type":"ListItem","position":2,"name":"M\u2019FESTA BIENTOT \u00c0 ABIDJAN AVEC MAKE ME SMILE"}]},{"@type":"WebSite","@id":"https:\/\/7culture.ci\/#website","url":"https:\/\/7culture.ci\/","name":"7culture","description":"Tout sur l&#039;actualit\u00e9","publisher":{"@id":"https:\/\/7culture.ci\/#organization"},"potentialAction":[{"@type":"SearchAction","target":{"@type":"EntryPoint","urlTemplate":"https:\/\/7culture.ci\/?s={search_term_string}"},"query-input":"required name=search_term_string"}],"inLanguage":"fr-FR"},{"@type":"Organization","@id":"https:\/\/7culture.ci\/#organization","name":"7culture","url":"https:\/\/7culture.ci\/","sameAs":["https:\/\/www.facebook.com\/redchefclaude","https:\/\/twitter.com\/7culturec"],"logo":{"@type":"ImageObject","inLanguage":"fr-FR","@id":"https:\/\/7culture.ci\/#\/schema\/logo\/image\/","url":"https:\/\/7culture.ci\/wp-content\/uploads\/2021\/12\/S1a-1.png","contentUrl":"https:\/\/7culture.ci\/wp-content\/uploads\/2021\/12\/S1a-1.png","width":588,"height":192,"caption":"7culture"},"image":{"@id":"https:\/\/7culture.ci\/#\/schema\/logo\/image\/"}},{"@type":"Person","@id":"https:\/\/7culture.ci\/#\/schema\/person\/64b5687ef9752cd031e11e98f4fd60b6","name":"Claude Kipre","image":{"@type":"ImageObject","inLanguage":"fr-FR","@id":"https:\/\/7culture.ci\/#\/schema\/person\/image\/","url":"https:\/\/secure.gravatar.com\/avatar\/60e5007626848549b0d9b2ad9c53c9e8?s=96&d=mm&r=g","contentUrl":"https:\/\/secure.gravatar.com\/avatar\/60e5007626848549b0d9b2ad9c53c9e8?s=96&d=mm&r=g","caption":"Claude Kipre"},"url":"https:\/\/7culture.ci\/index.php\/author\/claude-kipre\/"}]}},"jetpack_featured_media_url":"","jetpack_likes_enabled":true,"jetpack_sharing_enabled":true,"_links":{"self":[{"href":"https:\/\/7culture.ci\/index.php\/wp-json\/wp\/v2\/posts\/3274"}],"collection":[{"href":"https:\/\/7culture.ci\/index.php\/wp-json\/wp\/v2\/posts"}],"about":[{"href":"https:\/\/7culture.ci\/index.php\/wp-json\/wp\/v2\/types\/post"}],"author":[{"embeddable":true,"href":"https:\/\/7culture.ci\/index.php\/wp-json\/wp\/v2\/users\/2"}],"replies":[{"embeddable":true,"href":"https:\/\/7culture.ci\/index.php\/wp-json\/wp\/v2\/comments?post=3274"}],"version-history":[{"count":0,"href":"https:\/\/7culture.ci\/index.php\/wp-json\/wp\/v2\/posts\/3274\/revisions"}],"wp:attachment":[{"href":"https:\/\/7culture.ci\/index.php\/wp-json\/wp\/v2\/media?parent=3274"}],"wp:term":[{"taxonomy":"category","embeddable":true,"href":"https:\/\/7culture.ci\/index.php\/wp-json\/wp\/v2\/categories?post=3274"},{"taxonomy":"post_tag","embeddable":true,"href":"https:\/\/7culture.ci\/index.php\/wp-json\/wp\/v2\/tags?post=3274"}],"curies":[{"name":"wp","href":"https:\/\/api.w.org\/{rel}","templated":true}]}}