{"id":3198,"date":"2020-09-01T13:36:03","date_gmt":"2020-09-01T13:36:03","guid":{"rendered":"https:\/\/7culture.ci\/index.php\/2020\/09\/01\/musique-ismael-isaac-voit-de-lespoir\/"},"modified":"2020-09-01T13:36:03","modified_gmt":"2020-09-01T13:36:03","slug":"musique-ismael-isaac-voit-de-lespoir","status":"publish","type":"post","link":"https:\/\/7culture.ci\/index.php\/2020\/09\/01\/musique-ismael-isaac-voit-de-lespoir\/","title":{"rendered":"MUSIQUE                                                             ISMA\u00cbL ISAAC VOIT DE L\u2019ESPOIR\u2026"},"content":{"rendered":"\n<p><\/p>\n\n\n\n<p>C\u2019est demain jeudi 20 ao\u00fbt 2020 qu\u2019Isma\u00ebl Isaac livre sa derni\u00e8re production discographique au public. Apr\u00e8s sa mise dans les circuits de distribution, l\u2019album sera officiellement pr\u00e9sent\u00e9 aux m\u00e9lomanes au cours d\u2019un cocktail de presse ce m\u00eame jour \u00e0 partir de 16 heures \u00e0 la R\u00e9sidence H\u00f4tel le Vaisseau \u00e0 Cocody II-Plateau 7\u00e8 Tranche. Les r\u00e9flexions de l\u2019enfant ch\u00e9ri du reggae ivoirien sont condens\u00e9es dans cette sorte de livre sonore comprenant 16 chapitres. Titr\u00e9 sous la forme interrogatoire, <strong><em>\u00ab&nbsp;Qui va nous sauver&nbsp;?&nbsp;\u00bb<\/em>, <\/strong>cet album remet le reggaeman dans le concert des grands faiseurs de la musique de Jah apr\u00e8s 6 longues ann\u00e9es de silence. Pour les puristes, le nouvel opus du <em>Gangaba de Treich<\/em> (le gros crabe de Treichville) est un chef-d\u2019\u0153uvre. Sous-titr\u00e9 <strong>\u00ab&nbsp;Y\u00f4r\u00f4 Magne, Sira Kagne&nbsp;\u00bb<\/strong>, ce qui se traduit par \u00ab&nbsp;l\u2019atmosph\u00e8re n\u2019est pas bonne mais le chemin (l\u2019avenir) est prometteur&nbsp;\u00bb, l\u2019album explore la grisaille actuelle li\u00e9e \u00e0 la situation sanitaire du Covid-19 et la situation politique, pour en conclure \u00e0 une bonne suite.<\/p>\n\n\n\n<p>Pour positionner le nouveau disque d\u2019Ismo, de nombreux artistes ont pr\u00eat\u00e9 leurs voix et leurs images pour soutenir la campagne de communication. Il y a notamment Mamadou Bomou, Les Garagistes, Eric des Patrons, Nash, Soum Bill, le footballeur international Gervinho\u2026 Dans les carrefours et aux abords des grandes art\u00e8res de la m\u00e9tropole abidjanaise, de grosses affiches \u00e0 l\u2019effigie du chanteur sourient aux passants. C\u2019est dire que de gros moyens ont \u00e9t\u00e9 d\u00e9gag\u00e9s pour imposer <strong><em>Qui va nous sauver?<\/em><\/strong> aux m\u00e9lomanes.<\/p>\n\n\n\n<p>Apr\u00e8s plus de 30 ans de carri\u00e8re ponctu\u00e9e de beaucoup de tubes, Isma\u00ebl Isaac marque un retour plus que fracassant sur la sc\u00e8ne musicale. Il ne reste plus que quelques heures pour qu\u2019Abidjan vive au rythme du reggae. <em>Y\u00f4r\u00f4 Magne<\/em> mais <em>Sira Kagne<\/em>. Il y a de l\u2019espoir\u2026<\/p>\n\n\n\n<p>DT<\/p>\n","protected":false},"excerpt":{"rendered":"<p>C\u2019est demain jeudi 20 ao\u00fbt 2020 qu\u2019Isma\u00ebl Isaac livre sa derni\u00e8re production discographique au public. Apr\u00e8s sa mise dans les circuits de distribution, l\u2019album sera officiellement pr\u00e9sent\u00e9 aux m\u00e9lomanes au cours d\u2019un cocktail de presse ce m\u00eame jour \u00e0 partir de 16 heures \u00e0 la R\u00e9sidence H\u00f4tel le Vaisseau \u00e0 Cocody II-Plateau 7\u00e8 Tranche. Les &hellip;<\/p>\n<p class=\"read-more\"> <a class=\"\" href=\"https:\/\/7culture.ci\/index.php\/2020\/09\/01\/musique-ismael-isaac-voit-de-lespoir\/\"> <span class=\"screen-reader-text\">MUSIQUE                                                             ISMA\u00cbL ISAAC VOIT DE L\u2019ESPOIR\u2026<\/span> Lire la suite\u00a0\u00bb<\/a><\/p>\n","protected":false},"author":2,"featured_media":3201,"comment_status":"open","ping_status":"closed","sticky":false,"template":"","format":"standard","meta":{"_mi_skip_tracking":false,"_monsterinsights_sitenote_active":false,"_monsterinsights_sitenote_note":"","_monsterinsights_sitenote_category":0,"site-sidebar-layout":"default","site-content-layout":"default","ast-global-header-display":"","ast-main-header-display":"","ast-hfb-above-header-display":"","ast-hfb-below-header-display":"","ast-hfb-mobile-header-display":"","site-post-title":"","ast-breadcrumbs-content":"","ast-featured-img":"","footer-sml-layout":"","theme-transparent-header-meta":"","adv-header-id-meta":"","stick-header-meta":"","header-above-stick-meta":"","header-main-stick-meta":"","header-below-stick-meta":"","footnotes":"","jetpack_publicize_message":"","jetpack_is_tweetstorm":false,"jetpack_publicize_feature_enabled":true},"categories":[16],"tags":[],"jetpack_publicize_connections":[],"acf":[],"aioseo_notices":[],"yoast_head":"<!-- This site is optimized with the Yoast SEO plugin v19.6.1 - https:\/\/yoast.com\/wordpress\/plugins\/seo\/ -->\n<title>MUSIQUE                               ISMA\u00cbL ISAAC VOIT DE L\u2019ESPOIR\u2026 - 7culture<\/title>\n<meta name=\"robots\" content=\"index, follow, max-snippet:-1, max-image-preview:large, max-video-preview:-1\" \/>\n<link rel=\"canonical\" href=\"https:\/\/7culture.ci\/index.php\/2020\/09\/01\/musique-ismael-isaac-voit-de-lespoir\/\" \/>\n<meta property=\"og:locale\" content=\"fr_FR\" \/>\n<meta property=\"og:type\" content=\"article\" \/>\n<meta property=\"og:title\" content=\"MUSIQUE                               ISMA\u00cbL ISAAC VOIT DE L\u2019ESPOIR\u2026 - 7culture\" \/>\n<meta property=\"og:description\" content=\"C\u2019est demain jeudi 20 ao\u00fbt 2020 qu\u2019Isma\u00ebl Isaac livre sa derni\u00e8re production discographique au public. Apr\u00e8s sa mise dans les circuits de distribution, l\u2019album sera officiellement pr\u00e9sent\u00e9 aux m\u00e9lomanes au cours d\u2019un cocktail de presse ce m\u00eame jour \u00e0 partir de 16 heures \u00e0 la R\u00e9sidence H\u00f4tel le Vaisseau \u00e0 Cocody II-Plateau 7\u00e8 Tranche. Les &hellip; MUSIQUE                               ISMA\u00cbL ISAAC VOIT DE L\u2019ESPOIR\u2026 Lire la suite\u00a0\u00bb\" \/>\n<meta property=\"og:url\" content=\"https:\/\/7culture.ci\/index.php\/2020\/09\/01\/musique-ismael-isaac-voit-de-lespoir\/\" \/>\n<meta property=\"og:site_name\" content=\"7culture\" \/>\n<meta property=\"article:publisher\" content=\"https:\/\/www.facebook.com\/redchefclaude\" \/>\n<meta property=\"article:published_time\" content=\"2020-09-01T13:36:03+00:00\" \/>\n<meta name=\"author\" content=\"Claude Kipre\" \/>\n<meta name=\"twitter:card\" content=\"summary_large_image\" \/>\n<meta name=\"twitter:creator\" content=\"@7culturec\" \/>\n<meta name=\"twitter:site\" content=\"@7culturec\" \/>\n<meta name=\"twitter:label1\" content=\"\u00c9crit par\" \/>\n\t<meta name=\"twitter:data1\" content=\"Claude Kipre\" \/>\n\t<meta name=\"twitter:label2\" content=\"Dur\u00e9e de lecture estim\u00e9e\" \/>\n\t<meta name=\"twitter:data2\" content=\"2 minutes\" \/>\n<script type=\"application\/ld+json\" class=\"yoast-schema-graph\">{\"@context\":\"https:\/\/schema.org\",\"@graph\":[{\"@type\":\"Article\",\"@id\":\"https:\/\/7culture.ci\/index.php\/2020\/09\/01\/musique-ismael-isaac-voit-de-lespoir\/#article\",\"isPartOf\":{\"@id\":\"https:\/\/7culture.ci\/index.php\/2020\/09\/01\/musique-ismael-isaac-voit-de-lespoir\/\"},\"author\":{\"name\":\"Claude Kipre\",\"@id\":\"https:\/\/7culture.ci\/#\/schema\/person\/64b5687ef9752cd031e11e98f4fd60b6\"},\"headline\":\"MUSIQUE ISMA\u00cbL ISAAC VOIT DE L\u2019ESPOIR\u2026\",\"datePublished\":\"2020-09-01T13:36:03+00:00\",\"dateModified\":\"2020-09-01T13:36:03+00:00\",\"mainEntityOfPage\":{\"@id\":\"https:\/\/7culture.ci\/index.php\/2020\/09\/01\/musique-ismael-isaac-voit-de-lespoir\/\"},\"wordCount\":340,\"commentCount\":0,\"publisher\":{\"@id\":\"https:\/\/7culture.ci\/#organization\"},\"articleSection\":[\"Musique\"],\"inLanguage\":\"fr-FR\",\"potentialAction\":[{\"@type\":\"CommentAction\",\"name\":\"Comment\",\"target\":[\"https:\/\/7culture.ci\/index.php\/2020\/09\/01\/musique-ismael-isaac-voit-de-lespoir\/#respond\"]}]},{\"@type\":\"WebPage\",\"@id\":\"https:\/\/7culture.ci\/index.php\/2020\/09\/01\/musique-ismael-isaac-voit-de-lespoir\/\",\"url\":\"https:\/\/7culture.ci\/index.php\/2020\/09\/01\/musique-ismael-isaac-voit-de-lespoir\/\",\"name\":\"MUSIQUE ISMA\u00cbL ISAAC VOIT DE L\u2019ESPOIR\u2026 - 7culture\",\"isPartOf\":{\"@id\":\"https:\/\/7culture.ci\/#website\"},\"datePublished\":\"2020-09-01T13:36:03+00:00\",\"dateModified\":\"2020-09-01T13:36:03+00:00\",\"breadcrumb\":{\"@id\":\"https:\/\/7culture.ci\/index.php\/2020\/09\/01\/musique-ismael-isaac-voit-de-lespoir\/#breadcrumb\"},\"inLanguage\":\"fr-FR\",\"potentialAction\":[{\"@type\":\"ReadAction\",\"target\":[\"https:\/\/7culture.ci\/index.php\/2020\/09\/01\/musique-ismael-isaac-voit-de-lespoir\/\"]}]},{\"@type\":\"BreadcrumbList\",\"@id\":\"https:\/\/7culture.ci\/index.php\/2020\/09\/01\/musique-ismael-isaac-voit-de-lespoir\/#breadcrumb\",\"itemListElement\":[{\"@type\":\"ListItem\",\"position\":1,\"name\":\"Accueil\",\"item\":\"https:\/\/7culture.ci\/\"},{\"@type\":\"ListItem\",\"position\":2,\"name\":\"MUSIQUE ISMA\u00cbL ISAAC VOIT DE L\u2019ESPOIR\u2026\"}]},{\"@type\":\"WebSite\",\"@id\":\"https:\/\/7culture.ci\/#website\",\"url\":\"https:\/\/7culture.ci\/\",\"name\":\"7culture\",\"description\":\"Tout sur l&#039;actualit\u00e9\",\"publisher\":{\"@id\":\"https:\/\/7culture.ci\/#organization\"},\"potentialAction\":[{\"@type\":\"SearchAction\",\"target\":{\"@type\":\"EntryPoint\",\"urlTemplate\":\"https:\/\/7culture.ci\/?s={search_term_string}\"},\"query-input\":\"required name=search_term_string\"}],\"inLanguage\":\"fr-FR\"},{\"@type\":\"Organization\",\"@id\":\"https:\/\/7culture.ci\/#organization\",\"name\":\"7culture\",\"url\":\"https:\/\/7culture.ci\/\",\"sameAs\":[\"https:\/\/www.facebook.com\/redchefclaude\",\"https:\/\/twitter.com\/7culturec\"],\"logo\":{\"@type\":\"ImageObject\",\"inLanguage\":\"fr-FR\",\"@id\":\"https:\/\/7culture.ci\/#\/schema\/logo\/image\/\",\"url\":\"https:\/\/7culture.ci\/wp-content\/uploads\/2021\/12\/S1a-1.png\",\"contentUrl\":\"https:\/\/7culture.ci\/wp-content\/uploads\/2021\/12\/S1a-1.png\",\"width\":588,\"height\":192,\"caption\":\"7culture\"},\"image\":{\"@id\":\"https:\/\/7culture.ci\/#\/schema\/logo\/image\/\"}},{\"@type\":\"Person\",\"@id\":\"https:\/\/7culture.ci\/#\/schema\/person\/64b5687ef9752cd031e11e98f4fd60b6\",\"name\":\"Claude Kipre\",\"image\":{\"@type\":\"ImageObject\",\"inLanguage\":\"fr-FR\",\"@id\":\"https:\/\/7culture.ci\/#\/schema\/person\/image\/\",\"url\":\"https:\/\/secure.gravatar.com\/avatar\/60e5007626848549b0d9b2ad9c53c9e8?s=96&d=mm&r=g\",\"contentUrl\":\"https:\/\/secure.gravatar.com\/avatar\/60e5007626848549b0d9b2ad9c53c9e8?s=96&d=mm&r=g\",\"caption\":\"Claude Kipre\"},\"url\":\"https:\/\/7culture.ci\/index.php\/author\/claude-kipre\/\"}]}<\/script>\n<!-- \/ Yoast SEO plugin. -->","yoast_head_json":{"title":"MUSIQUE                               ISMA\u00cbL ISAAC VOIT DE L\u2019ESPOIR\u2026 - 7culture","robots":{"index":"index","follow":"follow","max-snippet":"max-snippet:-1","max-image-preview":"max-image-preview:large","max-video-preview":"max-video-preview:-1"},"canonical":"https:\/\/7culture.ci\/index.php\/2020\/09\/01\/musique-ismael-isaac-voit-de-lespoir\/","og_locale":"fr_FR","og_type":"article","og_title":"MUSIQUE                               ISMA\u00cbL ISAAC VOIT DE L\u2019ESPOIR\u2026 - 7culture","og_description":"C\u2019est demain jeudi 20 ao\u00fbt 2020 qu\u2019Isma\u00ebl Isaac livre sa derni\u00e8re production discographique au public. Apr\u00e8s sa mise dans les circuits de distribution, l\u2019album sera officiellement pr\u00e9sent\u00e9 aux m\u00e9lomanes au cours d\u2019un cocktail de presse ce m\u00eame jour \u00e0 partir de 16 heures \u00e0 la R\u00e9sidence H\u00f4tel le Vaisseau \u00e0 Cocody II-Plateau 7\u00e8 Tranche. Les &hellip; MUSIQUE                               ISMA\u00cbL ISAAC VOIT DE L\u2019ESPOIR\u2026 Lire la suite\u00a0\u00bb","og_url":"https:\/\/7culture.ci\/index.php\/2020\/09\/01\/musique-ismael-isaac-voit-de-lespoir\/","og_site_name":"7culture","article_publisher":"https:\/\/www.facebook.com\/redchefclaude","article_published_time":"2020-09-01T13:36:03+00:00","author":"Claude Kipre","twitter_card":"summary_large_image","twitter_creator":"@7culturec","twitter_site":"@7culturec","twitter_misc":{"\u00c9crit par":"Claude Kipre","Dur\u00e9e de lecture estim\u00e9e":"2 minutes"},"schema":{"@context":"https:\/\/schema.org","@graph":[{"@type":"Article","@id":"https:\/\/7culture.ci\/index.php\/2020\/09\/01\/musique-ismael-isaac-voit-de-lespoir\/#article","isPartOf":{"@id":"https:\/\/7culture.ci\/index.php\/2020\/09\/01\/musique-ismael-isaac-voit-de-lespoir\/"},"author":{"name":"Claude Kipre","@id":"https:\/\/7culture.ci\/#\/schema\/person\/64b5687ef9752cd031e11e98f4fd60b6"},"headline":"MUSIQUE ISMA\u00cbL ISAAC VOIT DE L\u2019ESPOIR\u2026","datePublished":"2020-09-01T13:36:03+00:00","dateModified":"2020-09-01T13:36:03+00:00","mainEntityOfPage":{"@id":"https:\/\/7culture.ci\/index.php\/2020\/09\/01\/musique-ismael-isaac-voit-de-lespoir\/"},"wordCount":340,"commentCount":0,"publisher":{"@id":"https:\/\/7culture.ci\/#organization"},"articleSection":["Musique"],"inLanguage":"fr-FR","potentialAction":[{"@type":"CommentAction","name":"Comment","target":["https:\/\/7culture.ci\/index.php\/2020\/09\/01\/musique-ismael-isaac-voit-de-lespoir\/#respond"]}]},{"@type":"WebPage","@id":"https:\/\/7culture.ci\/index.php\/2020\/09\/01\/musique-ismael-isaac-voit-de-lespoir\/","url":"https:\/\/7culture.ci\/index.php\/2020\/09\/01\/musique-ismael-isaac-voit-de-lespoir\/","name":"MUSIQUE ISMA\u00cbL ISAAC VOIT DE L\u2019ESPOIR\u2026 - 7culture","isPartOf":{"@id":"https:\/\/7culture.ci\/#website"},"datePublished":"2020-09-01T13:36:03+00:00","dateModified":"2020-09-01T13:36:03+00:00","breadcrumb":{"@id":"https:\/\/7culture.ci\/index.php\/2020\/09\/01\/musique-ismael-isaac-voit-de-lespoir\/#breadcrumb"},"inLanguage":"fr-FR","potentialAction":[{"@type":"ReadAction","target":["https:\/\/7culture.ci\/index.php\/2020\/09\/01\/musique-ismael-isaac-voit-de-lespoir\/"]}]},{"@type":"BreadcrumbList","@id":"https:\/\/7culture.ci\/index.php\/2020\/09\/01\/musique-ismael-isaac-voit-de-lespoir\/#breadcrumb","itemListElement":[{"@type":"ListItem","position":1,"name":"Accueil","item":"https:\/\/7culture.ci\/"},{"@type":"ListItem","position":2,"name":"MUSIQUE ISMA\u00cbL ISAAC VOIT DE L\u2019ESPOIR\u2026"}]},{"@type":"WebSite","@id":"https:\/\/7culture.ci\/#website","url":"https:\/\/7culture.ci\/","name":"7culture","description":"Tout sur l&#039;actualit\u00e9","publisher":{"@id":"https:\/\/7culture.ci\/#organization"},"potentialAction":[{"@type":"SearchAction","target":{"@type":"EntryPoint","urlTemplate":"https:\/\/7culture.ci\/?s={search_term_string}"},"query-input":"required name=search_term_string"}],"inLanguage":"fr-FR"},{"@type":"Organization","@id":"https:\/\/7culture.ci\/#organization","name":"7culture","url":"https:\/\/7culture.ci\/","sameAs":["https:\/\/www.facebook.com\/redchefclaude","https:\/\/twitter.com\/7culturec"],"logo":{"@type":"ImageObject","inLanguage":"fr-FR","@id":"https:\/\/7culture.ci\/#\/schema\/logo\/image\/","url":"https:\/\/7culture.ci\/wp-content\/uploads\/2021\/12\/S1a-1.png","contentUrl":"https:\/\/7culture.ci\/wp-content\/uploads\/2021\/12\/S1a-1.png","width":588,"height":192,"caption":"7culture"},"image":{"@id":"https:\/\/7culture.ci\/#\/schema\/logo\/image\/"}},{"@type":"Person","@id":"https:\/\/7culture.ci\/#\/schema\/person\/64b5687ef9752cd031e11e98f4fd60b6","name":"Claude Kipre","image":{"@type":"ImageObject","inLanguage":"fr-FR","@id":"https:\/\/7culture.ci\/#\/schema\/person\/image\/","url":"https:\/\/secure.gravatar.com\/avatar\/60e5007626848549b0d9b2ad9c53c9e8?s=96&d=mm&r=g","contentUrl":"https:\/\/secure.gravatar.com\/avatar\/60e5007626848549b0d9b2ad9c53c9e8?s=96&d=mm&r=g","caption":"Claude Kipre"},"url":"https:\/\/7culture.ci\/index.php\/author\/claude-kipre\/"}]}},"jetpack_featured_media_url":"","jetpack_likes_enabled":true,"jetpack_sharing_enabled":true,"_links":{"self":[{"href":"https:\/\/7culture.ci\/index.php\/wp-json\/wp\/v2\/posts\/3198"}],"collection":[{"href":"https:\/\/7culture.ci\/index.php\/wp-json\/wp\/v2\/posts"}],"about":[{"href":"https:\/\/7culture.ci\/index.php\/wp-json\/wp\/v2\/types\/post"}],"author":[{"embeddable":true,"href":"https:\/\/7culture.ci\/index.php\/wp-json\/wp\/v2\/users\/2"}],"replies":[{"embeddable":true,"href":"https:\/\/7culture.ci\/index.php\/wp-json\/wp\/v2\/comments?post=3198"}],"version-history":[{"count":0,"href":"https:\/\/7culture.ci\/index.php\/wp-json\/wp\/v2\/posts\/3198\/revisions"}],"wp:featuredmedia":[{"embeddable":true,"href":"https:\/\/7culture.ci\/index.php\/wp-json\/"}],"wp:attachment":[{"href":"https:\/\/7culture.ci\/index.php\/wp-json\/wp\/v2\/media?parent=3198"}],"wp:term":[{"taxonomy":"category","embeddable":true,"href":"https:\/\/7culture.ci\/index.php\/wp-json\/wp\/v2\/categories?post=3198"},{"taxonomy":"post_tag","embeddable":true,"href":"https:\/\/7culture.ci\/index.php\/wp-json\/wp\/v2\/tags?post=3198"}],"curies":[{"name":"wp","href":"https:\/\/api.w.org\/{rel}","templated":true}]}}