{"id":3148,"date":"2020-09-01T11:05:33","date_gmt":"2020-09-01T11:05:33","guid":{"rendered":"https:\/\/7culture.ci\/index.php\/2020\/09\/01\/an-1-du-deces-darafat-on-sinterroge-encore\/"},"modified":"2020-09-01T11:05:33","modified_gmt":"2020-09-01T11:05:33","slug":"an-1-du-deces-darafat-on-sinterroge-encore","status":"publish","type":"post","link":"https:\/\/7culture.ci\/index.php\/2020\/09\/01\/an-1-du-deces-darafat-on-sinterroge-encore\/","title":{"rendered":"AN 1 DU DECES D\u2019ARAFAT                                                     ON S\\&#8217;INTERROGE ENCORE"},"content":{"rendered":"\n<p><\/p>\n\n\n\n<p>12 ao\u00fbt 2019-12 ao\u00fbt 2020. Cela fera un an aujourd\u2019hui qu\u2019Arafat DJ a trouv\u00e9 la mort dans un tragique accident de la circulation \u00e0 Cocody-Angr\u00e9, \u00e0 Abidjan. A la dimension de sa popularit\u00e9, des obs\u00e8ques grandioses ont \u00e9t\u00e9 organis\u00e9s au Stade F\u00e9lix Houphou\u00ebt-Boigny en pr\u00e9sence de nombreuses stars africaines (Koffi Olomid\u00e9, Roga Roga, Davido, Sidiki Diabat\u00e9, Didier Drogba\u2026), internationale comme Naza et des personnalit\u00e9s du show-biz (Jah Press, Guy Vincent Kodja, Claude Bassol\u00e9\u2026)&#8230; M\u00eame si sa d\u00e9pouille et sa derni\u00e8re demeure ont \u00e9t\u00e9 profan\u00e9es quelques heures apr\u00e8s son inhumation, DJ Arafat a eu droit un enterrement digne de son rang. Beaucoup a \u00e9t\u00e9 fait pour honorer la m\u00e9moire d\u2019Ange Didier Houon.<\/p>\n\n\n\n<p>Mais en plus de l\u2019\u00e9moi de cette brutale disparition, il y a eu des zones d\u2019ombre qui n\u2019ont jamais \u00e9t\u00e9 \u00e9lucid\u00e9s. Et qui, apparemment, ne pr\u00e9occupent plus personne. S\u2019il est connu publiquement que la star du couper-d\u00e9caler est morte \u00e0 la suite d\u2019un accident de moto, rien n\u2019a \u00e9t\u00e9 dit sur les circonstances exactes du drame. Arafat conduisait-il le bolide en \u00e9tat d\u2019\u00e9bri\u00e9t\u00e9? Ses compagnons du soir lui auraient-ils refus\u00e9 le guidon&nbsp;? Pourquoi et comment subitement a-t-il d\u00e9cid\u00e9 de se mettre sur sa moto&nbsp;? Du c\u00f4t\u00e9 du v\u00e9hicule que le chanteur a percut\u00e9, il y a aussi beaucoup de questions qui n\u2019ont jamais trouv\u00e9 de r\u00e9ponse.<\/p>\n\n\n\n<p>Aucune enqu\u00eate n\u2019a \u00e9t\u00e9 ouverte. Tout parait tellement normal comme pour un accident banal que personne ne veut parler alors qu\u2019il y a eu mort d\u2019homme et une bless\u00e9e grave. La conductrice de la voiture a \u00e9t\u00e9 intern\u00e9e durant plusieurs jours dans une clinique de Cocody \u00e0 Abidjan. Entre les deux victimes, qui a commis la faute pour que l\u2019irr\u00e9parable survienne&nbsp;? Ou bien tout est aussi \u00e9vident que personne n\u2019a voulu rien revendiquer. Tous coupables ou tous innocents ?<\/p>\n\n\n\n<p>DT<\/p>\n","protected":false},"excerpt":{"rendered":"<p>12 ao\u00fbt 2019-12 ao\u00fbt 2020. Cela fera un an aujourd\u2019hui qu\u2019Arafat DJ a trouv\u00e9 la mort dans un tragique accident de la circulation \u00e0 Cocody-Angr\u00e9, \u00e0 Abidjan. A la dimension de sa popularit\u00e9, des obs\u00e8ques grandioses ont \u00e9t\u00e9 organis\u00e9s au Stade F\u00e9lix Houphou\u00ebt-Boigny en pr\u00e9sence de nombreuses stars africaines (Koffi Olomid\u00e9, Roga Roga, Davido, Sidiki &hellip;<\/p>\n<p class=\"read-more\"> <a class=\"\" href=\"https:\/\/7culture.ci\/index.php\/2020\/09\/01\/an-1-du-deces-darafat-on-sinterroge-encore\/\"> <span class=\"screen-reader-text\">AN 1 DU DECES D\u2019ARAFAT                                                     ON S\\&#8217;INTERROGE ENCORE<\/span> Lire la suite\u00a0\u00bb<\/a><\/p>\n","protected":false},"author":2,"featured_media":3151,"comment_status":"open","ping_status":"closed","sticky":false,"template":"","format":"standard","meta":{"_mi_skip_tracking":false,"_monsterinsights_sitenote_active":false,"_monsterinsights_sitenote_note":"","_monsterinsights_sitenote_category":0,"site-sidebar-layout":"default","site-content-layout":"default","ast-global-header-display":"","ast-main-header-display":"","ast-hfb-above-header-display":"","ast-hfb-below-header-display":"","ast-hfb-mobile-header-display":"","site-post-title":"","ast-breadcrumbs-content":"","ast-featured-img":"","footer-sml-layout":"","theme-transparent-header-meta":"","adv-header-id-meta":"","stick-header-meta":"","header-above-stick-meta":"","header-main-stick-meta":"","header-below-stick-meta":"","footnotes":"","jetpack_publicize_message":"","jetpack_is_tweetstorm":false,"jetpack_publicize_feature_enabled":true},"categories":[22],"tags":[],"jetpack_publicize_connections":[],"acf":[],"aioseo_notices":[],"yoast_head":"<!-- This site is optimized with the Yoast SEO plugin v19.6.1 - https:\/\/yoast.com\/wordpress\/plugins\/seo\/ -->\n<title>AN 1 DU DECES D\u2019ARAFAT                           ON S\\&#039;INTERROGE ENCORE - 7culture<\/title>\n<meta name=\"robots\" content=\"index, follow, max-snippet:-1, max-image-preview:large, max-video-preview:-1\" \/>\n<link rel=\"canonical\" href=\"https:\/\/7culture.ci\/index.php\/2020\/09\/01\/an-1-du-deces-darafat-on-sinterroge-encore\/\" \/>\n<meta property=\"og:locale\" content=\"fr_FR\" \/>\n<meta property=\"og:type\" content=\"article\" \/>\n<meta property=\"og:title\" content=\"AN 1 DU DECES D\u2019ARAFAT                           ON S\\&#039;INTERROGE ENCORE - 7culture\" \/>\n<meta property=\"og:description\" content=\"12 ao\u00fbt 2019-12 ao\u00fbt 2020. Cela fera un an aujourd\u2019hui qu\u2019Arafat DJ a trouv\u00e9 la mort dans un tragique accident de la circulation \u00e0 Cocody-Angr\u00e9, \u00e0 Abidjan. A la dimension de sa popularit\u00e9, des obs\u00e8ques grandioses ont \u00e9t\u00e9 organis\u00e9s au Stade F\u00e9lix Houphou\u00ebt-Boigny en pr\u00e9sence de nombreuses stars africaines (Koffi Olomid\u00e9, Roga Roga, Davido, Sidiki &hellip; AN 1 DU DECES D\u2019ARAFAT                           ON S&#8217;INTERROGE ENCORE Lire la suite\u00a0\u00bb\" \/>\n<meta property=\"og:url\" content=\"https:\/\/7culture.ci\/index.php\/2020\/09\/01\/an-1-du-deces-darafat-on-sinterroge-encore\/\" \/>\n<meta property=\"og:site_name\" content=\"7culture\" \/>\n<meta property=\"article:publisher\" content=\"https:\/\/www.facebook.com\/redchefclaude\" \/>\n<meta property=\"article:published_time\" content=\"2020-09-01T11:05:33+00:00\" \/>\n<meta name=\"author\" content=\"Claude Kipre\" \/>\n<meta name=\"twitter:card\" content=\"summary_large_image\" \/>\n<meta name=\"twitter:creator\" content=\"@7culturec\" \/>\n<meta name=\"twitter:site\" content=\"@7culturec\" \/>\n<meta name=\"twitter:label1\" content=\"\u00c9crit par\" \/>\n\t<meta name=\"twitter:data1\" content=\"Claude Kipre\" \/>\n\t<meta name=\"twitter:label2\" content=\"Dur\u00e9e de lecture estim\u00e9e\" \/>\n\t<meta name=\"twitter:data2\" content=\"2 minutes\" \/>\n<script type=\"application\/ld+json\" class=\"yoast-schema-graph\">{\"@context\":\"https:\/\/schema.org\",\"@graph\":[{\"@type\":\"Article\",\"@id\":\"https:\/\/7culture.ci\/index.php\/2020\/09\/01\/an-1-du-deces-darafat-on-sinterroge-encore\/#article\",\"isPartOf\":{\"@id\":\"https:\/\/7culture.ci\/index.php\/2020\/09\/01\/an-1-du-deces-darafat-on-sinterroge-encore\/\"},\"author\":{\"name\":\"Claude Kipre\",\"@id\":\"https:\/\/7culture.ci\/#\/schema\/person\/64b5687ef9752cd031e11e98f4fd60b6\"},\"headline\":\"AN 1 DU DECES D\u2019ARAFAT ON S\\\\&#8217;INTERROGE ENCORE\",\"datePublished\":\"2020-09-01T11:05:33+00:00\",\"dateModified\":\"2020-09-01T11:05:33+00:00\",\"mainEntityOfPage\":{\"@id\":\"https:\/\/7culture.ci\/index.php\/2020\/09\/01\/an-1-du-deces-darafat-on-sinterroge-encore\/\"},\"wordCount\":344,\"commentCount\":0,\"publisher\":{\"@id\":\"https:\/\/7culture.ci\/#organization\"},\"articleSection\":[\"Actualit\u00e9\"],\"inLanguage\":\"fr-FR\",\"potentialAction\":[{\"@type\":\"CommentAction\",\"name\":\"Comment\",\"target\":[\"https:\/\/7culture.ci\/index.php\/2020\/09\/01\/an-1-du-deces-darafat-on-sinterroge-encore\/#respond\"]}]},{\"@type\":\"WebPage\",\"@id\":\"https:\/\/7culture.ci\/index.php\/2020\/09\/01\/an-1-du-deces-darafat-on-sinterroge-encore\/\",\"url\":\"https:\/\/7culture.ci\/index.php\/2020\/09\/01\/an-1-du-deces-darafat-on-sinterroge-encore\/\",\"name\":\"AN 1 DU DECES D\u2019ARAFAT ON S\\\\'INTERROGE ENCORE - 7culture\",\"isPartOf\":{\"@id\":\"https:\/\/7culture.ci\/#website\"},\"datePublished\":\"2020-09-01T11:05:33+00:00\",\"dateModified\":\"2020-09-01T11:05:33+00:00\",\"breadcrumb\":{\"@id\":\"https:\/\/7culture.ci\/index.php\/2020\/09\/01\/an-1-du-deces-darafat-on-sinterroge-encore\/#breadcrumb\"},\"inLanguage\":\"fr-FR\",\"potentialAction\":[{\"@type\":\"ReadAction\",\"target\":[\"https:\/\/7culture.ci\/index.php\/2020\/09\/01\/an-1-du-deces-darafat-on-sinterroge-encore\/\"]}]},{\"@type\":\"BreadcrumbList\",\"@id\":\"https:\/\/7culture.ci\/index.php\/2020\/09\/01\/an-1-du-deces-darafat-on-sinterroge-encore\/#breadcrumb\",\"itemListElement\":[{\"@type\":\"ListItem\",\"position\":1,\"name\":\"Accueil\",\"item\":\"https:\/\/7culture.ci\/\"},{\"@type\":\"ListItem\",\"position\":2,\"name\":\"AN 1 DU DECES D\u2019ARAFAT ON S\\\\&rsquo;INTERROGE ENCORE\"}]},{\"@type\":\"WebSite\",\"@id\":\"https:\/\/7culture.ci\/#website\",\"url\":\"https:\/\/7culture.ci\/\",\"name\":\"7culture\",\"description\":\"Tout sur l&#039;actualit\u00e9\",\"publisher\":{\"@id\":\"https:\/\/7culture.ci\/#organization\"},\"potentialAction\":[{\"@type\":\"SearchAction\",\"target\":{\"@type\":\"EntryPoint\",\"urlTemplate\":\"https:\/\/7culture.ci\/?s={search_term_string}\"},\"query-input\":\"required name=search_term_string\"}],\"inLanguage\":\"fr-FR\"},{\"@type\":\"Organization\",\"@id\":\"https:\/\/7culture.ci\/#organization\",\"name\":\"7culture\",\"url\":\"https:\/\/7culture.ci\/\",\"sameAs\":[\"https:\/\/www.facebook.com\/redchefclaude\",\"https:\/\/twitter.com\/7culturec\"],\"logo\":{\"@type\":\"ImageObject\",\"inLanguage\":\"fr-FR\",\"@id\":\"https:\/\/7culture.ci\/#\/schema\/logo\/image\/\",\"url\":\"https:\/\/7culture.ci\/wp-content\/uploads\/2021\/12\/S1a-1.png\",\"contentUrl\":\"https:\/\/7culture.ci\/wp-content\/uploads\/2021\/12\/S1a-1.png\",\"width\":588,\"height\":192,\"caption\":\"7culture\"},\"image\":{\"@id\":\"https:\/\/7culture.ci\/#\/schema\/logo\/image\/\"}},{\"@type\":\"Person\",\"@id\":\"https:\/\/7culture.ci\/#\/schema\/person\/64b5687ef9752cd031e11e98f4fd60b6\",\"name\":\"Claude Kipre\",\"image\":{\"@type\":\"ImageObject\",\"inLanguage\":\"fr-FR\",\"@id\":\"https:\/\/7culture.ci\/#\/schema\/person\/image\/\",\"url\":\"https:\/\/secure.gravatar.com\/avatar\/60e5007626848549b0d9b2ad9c53c9e8?s=96&d=mm&r=g\",\"contentUrl\":\"https:\/\/secure.gravatar.com\/avatar\/60e5007626848549b0d9b2ad9c53c9e8?s=96&d=mm&r=g\",\"caption\":\"Claude Kipre\"},\"url\":\"https:\/\/7culture.ci\/index.php\/author\/claude-kipre\/\"}]}<\/script>\n<!-- \/ Yoast SEO plugin. -->","yoast_head_json":{"title":"AN 1 DU DECES D\u2019ARAFAT                           ON S\\'INTERROGE ENCORE - 7culture","robots":{"index":"index","follow":"follow","max-snippet":"max-snippet:-1","max-image-preview":"max-image-preview:large","max-video-preview":"max-video-preview:-1"},"canonical":"https:\/\/7culture.ci\/index.php\/2020\/09\/01\/an-1-du-deces-darafat-on-sinterroge-encore\/","og_locale":"fr_FR","og_type":"article","og_title":"AN 1 DU DECES D\u2019ARAFAT                           ON S\\'INTERROGE ENCORE - 7culture","og_description":"12 ao\u00fbt 2019-12 ao\u00fbt 2020. Cela fera un an aujourd\u2019hui qu\u2019Arafat DJ a trouv\u00e9 la mort dans un tragique accident de la circulation \u00e0 Cocody-Angr\u00e9, \u00e0 Abidjan. A la dimension de sa popularit\u00e9, des obs\u00e8ques grandioses ont \u00e9t\u00e9 organis\u00e9s au Stade F\u00e9lix Houphou\u00ebt-Boigny en pr\u00e9sence de nombreuses stars africaines (Koffi Olomid\u00e9, Roga Roga, Davido, Sidiki &hellip; AN 1 DU DECES D\u2019ARAFAT                           ON S&#8217;INTERROGE ENCORE Lire la suite\u00a0\u00bb","og_url":"https:\/\/7culture.ci\/index.php\/2020\/09\/01\/an-1-du-deces-darafat-on-sinterroge-encore\/","og_site_name":"7culture","article_publisher":"https:\/\/www.facebook.com\/redchefclaude","article_published_time":"2020-09-01T11:05:33+00:00","author":"Claude Kipre","twitter_card":"summary_large_image","twitter_creator":"@7culturec","twitter_site":"@7culturec","twitter_misc":{"\u00c9crit par":"Claude Kipre","Dur\u00e9e de lecture estim\u00e9e":"2 minutes"},"schema":{"@context":"https:\/\/schema.org","@graph":[{"@type":"Article","@id":"https:\/\/7culture.ci\/index.php\/2020\/09\/01\/an-1-du-deces-darafat-on-sinterroge-encore\/#article","isPartOf":{"@id":"https:\/\/7culture.ci\/index.php\/2020\/09\/01\/an-1-du-deces-darafat-on-sinterroge-encore\/"},"author":{"name":"Claude Kipre","@id":"https:\/\/7culture.ci\/#\/schema\/person\/64b5687ef9752cd031e11e98f4fd60b6"},"headline":"AN 1 DU DECES D\u2019ARAFAT ON S\\&#8217;INTERROGE ENCORE","datePublished":"2020-09-01T11:05:33+00:00","dateModified":"2020-09-01T11:05:33+00:00","mainEntityOfPage":{"@id":"https:\/\/7culture.ci\/index.php\/2020\/09\/01\/an-1-du-deces-darafat-on-sinterroge-encore\/"},"wordCount":344,"commentCount":0,"publisher":{"@id":"https:\/\/7culture.ci\/#organization"},"articleSection":["Actualit\u00e9"],"inLanguage":"fr-FR","potentialAction":[{"@type":"CommentAction","name":"Comment","target":["https:\/\/7culture.ci\/index.php\/2020\/09\/01\/an-1-du-deces-darafat-on-sinterroge-encore\/#respond"]}]},{"@type":"WebPage","@id":"https:\/\/7culture.ci\/index.php\/2020\/09\/01\/an-1-du-deces-darafat-on-sinterroge-encore\/","url":"https:\/\/7culture.ci\/index.php\/2020\/09\/01\/an-1-du-deces-darafat-on-sinterroge-encore\/","name":"AN 1 DU DECES D\u2019ARAFAT ON S\\'INTERROGE ENCORE - 7culture","isPartOf":{"@id":"https:\/\/7culture.ci\/#website"},"datePublished":"2020-09-01T11:05:33+00:00","dateModified":"2020-09-01T11:05:33+00:00","breadcrumb":{"@id":"https:\/\/7culture.ci\/index.php\/2020\/09\/01\/an-1-du-deces-darafat-on-sinterroge-encore\/#breadcrumb"},"inLanguage":"fr-FR","potentialAction":[{"@type":"ReadAction","target":["https:\/\/7culture.ci\/index.php\/2020\/09\/01\/an-1-du-deces-darafat-on-sinterroge-encore\/"]}]},{"@type":"BreadcrumbList","@id":"https:\/\/7culture.ci\/index.php\/2020\/09\/01\/an-1-du-deces-darafat-on-sinterroge-encore\/#breadcrumb","itemListElement":[{"@type":"ListItem","position":1,"name":"Accueil","item":"https:\/\/7culture.ci\/"},{"@type":"ListItem","position":2,"name":"AN 1 DU DECES D\u2019ARAFAT ON S\\&rsquo;INTERROGE ENCORE"}]},{"@type":"WebSite","@id":"https:\/\/7culture.ci\/#website","url":"https:\/\/7culture.ci\/","name":"7culture","description":"Tout sur l&#039;actualit\u00e9","publisher":{"@id":"https:\/\/7culture.ci\/#organization"},"potentialAction":[{"@type":"SearchAction","target":{"@type":"EntryPoint","urlTemplate":"https:\/\/7culture.ci\/?s={search_term_string}"},"query-input":"required name=search_term_string"}],"inLanguage":"fr-FR"},{"@type":"Organization","@id":"https:\/\/7culture.ci\/#organization","name":"7culture","url":"https:\/\/7culture.ci\/","sameAs":["https:\/\/www.facebook.com\/redchefclaude","https:\/\/twitter.com\/7culturec"],"logo":{"@type":"ImageObject","inLanguage":"fr-FR","@id":"https:\/\/7culture.ci\/#\/schema\/logo\/image\/","url":"https:\/\/7culture.ci\/wp-content\/uploads\/2021\/12\/S1a-1.png","contentUrl":"https:\/\/7culture.ci\/wp-content\/uploads\/2021\/12\/S1a-1.png","width":588,"height":192,"caption":"7culture"},"image":{"@id":"https:\/\/7culture.ci\/#\/schema\/logo\/image\/"}},{"@type":"Person","@id":"https:\/\/7culture.ci\/#\/schema\/person\/64b5687ef9752cd031e11e98f4fd60b6","name":"Claude Kipre","image":{"@type":"ImageObject","inLanguage":"fr-FR","@id":"https:\/\/7culture.ci\/#\/schema\/person\/image\/","url":"https:\/\/secure.gravatar.com\/avatar\/60e5007626848549b0d9b2ad9c53c9e8?s=96&d=mm&r=g","contentUrl":"https:\/\/secure.gravatar.com\/avatar\/60e5007626848549b0d9b2ad9c53c9e8?s=96&d=mm&r=g","caption":"Claude Kipre"},"url":"https:\/\/7culture.ci\/index.php\/author\/claude-kipre\/"}]}},"jetpack_featured_media_url":"","jetpack_likes_enabled":true,"jetpack_sharing_enabled":true,"_links":{"self":[{"href":"https:\/\/7culture.ci\/index.php\/wp-json\/wp\/v2\/posts\/3148"}],"collection":[{"href":"https:\/\/7culture.ci\/index.php\/wp-json\/wp\/v2\/posts"}],"about":[{"href":"https:\/\/7culture.ci\/index.php\/wp-json\/wp\/v2\/types\/post"}],"author":[{"embeddable":true,"href":"https:\/\/7culture.ci\/index.php\/wp-json\/wp\/v2\/users\/2"}],"replies":[{"embeddable":true,"href":"https:\/\/7culture.ci\/index.php\/wp-json\/wp\/v2\/comments?post=3148"}],"version-history":[{"count":0,"href":"https:\/\/7culture.ci\/index.php\/wp-json\/wp\/v2\/posts\/3148\/revisions"}],"wp:featuredmedia":[{"embeddable":true,"href":"https:\/\/7culture.ci\/index.php\/wp-json\/"}],"wp:attachment":[{"href":"https:\/\/7culture.ci\/index.php\/wp-json\/wp\/v2\/media?parent=3148"}],"wp:term":[{"taxonomy":"category","embeddable":true,"href":"https:\/\/7culture.ci\/index.php\/wp-json\/wp\/v2\/categories?post=3148"},{"taxonomy":"post_tag","embeddable":true,"href":"https:\/\/7culture.ci\/index.php\/wp-json\/wp\/v2\/tags?post=3148"}],"curies":[{"name":"wp","href":"https:\/\/api.w.org\/{rel}","templated":true}]}}