{"id":2917,"date":"2020-08-31T12:42:46","date_gmt":"2020-08-31T12:42:46","guid":{"rendered":"https:\/\/7culture.ci\/index.php\/2020\/08\/31\/medias-georges-aboke-encore-promu-dg\/"},"modified":"2020-08-31T12:42:46","modified_gmt":"2020-08-31T12:42:46","slug":"medias-georges-aboke-encore-promu-dg","status":"publish","type":"post","link":"https:\/\/7culture.ci\/index.php\/2020\/08\/31\/medias-georges-aboke-encore-promu-dg\/","title":{"rendered":"GEORGES ABOKE ENCORE PROMU DG"},"content":{"rendered":"\n<p>Dans un communiqu\u00e9 rendu public hier mardi 4 ao\u00fbt 2020, l\u2019ivoirien Georges Wenceslas Saimby Abok\u00e9 a \u00e9t\u00e9 promu Directeur G\u00e9n\u00e9ral de MS Consulting, promoteur de la chaine de t\u00e9l\u00e9, Label TV et de la station Label radio, bas\u00e9 \u00e0 Libreville au Gabon. Propri\u00e9t\u00e9 du S\u00e9n\u00e9galais Mactar Silla, Label TV est un m\u00e9dia g\u00e9n\u00e9raliste et ind\u00e9pendants \u00e0 vocation internationale. M\u00c9DIAS\/GEORGES ABOKE\u00e9ral de la RTI et ex conseiller \u00e0 la Pr\u00e9sidence de la R\u00e9publique de C\u00f4te d\u2019Ivoire, Georges Abok\u00e9 a rejoint Label TV en 2018. En plus de la pr\u00e9sentation d\u2019\u00e9missions, l\u2019ex animateur de la \u00ab c\u00e9l\u00e8bre production de la t\u00e9l\u00e9 ivoirienne \u00ab Tempo \u00bb, avait de nombreuses responsabilit\u00e9s. Au regard de son travail, le conseil d\u2019administration a d\u00e9cid\u00e9 de lui confier les destin\u00e9es du Groupe en qualit\u00e9 de DG.<\/p>\n\n\n\n<p>CK<\/p>\n","protected":false},"excerpt":{"rendered":"<p>Dans un communiqu\u00e9 rendu public hier mardi 4 ao\u00fbt 2020, l\u2019ivoirien Georges Wenceslas Saimby Abok\u00e9 a \u00e9t\u00e9 promu Directeur G\u00e9n\u00e9ral de MS Consulting, promoteur de la chaine de t\u00e9l\u00e9, Label TV et de la station Label radio, bas\u00e9 \u00e0 Libreville au Gabon. Propri\u00e9t\u00e9 du S\u00e9n\u00e9galais Mactar Silla, Label TV est un m\u00e9dia g\u00e9n\u00e9raliste et ind\u00e9pendants &hellip;<\/p>\n<p class=\"read-more\"> <a class=\"\" href=\"https:\/\/7culture.ci\/index.php\/2020\/08\/31\/medias-georges-aboke-encore-promu-dg\/\"> <span class=\"screen-reader-text\">GEORGES ABOKE ENCORE PROMU DG<\/span> Lire la suite\u00a0\u00bb<\/a><\/p>\n","protected":false},"author":2,"featured_media":2929,"comment_status":"open","ping_status":"closed","sticky":false,"template":"","format":"quote","meta":{"_mi_skip_tracking":false,"_monsterinsights_sitenote_active":false,"_monsterinsights_sitenote_note":"","_monsterinsights_sitenote_category":0,"site-sidebar-layout":"default","site-content-layout":"default","ast-global-header-display":"","ast-main-header-display":"","ast-hfb-above-header-display":"","ast-hfb-below-header-display":"","ast-hfb-mobile-header-display":"","site-post-title":"","ast-breadcrumbs-content":"","ast-featured-img":"","footer-sml-layout":"","theme-transparent-header-meta":"","adv-header-id-meta":"","stick-header-meta":"","header-above-stick-meta":"","header-main-stick-meta":"","header-below-stick-meta":"","footnotes":"","jetpack_publicize_message":"","jetpack_is_tweetstorm":false,"jetpack_publicize_feature_enabled":true},"categories":[33],"tags":[29,30,31,32,34],"jetpack_publicize_connections":[],"acf":[],"aioseo_notices":[],"yoast_head":"<!-- This site is optimized with the Yoast SEO plugin v19.6.1 - https:\/\/yoast.com\/wordpress\/plugins\/seo\/ -->\n<title>GEORGES ABOKE ENCORE PROMU DG - 7culture<\/title>\n<meta name=\"robots\" content=\"index, follow, max-snippet:-1, max-image-preview:large, max-video-preview:-1\" \/>\n<link rel=\"canonical\" href=\"https:\/\/7culture.ci\/index.php\/2020\/08\/31\/medias-georges-aboke-encore-promu-dg\/\" \/>\n<meta property=\"og:locale\" content=\"fr_FR\" \/>\n<meta property=\"og:type\" content=\"article\" \/>\n<meta property=\"og:title\" content=\"GEORGES ABOKE ENCORE PROMU DG - 7culture\" \/>\n<meta property=\"og:description\" content=\"Dans un communiqu\u00e9 rendu public hier mardi 4 ao\u00fbt 2020, l\u2019ivoirien Georges Wenceslas Saimby Abok\u00e9 a \u00e9t\u00e9 promu Directeur G\u00e9n\u00e9ral de MS Consulting, promoteur de la chaine de t\u00e9l\u00e9, Label TV et de la station Label radio, bas\u00e9 \u00e0 Libreville au Gabon. Propri\u00e9t\u00e9 du S\u00e9n\u00e9galais Mactar Silla, Label TV est un m\u00e9dia g\u00e9n\u00e9raliste et ind\u00e9pendants &hellip; GEORGES ABOKE ENCORE PROMU DG Lire la suite\u00a0\u00bb\" \/>\n<meta property=\"og:url\" content=\"https:\/\/7culture.ci\/index.php\/2020\/08\/31\/medias-georges-aboke-encore-promu-dg\/\" \/>\n<meta property=\"og:site_name\" content=\"7culture\" \/>\n<meta property=\"article:publisher\" content=\"https:\/\/www.facebook.com\/redchefclaude\" \/>\n<meta property=\"article:published_time\" content=\"2020-08-31T12:42:46+00:00\" \/>\n<meta name=\"author\" content=\"Claude Kipre\" \/>\n<meta name=\"twitter:card\" content=\"summary_large_image\" \/>\n<meta name=\"twitter:creator\" content=\"@7culturec\" \/>\n<meta name=\"twitter:site\" content=\"@7culturec\" \/>\n<meta name=\"twitter:label1\" content=\"\u00c9crit par\" \/>\n\t<meta name=\"twitter:data1\" content=\"Claude Kipre\" \/>\n\t<meta name=\"twitter:label2\" content=\"Dur\u00e9e de lecture estim\u00e9e\" \/>\n\t<meta name=\"twitter:data2\" content=\"1 minute\" \/>\n<script type=\"application\/ld+json\" class=\"yoast-schema-graph\">{\"@context\":\"https:\/\/schema.org\",\"@graph\":[{\"@type\":\"Article\",\"@id\":\"https:\/\/7culture.ci\/index.php\/2020\/08\/31\/medias-georges-aboke-encore-promu-dg\/#article\",\"isPartOf\":{\"@id\":\"https:\/\/7culture.ci\/index.php\/2020\/08\/31\/medias-georges-aboke-encore-promu-dg\/\"},\"author\":{\"name\":\"Claude Kipre\",\"@id\":\"https:\/\/7culture.ci\/#\/schema\/person\/64b5687ef9752cd031e11e98f4fd60b6\"},\"headline\":\"GEORGES ABOKE ENCORE PROMU DG\",\"datePublished\":\"2020-08-31T12:42:46+00:00\",\"dateModified\":\"2020-08-31T12:42:46+00:00\",\"mainEntityOfPage\":{\"@id\":\"https:\/\/7culture.ci\/index.php\/2020\/08\/31\/medias-georges-aboke-encore-promu-dg\/\"},\"wordCount\":154,\"commentCount\":0,\"publisher\":{\"@id\":\"https:\/\/7culture.ci\/#organization\"},\"keywords\":[\"2018\",\"Gabon\",\"Georges ABOKE\",\"Label TV\",\"M\u00e9dias\"],\"articleSection\":[\"M\u00e9dia\"],\"inLanguage\":\"fr-FR\",\"potentialAction\":[{\"@type\":\"CommentAction\",\"name\":\"Comment\",\"target\":[\"https:\/\/7culture.ci\/index.php\/2020\/08\/31\/medias-georges-aboke-encore-promu-dg\/#respond\"]}]},{\"@type\":\"WebPage\",\"@id\":\"https:\/\/7culture.ci\/index.php\/2020\/08\/31\/medias-georges-aboke-encore-promu-dg\/\",\"url\":\"https:\/\/7culture.ci\/index.php\/2020\/08\/31\/medias-georges-aboke-encore-promu-dg\/\",\"name\":\"GEORGES ABOKE ENCORE PROMU DG - 7culture\",\"isPartOf\":{\"@id\":\"https:\/\/7culture.ci\/#website\"},\"datePublished\":\"2020-08-31T12:42:46+00:00\",\"dateModified\":\"2020-08-31T12:42:46+00:00\",\"breadcrumb\":{\"@id\":\"https:\/\/7culture.ci\/index.php\/2020\/08\/31\/medias-georges-aboke-encore-promu-dg\/#breadcrumb\"},\"inLanguage\":\"fr-FR\",\"potentialAction\":[{\"@type\":\"ReadAction\",\"target\":[\"https:\/\/7culture.ci\/index.php\/2020\/08\/31\/medias-georges-aboke-encore-promu-dg\/\"]}]},{\"@type\":\"BreadcrumbList\",\"@id\":\"https:\/\/7culture.ci\/index.php\/2020\/08\/31\/medias-georges-aboke-encore-promu-dg\/#breadcrumb\",\"itemListElement\":[{\"@type\":\"ListItem\",\"position\":1,\"name\":\"Accueil\",\"item\":\"https:\/\/7culture.ci\/\"},{\"@type\":\"ListItem\",\"position\":2,\"name\":\"GEORGES ABOKE ENCORE PROMU DG\"}]},{\"@type\":\"WebSite\",\"@id\":\"https:\/\/7culture.ci\/#website\",\"url\":\"https:\/\/7culture.ci\/\",\"name\":\"7culture\",\"description\":\"Tout sur l&#039;actualit\u00e9\",\"publisher\":{\"@id\":\"https:\/\/7culture.ci\/#organization\"},\"potentialAction\":[{\"@type\":\"SearchAction\",\"target\":{\"@type\":\"EntryPoint\",\"urlTemplate\":\"https:\/\/7culture.ci\/?s={search_term_string}\"},\"query-input\":\"required name=search_term_string\"}],\"inLanguage\":\"fr-FR\"},{\"@type\":\"Organization\",\"@id\":\"https:\/\/7culture.ci\/#organization\",\"name\":\"7culture\",\"url\":\"https:\/\/7culture.ci\/\",\"sameAs\":[\"https:\/\/www.facebook.com\/redchefclaude\",\"https:\/\/twitter.com\/7culturec\"],\"logo\":{\"@type\":\"ImageObject\",\"inLanguage\":\"fr-FR\",\"@id\":\"https:\/\/7culture.ci\/#\/schema\/logo\/image\/\",\"url\":\"https:\/\/7culture.ci\/wp-content\/uploads\/2021\/12\/S1a-1.png\",\"contentUrl\":\"https:\/\/7culture.ci\/wp-content\/uploads\/2021\/12\/S1a-1.png\",\"width\":588,\"height\":192,\"caption\":\"7culture\"},\"image\":{\"@id\":\"https:\/\/7culture.ci\/#\/schema\/logo\/image\/\"}},{\"@type\":\"Person\",\"@id\":\"https:\/\/7culture.ci\/#\/schema\/person\/64b5687ef9752cd031e11e98f4fd60b6\",\"name\":\"Claude Kipre\",\"image\":{\"@type\":\"ImageObject\",\"inLanguage\":\"fr-FR\",\"@id\":\"https:\/\/7culture.ci\/#\/schema\/person\/image\/\",\"url\":\"https:\/\/secure.gravatar.com\/avatar\/60e5007626848549b0d9b2ad9c53c9e8?s=96&d=mm&r=g\",\"contentUrl\":\"https:\/\/secure.gravatar.com\/avatar\/60e5007626848549b0d9b2ad9c53c9e8?s=96&d=mm&r=g\",\"caption\":\"Claude Kipre\"},\"url\":\"https:\/\/7culture.ci\/index.php\/author\/claude-kipre\/\"}]}<\/script>\n<!-- \/ Yoast SEO plugin. -->","yoast_head_json":{"title":"GEORGES ABOKE ENCORE PROMU DG - 7culture","robots":{"index":"index","follow":"follow","max-snippet":"max-snippet:-1","max-image-preview":"max-image-preview:large","max-video-preview":"max-video-preview:-1"},"canonical":"https:\/\/7culture.ci\/index.php\/2020\/08\/31\/medias-georges-aboke-encore-promu-dg\/","og_locale":"fr_FR","og_type":"article","og_title":"GEORGES ABOKE ENCORE PROMU DG - 7culture","og_description":"Dans un communiqu\u00e9 rendu public hier mardi 4 ao\u00fbt 2020, l\u2019ivoirien Georges Wenceslas Saimby Abok\u00e9 a \u00e9t\u00e9 promu Directeur G\u00e9n\u00e9ral de MS Consulting, promoteur de la chaine de t\u00e9l\u00e9, Label TV et de la station Label radio, bas\u00e9 \u00e0 Libreville au Gabon. Propri\u00e9t\u00e9 du S\u00e9n\u00e9galais Mactar Silla, Label TV est un m\u00e9dia g\u00e9n\u00e9raliste et ind\u00e9pendants &hellip; GEORGES ABOKE ENCORE PROMU DG Lire la suite\u00a0\u00bb","og_url":"https:\/\/7culture.ci\/index.php\/2020\/08\/31\/medias-georges-aboke-encore-promu-dg\/","og_site_name":"7culture","article_publisher":"https:\/\/www.facebook.com\/redchefclaude","article_published_time":"2020-08-31T12:42:46+00:00","author":"Claude Kipre","twitter_card":"summary_large_image","twitter_creator":"@7culturec","twitter_site":"@7culturec","twitter_misc":{"\u00c9crit par":"Claude Kipre","Dur\u00e9e de lecture estim\u00e9e":"1 minute"},"schema":{"@context":"https:\/\/schema.org","@graph":[{"@type":"Article","@id":"https:\/\/7culture.ci\/index.php\/2020\/08\/31\/medias-georges-aboke-encore-promu-dg\/#article","isPartOf":{"@id":"https:\/\/7culture.ci\/index.php\/2020\/08\/31\/medias-georges-aboke-encore-promu-dg\/"},"author":{"name":"Claude Kipre","@id":"https:\/\/7culture.ci\/#\/schema\/person\/64b5687ef9752cd031e11e98f4fd60b6"},"headline":"GEORGES ABOKE ENCORE PROMU DG","datePublished":"2020-08-31T12:42:46+00:00","dateModified":"2020-08-31T12:42:46+00:00","mainEntityOfPage":{"@id":"https:\/\/7culture.ci\/index.php\/2020\/08\/31\/medias-georges-aboke-encore-promu-dg\/"},"wordCount":154,"commentCount":0,"publisher":{"@id":"https:\/\/7culture.ci\/#organization"},"keywords":["2018","Gabon","Georges ABOKE","Label TV","M\u00e9dias"],"articleSection":["M\u00e9dia"],"inLanguage":"fr-FR","potentialAction":[{"@type":"CommentAction","name":"Comment","target":["https:\/\/7culture.ci\/index.php\/2020\/08\/31\/medias-georges-aboke-encore-promu-dg\/#respond"]}]},{"@type":"WebPage","@id":"https:\/\/7culture.ci\/index.php\/2020\/08\/31\/medias-georges-aboke-encore-promu-dg\/","url":"https:\/\/7culture.ci\/index.php\/2020\/08\/31\/medias-georges-aboke-encore-promu-dg\/","name":"GEORGES ABOKE ENCORE PROMU DG - 7culture","isPartOf":{"@id":"https:\/\/7culture.ci\/#website"},"datePublished":"2020-08-31T12:42:46+00:00","dateModified":"2020-08-31T12:42:46+00:00","breadcrumb":{"@id":"https:\/\/7culture.ci\/index.php\/2020\/08\/31\/medias-georges-aboke-encore-promu-dg\/#breadcrumb"},"inLanguage":"fr-FR","potentialAction":[{"@type":"ReadAction","target":["https:\/\/7culture.ci\/index.php\/2020\/08\/31\/medias-georges-aboke-encore-promu-dg\/"]}]},{"@type":"BreadcrumbList","@id":"https:\/\/7culture.ci\/index.php\/2020\/08\/31\/medias-georges-aboke-encore-promu-dg\/#breadcrumb","itemListElement":[{"@type":"ListItem","position":1,"name":"Accueil","item":"https:\/\/7culture.ci\/"},{"@type":"ListItem","position":2,"name":"GEORGES ABOKE ENCORE PROMU DG"}]},{"@type":"WebSite","@id":"https:\/\/7culture.ci\/#website","url":"https:\/\/7culture.ci\/","name":"7culture","description":"Tout sur l&#039;actualit\u00e9","publisher":{"@id":"https:\/\/7culture.ci\/#organization"},"potentialAction":[{"@type":"SearchAction","target":{"@type":"EntryPoint","urlTemplate":"https:\/\/7culture.ci\/?s={search_term_string}"},"query-input":"required name=search_term_string"}],"inLanguage":"fr-FR"},{"@type":"Organization","@id":"https:\/\/7culture.ci\/#organization","name":"7culture","url":"https:\/\/7culture.ci\/","sameAs":["https:\/\/www.facebook.com\/redchefclaude","https:\/\/twitter.com\/7culturec"],"logo":{"@type":"ImageObject","inLanguage":"fr-FR","@id":"https:\/\/7culture.ci\/#\/schema\/logo\/image\/","url":"https:\/\/7culture.ci\/wp-content\/uploads\/2021\/12\/S1a-1.png","contentUrl":"https:\/\/7culture.ci\/wp-content\/uploads\/2021\/12\/S1a-1.png","width":588,"height":192,"caption":"7culture"},"image":{"@id":"https:\/\/7culture.ci\/#\/schema\/logo\/image\/"}},{"@type":"Person","@id":"https:\/\/7culture.ci\/#\/schema\/person\/64b5687ef9752cd031e11e98f4fd60b6","name":"Claude Kipre","image":{"@type":"ImageObject","inLanguage":"fr-FR","@id":"https:\/\/7culture.ci\/#\/schema\/person\/image\/","url":"https:\/\/secure.gravatar.com\/avatar\/60e5007626848549b0d9b2ad9c53c9e8?s=96&d=mm&r=g","contentUrl":"https:\/\/secure.gravatar.com\/avatar\/60e5007626848549b0d9b2ad9c53c9e8?s=96&d=mm&r=g","caption":"Claude Kipre"},"url":"https:\/\/7culture.ci\/index.php\/author\/claude-kipre\/"}]}},"jetpack_featured_media_url":"","jetpack_likes_enabled":true,"jetpack_sharing_enabled":true,"_links":{"self":[{"href":"https:\/\/7culture.ci\/index.php\/wp-json\/wp\/v2\/posts\/2917"}],"collection":[{"href":"https:\/\/7culture.ci\/index.php\/wp-json\/wp\/v2\/posts"}],"about":[{"href":"https:\/\/7culture.ci\/index.php\/wp-json\/wp\/v2\/types\/post"}],"author":[{"embeddable":true,"href":"https:\/\/7culture.ci\/index.php\/wp-json\/wp\/v2\/users\/2"}],"replies":[{"embeddable":true,"href":"https:\/\/7culture.ci\/index.php\/wp-json\/wp\/v2\/comments?post=2917"}],"version-history":[{"count":0,"href":"https:\/\/7culture.ci\/index.php\/wp-json\/wp\/v2\/posts\/2917\/revisions"}],"wp:featuredmedia":[{"embeddable":true,"href":"https:\/\/7culture.ci\/index.php\/wp-json\/"}],"wp:attachment":[{"href":"https:\/\/7culture.ci\/index.php\/wp-json\/wp\/v2\/media?parent=2917"}],"wp:term":[{"taxonomy":"category","embeddable":true,"href":"https:\/\/7culture.ci\/index.php\/wp-json\/wp\/v2\/categories?post=2917"},{"taxonomy":"post_tag","embeddable":true,"href":"https:\/\/7culture.ci\/index.php\/wp-json\/wp\/v2\/tags?post=2917"}],"curies":[{"name":"wp","href":"https:\/\/api.w.org\/{rel}","templated":true}]}}