{"id":27288,"date":"2026-04-29T14:43:31","date_gmt":"2026-04-29T14:43:31","guid":{"rendered":"https:\/\/7culture.ci\/?p=27288"},"modified":"2026-04-29T14:43:32","modified_gmt":"2026-04-29T14:43:32","slug":"masa-fashion-art-anderson-d-impose-sa-touche-avec-urban-chic","status":"publish","type":"post","link":"https:\/\/7culture.ci\/index.php\/2026\/04\/29\/masa-fashion-art-anderson-d-impose-sa-touche-avec-urban-chic\/","title":{"rendered":"Masa Fashion Art : Anderson D. impose sa \u00ab touche \u00bb avec \u2018\u2019Urban Chic\u2019\u2019"},"content":{"rendered":"\n<p><em>Devant la Premi\u00e8re Dame Dominique Ouattara et un parterre de personnalit\u00e9s, le cr\u00e9ateur ivoirien Anderson D. a d\u00e9voil\u00e9 le 13 mars 2026 sa collection \u00ab Urban Chic \u00bb au MASA. Huit tenues entre sobri\u00e9t\u00e9 et excentricit\u00e9, annonciatrices d\u2019un virage pr\u00eat-\u00e0-porter.<\/em><\/p>\n\n\n\n<p>La mode a brill\u00e9 de mille feux le lundi 13 avril 2026 Masa Fashion Art, en pr\u00e9sence de Dominique Ouattara, Premi\u00e8re dame de C\u00f4te d\u2019Ivoire, et de nombreuses personnalit\u00e9s. Dix cr\u00e9ateurs, cinquante mannequins et une sc\u00e8ne vibrante de cr\u00e9ativit\u00e9 ont c\u00e9l\u00e9br\u00e9 l\u2019audace et l\u2019\u00e9l\u00e9gance africaine. Parmi eux, Anderson D. a marqu\u00e9 les esprits. \u00ab <em>Je suis satisfait parce que j&#8217;ai \u00e9t\u00e9 tr\u00e8s heureux de participer \u00e0 ce grand \u00e9v\u00e8nement. \u00c7a a \u00e9t\u00e9 une tr\u00e8s belle aubaine devant un tr\u00e8s beau parterre de personnalit\u00e9s. \u00c7a a \u00e9t\u00e9 vraiment tr\u00e8s int\u00e9ressant pour moi<\/em> \u00bb, confie le cr\u00e9ateur.<\/p>\n\n\n\n<figure class=\"wp-block-gallery has-nested-images columns-default is-cropped wp-block-gallery-1 is-layout-flex wp-block-gallery-is-layout-flex\">\n<figure class=\"wp-block-image size-large\"><img loading=\"lazy\" decoding=\"async\" width=\"819\" height=\"1024\" data-id=\"27291\" src=\"https:\/\/7culture.ci\/wp-content\/uploads\/2026\/04\/670560512_1271438894978513_3376722145264491581_n-819x1024.jpg\" alt=\"\" class=\"wp-image-27291\" srcset=\"https:\/\/7culture.ci\/wp-content\/uploads\/2026\/04\/670560512_1271438894978513_3376722145264491581_n-819x1024.jpg 819w, https:\/\/7culture.ci\/wp-content\/uploads\/2026\/04\/670560512_1271438894978513_3376722145264491581_n-240x300.jpg 240w, https:\/\/7culture.ci\/wp-content\/uploads\/2026\/04\/670560512_1271438894978513_3376722145264491581_n-768x960.jpg 768w, https:\/\/7culture.ci\/wp-content\/uploads\/2026\/04\/670560512_1271438894978513_3376722145264491581_n.jpg 1152w\" sizes=\"(max-width: 819px) 100vw, 819px\" \/><\/figure>\n\n\n\n<figure class=\"wp-block-image size-large\"><img loading=\"lazy\" decoding=\"async\" width=\"768\" height=\"1024\" data-id=\"27293\" src=\"https:\/\/7culture.ci\/wp-content\/uploads\/2026\/04\/670776935_1271443951644674_8553281629530554659_n-768x1024.jpg\" alt=\"\" class=\"wp-image-27293\" srcset=\"https:\/\/7culture.ci\/wp-content\/uploads\/2026\/04\/670776935_1271443951644674_8553281629530554659_n-768x1024.jpg 768w, https:\/\/7culture.ci\/wp-content\/uploads\/2026\/04\/670776935_1271443951644674_8553281629530554659_n-225x300.jpg 225w, https:\/\/7culture.ci\/wp-content\/uploads\/2026\/04\/670776935_1271443951644674_8553281629530554659_n-1152x1536.jpg 1152w, https:\/\/7culture.ci\/wp-content\/uploads\/2026\/04\/670776935_1271443951644674_8553281629530554659_n.jpg 1536w\" sizes=\"(max-width: 768px) 100vw, 768px\" \/><\/figure>\n\n\n\n<figure class=\"wp-block-image size-large\"><img loading=\"lazy\" decoding=\"async\" width=\"768\" height=\"1024\" data-id=\"27292\" src=\"https:\/\/7culture.ci\/wp-content\/uploads\/2026\/04\/671588324_1271437531645316_8312667486700689162_n-768x1024.jpg\" alt=\"\" class=\"wp-image-27292\" srcset=\"https:\/\/7culture.ci\/wp-content\/uploads\/2026\/04\/671588324_1271437531645316_8312667486700689162_n-768x1024.jpg 768w, https:\/\/7culture.ci\/wp-content\/uploads\/2026\/04\/671588324_1271437531645316_8312667486700689162_n-225x300.jpg 225w, https:\/\/7culture.ci\/wp-content\/uploads\/2026\/04\/671588324_1271437531645316_8312667486700689162_n.jpg 1080w\" sizes=\"(max-width: 768px) 100vw, 768px\" \/><\/figure>\n<\/figure>\n\n\n\n<p><strong>\u00ab Urban Chic \u00bb : sobre, sexy, reconnaissable<\/strong><\/p>\n\n\n\n<p>Baptis\u00e9e \u2018\u2019Urban Chic\u2019\u2019, sa collection aligne huit tenues qui m\u00ealent mousseline et dentelle. Des pi\u00e8ces pens\u00e9es pour le jour comme pour la soir\u00e9e. \u00ab <em>La collection s&#8217;adresse aux dames qui sont distingu\u00e9es. Mais il y a des v\u00eatements qui peuvent se porter partout. Autant qu&#8217;on puisse aller \u00e0 un \u00e9v\u00e8nement, une c\u00e9r\u00e9monie, un d\u00eener<\/em> \u00bb, explique Anderson D.<\/p>\n\n\n\n<p>Pantalons, robes, ensembles : les silhouettes sont \u00e9pur\u00e9es mais portent la signature du cr\u00e9ateur. \u00ab <em>Ce sont des tenues assez \u00e9pur\u00e9es mais belles, toujours avec la touche Anderson. Il y a toujours un petit c\u00f4t\u00e9 particulier. On reconna\u00eet la touche Anderson D. par ses mouvements, ses formes, son petit c\u00f4t\u00e9 cr\u00e9atif, excentrique mais sobre. C&#8217;est un peu extravagant, sexy mais toujours sobre. N&#8217;importe quelle cliente se retrouve dedans, surtout quand elle arrive quelque part, elle ne passe pas inaper\u00e7ue<\/em> \u00bb, d\u00e9crit-il.<\/p>\n\n\n\n<figure class=\"wp-block-gallery has-nested-images columns-default is-cropped wp-block-gallery-2 is-layout-flex wp-block-gallery-is-layout-flex\">\n<figure class=\"wp-block-image size-large\"><img loading=\"lazy\" decoding=\"async\" width=\"791\" height=\"1024\" data-id=\"27296\" src=\"https:\/\/7culture.ci\/wp-content\/uploads\/2026\/04\/671870072_1271438364978566_6956138566165690989_n-791x1024.jpg\" alt=\"\" class=\"wp-image-27296\" srcset=\"https:\/\/7culture.ci\/wp-content\/uploads\/2026\/04\/671870072_1271438364978566_6956138566165690989_n-791x1024.jpg 791w, https:\/\/7culture.ci\/wp-content\/uploads\/2026\/04\/671870072_1271438364978566_6956138566165690989_n-232x300.jpg 232w, https:\/\/7culture.ci\/wp-content\/uploads\/2026\/04\/671870072_1271438364978566_6956138566165690989_n-768x995.jpg 768w, https:\/\/7culture.ci\/wp-content\/uploads\/2026\/04\/671870072_1271438364978566_6956138566165690989_n.jpg 1112w\" sizes=\"(max-width: 791px) 100vw, 791px\" \/><\/figure>\n\n\n\n<figure class=\"wp-block-image size-large\"><img loading=\"lazy\" decoding=\"async\" width=\"683\" height=\"1024\" data-id=\"27294\" src=\"https:\/\/7culture.ci\/wp-content\/uploads\/2026\/04\/WhatsApp-Image-2026-04-29-at-12.23.24-683x1024.jpeg\" alt=\"\" class=\"wp-image-27294\" srcset=\"https:\/\/7culture.ci\/wp-content\/uploads\/2026\/04\/WhatsApp-Image-2026-04-29-at-12.23.24-683x1024.jpeg 683w, https:\/\/7culture.ci\/wp-content\/uploads\/2026\/04\/WhatsApp-Image-2026-04-29-at-12.23.24-200x300.jpeg 200w, https:\/\/7culture.ci\/wp-content\/uploads\/2026\/04\/WhatsApp-Image-2026-04-29-at-12.23.24.jpeg 720w\" sizes=\"(max-width: 683px) 100vw, 683px\" \/><\/figure>\n\n\n\n<figure class=\"wp-block-image size-large\"><img loading=\"lazy\" decoding=\"async\" width=\"683\" height=\"1024\" data-id=\"27295\" src=\"https:\/\/7culture.ci\/wp-content\/uploads\/2026\/04\/WhatsApp-Image-2026-04-29-at-12.23.30-1-683x1024.jpeg\" alt=\"\" class=\"wp-image-27295\" srcset=\"https:\/\/7culture.ci\/wp-content\/uploads\/2026\/04\/WhatsApp-Image-2026-04-29-at-12.23.30-1-683x1024.jpeg 683w, https:\/\/7culture.ci\/wp-content\/uploads\/2026\/04\/WhatsApp-Image-2026-04-29-at-12.23.30-1-200x300.jpeg 200w, https:\/\/7culture.ci\/wp-content\/uploads\/2026\/04\/WhatsApp-Image-2026-04-29-at-12.23.30-1.jpeg 720w\" sizes=\"(max-width: 683px) 100vw, 683px\" \/><\/figure>\n<\/figure>\n\n\n\n<p><strong>Sur-mesure, pr\u00eat-\u00e0-porter et\u2026 agriculture<\/strong><\/p>\n\n\n\n<p>Si le sur-mesure reste au c\u0153ur de la maison \u2013 \u00ab <em>j&#8217;ai une certaine client\u00e8le que je ne peux pas mettre de c\u00f4t\u00e9. Ce sont des dames \u00e0 qui il faut faire attention. Il faut toujours \u00eatre \u00e0 leurs petits soins<\/em> \u00bb \u2013 Anderson D. mise d\u00e9sormais sur le pr\u00eat-\u00e0-porter pour \u00e9tendre sa marque. Un segment qui, dit-il, \u00ab <em>se comporte bien<\/em> \u00bb et lui permet d\u2019\u00eatre pr\u00e9sent \u00e0 l\u2019international. \u00ab <em>J\u2019ai une communaut\u00e9 de client\u00e8le au Togo, au B\u00e9nin, au Burkina, en Guin\u00e9e et en Angola. Cela me permet de toujours avoir du travail<\/em> \u00bb.<\/p>\n\n\n\n<p>Ancien \u00e9leveur, le cr\u00e9ateur cultive d\u2019autres passions : \u00ab En plus du pr\u00eat-\u00e0-porter et du show-room \u00e0 l&#8217;atelier, je m&#8217;int\u00e9resse \u00e0 l&#8217;agriculture \u00e0 mes temps perdus. Je suis ainsi agriculteur \u00bb.<\/p>\n\n\n\n<figure class=\"wp-block-gallery has-nested-images columns-default is-cropped wp-block-gallery-3 is-layout-flex wp-block-gallery-is-layout-flex\">\n<figure class=\"wp-block-image size-large\"><img loading=\"lazy\" decoding=\"async\" width=\"819\" height=\"1024\" data-id=\"27299\" src=\"https:\/\/7culture.ci\/wp-content\/uploads\/2026\/04\/669622754_1271448981644171_9070637288499263808_n-819x1024.jpg\" alt=\"\" class=\"wp-image-27299\" srcset=\"https:\/\/7culture.ci\/wp-content\/uploads\/2026\/04\/669622754_1271448981644171_9070637288499263808_n-819x1024.jpg 819w, https:\/\/7culture.ci\/wp-content\/uploads\/2026\/04\/669622754_1271448981644171_9070637288499263808_n-240x300.jpg 240w, https:\/\/7culture.ci\/wp-content\/uploads\/2026\/04\/669622754_1271448981644171_9070637288499263808_n-768x960.jpg 768w, https:\/\/7culture.ci\/wp-content\/uploads\/2026\/04\/669622754_1271448981644171_9070637288499263808_n-1229x1536.jpg 1229w, https:\/\/7culture.ci\/wp-content\/uploads\/2026\/04\/669622754_1271448981644171_9070637288499263808_n.jpg 1638w\" sizes=\"(max-width: 819px) 100vw, 819px\" \/><\/figure>\n\n\n\n<figure class=\"wp-block-image size-large\"><img loading=\"lazy\" decoding=\"async\" width=\"683\" height=\"1024\" data-id=\"27297\" src=\"https:\/\/7culture.ci\/wp-content\/uploads\/2026\/04\/WhatsApp-Image-2026-04-29-at-12.23.27-1-683x1024.jpeg\" alt=\"\" class=\"wp-image-27297\" srcset=\"https:\/\/7culture.ci\/wp-content\/uploads\/2026\/04\/WhatsApp-Image-2026-04-29-at-12.23.27-1-683x1024.jpeg 683w, https:\/\/7culture.ci\/wp-content\/uploads\/2026\/04\/WhatsApp-Image-2026-04-29-at-12.23.27-1-200x300.jpeg 200w, https:\/\/7culture.ci\/wp-content\/uploads\/2026\/04\/WhatsApp-Image-2026-04-29-at-12.23.27-1.jpeg 720w\" sizes=\"(max-width: 683px) 100vw, 683px\" \/><\/figure>\n\n\n\n<figure class=\"wp-block-image size-large\"><img loading=\"lazy\" decoding=\"async\" width=\"683\" height=\"1024\" data-id=\"27298\" src=\"https:\/\/7culture.ci\/wp-content\/uploads\/2026\/04\/WhatsApp-Image-2026-04-29-at-12.23.33-683x1024.jpeg\" alt=\"\" class=\"wp-image-27298\" srcset=\"https:\/\/7culture.ci\/wp-content\/uploads\/2026\/04\/WhatsApp-Image-2026-04-29-at-12.23.33-683x1024.jpeg 683w, https:\/\/7culture.ci\/wp-content\/uploads\/2026\/04\/WhatsApp-Image-2026-04-29-at-12.23.33-200x300.jpeg 200w, https:\/\/7culture.ci\/wp-content\/uploads\/2026\/04\/WhatsApp-Image-2026-04-29-at-12.23.33.jpeg 720w\" sizes=\"(max-width: 683px) 100vw, 683px\" \/><\/figure>\n<\/figure>\n\n\n\n<p><strong>Cap sur 2027<\/strong><\/p>\n\n\n\n<p>Pour l\u2019expansion de sa marque, il compte \u00ab <em>plus sur le pr\u00eat-\u00e0-porter<\/em> \u00bb. \u00ab <em>J\u2019ai de nombreuses clientes qui veulent des v\u00eatements portables rapidement. Mes pr\u00eat-\u00e0-porter sont surtout portables \u00e0 toute saison, \u00e0 tout moment. Je suis en train de travailler sur ce volet. D&#8217;ici la fin de l&#8217;ann\u00e9e ou l&#8217;ann\u00e9e prochaine, on aura beaucoup du Anderson D, de cr\u00e9ation et de cr\u00e9ativit\u00e9 en pr\u00eat-\u00e0-porter facile \u00e0 porter. On est en train de travailler dessus. Je me pr\u00e9pare pour pouvoir vraiment me lancer car quand \u00e7a commence, il faut vraiment assurer<\/em> \u00bb, assure-t-il<\/p>\n\n\n\n<p><strong>Par D.T<\/strong><\/p>\n","protected":false},"excerpt":{"rendered":"<p>Devant la Premi\u00e8re Dame Dominique Ouattara et un parterre de personnalit\u00e9s, le cr\u00e9ateur ivoirien Anderson D. a d\u00e9voil\u00e9 le 13 mars 2026 sa collection \u00ab Urban Chic \u00bb au MASA. Huit tenues entre sobri\u00e9t\u00e9 et excentricit\u00e9, annonciatrices d\u2019un virage pr\u00eat-\u00e0-porter. La mode a brill\u00e9 de mille feux le lundi 13 avril 2026 Masa Fashion Art, &hellip;<\/p>\n<p class=\"read-more\"> <a class=\"\" href=\"https:\/\/7culture.ci\/index.php\/2026\/04\/29\/masa-fashion-art-anderson-d-impose-sa-touche-avec-urban-chic\/\"> <span class=\"screen-reader-text\">Masa Fashion Art : Anderson D. impose sa \u00ab touche \u00bb avec \u2018\u2019Urban Chic\u2019\u2019<\/span> Lire la suite\u00a0\u00bb<\/a><\/p>\n","protected":false},"author":1,"featured_media":27290,"comment_status":"open","ping_status":"open","sticky":false,"template":"","format":"standard","meta":{"_mi_skip_tracking":false,"_monsterinsights_sitenote_active":false,"_monsterinsights_sitenote_note":"","_monsterinsights_sitenote_category":0,"site-sidebar-layout":"default","site-content-layout":"default","ast-global-header-display":"","ast-main-header-display":"","ast-hfb-above-header-display":"","ast-hfb-below-header-display":"","ast-hfb-mobile-header-display":"","site-post-title":"","ast-breadcrumbs-content":"","ast-featured-img":"","footer-sml-layout":"","theme-transparent-header-meta":"","adv-header-id-meta":"","stick-header-meta":"","header-above-stick-meta":"","header-main-stick-meta":"","header-below-stick-meta":"","footnotes":"","jetpack_publicize_message":"","jetpack_is_tweetstorm":false,"jetpack_publicize_feature_enabled":true},"categories":[45],"tags":[],"jetpack_publicize_connections":[],"acf":[],"aioseo_notices":[],"yoast_head":"<!-- This site is optimized with the Yoast SEO plugin v19.6.1 - https:\/\/yoast.com\/wordpress\/plugins\/seo\/ -->\n<title>Masa Fashion Art : Anderson D. impose sa \u00ab touche \u00bb avec \u2018\u2019Urban Chic\u2019\u2019 - 7culture<\/title>\n<meta name=\"robots\" content=\"index, follow, max-snippet:-1, max-image-preview:large, max-video-preview:-1\" \/>\n<link rel=\"canonical\" href=\"https:\/\/7culture.ci\/index.php\/2026\/04\/29\/masa-fashion-art-anderson-d-impose-sa-touche-avec-urban-chic\/\" \/>\n<meta property=\"og:locale\" content=\"fr_FR\" \/>\n<meta property=\"og:type\" content=\"article\" \/>\n<meta property=\"og:title\" content=\"Masa Fashion Art : Anderson D. impose sa \u00ab touche \u00bb avec \u2018\u2019Urban Chic\u2019\u2019 - 7culture\" \/>\n<meta property=\"og:description\" content=\"Devant la Premi\u00e8re Dame Dominique Ouattara et un parterre de personnalit\u00e9s, le cr\u00e9ateur ivoirien Anderson D. a d\u00e9voil\u00e9 le 13 mars 2026 sa collection \u00ab Urban Chic \u00bb au MASA. Huit tenues entre sobri\u00e9t\u00e9 et excentricit\u00e9, annonciatrices d\u2019un virage pr\u00eat-\u00e0-porter. La mode a brill\u00e9 de mille feux le lundi 13 avril 2026 Masa Fashion Art, &hellip; Masa Fashion Art : Anderson D. impose sa \u00ab touche \u00bb avec \u2018\u2019Urban Chic\u2019\u2019 Lire la suite\u00a0\u00bb\" \/>\n<meta property=\"og:url\" content=\"https:\/\/7culture.ci\/index.php\/2026\/04\/29\/masa-fashion-art-anderson-d-impose-sa-touche-avec-urban-chic\/\" \/>\n<meta property=\"og:site_name\" content=\"7culture\" \/>\n<meta property=\"article:publisher\" content=\"https:\/\/www.facebook.com\/redchefclaude\" \/>\n<meta property=\"article:published_time\" content=\"2026-04-29T14:43:31+00:00\" \/>\n<meta property=\"article:modified_time\" content=\"2026-04-29T14:43:32+00:00\" \/>\n<meta property=\"og:image\" content=\"http:\/\/7culture.ci\/wp-content\/uploads\/2026\/04\/669836710_1271438158311920_8801340589334631941_n.jpg\" \/>\n\t<meta property=\"og:image:width\" content=\"1440\" \/>\n\t<meta property=\"og:image:height\" content=\"960\" \/>\n\t<meta property=\"og:image:type\" content=\"image\/jpeg\" \/>\n<meta name=\"author\" content=\"7culture2020\" \/>\n<meta name=\"twitter:card\" content=\"summary_large_image\" \/>\n<meta name=\"twitter:creator\" content=\"@7culturec\" \/>\n<meta name=\"twitter:site\" content=\"@7culturec\" \/>\n<meta name=\"twitter:label1\" content=\"\u00c9crit par\" \/>\n\t<meta name=\"twitter:data1\" content=\"7culture2020\" \/>\n\t<meta name=\"twitter:label2\" content=\"Dur\u00e9e de lecture estim\u00e9e\" \/>\n\t<meta name=\"twitter:data2\" content=\"3 minutes\" \/>\n<script type=\"application\/ld+json\" class=\"yoast-schema-graph\">{\"@context\":\"https:\/\/schema.org\",\"@graph\":[{\"@type\":\"Article\",\"@id\":\"https:\/\/7culture.ci\/index.php\/2026\/04\/29\/masa-fashion-art-anderson-d-impose-sa-touche-avec-urban-chic\/#article\",\"isPartOf\":{\"@id\":\"https:\/\/7culture.ci\/index.php\/2026\/04\/29\/masa-fashion-art-anderson-d-impose-sa-touche-avec-urban-chic\/\"},\"author\":{\"name\":\"7culture2020\",\"@id\":\"https:\/\/7culture.ci\/#\/schema\/person\/16150d28d7ef66ba788c1f87f28c4426\"},\"headline\":\"Masa Fashion Art : Anderson D. impose sa \u00ab touche \u00bb avec \u2018\u2019Urban Chic\u2019\u2019\",\"datePublished\":\"2026-04-29T14:43:31+00:00\",\"dateModified\":\"2026-04-29T14:43:32+00:00\",\"mainEntityOfPage\":{\"@id\":\"https:\/\/7culture.ci\/index.php\/2026\/04\/29\/masa-fashion-art-anderson-d-impose-sa-touche-avec-urban-chic\/\"},\"wordCount\":563,\"commentCount\":0,\"publisher\":{\"@id\":\"https:\/\/7culture.ci\/#organization\"},\"articleSection\":[\"A la une\"],\"inLanguage\":\"fr-FR\",\"potentialAction\":[{\"@type\":\"CommentAction\",\"name\":\"Comment\",\"target\":[\"https:\/\/7culture.ci\/index.php\/2026\/04\/29\/masa-fashion-art-anderson-d-impose-sa-touche-avec-urban-chic\/#respond\"]}]},{\"@type\":\"WebPage\",\"@id\":\"https:\/\/7culture.ci\/index.php\/2026\/04\/29\/masa-fashion-art-anderson-d-impose-sa-touche-avec-urban-chic\/\",\"url\":\"https:\/\/7culture.ci\/index.php\/2026\/04\/29\/masa-fashion-art-anderson-d-impose-sa-touche-avec-urban-chic\/\",\"name\":\"Masa Fashion Art : Anderson D. impose sa \u00ab touche \u00bb avec \u2018\u2019Urban Chic\u2019\u2019 - 7culture\",\"isPartOf\":{\"@id\":\"https:\/\/7culture.ci\/#website\"},\"datePublished\":\"2026-04-29T14:43:31+00:00\",\"dateModified\":\"2026-04-29T14:43:32+00:00\",\"breadcrumb\":{\"@id\":\"https:\/\/7culture.ci\/index.php\/2026\/04\/29\/masa-fashion-art-anderson-d-impose-sa-touche-avec-urban-chic\/#breadcrumb\"},\"inLanguage\":\"fr-FR\",\"potentialAction\":[{\"@type\":\"ReadAction\",\"target\":[\"https:\/\/7culture.ci\/index.php\/2026\/04\/29\/masa-fashion-art-anderson-d-impose-sa-touche-avec-urban-chic\/\"]}]},{\"@type\":\"BreadcrumbList\",\"@id\":\"https:\/\/7culture.ci\/index.php\/2026\/04\/29\/masa-fashion-art-anderson-d-impose-sa-touche-avec-urban-chic\/#breadcrumb\",\"itemListElement\":[{\"@type\":\"ListItem\",\"position\":1,\"name\":\"Accueil\",\"item\":\"https:\/\/7culture.ci\/\"},{\"@type\":\"ListItem\",\"position\":2,\"name\":\"Masa Fashion Art : Anderson D. impose sa \u00ab touche \u00bb avec \u2018\u2019Urban Chic\u2019\u2019\"}]},{\"@type\":\"WebSite\",\"@id\":\"https:\/\/7culture.ci\/#website\",\"url\":\"https:\/\/7culture.ci\/\",\"name\":\"7culture\",\"description\":\"Tout sur l&#039;actualit\u00e9\",\"publisher\":{\"@id\":\"https:\/\/7culture.ci\/#organization\"},\"potentialAction\":[{\"@type\":\"SearchAction\",\"target\":{\"@type\":\"EntryPoint\",\"urlTemplate\":\"https:\/\/7culture.ci\/?s={search_term_string}\"},\"query-input\":\"required name=search_term_string\"}],\"inLanguage\":\"fr-FR\"},{\"@type\":\"Organization\",\"@id\":\"https:\/\/7culture.ci\/#organization\",\"name\":\"7culture\",\"url\":\"https:\/\/7culture.ci\/\",\"sameAs\":[\"https:\/\/www.facebook.com\/redchefclaude\",\"https:\/\/twitter.com\/7culturec\"],\"logo\":{\"@type\":\"ImageObject\",\"inLanguage\":\"fr-FR\",\"@id\":\"https:\/\/7culture.ci\/#\/schema\/logo\/image\/\",\"url\":\"https:\/\/7culture.ci\/wp-content\/uploads\/2021\/12\/S1a-1.png\",\"contentUrl\":\"https:\/\/7culture.ci\/wp-content\/uploads\/2021\/12\/S1a-1.png\",\"width\":588,\"height\":192,\"caption\":\"7culture\"},\"image\":{\"@id\":\"https:\/\/7culture.ci\/#\/schema\/logo\/image\/\"}},{\"@type\":\"Person\",\"@id\":\"https:\/\/7culture.ci\/#\/schema\/person\/16150d28d7ef66ba788c1f87f28c4426\",\"name\":\"7culture2020\",\"image\":{\"@type\":\"ImageObject\",\"inLanguage\":\"fr-FR\",\"@id\":\"https:\/\/7culture.ci\/#\/schema\/person\/image\/\",\"url\":\"https:\/\/secure.gravatar.com\/avatar\/9a0784f951306c37bcd065f52844ef95?s=96&d=mm&r=g\",\"contentUrl\":\"https:\/\/secure.gravatar.com\/avatar\/9a0784f951306c37bcd065f52844ef95?s=96&d=mm&r=g\",\"caption\":\"7culture2020\"},\"sameAs\":[\"http:\/\/7culture.ci\",\"Claude.kipre\"],\"url\":\"https:\/\/7culture.ci\/index.php\/author\/7culture2020\/\"}]}<\/script>\n<!-- \/ Yoast SEO plugin. -->","yoast_head_json":{"title":"Masa Fashion Art : Anderson D. impose sa \u00ab touche \u00bb avec \u2018\u2019Urban Chic\u2019\u2019 - 7culture","robots":{"index":"index","follow":"follow","max-snippet":"max-snippet:-1","max-image-preview":"max-image-preview:large","max-video-preview":"max-video-preview:-1"},"canonical":"https:\/\/7culture.ci\/index.php\/2026\/04\/29\/masa-fashion-art-anderson-d-impose-sa-touche-avec-urban-chic\/","og_locale":"fr_FR","og_type":"article","og_title":"Masa Fashion Art : Anderson D. impose sa \u00ab touche \u00bb avec \u2018\u2019Urban Chic\u2019\u2019 - 7culture","og_description":"Devant la Premi\u00e8re Dame Dominique Ouattara et un parterre de personnalit\u00e9s, le cr\u00e9ateur ivoirien Anderson D. a d\u00e9voil\u00e9 le 13 mars 2026 sa collection \u00ab Urban Chic \u00bb au MASA. Huit tenues entre sobri\u00e9t\u00e9 et excentricit\u00e9, annonciatrices d\u2019un virage pr\u00eat-\u00e0-porter. La mode a brill\u00e9 de mille feux le lundi 13 avril 2026 Masa Fashion Art, &hellip; Masa Fashion Art : Anderson D. impose sa \u00ab touche \u00bb avec \u2018\u2019Urban Chic\u2019\u2019 Lire la suite\u00a0\u00bb","og_url":"https:\/\/7culture.ci\/index.php\/2026\/04\/29\/masa-fashion-art-anderson-d-impose-sa-touche-avec-urban-chic\/","og_site_name":"7culture","article_publisher":"https:\/\/www.facebook.com\/redchefclaude","article_published_time":"2026-04-29T14:43:31+00:00","article_modified_time":"2026-04-29T14:43:32+00:00","og_image":[{"width":1440,"height":960,"url":"http:\/\/7culture.ci\/wp-content\/uploads\/2026\/04\/669836710_1271438158311920_8801340589334631941_n.jpg","type":"image\/jpeg"}],"author":"7culture2020","twitter_card":"summary_large_image","twitter_creator":"@7culturec","twitter_site":"@7culturec","twitter_misc":{"\u00c9crit par":"7culture2020","Dur\u00e9e de lecture estim\u00e9e":"3 minutes"},"schema":{"@context":"https:\/\/schema.org","@graph":[{"@type":"Article","@id":"https:\/\/7culture.ci\/index.php\/2026\/04\/29\/masa-fashion-art-anderson-d-impose-sa-touche-avec-urban-chic\/#article","isPartOf":{"@id":"https:\/\/7culture.ci\/index.php\/2026\/04\/29\/masa-fashion-art-anderson-d-impose-sa-touche-avec-urban-chic\/"},"author":{"name":"7culture2020","@id":"https:\/\/7culture.ci\/#\/schema\/person\/16150d28d7ef66ba788c1f87f28c4426"},"headline":"Masa Fashion Art : Anderson D. impose sa \u00ab touche \u00bb avec \u2018\u2019Urban Chic\u2019\u2019","datePublished":"2026-04-29T14:43:31+00:00","dateModified":"2026-04-29T14:43:32+00:00","mainEntityOfPage":{"@id":"https:\/\/7culture.ci\/index.php\/2026\/04\/29\/masa-fashion-art-anderson-d-impose-sa-touche-avec-urban-chic\/"},"wordCount":563,"commentCount":0,"publisher":{"@id":"https:\/\/7culture.ci\/#organization"},"articleSection":["A la une"],"inLanguage":"fr-FR","potentialAction":[{"@type":"CommentAction","name":"Comment","target":["https:\/\/7culture.ci\/index.php\/2026\/04\/29\/masa-fashion-art-anderson-d-impose-sa-touche-avec-urban-chic\/#respond"]}]},{"@type":"WebPage","@id":"https:\/\/7culture.ci\/index.php\/2026\/04\/29\/masa-fashion-art-anderson-d-impose-sa-touche-avec-urban-chic\/","url":"https:\/\/7culture.ci\/index.php\/2026\/04\/29\/masa-fashion-art-anderson-d-impose-sa-touche-avec-urban-chic\/","name":"Masa Fashion Art : Anderson D. impose sa \u00ab touche \u00bb avec \u2018\u2019Urban Chic\u2019\u2019 - 7culture","isPartOf":{"@id":"https:\/\/7culture.ci\/#website"},"datePublished":"2026-04-29T14:43:31+00:00","dateModified":"2026-04-29T14:43:32+00:00","breadcrumb":{"@id":"https:\/\/7culture.ci\/index.php\/2026\/04\/29\/masa-fashion-art-anderson-d-impose-sa-touche-avec-urban-chic\/#breadcrumb"},"inLanguage":"fr-FR","potentialAction":[{"@type":"ReadAction","target":["https:\/\/7culture.ci\/index.php\/2026\/04\/29\/masa-fashion-art-anderson-d-impose-sa-touche-avec-urban-chic\/"]}]},{"@type":"BreadcrumbList","@id":"https:\/\/7culture.ci\/index.php\/2026\/04\/29\/masa-fashion-art-anderson-d-impose-sa-touche-avec-urban-chic\/#breadcrumb","itemListElement":[{"@type":"ListItem","position":1,"name":"Accueil","item":"https:\/\/7culture.ci\/"},{"@type":"ListItem","position":2,"name":"Masa Fashion Art : Anderson D. impose sa \u00ab touche \u00bb avec \u2018\u2019Urban Chic\u2019\u2019"}]},{"@type":"WebSite","@id":"https:\/\/7culture.ci\/#website","url":"https:\/\/7culture.ci\/","name":"7culture","description":"Tout sur l&#039;actualit\u00e9","publisher":{"@id":"https:\/\/7culture.ci\/#organization"},"potentialAction":[{"@type":"SearchAction","target":{"@type":"EntryPoint","urlTemplate":"https:\/\/7culture.ci\/?s={search_term_string}"},"query-input":"required name=search_term_string"}],"inLanguage":"fr-FR"},{"@type":"Organization","@id":"https:\/\/7culture.ci\/#organization","name":"7culture","url":"https:\/\/7culture.ci\/","sameAs":["https:\/\/www.facebook.com\/redchefclaude","https:\/\/twitter.com\/7culturec"],"logo":{"@type":"ImageObject","inLanguage":"fr-FR","@id":"https:\/\/7culture.ci\/#\/schema\/logo\/image\/","url":"https:\/\/7culture.ci\/wp-content\/uploads\/2021\/12\/S1a-1.png","contentUrl":"https:\/\/7culture.ci\/wp-content\/uploads\/2021\/12\/S1a-1.png","width":588,"height":192,"caption":"7culture"},"image":{"@id":"https:\/\/7culture.ci\/#\/schema\/logo\/image\/"}},{"@type":"Person","@id":"https:\/\/7culture.ci\/#\/schema\/person\/16150d28d7ef66ba788c1f87f28c4426","name":"7culture2020","image":{"@type":"ImageObject","inLanguage":"fr-FR","@id":"https:\/\/7culture.ci\/#\/schema\/person\/image\/","url":"https:\/\/secure.gravatar.com\/avatar\/9a0784f951306c37bcd065f52844ef95?s=96&d=mm&r=g","contentUrl":"https:\/\/secure.gravatar.com\/avatar\/9a0784f951306c37bcd065f52844ef95?s=96&d=mm&r=g","caption":"7culture2020"},"sameAs":["http:\/\/7culture.ci","Claude.kipre"],"url":"https:\/\/7culture.ci\/index.php\/author\/7culture2020\/"}]}},"jetpack_featured_media_url":"https:\/\/7culture.ci\/wp-content\/uploads\/2026\/04\/669836710_1271438158311920_8801340589334631941_n.jpg","jetpack_likes_enabled":true,"jetpack_sharing_enabled":true,"_links":{"self":[{"href":"https:\/\/7culture.ci\/index.php\/wp-json\/wp\/v2\/posts\/27288"}],"collection":[{"href":"https:\/\/7culture.ci\/index.php\/wp-json\/wp\/v2\/posts"}],"about":[{"href":"https:\/\/7culture.ci\/index.php\/wp-json\/wp\/v2\/types\/post"}],"author":[{"embeddable":true,"href":"https:\/\/7culture.ci\/index.php\/wp-json\/wp\/v2\/users\/1"}],"replies":[{"embeddable":true,"href":"https:\/\/7culture.ci\/index.php\/wp-json\/wp\/v2\/comments?post=27288"}],"version-history":[{"count":1,"href":"https:\/\/7culture.ci\/index.php\/wp-json\/wp\/v2\/posts\/27288\/revisions"}],"predecessor-version":[{"id":27300,"href":"https:\/\/7culture.ci\/index.php\/wp-json\/wp\/v2\/posts\/27288\/revisions\/27300"}],"wp:featuredmedia":[{"embeddable":true,"href":"https:\/\/7culture.ci\/index.php\/wp-json\/wp\/v2\/media\/27290"}],"wp:attachment":[{"href":"https:\/\/7culture.ci\/index.php\/wp-json\/wp\/v2\/media?parent=27288"}],"wp:term":[{"taxonomy":"category","embeddable":true,"href":"https:\/\/7culture.ci\/index.php\/wp-json\/wp\/v2\/categories?post=27288"},{"taxonomy":"post_tag","embeddable":true,"href":"https:\/\/7culture.ci\/index.php\/wp-json\/wp\/v2\/tags?post=27288"}],"curies":[{"name":"wp","href":"https:\/\/api.w.org\/{rel}","templated":true}]}}