{"id":27281,"date":"2026-04-28T11:11:38","date_gmt":"2026-04-28T11:11:38","guid":{"rendered":"https:\/\/7culture.ci\/?p=27281"},"modified":"2026-04-28T11:11:39","modified_gmt":"2026-04-28T11:11:39","slug":"figas-2026-coup-denvoi-des-10-ans-donne-a-abidjan","status":"publish","type":"post","link":"https:\/\/7culture.ci\/index.php\/2026\/04\/28\/figas-2026-coup-denvoi-des-10-ans-donne-a-abidjan\/","title":{"rendered":"Figas 2026\u00a0: Coup d\u2019envoi des 10 ans donn\u00e9 \u00e0 Abidjan"},"content":{"rendered":"\n<p><em>C\u2019est \u00e0 Abidjan, en marge du Masa, que Latsouck Ndiaye a pr\u00e9sent\u00e9 la 10\u1d49 \u00e9dition du Figas. Rendez-vous du 17 au 19 juillet 2026 \u00e0 Blois, en France, pour c\u00e9l\u00e9brer une d\u00e9cennie de musiques et de cultures d\u2019Afrique et de sa diaspora.<\/em><\/p>\n\n\n\n<p>\u2018\u201910 ans, \u00e7a se f\u00eate !\u2019\u2019. C\u2019est autour de ce th\u00e8me que se tiendra la 10\u1d49 \u00e9dition du Festival international de guitare et d\u2019art de la sc\u00e8ne (Figas), du 17 au 19 juillet 2026 \u00e0 Blois, en France. L\u2019annonce a \u00e9t\u00e9 faite le vendredi 17 avril 2026 \u00e0 Abidjan par Latsouck Ndiaye, cr\u00e9ateur et organisateur du festival, lors d\u2019une conf\u00e9rence de presse organis\u00e9e en marge du March\u00e9 des arts du spectacle africain (Masa).<\/p>\n\n\n\n<p>Cette \u00e9dition anniversaire entend marquer une d\u00e9cennie de c\u00e9l\u00e9bration des musiques et cultures d\u2019Afrique et de sa diaspora. Selon Latsouck Ndiaye, le Figas se positionne d\u00e9sormais comme \u00ab <em>un carrefour d\u2019\u00e9changes, valorisant les expressions artistiques contemporaines et les talents \u00e9mergents<\/em> \u00bb. L\u2019\u00e9v\u00e9nement vise \u00e0 c\u00e9l\u00e9brer la diversit\u00e9 musicale et culturelle internationale. Les artistes peuvent se pr\u00e9senter en solo, en groupes de musique ou avec des projets musicaux, qu\u2019ils soient traditionnels, urbains ou actuels.<\/p>\n\n\n\n<figure class=\"wp-block-gallery has-nested-images columns-default is-cropped wp-block-gallery-1 is-layout-flex wp-block-gallery-is-layout-flex\">\n<figure class=\"wp-block-image size-large\"><img loading=\"lazy\" decoding=\"async\" width=\"1024\" height=\"682\" data-id=\"27286\" src=\"https:\/\/7culture.ci\/wp-content\/uploads\/2026\/04\/1-1024x682.jpg\" alt=\"\" class=\"wp-image-27286\" srcset=\"https:\/\/7culture.ci\/wp-content\/uploads\/2026\/04\/1-1024x682.jpg 1024w, https:\/\/7culture.ci\/wp-content\/uploads\/2026\/04\/1-300x200.jpg 300w, https:\/\/7culture.ci\/wp-content\/uploads\/2026\/04\/1-768x512.jpg 768w, https:\/\/7culture.ci\/wp-content\/uploads\/2026\/04\/1.jpg 1280w\" sizes=\"(max-width: 1024px) 100vw, 1024px\" \/><\/figure>\n\n\n\n<figure class=\"wp-block-image size-large\"><img loading=\"lazy\" decoding=\"async\" width=\"1024\" height=\"460\" data-id=\"27284\" src=\"https:\/\/7culture.ci\/wp-content\/uploads\/2026\/04\/WhatsApp-Image-2026-04-28-at-10.25.53-1-1024x460.jpeg\" alt=\"\" class=\"wp-image-27284\" srcset=\"https:\/\/7culture.ci\/wp-content\/uploads\/2026\/04\/WhatsApp-Image-2026-04-28-at-10.25.53-1-1024x460.jpeg 1024w, https:\/\/7culture.ci\/wp-content\/uploads\/2026\/04\/WhatsApp-Image-2026-04-28-at-10.25.53-1-300x135.jpeg 300w, https:\/\/7culture.ci\/wp-content\/uploads\/2026\/04\/WhatsApp-Image-2026-04-28-at-10.25.53-1-768x345.jpeg 768w, https:\/\/7culture.ci\/wp-content\/uploads\/2026\/04\/WhatsApp-Image-2026-04-28-at-10.25.53-1.jpeg 1280w\" sizes=\"(max-width: 1024px) 100vw, 1024px\" \/><\/figure>\n\n\n\n<figure class=\"wp-block-image size-large\"><img loading=\"lazy\" decoding=\"async\" width=\"1024\" height=\"460\" data-id=\"27285\" src=\"https:\/\/7culture.ci\/wp-content\/uploads\/2026\/04\/WhatsApp-Image-2026-04-28-at-10.25.54-1024x460.jpeg\" alt=\"\" class=\"wp-image-27285\" srcset=\"https:\/\/7culture.ci\/wp-content\/uploads\/2026\/04\/WhatsApp-Image-2026-04-28-at-10.25.54-1024x460.jpeg 1024w, https:\/\/7culture.ci\/wp-content\/uploads\/2026\/04\/WhatsApp-Image-2026-04-28-at-10.25.54-300x135.jpeg 300w, https:\/\/7culture.ci\/wp-content\/uploads\/2026\/04\/WhatsApp-Image-2026-04-28-at-10.25.54-768x345.jpeg 768w, https:\/\/7culture.ci\/wp-content\/uploads\/2026\/04\/WhatsApp-Image-2026-04-28-at-10.25.54.jpeg 1280w\" sizes=\"(max-width: 1024px) 100vw, 1024px\" \/><\/figure>\n<\/figure>\n\n\n\n<p>Le promoteur a \u00e9galement mis en avant les r\u00e9sidences de cr\u00e9ation artistique int\u00e9gr\u00e9es au festival, \u00e0 l\u2019image de \u00ab Figas en Voix ! \u00bb, pr\u00e9vue \u00e0 la Maison de la culture Douta Seck du 30 mars au 5 avril 2026 \u00e0 Dakar. Des rencontres professionnelles d\u00e9di\u00e9es aux programmateurs et journalistes sont aussi au programme. Pour la conf\u00e9rence de presse abidjanaise, Latsouck Ndiaye \u00e9tait accompagn\u00e9 d\u2019artistes, dont Ayidissa de la C\u00f4te d\u2019Ivoire.<\/p>\n\n\n\n<p>\u00ab <em>Le Figas est une passerelle culturelle, mettant en avant des talents africains et favorisant la mobilit\u00e9 des artistes<\/em> \u00bb, a-t-il soulign\u00e9.<\/p>\n\n\n\n<p>Par D.T<\/p>\n","protected":false},"excerpt":{"rendered":"<p>C\u2019est \u00e0 Abidjan, en marge du Masa, que Latsouck Ndiaye a pr\u00e9sent\u00e9 la 10\u1d49 \u00e9dition du Figas. Rendez-vous du 17 au 19 juillet 2026 \u00e0 Blois, en France, pour c\u00e9l\u00e9brer une d\u00e9cennie de musiques et de cultures d\u2019Afrique et de sa diaspora. \u2018\u201910 ans, \u00e7a se f\u00eate !\u2019\u2019. C\u2019est autour de ce th\u00e8me que se &hellip;<\/p>\n<p class=\"read-more\"> <a class=\"\" href=\"https:\/\/7culture.ci\/index.php\/2026\/04\/28\/figas-2026-coup-denvoi-des-10-ans-donne-a-abidjan\/\"> <span class=\"screen-reader-text\">Figas 2026\u00a0: Coup d\u2019envoi des 10 ans donn\u00e9 \u00e0 Abidjan<\/span> Lire la suite\u00a0\u00bb<\/a><\/p>\n","protected":false},"author":1,"featured_media":27283,"comment_status":"open","ping_status":"open","sticky":false,"template":"","format":"standard","meta":{"_mi_skip_tracking":false,"_monsterinsights_sitenote_active":false,"_monsterinsights_sitenote_note":"","_monsterinsights_sitenote_category":0,"site-sidebar-layout":"default","site-content-layout":"default","ast-global-header-display":"","ast-main-header-display":"","ast-hfb-above-header-display":"","ast-hfb-below-header-display":"","ast-hfb-mobile-header-display":"","site-post-title":"","ast-breadcrumbs-content":"","ast-featured-img":"","footer-sml-layout":"","theme-transparent-header-meta":"","adv-header-id-meta":"","stick-header-meta":"","header-above-stick-meta":"","header-main-stick-meta":"","header-below-stick-meta":"","footnotes":"","jetpack_publicize_message":"","jetpack_is_tweetstorm":false,"jetpack_publicize_feature_enabled":true},"categories":[45],"tags":[],"jetpack_publicize_connections":[],"acf":[],"aioseo_notices":[],"yoast_head":"<!-- This site is optimized with the Yoast SEO plugin v19.6.1 - https:\/\/yoast.com\/wordpress\/plugins\/seo\/ -->\n<title>Figas 2026\u00a0: Coup d\u2019envoi des 10 ans donn\u00e9 \u00e0 Abidjan - 7culture<\/title>\n<meta name=\"robots\" content=\"index, follow, max-snippet:-1, max-image-preview:large, max-video-preview:-1\" \/>\n<link rel=\"canonical\" href=\"https:\/\/7culture.ci\/index.php\/2026\/04\/28\/figas-2026-coup-denvoi-des-10-ans-donne-a-abidjan\/\" \/>\n<meta property=\"og:locale\" content=\"fr_FR\" \/>\n<meta property=\"og:type\" content=\"article\" \/>\n<meta property=\"og:title\" content=\"Figas 2026\u00a0: Coup d\u2019envoi des 10 ans donn\u00e9 \u00e0 Abidjan - 7culture\" \/>\n<meta property=\"og:description\" content=\"C\u2019est \u00e0 Abidjan, en marge du Masa, que Latsouck Ndiaye a pr\u00e9sent\u00e9 la 10\u1d49 \u00e9dition du Figas. Rendez-vous du 17 au 19 juillet 2026 \u00e0 Blois, en France, pour c\u00e9l\u00e9brer une d\u00e9cennie de musiques et de cultures d\u2019Afrique et de sa diaspora. \u2018\u201910 ans, \u00e7a se f\u00eate !\u2019\u2019. C\u2019est autour de ce th\u00e8me que se &hellip; Figas 2026\u00a0: Coup d\u2019envoi des 10 ans donn\u00e9 \u00e0 Abidjan Lire la suite\u00a0\u00bb\" \/>\n<meta property=\"og:url\" content=\"https:\/\/7culture.ci\/index.php\/2026\/04\/28\/figas-2026-coup-denvoi-des-10-ans-donne-a-abidjan\/\" \/>\n<meta property=\"og:site_name\" content=\"7culture\" \/>\n<meta property=\"article:publisher\" content=\"https:\/\/www.facebook.com\/redchefclaude\" \/>\n<meta property=\"article:published_time\" content=\"2026-04-28T11:11:38+00:00\" \/>\n<meta property=\"article:modified_time\" content=\"2026-04-28T11:11:39+00:00\" \/>\n<meta property=\"og:image\" content=\"http:\/\/7culture.ci\/wp-content\/uploads\/2026\/04\/2.jpeg\" \/>\n\t<meta property=\"og:image:width\" content=\"1280\" \/>\n\t<meta property=\"og:image:height\" content=\"575\" \/>\n\t<meta property=\"og:image:type\" content=\"image\/jpeg\" \/>\n<meta name=\"author\" content=\"7culture2020\" \/>\n<meta name=\"twitter:card\" content=\"summary_large_image\" \/>\n<meta name=\"twitter:creator\" content=\"@7culturec\" \/>\n<meta name=\"twitter:site\" content=\"@7culturec\" \/>\n<meta name=\"twitter:label1\" content=\"\u00c9crit par\" \/>\n\t<meta name=\"twitter:data1\" content=\"7culture2020\" \/>\n\t<meta name=\"twitter:label2\" content=\"Dur\u00e9e de lecture estim\u00e9e\" \/>\n\t<meta name=\"twitter:data2\" content=\"1 minute\" \/>\n<script type=\"application\/ld+json\" class=\"yoast-schema-graph\">{\"@context\":\"https:\/\/schema.org\",\"@graph\":[{\"@type\":\"Article\",\"@id\":\"https:\/\/7culture.ci\/index.php\/2026\/04\/28\/figas-2026-coup-denvoi-des-10-ans-donne-a-abidjan\/#article\",\"isPartOf\":{\"@id\":\"https:\/\/7culture.ci\/index.php\/2026\/04\/28\/figas-2026-coup-denvoi-des-10-ans-donne-a-abidjan\/\"},\"author\":{\"name\":\"7culture2020\",\"@id\":\"https:\/\/7culture.ci\/#\/schema\/person\/16150d28d7ef66ba788c1f87f28c4426\"},\"headline\":\"Figas 2026\u00a0: Coup d\u2019envoi des 10 ans donn\u00e9 \u00e0 Abidjan\",\"datePublished\":\"2026-04-28T11:11:38+00:00\",\"dateModified\":\"2026-04-28T11:11:39+00:00\",\"mainEntityOfPage\":{\"@id\":\"https:\/\/7culture.ci\/index.php\/2026\/04\/28\/figas-2026-coup-denvoi-des-10-ans-donne-a-abidjan\/\"},\"wordCount\":302,\"commentCount\":0,\"publisher\":{\"@id\":\"https:\/\/7culture.ci\/#organization\"},\"articleSection\":[\"A la une\"],\"inLanguage\":\"fr-FR\",\"potentialAction\":[{\"@type\":\"CommentAction\",\"name\":\"Comment\",\"target\":[\"https:\/\/7culture.ci\/index.php\/2026\/04\/28\/figas-2026-coup-denvoi-des-10-ans-donne-a-abidjan\/#respond\"]}]},{\"@type\":\"WebPage\",\"@id\":\"https:\/\/7culture.ci\/index.php\/2026\/04\/28\/figas-2026-coup-denvoi-des-10-ans-donne-a-abidjan\/\",\"url\":\"https:\/\/7culture.ci\/index.php\/2026\/04\/28\/figas-2026-coup-denvoi-des-10-ans-donne-a-abidjan\/\",\"name\":\"Figas 2026\u00a0: Coup d\u2019envoi des 10 ans donn\u00e9 \u00e0 Abidjan - 7culture\",\"isPartOf\":{\"@id\":\"https:\/\/7culture.ci\/#website\"},\"datePublished\":\"2026-04-28T11:11:38+00:00\",\"dateModified\":\"2026-04-28T11:11:39+00:00\",\"breadcrumb\":{\"@id\":\"https:\/\/7culture.ci\/index.php\/2026\/04\/28\/figas-2026-coup-denvoi-des-10-ans-donne-a-abidjan\/#breadcrumb\"},\"inLanguage\":\"fr-FR\",\"potentialAction\":[{\"@type\":\"ReadAction\",\"target\":[\"https:\/\/7culture.ci\/index.php\/2026\/04\/28\/figas-2026-coup-denvoi-des-10-ans-donne-a-abidjan\/\"]}]},{\"@type\":\"BreadcrumbList\",\"@id\":\"https:\/\/7culture.ci\/index.php\/2026\/04\/28\/figas-2026-coup-denvoi-des-10-ans-donne-a-abidjan\/#breadcrumb\",\"itemListElement\":[{\"@type\":\"ListItem\",\"position\":1,\"name\":\"Accueil\",\"item\":\"https:\/\/7culture.ci\/\"},{\"@type\":\"ListItem\",\"position\":2,\"name\":\"Figas 2026\u00a0: Coup d\u2019envoi des 10 ans donn\u00e9 \u00e0 Abidjan\"}]},{\"@type\":\"WebSite\",\"@id\":\"https:\/\/7culture.ci\/#website\",\"url\":\"https:\/\/7culture.ci\/\",\"name\":\"7culture\",\"description\":\"Tout sur l&#039;actualit\u00e9\",\"publisher\":{\"@id\":\"https:\/\/7culture.ci\/#organization\"},\"potentialAction\":[{\"@type\":\"SearchAction\",\"target\":{\"@type\":\"EntryPoint\",\"urlTemplate\":\"https:\/\/7culture.ci\/?s={search_term_string}\"},\"query-input\":\"required name=search_term_string\"}],\"inLanguage\":\"fr-FR\"},{\"@type\":\"Organization\",\"@id\":\"https:\/\/7culture.ci\/#organization\",\"name\":\"7culture\",\"url\":\"https:\/\/7culture.ci\/\",\"sameAs\":[\"https:\/\/www.facebook.com\/redchefclaude\",\"https:\/\/twitter.com\/7culturec\"],\"logo\":{\"@type\":\"ImageObject\",\"inLanguage\":\"fr-FR\",\"@id\":\"https:\/\/7culture.ci\/#\/schema\/logo\/image\/\",\"url\":\"https:\/\/7culture.ci\/wp-content\/uploads\/2021\/12\/S1a-1.png\",\"contentUrl\":\"https:\/\/7culture.ci\/wp-content\/uploads\/2021\/12\/S1a-1.png\",\"width\":588,\"height\":192,\"caption\":\"7culture\"},\"image\":{\"@id\":\"https:\/\/7culture.ci\/#\/schema\/logo\/image\/\"}},{\"@type\":\"Person\",\"@id\":\"https:\/\/7culture.ci\/#\/schema\/person\/16150d28d7ef66ba788c1f87f28c4426\",\"name\":\"7culture2020\",\"image\":{\"@type\":\"ImageObject\",\"inLanguage\":\"fr-FR\",\"@id\":\"https:\/\/7culture.ci\/#\/schema\/person\/image\/\",\"url\":\"https:\/\/secure.gravatar.com\/avatar\/9a0784f951306c37bcd065f52844ef95?s=96&d=mm&r=g\",\"contentUrl\":\"https:\/\/secure.gravatar.com\/avatar\/9a0784f951306c37bcd065f52844ef95?s=96&d=mm&r=g\",\"caption\":\"7culture2020\"},\"sameAs\":[\"http:\/\/7culture.ci\",\"Claude.kipre\"],\"url\":\"https:\/\/7culture.ci\/index.php\/author\/7culture2020\/\"}]}<\/script>\n<!-- \/ Yoast SEO plugin. -->","yoast_head_json":{"title":"Figas 2026\u00a0: Coup d\u2019envoi des 10 ans donn\u00e9 \u00e0 Abidjan - 7culture","robots":{"index":"index","follow":"follow","max-snippet":"max-snippet:-1","max-image-preview":"max-image-preview:large","max-video-preview":"max-video-preview:-1"},"canonical":"https:\/\/7culture.ci\/index.php\/2026\/04\/28\/figas-2026-coup-denvoi-des-10-ans-donne-a-abidjan\/","og_locale":"fr_FR","og_type":"article","og_title":"Figas 2026\u00a0: Coup d\u2019envoi des 10 ans donn\u00e9 \u00e0 Abidjan - 7culture","og_description":"C\u2019est \u00e0 Abidjan, en marge du Masa, que Latsouck Ndiaye a pr\u00e9sent\u00e9 la 10\u1d49 \u00e9dition du Figas. Rendez-vous du 17 au 19 juillet 2026 \u00e0 Blois, en France, pour c\u00e9l\u00e9brer une d\u00e9cennie de musiques et de cultures d\u2019Afrique et de sa diaspora. \u2018\u201910 ans, \u00e7a se f\u00eate !\u2019\u2019. C\u2019est autour de ce th\u00e8me que se &hellip; Figas 2026\u00a0: Coup d\u2019envoi des 10 ans donn\u00e9 \u00e0 Abidjan Lire la suite\u00a0\u00bb","og_url":"https:\/\/7culture.ci\/index.php\/2026\/04\/28\/figas-2026-coup-denvoi-des-10-ans-donne-a-abidjan\/","og_site_name":"7culture","article_publisher":"https:\/\/www.facebook.com\/redchefclaude","article_published_time":"2026-04-28T11:11:38+00:00","article_modified_time":"2026-04-28T11:11:39+00:00","og_image":[{"width":1280,"height":575,"url":"http:\/\/7culture.ci\/wp-content\/uploads\/2026\/04\/2.jpeg","type":"image\/jpeg"}],"author":"7culture2020","twitter_card":"summary_large_image","twitter_creator":"@7culturec","twitter_site":"@7culturec","twitter_misc":{"\u00c9crit par":"7culture2020","Dur\u00e9e de lecture estim\u00e9e":"1 minute"},"schema":{"@context":"https:\/\/schema.org","@graph":[{"@type":"Article","@id":"https:\/\/7culture.ci\/index.php\/2026\/04\/28\/figas-2026-coup-denvoi-des-10-ans-donne-a-abidjan\/#article","isPartOf":{"@id":"https:\/\/7culture.ci\/index.php\/2026\/04\/28\/figas-2026-coup-denvoi-des-10-ans-donne-a-abidjan\/"},"author":{"name":"7culture2020","@id":"https:\/\/7culture.ci\/#\/schema\/person\/16150d28d7ef66ba788c1f87f28c4426"},"headline":"Figas 2026\u00a0: Coup d\u2019envoi des 10 ans donn\u00e9 \u00e0 Abidjan","datePublished":"2026-04-28T11:11:38+00:00","dateModified":"2026-04-28T11:11:39+00:00","mainEntityOfPage":{"@id":"https:\/\/7culture.ci\/index.php\/2026\/04\/28\/figas-2026-coup-denvoi-des-10-ans-donne-a-abidjan\/"},"wordCount":302,"commentCount":0,"publisher":{"@id":"https:\/\/7culture.ci\/#organization"},"articleSection":["A la une"],"inLanguage":"fr-FR","potentialAction":[{"@type":"CommentAction","name":"Comment","target":["https:\/\/7culture.ci\/index.php\/2026\/04\/28\/figas-2026-coup-denvoi-des-10-ans-donne-a-abidjan\/#respond"]}]},{"@type":"WebPage","@id":"https:\/\/7culture.ci\/index.php\/2026\/04\/28\/figas-2026-coup-denvoi-des-10-ans-donne-a-abidjan\/","url":"https:\/\/7culture.ci\/index.php\/2026\/04\/28\/figas-2026-coup-denvoi-des-10-ans-donne-a-abidjan\/","name":"Figas 2026\u00a0: Coup d\u2019envoi des 10 ans donn\u00e9 \u00e0 Abidjan - 7culture","isPartOf":{"@id":"https:\/\/7culture.ci\/#website"},"datePublished":"2026-04-28T11:11:38+00:00","dateModified":"2026-04-28T11:11:39+00:00","breadcrumb":{"@id":"https:\/\/7culture.ci\/index.php\/2026\/04\/28\/figas-2026-coup-denvoi-des-10-ans-donne-a-abidjan\/#breadcrumb"},"inLanguage":"fr-FR","potentialAction":[{"@type":"ReadAction","target":["https:\/\/7culture.ci\/index.php\/2026\/04\/28\/figas-2026-coup-denvoi-des-10-ans-donne-a-abidjan\/"]}]},{"@type":"BreadcrumbList","@id":"https:\/\/7culture.ci\/index.php\/2026\/04\/28\/figas-2026-coup-denvoi-des-10-ans-donne-a-abidjan\/#breadcrumb","itemListElement":[{"@type":"ListItem","position":1,"name":"Accueil","item":"https:\/\/7culture.ci\/"},{"@type":"ListItem","position":2,"name":"Figas 2026\u00a0: Coup d\u2019envoi des 10 ans donn\u00e9 \u00e0 Abidjan"}]},{"@type":"WebSite","@id":"https:\/\/7culture.ci\/#website","url":"https:\/\/7culture.ci\/","name":"7culture","description":"Tout sur l&#039;actualit\u00e9","publisher":{"@id":"https:\/\/7culture.ci\/#organization"},"potentialAction":[{"@type":"SearchAction","target":{"@type":"EntryPoint","urlTemplate":"https:\/\/7culture.ci\/?s={search_term_string}"},"query-input":"required name=search_term_string"}],"inLanguage":"fr-FR"},{"@type":"Organization","@id":"https:\/\/7culture.ci\/#organization","name":"7culture","url":"https:\/\/7culture.ci\/","sameAs":["https:\/\/www.facebook.com\/redchefclaude","https:\/\/twitter.com\/7culturec"],"logo":{"@type":"ImageObject","inLanguage":"fr-FR","@id":"https:\/\/7culture.ci\/#\/schema\/logo\/image\/","url":"https:\/\/7culture.ci\/wp-content\/uploads\/2021\/12\/S1a-1.png","contentUrl":"https:\/\/7culture.ci\/wp-content\/uploads\/2021\/12\/S1a-1.png","width":588,"height":192,"caption":"7culture"},"image":{"@id":"https:\/\/7culture.ci\/#\/schema\/logo\/image\/"}},{"@type":"Person","@id":"https:\/\/7culture.ci\/#\/schema\/person\/16150d28d7ef66ba788c1f87f28c4426","name":"7culture2020","image":{"@type":"ImageObject","inLanguage":"fr-FR","@id":"https:\/\/7culture.ci\/#\/schema\/person\/image\/","url":"https:\/\/secure.gravatar.com\/avatar\/9a0784f951306c37bcd065f52844ef95?s=96&d=mm&r=g","contentUrl":"https:\/\/secure.gravatar.com\/avatar\/9a0784f951306c37bcd065f52844ef95?s=96&d=mm&r=g","caption":"7culture2020"},"sameAs":["http:\/\/7culture.ci","Claude.kipre"],"url":"https:\/\/7culture.ci\/index.php\/author\/7culture2020\/"}]}},"jetpack_featured_media_url":"https:\/\/7culture.ci\/wp-content\/uploads\/2026\/04\/2.jpeg","jetpack_likes_enabled":true,"jetpack_sharing_enabled":true,"_links":{"self":[{"href":"https:\/\/7culture.ci\/index.php\/wp-json\/wp\/v2\/posts\/27281"}],"collection":[{"href":"https:\/\/7culture.ci\/index.php\/wp-json\/wp\/v2\/posts"}],"about":[{"href":"https:\/\/7culture.ci\/index.php\/wp-json\/wp\/v2\/types\/post"}],"author":[{"embeddable":true,"href":"https:\/\/7culture.ci\/index.php\/wp-json\/wp\/v2\/users\/1"}],"replies":[{"embeddable":true,"href":"https:\/\/7culture.ci\/index.php\/wp-json\/wp\/v2\/comments?post=27281"}],"version-history":[{"count":1,"href":"https:\/\/7culture.ci\/index.php\/wp-json\/wp\/v2\/posts\/27281\/revisions"}],"predecessor-version":[{"id":27287,"href":"https:\/\/7culture.ci\/index.php\/wp-json\/wp\/v2\/posts\/27281\/revisions\/27287"}],"wp:featuredmedia":[{"embeddable":true,"href":"https:\/\/7culture.ci\/index.php\/wp-json\/wp\/v2\/media\/27283"}],"wp:attachment":[{"href":"https:\/\/7culture.ci\/index.php\/wp-json\/wp\/v2\/media?parent=27281"}],"wp:term":[{"taxonomy":"category","embeddable":true,"href":"https:\/\/7culture.ci\/index.php\/wp-json\/wp\/v2\/categories?post=27281"},{"taxonomy":"post_tag","embeddable":true,"href":"https:\/\/7culture.ci\/index.php\/wp-json\/wp\/v2\/tags?post=27281"}],"curies":[{"name":"wp","href":"https:\/\/api.w.org\/{rel}","templated":true}]}}