{"id":27258,"date":"2026-04-27T20:05:43","date_gmt":"2026-04-27T20:05:43","guid":{"rendered":"https:\/\/7culture.ci\/?p=27258"},"modified":"2026-04-28T10:12:16","modified_gmt":"2026-04-28T10:12:16","slug":"action-sociale-lacm-ci-et-la-fondation-petroci-offrent-un-nouveau-batiment-a-lecole-des-sourds","status":"publish","type":"post","link":"https:\/\/7culture.ci\/index.php\/2026\/04\/27\/action-sociale-lacm-ci-et-la-fondation-petroci-offrent-un-nouveau-batiment-a-lecole-des-sourds\/","title":{"rendered":"Action sociale\u00a0: L\u2019ACM-CI et la Fondation Petroci offrent un nouveau b\u00e2timent \u00e0 l\u2019\u00c9cole des Sourds"},"content":{"rendered":"\n<p><em>Deux salles de classe, un bureau et des vivres ont \u00e9t\u00e9 remis ce vendredi 24 avril 2026 \u00e0 l\u2019ECIS, \u00e0 Yopougon. Un projet port\u00e9 par l\u2019Association des Cr\u00e9ateurs de Mode de C\u00f4te d\u2019Ivoire (Acm-CI) avec le soutien de la Fondation Petroci, pour un co\u00fbt total d\u2019environ 45 millions FCFA.<\/em><\/p>\n\n\n\n<p>Sourires et \u00e9motion, ce vendredi 24 avril 2026, \u00e0 l\u2019\u00c9cole Ivoirienne pour les Sourds (ECIS). L\u2019administration de l\u2019\u00e9tablissement public a r\u00e9ceptionn\u00e9 les cl\u00e9s d\u2019un b\u00e2timent flambant neuf compos\u00e9 de deux salles de classe, d\u2019un bureau et des vivres. Le don est une initiative de l\u2019Association des Cr\u00e9ateurs de Mode de C\u00f4te d\u2019Ivoire (ACM-CI), r\u00e9alis\u00e9e avec l\u2019appui de la Fondation Petroci.<\/p>\n\n\n\n<p>La c\u00e9r\u00e9monie s\u2019est d\u00e9roul\u00e9e en pr\u00e9sence de Fran\u00e7oise Remarck, ministre de la Culture et de la Francophonie, d\u2019Adama Kamara, ministre de l\u2019Emploi, de la Protection sociale et de la Formation professionnelle, et de Virginie Aya Tour\u00e9, Directrice de la Fondation Petroci.<\/p>\n\n\n\n<figure class=\"wp-block-gallery has-nested-images columns-default is-cropped wp-block-gallery-1 is-layout-flex wp-block-gallery-is-layout-flex\">\n<figure class=\"wp-block-image size-large\"><img loading=\"lazy\" decoding=\"async\" width=\"1024\" height=\"683\" data-id=\"27262\" src=\"https:\/\/7culture.ci\/wp-content\/uploads\/2026\/04\/5-1024x683.jpg\" alt=\"\" class=\"wp-image-27262\" srcset=\"https:\/\/7culture.ci\/wp-content\/uploads\/2026\/04\/5-1024x683.jpg 1024w, https:\/\/7culture.ci\/wp-content\/uploads\/2026\/04\/5-300x200.jpg 300w, https:\/\/7culture.ci\/wp-content\/uploads\/2026\/04\/5-768x512.jpg 768w, https:\/\/7culture.ci\/wp-content\/uploads\/2026\/04\/5-1536x1024.jpg 1536w, https:\/\/7culture.ci\/wp-content\/uploads\/2026\/04\/5.jpg 2048w\" sizes=\"(max-width: 1024px) 100vw, 1024px\" \/><\/figure>\n\n\n\n<figure class=\"wp-block-image size-large\"><img loading=\"lazy\" decoding=\"async\" width=\"1024\" height=\"683\" data-id=\"27263\" src=\"https:\/\/7culture.ci\/wp-content\/uploads\/2026\/04\/6-1024x683.jpg\" alt=\"\" class=\"wp-image-27263\" srcset=\"https:\/\/7culture.ci\/wp-content\/uploads\/2026\/04\/6-1024x683.jpg 1024w, https:\/\/7culture.ci\/wp-content\/uploads\/2026\/04\/6-300x200.jpg 300w, https:\/\/7culture.ci\/wp-content\/uploads\/2026\/04\/6-768x512.jpg 768w, https:\/\/7culture.ci\/wp-content\/uploads\/2026\/04\/6-1536x1024.jpg 1536w, https:\/\/7culture.ci\/wp-content\/uploads\/2026\/04\/6.jpg 2048w\" sizes=\"(max-width: 1024px) 100vw, 1024px\" \/><\/figure>\n\n\n\n<figure class=\"wp-block-image size-large\"><img loading=\"lazy\" decoding=\"async\" width=\"1024\" height=\"683\" data-id=\"27261\" src=\"https:\/\/7culture.ci\/wp-content\/uploads\/2026\/04\/7-1024x683.jpg\" alt=\"\" class=\"wp-image-27261\" srcset=\"https:\/\/7culture.ci\/wp-content\/uploads\/2026\/04\/7-1024x683.jpg 1024w, https:\/\/7culture.ci\/wp-content\/uploads\/2026\/04\/7-300x200.jpg 300w, https:\/\/7culture.ci\/wp-content\/uploads\/2026\/04\/7-768x512.jpg 768w, https:\/\/7culture.ci\/wp-content\/uploads\/2026\/04\/7-1536x1024.jpg 1536w, https:\/\/7culture.ci\/wp-content\/uploads\/2026\/04\/7.jpg 1920w\" sizes=\"(max-width: 1024px) 100vw, 1024px\" \/><\/figure>\n<\/figure>\n\n\n\n<p><strong>\u00ab On a gagn\u00e9 le jackpot \u00bb : cinq ans d\u2019engagement<\/strong><\/p>\n\n\n\n<p>\u00ab Notre pays s\u2019est toujours engag\u00e9 dans les d\u00e9fis qui \u0153uvrent au r\u00e9tablissement, au maintien et \u00e0 l\u2019\u00e9l\u00e9vation de la dignit\u00e9 humaine \u00bb, a rappel\u00e9 Nadia Druide, pr\u00e9sidente de l\u2019ACM-CI. Elle est revenue sur la gen\u00e8se du projet, n\u00e9 il y a cinq ans. Sollicit\u00e9e pour des kits scolaires et des parrainages, l\u2019ACM-CI avait constat\u00e9 le manque criant de salles face au nombre \u00e9lev\u00e9 d\u2019\u00e9l\u00e8ves. \u00ab Nous avons entendu des cris de c\u0153ur de personnes qui n\u2019entendent pas. Ces jeunes filles et jeunes gar\u00e7ons nous ont pr\u00e9sent\u00e9 leurs mains, leurs bras, leurs c\u0153urs, leur intelligence dans les meurtrissures du silence. Nous avons \u00e9t\u00e9 touch\u00e9s par leur d\u00e9sir d\u2019insertion totale dans le tissu socio-\u00e9conomique \u00bb, a confi\u00e9 Nadia Druide. L\u2019association s\u2019est alors tourn\u00e9e vers la Fondation Petroci. \u00ab Lorsque nous lui avons pos\u00e9 le cas de cette \u00e9cole, elle a dit que la Fondation Petroci va offrir plus que \u00e7a : un b\u00e2timent de deux classes. Depuis trois ans, la construction a commenc\u00e9. Aujourd\u2019hui, c\u2019est la remise des cl\u00e9s. On a demand\u00e9 juste quelque chose, et on a gagn\u00e9 le jackpot : le b\u00e2timent avec \u00e9quipements. Il y a une salle \u00e9quip\u00e9e de machines \u00e0 coudre, et une salle pour les professeurs \u00bb, a-t-elle ajout\u00e9.<\/p>\n\n\n\n<figure class=\"wp-block-gallery has-nested-images columns-default is-cropped wp-block-gallery-2 is-layout-flex wp-block-gallery-is-layout-flex\">\n<figure class=\"wp-block-image size-large\"><img loading=\"lazy\" decoding=\"async\" width=\"1024\" height=\"683\" data-id=\"27264\" src=\"https:\/\/7culture.ci\/wp-content\/uploads\/2026\/04\/10-1024x683.jpg\" alt=\"\" class=\"wp-image-27264\" srcset=\"https:\/\/7culture.ci\/wp-content\/uploads\/2026\/04\/10-1024x683.jpg 1024w, https:\/\/7culture.ci\/wp-content\/uploads\/2026\/04\/10-300x200.jpg 300w, https:\/\/7culture.ci\/wp-content\/uploads\/2026\/04\/10-768x512.jpg 768w, https:\/\/7culture.ci\/wp-content\/uploads\/2026\/04\/10-1536x1024.jpg 1536w, https:\/\/7culture.ci\/wp-content\/uploads\/2026\/04\/10.jpg 2048w\" sizes=\"(max-width: 1024px) 100vw, 1024px\" \/><\/figure>\n\n\n\n<figure class=\"wp-block-image size-large\"><img loading=\"lazy\" decoding=\"async\" width=\"1024\" height=\"683\" data-id=\"27265\" src=\"https:\/\/7culture.ci\/wp-content\/uploads\/2026\/04\/11-1024x683.jpg\" alt=\"\" class=\"wp-image-27265\" srcset=\"https:\/\/7culture.ci\/wp-content\/uploads\/2026\/04\/11-1024x683.jpg 1024w, https:\/\/7culture.ci\/wp-content\/uploads\/2026\/04\/11-300x200.jpg 300w, https:\/\/7culture.ci\/wp-content\/uploads\/2026\/04\/11-768x512.jpg 768w, https:\/\/7culture.ci\/wp-content\/uploads\/2026\/04\/11-1536x1024.jpg 1536w, https:\/\/7culture.ci\/wp-content\/uploads\/2026\/04\/11.jpg 1920w\" sizes=\"(max-width: 1024px) 100vw, 1024px\" \/><\/figure>\n\n\n\n<figure class=\"wp-block-image size-large\"><img loading=\"lazy\" decoding=\"async\" width=\"1024\" height=\"683\" data-id=\"27266\" src=\"https:\/\/7culture.ci\/wp-content\/uploads\/2026\/04\/12-1024x683.jpg\" alt=\"\" class=\"wp-image-27266\" srcset=\"https:\/\/7culture.ci\/wp-content\/uploads\/2026\/04\/12-1024x683.jpg 1024w, https:\/\/7culture.ci\/wp-content\/uploads\/2026\/04\/12-300x200.jpg 300w, https:\/\/7culture.ci\/wp-content\/uploads\/2026\/04\/12-768x512.jpg 768w, https:\/\/7culture.ci\/wp-content\/uploads\/2026\/04\/12-1536x1024.jpg 1536w, https:\/\/7culture.ci\/wp-content\/uploads\/2026\/04\/12.jpg 2048w\" sizes=\"(max-width: 1024px) 100vw, 1024px\" \/><\/figure>\n<\/figure>\n\n\n\n<p><strong>\u00ab Le handicap n\u2019est pas une limite \u00bb<\/strong><\/p>\n\n\n\n<p>Tour\u00e9 Aya Virginie a salu\u00e9 la pr\u00e9sence des deux ministres : \u00ab Vous avez fait de notre simple remise de cl\u00e9s une grande c\u00e9r\u00e9monie \u00bb. Pour la Directrice de la Fondation Petroci, \u00ab cette c\u00e9r\u00e9monie n\u2019est pas seulement l\u2019inauguration d\u2019une infrastructure mais le symbole de l\u2019engagement fort en faveur de l\u2019inclusion, de l\u2019\u00e9galit\u00e9 des chances et du respect de la dignit\u00e9 humaine \u00bb. \u00ab Le handicap n\u2019est pas une limite \u00e0 l\u2019intelligence, ni au talent ou \u00e0 l\u2019avenir \u00bb, a-t-elle martel\u00e9, f\u00e9licitant l\u2019ACM-CI pour son projet. L\u2019ECIS forme les pensionnaires \u00e0 trois m\u00e9tiers : couture, cordonnerie et p\u00e2tisserie.<\/p>\n\n\n\n<figure class=\"wp-block-gallery has-nested-images columns-default is-cropped wp-block-gallery-3 is-layout-flex wp-block-gallery-is-layout-flex\">\n<figure class=\"wp-block-image size-large\"><img loading=\"lazy\" decoding=\"async\" width=\"1024\" height=\"683\" data-id=\"27268\" src=\"https:\/\/7culture.ci\/wp-content\/uploads\/2026\/04\/15-1024x683.jpg\" alt=\"\" class=\"wp-image-27268\" srcset=\"https:\/\/7culture.ci\/wp-content\/uploads\/2026\/04\/15-1024x683.jpg 1024w, https:\/\/7culture.ci\/wp-content\/uploads\/2026\/04\/15-300x200.jpg 300w, https:\/\/7culture.ci\/wp-content\/uploads\/2026\/04\/15-768x512.jpg 768w, https:\/\/7culture.ci\/wp-content\/uploads\/2026\/04\/15-1536x1024.jpg 1536w, https:\/\/7culture.ci\/wp-content\/uploads\/2026\/04\/15.jpg 1920w\" sizes=\"(max-width: 1024px) 100vw, 1024px\" \/><\/figure>\n\n\n\n<figure class=\"wp-block-image size-large\"><img loading=\"lazy\" decoding=\"async\" width=\"1024\" height=\"683\" data-id=\"27269\" src=\"https:\/\/7culture.ci\/wp-content\/uploads\/2026\/04\/16-1024x683.jpg\" alt=\"\" class=\"wp-image-27269\" srcset=\"https:\/\/7culture.ci\/wp-content\/uploads\/2026\/04\/16-1024x683.jpg 1024w, https:\/\/7culture.ci\/wp-content\/uploads\/2026\/04\/16-300x200.jpg 300w, https:\/\/7culture.ci\/wp-content\/uploads\/2026\/04\/16-768x512.jpg 768w, https:\/\/7culture.ci\/wp-content\/uploads\/2026\/04\/16-1536x1024.jpg 1536w, https:\/\/7culture.ci\/wp-content\/uploads\/2026\/04\/16.jpg 1920w\" sizes=\"(max-width: 1024px) 100vw, 1024px\" \/><\/figure>\n\n\n\n<figure class=\"wp-block-image size-large\"><img loading=\"lazy\" decoding=\"async\" width=\"1024\" height=\"683\" data-id=\"27267\" src=\"https:\/\/7culture.ci\/wp-content\/uploads\/2026\/04\/22-1024x683.jpg\" alt=\"\" class=\"wp-image-27267\" srcset=\"https:\/\/7culture.ci\/wp-content\/uploads\/2026\/04\/22-1024x683.jpg 1024w, https:\/\/7culture.ci\/wp-content\/uploads\/2026\/04\/22-300x200.jpg 300w, https:\/\/7culture.ci\/wp-content\/uploads\/2026\/04\/22-768x512.jpg 768w, https:\/\/7culture.ci\/wp-content\/uploads\/2026\/04\/22.jpg 1440w\" sizes=\"(max-width: 1024px) 100vw, 1024px\" \/><\/figure>\n<\/figure>\n\n\n\n<p><strong>45 millions FCFA pour redonner le sourire<\/strong><\/p>\n\n\n\n<p>Parrain de la c\u00e9r\u00e9monie, Adama Kamara a salu\u00e9 \u00ab la force de tous ces cr\u00e9ateurs de mode qui sont venus donner du sourire \u00bb aux enfants. \u00ab \u00c0 vous les enfants, moi c\u2019est vous. Et vous, c\u2019est moi. Chaque fois qu\u2019on vient vous donner du sourire, je suis heureux \u00bb, a-t-il lanc\u00e9. Il a invit\u00e9 les encadreurs \u00e0 prendre soin du b\u00e2timent \u00ab afin que d\u2019autres donateurs embo\u00eetent le pas \u00bb. Fran\u00e7oise Remarck s\u2019est dite \u00ab fi\u00e8re de voir ces artistes faire rayonner la C\u00f4te d\u2019Ivoire, par leurs cr\u00e9ations et les bonnes actions qu\u2019ils posent en faveur des populations vuln\u00e9rables \u00bb. Des actions qui s\u2019inscrivent, selon elle, dans la vision du pr\u00e9sident Alassane Ouattara \u00ab d\u2019une C\u00f4te d\u2019Ivoire solidaire, inclusive et qui vient au secours de ceux qui sont dans le besoin \u00bb. Elle a rappel\u00e9 que \u00ab le secteur culturel reste un domaine qui offre beaucoup d\u2019emplois \u00e0 la jeunesse \u00bb.<\/p>\n\n\n\n<figure class=\"wp-block-gallery has-nested-images columns-default is-cropped wp-block-gallery-4 is-layout-flex wp-block-gallery-is-layout-flex\">\n<figure class=\"wp-block-image size-large\"><img loading=\"lazy\" decoding=\"async\" width=\"1024\" height=\"683\" data-id=\"27270\" src=\"https:\/\/7culture.ci\/wp-content\/uploads\/2026\/04\/17-1024x683.jpg\" alt=\"\" class=\"wp-image-27270\" srcset=\"https:\/\/7culture.ci\/wp-content\/uploads\/2026\/04\/17-1024x683.jpg 1024w, https:\/\/7culture.ci\/wp-content\/uploads\/2026\/04\/17-300x200.jpg 300w, https:\/\/7culture.ci\/wp-content\/uploads\/2026\/04\/17-768x512.jpg 768w, https:\/\/7culture.ci\/wp-content\/uploads\/2026\/04\/17-1536x1024.jpg 1536w, https:\/\/7culture.ci\/wp-content\/uploads\/2026\/04\/17.jpg 1920w\" sizes=\"(max-width: 1024px) 100vw, 1024px\" \/><\/figure>\n\n\n\n<figure class=\"wp-block-image size-large\"><img loading=\"lazy\" decoding=\"async\" width=\"1024\" height=\"683\" data-id=\"27272\" src=\"https:\/\/7culture.ci\/wp-content\/uploads\/2026\/04\/19-1024x683.jpg\" alt=\"\" class=\"wp-image-27272\" srcset=\"https:\/\/7culture.ci\/wp-content\/uploads\/2026\/04\/19-1024x683.jpg 1024w, https:\/\/7culture.ci\/wp-content\/uploads\/2026\/04\/19-300x200.jpg 300w, https:\/\/7culture.ci\/wp-content\/uploads\/2026\/04\/19-768x512.jpg 768w, https:\/\/7culture.ci\/wp-content\/uploads\/2026\/04\/19-1536x1024.jpg 1536w, https:\/\/7culture.ci\/wp-content\/uploads\/2026\/04\/19.jpg 1920w\" sizes=\"(max-width: 1024px) 100vw, 1024px\" \/><\/figure>\n\n\n\n<figure class=\"wp-block-image size-large\"><img loading=\"lazy\" decoding=\"async\" width=\"1024\" height=\"683\" data-id=\"27271\" src=\"https:\/\/7culture.ci\/wp-content\/uploads\/2026\/04\/21-1024x683.jpg\" alt=\"\" class=\"wp-image-27271\" srcset=\"https:\/\/7culture.ci\/wp-content\/uploads\/2026\/04\/21-1024x683.jpg 1024w, https:\/\/7culture.ci\/wp-content\/uploads\/2026\/04\/21-300x200.jpg 300w, https:\/\/7culture.ci\/wp-content\/uploads\/2026\/04\/21-768x512.jpg 768w, https:\/\/7culture.ci\/wp-content\/uploads\/2026\/04\/21-1536x1024.jpg 1536w, https:\/\/7culture.ci\/wp-content\/uploads\/2026\/04\/21.jpg 1920w\" sizes=\"(max-width: 1024px) 100vw, 1024px\" \/><\/figure>\n<\/figure>\n\n\n\n<p><strong>Un soulagement pour l\u2019ECIS<\/strong><\/p>\n\n\n\n<p>D\u2019un co\u00fbt total d\u2019environ 45 millions FCFA, le projet comprend deux salles de classe dont l\u2019une \u00e9quip\u00e9e de dix machines \u00e0 coudre, une salle pour les professeurs, un bureau, ainsi que des vivres : sacs de riz, cartons de p\u00e2tes alimentaires\u2026<\/p>\n\n\n\n<p>Dieudonn\u00e9 Okou, Directeur de l\u2019ECIS, a exprim\u00e9 la gratitude du personnel et des pensionnaires. \u00ab L\u2019ensemble du personnel, administratif, enseignant et pensionnaire est engag\u00e9 sur la voie de l\u2019excellence \u00bb, a-t-il assur\u00e9.<\/p>\n\n\n\n<p>Par D.T<\/p>\n","protected":false},"excerpt":{"rendered":"<p>Deux salles de classe, un bureau et des vivres ont \u00e9t\u00e9 remis ce vendredi 24 avril 2026 \u00e0 l\u2019ECIS, \u00e0 Yopougon. Un projet port\u00e9 par l\u2019Association des Cr\u00e9ateurs de Mode de C\u00f4te d\u2019Ivoire (Acm-CI) avec le soutien de la Fondation Petroci, pour un co\u00fbt total d\u2019environ 45 millions FCFA. Sourires et \u00e9motion, ce vendredi 24 &hellip;<\/p>\n<p class=\"read-more\"> <a class=\"\" href=\"https:\/\/7culture.ci\/index.php\/2026\/04\/27\/action-sociale-lacm-ci-et-la-fondation-petroci-offrent-un-nouveau-batiment-a-lecole-des-sourds\/\"> <span class=\"screen-reader-text\">Action sociale\u00a0: L\u2019ACM-CI et la Fondation Petroci offrent un nouveau b\u00e2timent \u00e0 l\u2019\u00c9cole des Sourds<\/span> Lire la suite\u00a0\u00bb<\/a><\/p>\n","protected":false},"author":1,"featured_media":27260,"comment_status":"open","ping_status":"open","sticky":false,"template":"","format":"standard","meta":{"_mi_skip_tracking":false,"_monsterinsights_sitenote_active":false,"_monsterinsights_sitenote_note":"","_monsterinsights_sitenote_category":0,"site-sidebar-layout":"default","site-content-layout":"default","ast-global-header-display":"","ast-main-header-display":"","ast-hfb-above-header-display":"","ast-hfb-below-header-display":"","ast-hfb-mobile-header-display":"","site-post-title":"","ast-breadcrumbs-content":"","ast-featured-img":"","footer-sml-layout":"","theme-transparent-header-meta":"","adv-header-id-meta":"","stick-header-meta":"","header-above-stick-meta":"","header-main-stick-meta":"","header-below-stick-meta":"","footnotes":"","jetpack_publicize_message":"","jetpack_is_tweetstorm":false,"jetpack_publicize_feature_enabled":true},"categories":[22],"tags":[],"jetpack_publicize_connections":[],"acf":[],"aioseo_notices":[],"yoast_head":"<!-- This site is optimized with the Yoast SEO plugin v19.6.1 - https:\/\/yoast.com\/wordpress\/plugins\/seo\/ -->\n<title>Action sociale\u00a0: L\u2019ACM-CI et la Fondation Petroci offrent un nouveau b\u00e2timent \u00e0 l\u2019\u00c9cole des Sourds - 7culture<\/title>\n<meta name=\"robots\" content=\"index, follow, max-snippet:-1, max-image-preview:large, max-video-preview:-1\" \/>\n<link rel=\"canonical\" href=\"https:\/\/7culture.ci\/index.php\/2026\/04\/27\/action-sociale-lacm-ci-et-la-fondation-petroci-offrent-un-nouveau-batiment-a-lecole-des-sourds\/\" \/>\n<meta property=\"og:locale\" content=\"fr_FR\" \/>\n<meta property=\"og:type\" content=\"article\" \/>\n<meta property=\"og:title\" content=\"Action sociale\u00a0: L\u2019ACM-CI et la Fondation Petroci offrent un nouveau b\u00e2timent \u00e0 l\u2019\u00c9cole des Sourds - 7culture\" \/>\n<meta property=\"og:description\" content=\"Deux salles de classe, un bureau et des vivres ont \u00e9t\u00e9 remis ce vendredi 24 avril 2026 \u00e0 l\u2019ECIS, \u00e0 Yopougon. Un projet port\u00e9 par l\u2019Association des Cr\u00e9ateurs de Mode de C\u00f4te d\u2019Ivoire (Acm-CI) avec le soutien de la Fondation Petroci, pour un co\u00fbt total d\u2019environ 45 millions FCFA. Sourires et \u00e9motion, ce vendredi 24 &hellip; Action sociale\u00a0: L\u2019ACM-CI et la Fondation Petroci offrent un nouveau b\u00e2timent \u00e0 l\u2019\u00c9cole des Sourds Lire la suite\u00a0\u00bb\" \/>\n<meta property=\"og:url\" content=\"https:\/\/7culture.ci\/index.php\/2026\/04\/27\/action-sociale-lacm-ci-et-la-fondation-petroci-offrent-un-nouveau-batiment-a-lecole-des-sourds\/\" \/>\n<meta property=\"og:site_name\" content=\"7culture\" \/>\n<meta property=\"article:publisher\" content=\"https:\/\/www.facebook.com\/redchefclaude\" \/>\n<meta property=\"article:published_time\" content=\"2026-04-27T20:05:43+00:00\" \/>\n<meta property=\"article:modified_time\" content=\"2026-04-28T10:12:16+00:00\" \/>\n<meta property=\"og:image\" content=\"http:\/\/7culture.ci\/wp-content\/uploads\/2026\/04\/3.jpg\" \/>\n\t<meta property=\"og:image:width\" content=\"2048\" \/>\n\t<meta property=\"og:image:height\" content=\"1365\" \/>\n\t<meta property=\"og:image:type\" content=\"image\/jpeg\" \/>\n<meta name=\"author\" content=\"7culture2020\" \/>\n<meta name=\"twitter:card\" content=\"summary_large_image\" \/>\n<meta name=\"twitter:creator\" content=\"@7culturec\" \/>\n<meta name=\"twitter:site\" content=\"@7culturec\" \/>\n<meta name=\"twitter:label1\" content=\"\u00c9crit par\" \/>\n\t<meta name=\"twitter:data1\" content=\"7culture2020\" \/>\n\t<meta name=\"twitter:label2\" content=\"Dur\u00e9e de lecture estim\u00e9e\" \/>\n\t<meta name=\"twitter:data2\" content=\"4 minutes\" \/>\n<script type=\"application\/ld+json\" class=\"yoast-schema-graph\">{\"@context\":\"https:\/\/schema.org\",\"@graph\":[{\"@type\":\"Article\",\"@id\":\"https:\/\/7culture.ci\/index.php\/2026\/04\/27\/action-sociale-lacm-ci-et-la-fondation-petroci-offrent-un-nouveau-batiment-a-lecole-des-sourds\/#article\",\"isPartOf\":{\"@id\":\"https:\/\/7culture.ci\/index.php\/2026\/04\/27\/action-sociale-lacm-ci-et-la-fondation-petroci-offrent-un-nouveau-batiment-a-lecole-des-sourds\/\"},\"author\":{\"name\":\"7culture2020\",\"@id\":\"https:\/\/7culture.ci\/#\/schema\/person\/16150d28d7ef66ba788c1f87f28c4426\"},\"headline\":\"Action sociale\u00a0: L\u2019ACM-CI et la Fondation Petroci offrent un nouveau b\u00e2timent \u00e0 l\u2019\u00c9cole des Sourds\",\"datePublished\":\"2026-04-27T20:05:43+00:00\",\"dateModified\":\"2026-04-28T10:12:16+00:00\",\"mainEntityOfPage\":{\"@id\":\"https:\/\/7culture.ci\/index.php\/2026\/04\/27\/action-sociale-lacm-ci-et-la-fondation-petroci-offrent-un-nouveau-batiment-a-lecole-des-sourds\/\"},\"wordCount\":788,\"commentCount\":0,\"publisher\":{\"@id\":\"https:\/\/7culture.ci\/#organization\"},\"articleSection\":[\"Actualit\u00e9\"],\"inLanguage\":\"fr-FR\",\"potentialAction\":[{\"@type\":\"CommentAction\",\"name\":\"Comment\",\"target\":[\"https:\/\/7culture.ci\/index.php\/2026\/04\/27\/action-sociale-lacm-ci-et-la-fondation-petroci-offrent-un-nouveau-batiment-a-lecole-des-sourds\/#respond\"]}]},{\"@type\":\"WebPage\",\"@id\":\"https:\/\/7culture.ci\/index.php\/2026\/04\/27\/action-sociale-lacm-ci-et-la-fondation-petroci-offrent-un-nouveau-batiment-a-lecole-des-sourds\/\",\"url\":\"https:\/\/7culture.ci\/index.php\/2026\/04\/27\/action-sociale-lacm-ci-et-la-fondation-petroci-offrent-un-nouveau-batiment-a-lecole-des-sourds\/\",\"name\":\"Action sociale\u00a0: L\u2019ACM-CI et la Fondation Petroci offrent un nouveau b\u00e2timent \u00e0 l\u2019\u00c9cole des Sourds - 7culture\",\"isPartOf\":{\"@id\":\"https:\/\/7culture.ci\/#website\"},\"datePublished\":\"2026-04-27T20:05:43+00:00\",\"dateModified\":\"2026-04-28T10:12:16+00:00\",\"breadcrumb\":{\"@id\":\"https:\/\/7culture.ci\/index.php\/2026\/04\/27\/action-sociale-lacm-ci-et-la-fondation-petroci-offrent-un-nouveau-batiment-a-lecole-des-sourds\/#breadcrumb\"},\"inLanguage\":\"fr-FR\",\"potentialAction\":[{\"@type\":\"ReadAction\",\"target\":[\"https:\/\/7culture.ci\/index.php\/2026\/04\/27\/action-sociale-lacm-ci-et-la-fondation-petroci-offrent-un-nouveau-batiment-a-lecole-des-sourds\/\"]}]},{\"@type\":\"BreadcrumbList\",\"@id\":\"https:\/\/7culture.ci\/index.php\/2026\/04\/27\/action-sociale-lacm-ci-et-la-fondation-petroci-offrent-un-nouveau-batiment-a-lecole-des-sourds\/#breadcrumb\",\"itemListElement\":[{\"@type\":\"ListItem\",\"position\":1,\"name\":\"Accueil\",\"item\":\"https:\/\/7culture.ci\/\"},{\"@type\":\"ListItem\",\"position\":2,\"name\":\"Action sociale\u00a0: L\u2019ACM-CI et la Fondation Petroci offrent un nouveau b\u00e2timent \u00e0 l\u2019\u00c9cole des Sourds\"}]},{\"@type\":\"WebSite\",\"@id\":\"https:\/\/7culture.ci\/#website\",\"url\":\"https:\/\/7culture.ci\/\",\"name\":\"7culture\",\"description\":\"Tout sur l&#039;actualit\u00e9\",\"publisher\":{\"@id\":\"https:\/\/7culture.ci\/#organization\"},\"potentialAction\":[{\"@type\":\"SearchAction\",\"target\":{\"@type\":\"EntryPoint\",\"urlTemplate\":\"https:\/\/7culture.ci\/?s={search_term_string}\"},\"query-input\":\"required name=search_term_string\"}],\"inLanguage\":\"fr-FR\"},{\"@type\":\"Organization\",\"@id\":\"https:\/\/7culture.ci\/#organization\",\"name\":\"7culture\",\"url\":\"https:\/\/7culture.ci\/\",\"sameAs\":[\"https:\/\/www.facebook.com\/redchefclaude\",\"https:\/\/twitter.com\/7culturec\"],\"logo\":{\"@type\":\"ImageObject\",\"inLanguage\":\"fr-FR\",\"@id\":\"https:\/\/7culture.ci\/#\/schema\/logo\/image\/\",\"url\":\"https:\/\/7culture.ci\/wp-content\/uploads\/2021\/12\/S1a-1.png\",\"contentUrl\":\"https:\/\/7culture.ci\/wp-content\/uploads\/2021\/12\/S1a-1.png\",\"width\":588,\"height\":192,\"caption\":\"7culture\"},\"image\":{\"@id\":\"https:\/\/7culture.ci\/#\/schema\/logo\/image\/\"}},{\"@type\":\"Person\",\"@id\":\"https:\/\/7culture.ci\/#\/schema\/person\/16150d28d7ef66ba788c1f87f28c4426\",\"name\":\"7culture2020\",\"image\":{\"@type\":\"ImageObject\",\"inLanguage\":\"fr-FR\",\"@id\":\"https:\/\/7culture.ci\/#\/schema\/person\/image\/\",\"url\":\"https:\/\/secure.gravatar.com\/avatar\/9a0784f951306c37bcd065f52844ef95?s=96&d=mm&r=g\",\"contentUrl\":\"https:\/\/secure.gravatar.com\/avatar\/9a0784f951306c37bcd065f52844ef95?s=96&d=mm&r=g\",\"caption\":\"7culture2020\"},\"sameAs\":[\"http:\/\/7culture.ci\",\"Claude.kipre\"],\"url\":\"https:\/\/7culture.ci\/index.php\/author\/7culture2020\/\"}]}<\/script>\n<!-- \/ Yoast SEO plugin. -->","yoast_head_json":{"title":"Action sociale\u00a0: L\u2019ACM-CI et la Fondation Petroci offrent un nouveau b\u00e2timent \u00e0 l\u2019\u00c9cole des Sourds - 7culture","robots":{"index":"index","follow":"follow","max-snippet":"max-snippet:-1","max-image-preview":"max-image-preview:large","max-video-preview":"max-video-preview:-1"},"canonical":"https:\/\/7culture.ci\/index.php\/2026\/04\/27\/action-sociale-lacm-ci-et-la-fondation-petroci-offrent-un-nouveau-batiment-a-lecole-des-sourds\/","og_locale":"fr_FR","og_type":"article","og_title":"Action sociale\u00a0: L\u2019ACM-CI et la Fondation Petroci offrent un nouveau b\u00e2timent \u00e0 l\u2019\u00c9cole des Sourds - 7culture","og_description":"Deux salles de classe, un bureau et des vivres ont \u00e9t\u00e9 remis ce vendredi 24 avril 2026 \u00e0 l\u2019ECIS, \u00e0 Yopougon. Un projet port\u00e9 par l\u2019Association des Cr\u00e9ateurs de Mode de C\u00f4te d\u2019Ivoire (Acm-CI) avec le soutien de la Fondation Petroci, pour un co\u00fbt total d\u2019environ 45 millions FCFA. Sourires et \u00e9motion, ce vendredi 24 &hellip; Action sociale\u00a0: L\u2019ACM-CI et la Fondation Petroci offrent un nouveau b\u00e2timent \u00e0 l\u2019\u00c9cole des Sourds Lire la suite\u00a0\u00bb","og_url":"https:\/\/7culture.ci\/index.php\/2026\/04\/27\/action-sociale-lacm-ci-et-la-fondation-petroci-offrent-un-nouveau-batiment-a-lecole-des-sourds\/","og_site_name":"7culture","article_publisher":"https:\/\/www.facebook.com\/redchefclaude","article_published_time":"2026-04-27T20:05:43+00:00","article_modified_time":"2026-04-28T10:12:16+00:00","og_image":[{"width":2048,"height":1365,"url":"http:\/\/7culture.ci\/wp-content\/uploads\/2026\/04\/3.jpg","type":"image\/jpeg"}],"author":"7culture2020","twitter_card":"summary_large_image","twitter_creator":"@7culturec","twitter_site":"@7culturec","twitter_misc":{"\u00c9crit par":"7culture2020","Dur\u00e9e de lecture estim\u00e9e":"4 minutes"},"schema":{"@context":"https:\/\/schema.org","@graph":[{"@type":"Article","@id":"https:\/\/7culture.ci\/index.php\/2026\/04\/27\/action-sociale-lacm-ci-et-la-fondation-petroci-offrent-un-nouveau-batiment-a-lecole-des-sourds\/#article","isPartOf":{"@id":"https:\/\/7culture.ci\/index.php\/2026\/04\/27\/action-sociale-lacm-ci-et-la-fondation-petroci-offrent-un-nouveau-batiment-a-lecole-des-sourds\/"},"author":{"name":"7culture2020","@id":"https:\/\/7culture.ci\/#\/schema\/person\/16150d28d7ef66ba788c1f87f28c4426"},"headline":"Action sociale\u00a0: L\u2019ACM-CI et la Fondation Petroci offrent un nouveau b\u00e2timent \u00e0 l\u2019\u00c9cole des Sourds","datePublished":"2026-04-27T20:05:43+00:00","dateModified":"2026-04-28T10:12:16+00:00","mainEntityOfPage":{"@id":"https:\/\/7culture.ci\/index.php\/2026\/04\/27\/action-sociale-lacm-ci-et-la-fondation-petroci-offrent-un-nouveau-batiment-a-lecole-des-sourds\/"},"wordCount":788,"commentCount":0,"publisher":{"@id":"https:\/\/7culture.ci\/#organization"},"articleSection":["Actualit\u00e9"],"inLanguage":"fr-FR","potentialAction":[{"@type":"CommentAction","name":"Comment","target":["https:\/\/7culture.ci\/index.php\/2026\/04\/27\/action-sociale-lacm-ci-et-la-fondation-petroci-offrent-un-nouveau-batiment-a-lecole-des-sourds\/#respond"]}]},{"@type":"WebPage","@id":"https:\/\/7culture.ci\/index.php\/2026\/04\/27\/action-sociale-lacm-ci-et-la-fondation-petroci-offrent-un-nouveau-batiment-a-lecole-des-sourds\/","url":"https:\/\/7culture.ci\/index.php\/2026\/04\/27\/action-sociale-lacm-ci-et-la-fondation-petroci-offrent-un-nouveau-batiment-a-lecole-des-sourds\/","name":"Action sociale\u00a0: L\u2019ACM-CI et la Fondation Petroci offrent un nouveau b\u00e2timent \u00e0 l\u2019\u00c9cole des Sourds - 7culture","isPartOf":{"@id":"https:\/\/7culture.ci\/#website"},"datePublished":"2026-04-27T20:05:43+00:00","dateModified":"2026-04-28T10:12:16+00:00","breadcrumb":{"@id":"https:\/\/7culture.ci\/index.php\/2026\/04\/27\/action-sociale-lacm-ci-et-la-fondation-petroci-offrent-un-nouveau-batiment-a-lecole-des-sourds\/#breadcrumb"},"inLanguage":"fr-FR","potentialAction":[{"@type":"ReadAction","target":["https:\/\/7culture.ci\/index.php\/2026\/04\/27\/action-sociale-lacm-ci-et-la-fondation-petroci-offrent-un-nouveau-batiment-a-lecole-des-sourds\/"]}]},{"@type":"BreadcrumbList","@id":"https:\/\/7culture.ci\/index.php\/2026\/04\/27\/action-sociale-lacm-ci-et-la-fondation-petroci-offrent-un-nouveau-batiment-a-lecole-des-sourds\/#breadcrumb","itemListElement":[{"@type":"ListItem","position":1,"name":"Accueil","item":"https:\/\/7culture.ci\/"},{"@type":"ListItem","position":2,"name":"Action sociale\u00a0: L\u2019ACM-CI et la Fondation Petroci offrent un nouveau b\u00e2timent \u00e0 l\u2019\u00c9cole des Sourds"}]},{"@type":"WebSite","@id":"https:\/\/7culture.ci\/#website","url":"https:\/\/7culture.ci\/","name":"7culture","description":"Tout sur l&#039;actualit\u00e9","publisher":{"@id":"https:\/\/7culture.ci\/#organization"},"potentialAction":[{"@type":"SearchAction","target":{"@type":"EntryPoint","urlTemplate":"https:\/\/7culture.ci\/?s={search_term_string}"},"query-input":"required name=search_term_string"}],"inLanguage":"fr-FR"},{"@type":"Organization","@id":"https:\/\/7culture.ci\/#organization","name":"7culture","url":"https:\/\/7culture.ci\/","sameAs":["https:\/\/www.facebook.com\/redchefclaude","https:\/\/twitter.com\/7culturec"],"logo":{"@type":"ImageObject","inLanguage":"fr-FR","@id":"https:\/\/7culture.ci\/#\/schema\/logo\/image\/","url":"https:\/\/7culture.ci\/wp-content\/uploads\/2021\/12\/S1a-1.png","contentUrl":"https:\/\/7culture.ci\/wp-content\/uploads\/2021\/12\/S1a-1.png","width":588,"height":192,"caption":"7culture"},"image":{"@id":"https:\/\/7culture.ci\/#\/schema\/logo\/image\/"}},{"@type":"Person","@id":"https:\/\/7culture.ci\/#\/schema\/person\/16150d28d7ef66ba788c1f87f28c4426","name":"7culture2020","image":{"@type":"ImageObject","inLanguage":"fr-FR","@id":"https:\/\/7culture.ci\/#\/schema\/person\/image\/","url":"https:\/\/secure.gravatar.com\/avatar\/9a0784f951306c37bcd065f52844ef95?s=96&d=mm&r=g","contentUrl":"https:\/\/secure.gravatar.com\/avatar\/9a0784f951306c37bcd065f52844ef95?s=96&d=mm&r=g","caption":"7culture2020"},"sameAs":["http:\/\/7culture.ci","Claude.kipre"],"url":"https:\/\/7culture.ci\/index.php\/author\/7culture2020\/"}]}},"jetpack_featured_media_url":"https:\/\/7culture.ci\/wp-content\/uploads\/2026\/04\/3.jpg","jetpack_likes_enabled":true,"jetpack_sharing_enabled":true,"_links":{"self":[{"href":"https:\/\/7culture.ci\/index.php\/wp-json\/wp\/v2\/posts\/27258"}],"collection":[{"href":"https:\/\/7culture.ci\/index.php\/wp-json\/wp\/v2\/posts"}],"about":[{"href":"https:\/\/7culture.ci\/index.php\/wp-json\/wp\/v2\/types\/post"}],"author":[{"embeddable":true,"href":"https:\/\/7culture.ci\/index.php\/wp-json\/wp\/v2\/users\/1"}],"replies":[{"embeddable":true,"href":"https:\/\/7culture.ci\/index.php\/wp-json\/wp\/v2\/comments?post=27258"}],"version-history":[{"count":1,"href":"https:\/\/7culture.ci\/index.php\/wp-json\/wp\/v2\/posts\/27258\/revisions"}],"predecessor-version":[{"id":27273,"href":"https:\/\/7culture.ci\/index.php\/wp-json\/wp\/v2\/posts\/27258\/revisions\/27273"}],"wp:featuredmedia":[{"embeddable":true,"href":"https:\/\/7culture.ci\/index.php\/wp-json\/wp\/v2\/media\/27260"}],"wp:attachment":[{"href":"https:\/\/7culture.ci\/index.php\/wp-json\/wp\/v2\/media?parent=27258"}],"wp:term":[{"taxonomy":"category","embeddable":true,"href":"https:\/\/7culture.ci\/index.php\/wp-json\/wp\/v2\/categories?post=27258"},{"taxonomy":"post_tag","embeddable":true,"href":"https:\/\/7culture.ci\/index.php\/wp-json\/wp\/v2\/tags?post=27258"}],"curies":[{"name":"wp","href":"https:\/\/api.w.org\/{rel}","templated":true}]}}