{"id":27111,"date":"2025-11-05T15:12:45","date_gmt":"2025-11-05T15:12:45","guid":{"rendered":"https:\/\/7culture.ci\/?p=27111"},"modified":"2025-11-05T15:12:47","modified_gmt":"2025-11-05T15:12:47","slug":"deces-de-brigitte-guirathe-lultime-separation-le-29-novembre-2025","status":"publish","type":"post","link":"https:\/\/7culture.ci\/index.php\/2025\/11\/05\/deces-de-brigitte-guirathe-lultime-separation-le-29-novembre-2025\/","title":{"rendered":"D\u00e9c\u00e8s de Brigitte Guirath\u00e9\u00a0: L\u2019ultime s\u00e9paration le 29 novembre 2025"},"content":{"rendered":"\n<p>C\u2019est le lundi 27 octobre 2025 \u00e0 Azagui\u00e9 que la journaliste Brigitte Guirath\u00e9 a pass\u00e9 de vie \u00e0 tr\u00e9pas. La s\u00e9paration avec le monde terrestre se fera le 29 novembre 2025 au cimeti\u00e8re d&#8217;Abobo-Baoul\u00e9 \u00e0 Abidjan pr\u00e9c\u00e9d\u00e9 de la lev\u00e9e de corps sur le parvis de l&#8217;\u00e9glise catholique d&#8217;Agban-Village \u00e0 Att\u00e9coub\u00e9.<\/p>\n\n\n\n<p>Bien avant l\u2019ultime au revoir \u00e0 l\u2019ancienne cheffe de service Culture de Fraternit\u00e9 Matin, les condol\u00e9ances de ses confr\u00e8res, d\u2019amis et de connaissances seront re\u00e7ues les 21, 22 et 23 novembre 2025 de 17h \u00e0 20h \u00e0 la cour familiale (Cit\u00e9 Fairmont-Villa O29). Ces moments tristes seront suivis de la veill\u00e9e traditionnelle et religieuse toujours \u00e0 la Cit\u00e9 Fairmont le 28 novembre 2025.<\/p>\n\n\n\n<p>Par D.T.<\/p>\n","protected":false},"excerpt":{"rendered":"<p>C\u2019est le lundi 27 octobre 2025 \u00e0 Azagui\u00e9 que la journaliste Brigitte Guirath\u00e9 a pass\u00e9 de vie \u00e0 tr\u00e9pas. La s\u00e9paration avec le monde terrestre se fera le 29 novembre 2025 au cimeti\u00e8re d&#8217;Abobo-Baoul\u00e9 \u00e0 Abidjan pr\u00e9c\u00e9d\u00e9 de la lev\u00e9e de corps sur le parvis de l&#8217;\u00e9glise catholique d&#8217;Agban-Village \u00e0 Att\u00e9coub\u00e9. Bien avant l\u2019ultime au &hellip;<\/p>\n<p class=\"read-more\"> <a class=\"\" href=\"https:\/\/7culture.ci\/index.php\/2025\/11\/05\/deces-de-brigitte-guirathe-lultime-separation-le-29-novembre-2025\/\"> <span class=\"screen-reader-text\">D\u00e9c\u00e8s de Brigitte Guirath\u00e9\u00a0: L\u2019ultime s\u00e9paration le 29 novembre 2025<\/span> Lire la suite\u00a0\u00bb<\/a><\/p>\n","protected":false},"author":1,"featured_media":27113,"comment_status":"open","ping_status":"open","sticky":false,"template":"","format":"standard","meta":{"_mi_skip_tracking":false,"_monsterinsights_sitenote_active":false,"_monsterinsights_sitenote_note":"","_monsterinsights_sitenote_category":0,"site-sidebar-layout":"default","site-content-layout":"default","ast-global-header-display":"","ast-main-header-display":"","ast-hfb-above-header-display":"","ast-hfb-below-header-display":"","ast-hfb-mobile-header-display":"","site-post-title":"","ast-breadcrumbs-content":"","ast-featured-img":"","footer-sml-layout":"","theme-transparent-header-meta":"","adv-header-id-meta":"","stick-header-meta":"","header-above-stick-meta":"","header-main-stick-meta":"","header-below-stick-meta":"","footnotes":"","jetpack_publicize_message":"","jetpack_is_tweetstorm":false,"jetpack_publicize_feature_enabled":true},"categories":[22],"tags":[],"jetpack_publicize_connections":[],"acf":[],"aioseo_notices":[],"yoast_head":"<!-- This site is optimized with the Yoast SEO plugin v19.6.1 - https:\/\/yoast.com\/wordpress\/plugins\/seo\/ -->\n<title>D\u00e9c\u00e8s de Brigitte Guirath\u00e9\u00a0: L\u2019ultime s\u00e9paration le 29 novembre 2025 - 7culture<\/title>\n<meta name=\"robots\" content=\"index, follow, max-snippet:-1, max-image-preview:large, max-video-preview:-1\" \/>\n<link rel=\"canonical\" href=\"https:\/\/7culture.ci\/index.php\/2025\/11\/05\/deces-de-brigitte-guirathe-lultime-separation-le-29-novembre-2025\/\" \/>\n<meta property=\"og:locale\" content=\"fr_FR\" \/>\n<meta property=\"og:type\" content=\"article\" \/>\n<meta property=\"og:title\" content=\"D\u00e9c\u00e8s de Brigitte Guirath\u00e9\u00a0: L\u2019ultime s\u00e9paration le 29 novembre 2025 - 7culture\" \/>\n<meta property=\"og:description\" content=\"C\u2019est le lundi 27 octobre 2025 \u00e0 Azagui\u00e9 que la journaliste Brigitte Guirath\u00e9 a pass\u00e9 de vie \u00e0 tr\u00e9pas. La s\u00e9paration avec le monde terrestre se fera le 29 novembre 2025 au cimeti\u00e8re d&#8217;Abobo-Baoul\u00e9 \u00e0 Abidjan pr\u00e9c\u00e9d\u00e9 de la lev\u00e9e de corps sur le parvis de l&#8217;\u00e9glise catholique d&#8217;Agban-Village \u00e0 Att\u00e9coub\u00e9. Bien avant l\u2019ultime au &hellip; D\u00e9c\u00e8s de Brigitte Guirath\u00e9\u00a0: L\u2019ultime s\u00e9paration le 29 novembre 2025 Lire la suite\u00a0\u00bb\" \/>\n<meta property=\"og:url\" content=\"https:\/\/7culture.ci\/index.php\/2025\/11\/05\/deces-de-brigitte-guirathe-lultime-separation-le-29-novembre-2025\/\" \/>\n<meta property=\"og:site_name\" content=\"7culture\" \/>\n<meta property=\"article:publisher\" content=\"https:\/\/www.facebook.com\/redchefclaude\" \/>\n<meta property=\"article:published_time\" content=\"2025-11-05T15:12:45+00:00\" \/>\n<meta property=\"article:modified_time\" content=\"2025-11-05T15:12:47+00:00\" \/>\n<meta property=\"og:image\" content=\"http:\/\/7culture.ci\/wp-content\/uploads\/2025\/11\/Bri2.jpg\" \/>\n\t<meta property=\"og:image:width\" content=\"958\" \/>\n\t<meta property=\"og:image:height\" content=\"960\" \/>\n\t<meta property=\"og:image:type\" content=\"image\/jpeg\" \/>\n<meta name=\"author\" content=\"7culture2020\" \/>\n<meta name=\"twitter:card\" content=\"summary_large_image\" \/>\n<meta name=\"twitter:creator\" content=\"@7culturec\" \/>\n<meta name=\"twitter:site\" content=\"@7culturec\" \/>\n<meta name=\"twitter:label1\" content=\"\u00c9crit par\" \/>\n\t<meta name=\"twitter:data1\" content=\"7culture2020\" \/>\n\t<meta name=\"twitter:label2\" content=\"Dur\u00e9e de lecture estim\u00e9e\" \/>\n\t<meta name=\"twitter:data2\" content=\"1 minute\" \/>\n<script type=\"application\/ld+json\" class=\"yoast-schema-graph\">{\"@context\":\"https:\/\/schema.org\",\"@graph\":[{\"@type\":\"Article\",\"@id\":\"https:\/\/7culture.ci\/index.php\/2025\/11\/05\/deces-de-brigitte-guirathe-lultime-separation-le-29-novembre-2025\/#article\",\"isPartOf\":{\"@id\":\"https:\/\/7culture.ci\/index.php\/2025\/11\/05\/deces-de-brigitte-guirathe-lultime-separation-le-29-novembre-2025\/\"},\"author\":{\"name\":\"7culture2020\",\"@id\":\"https:\/\/7culture.ci\/#\/schema\/person\/16150d28d7ef66ba788c1f87f28c4426\"},\"headline\":\"D\u00e9c\u00e8s de Brigitte Guirath\u00e9\u00a0: L\u2019ultime s\u00e9paration le 29 novembre 2025\",\"datePublished\":\"2025-11-05T15:12:45+00:00\",\"dateModified\":\"2025-11-05T15:12:47+00:00\",\"mainEntityOfPage\":{\"@id\":\"https:\/\/7culture.ci\/index.php\/2025\/11\/05\/deces-de-brigitte-guirathe-lultime-separation-le-29-novembre-2025\/\"},\"wordCount\":127,\"commentCount\":0,\"publisher\":{\"@id\":\"https:\/\/7culture.ci\/#organization\"},\"articleSection\":[\"Actualit\u00e9\"],\"inLanguage\":\"fr-FR\",\"potentialAction\":[{\"@type\":\"CommentAction\",\"name\":\"Comment\",\"target\":[\"https:\/\/7culture.ci\/index.php\/2025\/11\/05\/deces-de-brigitte-guirathe-lultime-separation-le-29-novembre-2025\/#respond\"]}]},{\"@type\":\"WebPage\",\"@id\":\"https:\/\/7culture.ci\/index.php\/2025\/11\/05\/deces-de-brigitte-guirathe-lultime-separation-le-29-novembre-2025\/\",\"url\":\"https:\/\/7culture.ci\/index.php\/2025\/11\/05\/deces-de-brigitte-guirathe-lultime-separation-le-29-novembre-2025\/\",\"name\":\"D\u00e9c\u00e8s de Brigitte Guirath\u00e9\u00a0: L\u2019ultime s\u00e9paration le 29 novembre 2025 - 7culture\",\"isPartOf\":{\"@id\":\"https:\/\/7culture.ci\/#website\"},\"datePublished\":\"2025-11-05T15:12:45+00:00\",\"dateModified\":\"2025-11-05T15:12:47+00:00\",\"breadcrumb\":{\"@id\":\"https:\/\/7culture.ci\/index.php\/2025\/11\/05\/deces-de-brigitte-guirathe-lultime-separation-le-29-novembre-2025\/#breadcrumb\"},\"inLanguage\":\"fr-FR\",\"potentialAction\":[{\"@type\":\"ReadAction\",\"target\":[\"https:\/\/7culture.ci\/index.php\/2025\/11\/05\/deces-de-brigitte-guirathe-lultime-separation-le-29-novembre-2025\/\"]}]},{\"@type\":\"BreadcrumbList\",\"@id\":\"https:\/\/7culture.ci\/index.php\/2025\/11\/05\/deces-de-brigitte-guirathe-lultime-separation-le-29-novembre-2025\/#breadcrumb\",\"itemListElement\":[{\"@type\":\"ListItem\",\"position\":1,\"name\":\"Accueil\",\"item\":\"https:\/\/7culture.ci\/\"},{\"@type\":\"ListItem\",\"position\":2,\"name\":\"D\u00e9c\u00e8s de Brigitte Guirath\u00e9\u00a0: L\u2019ultime s\u00e9paration le 29 novembre 2025\"}]},{\"@type\":\"WebSite\",\"@id\":\"https:\/\/7culture.ci\/#website\",\"url\":\"https:\/\/7culture.ci\/\",\"name\":\"7culture\",\"description\":\"Tout sur l&#039;actualit\u00e9\",\"publisher\":{\"@id\":\"https:\/\/7culture.ci\/#organization\"},\"potentialAction\":[{\"@type\":\"SearchAction\",\"target\":{\"@type\":\"EntryPoint\",\"urlTemplate\":\"https:\/\/7culture.ci\/?s={search_term_string}\"},\"query-input\":\"required name=search_term_string\"}],\"inLanguage\":\"fr-FR\"},{\"@type\":\"Organization\",\"@id\":\"https:\/\/7culture.ci\/#organization\",\"name\":\"7culture\",\"url\":\"https:\/\/7culture.ci\/\",\"sameAs\":[\"https:\/\/www.facebook.com\/redchefclaude\",\"https:\/\/twitter.com\/7culturec\"],\"logo\":{\"@type\":\"ImageObject\",\"inLanguage\":\"fr-FR\",\"@id\":\"https:\/\/7culture.ci\/#\/schema\/logo\/image\/\",\"url\":\"https:\/\/7culture.ci\/wp-content\/uploads\/2021\/12\/S1a-1.png\",\"contentUrl\":\"https:\/\/7culture.ci\/wp-content\/uploads\/2021\/12\/S1a-1.png\",\"width\":588,\"height\":192,\"caption\":\"7culture\"},\"image\":{\"@id\":\"https:\/\/7culture.ci\/#\/schema\/logo\/image\/\"}},{\"@type\":\"Person\",\"@id\":\"https:\/\/7culture.ci\/#\/schema\/person\/16150d28d7ef66ba788c1f87f28c4426\",\"name\":\"7culture2020\",\"image\":{\"@type\":\"ImageObject\",\"inLanguage\":\"fr-FR\",\"@id\":\"https:\/\/7culture.ci\/#\/schema\/person\/image\/\",\"url\":\"https:\/\/secure.gravatar.com\/avatar\/9a0784f951306c37bcd065f52844ef95?s=96&d=mm&r=g\",\"contentUrl\":\"https:\/\/secure.gravatar.com\/avatar\/9a0784f951306c37bcd065f52844ef95?s=96&d=mm&r=g\",\"caption\":\"7culture2020\"},\"sameAs\":[\"http:\/\/7culture.ci\",\"Claude.kipre\"],\"url\":\"https:\/\/7culture.ci\/index.php\/author\/7culture2020\/\"}]}<\/script>\n<!-- \/ Yoast SEO plugin. -->","yoast_head_json":{"title":"D\u00e9c\u00e8s de Brigitte Guirath\u00e9\u00a0: L\u2019ultime s\u00e9paration le 29 novembre 2025 - 7culture","robots":{"index":"index","follow":"follow","max-snippet":"max-snippet:-1","max-image-preview":"max-image-preview:large","max-video-preview":"max-video-preview:-1"},"canonical":"https:\/\/7culture.ci\/index.php\/2025\/11\/05\/deces-de-brigitte-guirathe-lultime-separation-le-29-novembre-2025\/","og_locale":"fr_FR","og_type":"article","og_title":"D\u00e9c\u00e8s de Brigitte Guirath\u00e9\u00a0: L\u2019ultime s\u00e9paration le 29 novembre 2025 - 7culture","og_description":"C\u2019est le lundi 27 octobre 2025 \u00e0 Azagui\u00e9 que la journaliste Brigitte Guirath\u00e9 a pass\u00e9 de vie \u00e0 tr\u00e9pas. La s\u00e9paration avec le monde terrestre se fera le 29 novembre 2025 au cimeti\u00e8re d&#8217;Abobo-Baoul\u00e9 \u00e0 Abidjan pr\u00e9c\u00e9d\u00e9 de la lev\u00e9e de corps sur le parvis de l&#8217;\u00e9glise catholique d&#8217;Agban-Village \u00e0 Att\u00e9coub\u00e9. Bien avant l\u2019ultime au &hellip; D\u00e9c\u00e8s de Brigitte Guirath\u00e9\u00a0: L\u2019ultime s\u00e9paration le 29 novembre 2025 Lire la suite\u00a0\u00bb","og_url":"https:\/\/7culture.ci\/index.php\/2025\/11\/05\/deces-de-brigitte-guirathe-lultime-separation-le-29-novembre-2025\/","og_site_name":"7culture","article_publisher":"https:\/\/www.facebook.com\/redchefclaude","article_published_time":"2025-11-05T15:12:45+00:00","article_modified_time":"2025-11-05T15:12:47+00:00","og_image":[{"width":958,"height":960,"url":"http:\/\/7culture.ci\/wp-content\/uploads\/2025\/11\/Bri2.jpg","type":"image\/jpeg"}],"author":"7culture2020","twitter_card":"summary_large_image","twitter_creator":"@7culturec","twitter_site":"@7culturec","twitter_misc":{"\u00c9crit par":"7culture2020","Dur\u00e9e de lecture estim\u00e9e":"1 minute"},"schema":{"@context":"https:\/\/schema.org","@graph":[{"@type":"Article","@id":"https:\/\/7culture.ci\/index.php\/2025\/11\/05\/deces-de-brigitte-guirathe-lultime-separation-le-29-novembre-2025\/#article","isPartOf":{"@id":"https:\/\/7culture.ci\/index.php\/2025\/11\/05\/deces-de-brigitte-guirathe-lultime-separation-le-29-novembre-2025\/"},"author":{"name":"7culture2020","@id":"https:\/\/7culture.ci\/#\/schema\/person\/16150d28d7ef66ba788c1f87f28c4426"},"headline":"D\u00e9c\u00e8s de Brigitte Guirath\u00e9\u00a0: L\u2019ultime s\u00e9paration le 29 novembre 2025","datePublished":"2025-11-05T15:12:45+00:00","dateModified":"2025-11-05T15:12:47+00:00","mainEntityOfPage":{"@id":"https:\/\/7culture.ci\/index.php\/2025\/11\/05\/deces-de-brigitte-guirathe-lultime-separation-le-29-novembre-2025\/"},"wordCount":127,"commentCount":0,"publisher":{"@id":"https:\/\/7culture.ci\/#organization"},"articleSection":["Actualit\u00e9"],"inLanguage":"fr-FR","potentialAction":[{"@type":"CommentAction","name":"Comment","target":["https:\/\/7culture.ci\/index.php\/2025\/11\/05\/deces-de-brigitte-guirathe-lultime-separation-le-29-novembre-2025\/#respond"]}]},{"@type":"WebPage","@id":"https:\/\/7culture.ci\/index.php\/2025\/11\/05\/deces-de-brigitte-guirathe-lultime-separation-le-29-novembre-2025\/","url":"https:\/\/7culture.ci\/index.php\/2025\/11\/05\/deces-de-brigitte-guirathe-lultime-separation-le-29-novembre-2025\/","name":"D\u00e9c\u00e8s de Brigitte Guirath\u00e9\u00a0: L\u2019ultime s\u00e9paration le 29 novembre 2025 - 7culture","isPartOf":{"@id":"https:\/\/7culture.ci\/#website"},"datePublished":"2025-11-05T15:12:45+00:00","dateModified":"2025-11-05T15:12:47+00:00","breadcrumb":{"@id":"https:\/\/7culture.ci\/index.php\/2025\/11\/05\/deces-de-brigitte-guirathe-lultime-separation-le-29-novembre-2025\/#breadcrumb"},"inLanguage":"fr-FR","potentialAction":[{"@type":"ReadAction","target":["https:\/\/7culture.ci\/index.php\/2025\/11\/05\/deces-de-brigitte-guirathe-lultime-separation-le-29-novembre-2025\/"]}]},{"@type":"BreadcrumbList","@id":"https:\/\/7culture.ci\/index.php\/2025\/11\/05\/deces-de-brigitte-guirathe-lultime-separation-le-29-novembre-2025\/#breadcrumb","itemListElement":[{"@type":"ListItem","position":1,"name":"Accueil","item":"https:\/\/7culture.ci\/"},{"@type":"ListItem","position":2,"name":"D\u00e9c\u00e8s de Brigitte Guirath\u00e9\u00a0: L\u2019ultime s\u00e9paration le 29 novembre 2025"}]},{"@type":"WebSite","@id":"https:\/\/7culture.ci\/#website","url":"https:\/\/7culture.ci\/","name":"7culture","description":"Tout sur l&#039;actualit\u00e9","publisher":{"@id":"https:\/\/7culture.ci\/#organization"},"potentialAction":[{"@type":"SearchAction","target":{"@type":"EntryPoint","urlTemplate":"https:\/\/7culture.ci\/?s={search_term_string}"},"query-input":"required name=search_term_string"}],"inLanguage":"fr-FR"},{"@type":"Organization","@id":"https:\/\/7culture.ci\/#organization","name":"7culture","url":"https:\/\/7culture.ci\/","sameAs":["https:\/\/www.facebook.com\/redchefclaude","https:\/\/twitter.com\/7culturec"],"logo":{"@type":"ImageObject","inLanguage":"fr-FR","@id":"https:\/\/7culture.ci\/#\/schema\/logo\/image\/","url":"https:\/\/7culture.ci\/wp-content\/uploads\/2021\/12\/S1a-1.png","contentUrl":"https:\/\/7culture.ci\/wp-content\/uploads\/2021\/12\/S1a-1.png","width":588,"height":192,"caption":"7culture"},"image":{"@id":"https:\/\/7culture.ci\/#\/schema\/logo\/image\/"}},{"@type":"Person","@id":"https:\/\/7culture.ci\/#\/schema\/person\/16150d28d7ef66ba788c1f87f28c4426","name":"7culture2020","image":{"@type":"ImageObject","inLanguage":"fr-FR","@id":"https:\/\/7culture.ci\/#\/schema\/person\/image\/","url":"https:\/\/secure.gravatar.com\/avatar\/9a0784f951306c37bcd065f52844ef95?s=96&d=mm&r=g","contentUrl":"https:\/\/secure.gravatar.com\/avatar\/9a0784f951306c37bcd065f52844ef95?s=96&d=mm&r=g","caption":"7culture2020"},"sameAs":["http:\/\/7culture.ci","Claude.kipre"],"url":"https:\/\/7culture.ci\/index.php\/author\/7culture2020\/"}]}},"jetpack_featured_media_url":"https:\/\/7culture.ci\/wp-content\/uploads\/2025\/11\/Bri2.jpg","jetpack_likes_enabled":true,"jetpack_sharing_enabled":true,"_links":{"self":[{"href":"https:\/\/7culture.ci\/index.php\/wp-json\/wp\/v2\/posts\/27111"}],"collection":[{"href":"https:\/\/7culture.ci\/index.php\/wp-json\/wp\/v2\/posts"}],"about":[{"href":"https:\/\/7culture.ci\/index.php\/wp-json\/wp\/v2\/types\/post"}],"author":[{"embeddable":true,"href":"https:\/\/7culture.ci\/index.php\/wp-json\/wp\/v2\/users\/1"}],"replies":[{"embeddable":true,"href":"https:\/\/7culture.ci\/index.php\/wp-json\/wp\/v2\/comments?post=27111"}],"version-history":[{"count":1,"href":"https:\/\/7culture.ci\/index.php\/wp-json\/wp\/v2\/posts\/27111\/revisions"}],"predecessor-version":[{"id":27114,"href":"https:\/\/7culture.ci\/index.php\/wp-json\/wp\/v2\/posts\/27111\/revisions\/27114"}],"wp:featuredmedia":[{"embeddable":true,"href":"https:\/\/7culture.ci\/index.php\/wp-json\/wp\/v2\/media\/27113"}],"wp:attachment":[{"href":"https:\/\/7culture.ci\/index.php\/wp-json\/wp\/v2\/media?parent=27111"}],"wp:term":[{"taxonomy":"category","embeddable":true,"href":"https:\/\/7culture.ci\/index.php\/wp-json\/wp\/v2\/categories?post=27111"},{"taxonomy":"post_tag","embeddable":true,"href":"https:\/\/7culture.ci\/index.php\/wp-json\/wp\/v2\/tags?post=27111"}],"curies":[{"name":"wp","href":"https:\/\/api.w.org\/{rel}","templated":true}]}}