{"id":27104,"date":"2025-11-05T14:09:48","date_gmt":"2025-11-05T14:09:48","guid":{"rendered":"https:\/\/7culture.ci\/?p=27104"},"modified":"2025-11-13T15:08:11","modified_gmt":"2025-11-13T15:08:11","slug":"litterature-karidjata-diallo-veut-faire-de-la-cote-divoire-une-terre-du-livre","status":"publish","type":"post","link":"https:\/\/7culture.ci\/index.php\/2025\/11\/05\/litterature-karidjata-diallo-veut-faire-de-la-cote-divoire-une-terre-du-livre\/","title":{"rendered":"Litt\u00e9rature\/Karidjata Diallo veut faire de la C\u00f4te d&#8217;Ivoire une terre du livre"},"content":{"rendered":"\n<p>Rarement une femme aura incarn\u00e9 avec autant d\u2019ardeur la passion du livre et le d\u00e9sir de la partager. M\u00eame si elle n\u2019est pas (pour le moment) auteure, en C\u00f4te d\u2019Ivoire, Karidjata Diallo est une promotrice fervente de la lecture et du livre. Depuis 2022, ses \u2018\u2019<em>Afterwork Toast et <\/em>Litt\u00e9rature\u2019\u2019 (Atl), rendez-vous litt\u00e9raires bimestriels d\u2019Abidjan r\u00e9unissent auteurs, lecteurs et critiques. Dans une ambiance conviviale, on y discute de livres comme d\u2019autres parlent de musique, de cin\u00e9ma ou de sport. Une r\u00e9volution douce dans un pays qui r\u00eave de devenir un v\u00e9ritable hub dans divers domaines dont celui de la culture. Et la litt\u00e9rature n&#8217;est pas en reste.<\/p>\n\n\n\n<p>En mai 2025, par exemple, lors du 15<sup>e<\/sup> Salon international du livre d\u2019Abidjan (Sila), le caf\u00e9 litt\u00e9raire \u00e9tait au centre du programme. De concert avec le commissariat g\u00e9n\u00e9ral dirig\u00e9 par Anges-F\u00e9lix N&#8217;Dakpri, une cinquantaine d\u2019acteurs de la cha\u00eene du livre d\u2019Afrique et des Cara\u00efbes (\u00e9crivains, \u00e9diteurs, distributeurs, etc.), ont \u00e9t\u00e9 honor\u00e9s lors de la soir\u00e9e d\u00e9nomm\u00e9e \u2018\u2019Sila Legends\u2019\u2019. Et pendant trois jours, l\u2019Atl s\u2019est transform\u00e9 en v\u00e9ritable \u201cShow litt\u00e9raire\u201d, qui a mis en sc\u00e8ne une dizaine d\u2019auteurs : Marguerite Abouet, Christian \u00c9boul\u00e9, Josu\u00e9 Gu\u00e9bo, Anzata Ouattara, Lisa Prudy, Gloire Wanief, entre autres.<\/p>\n\n\n\n<figure class=\"wp-block-image aligncenter size-full is-resized\"><img loading=\"lazy\" decoding=\"async\" width=\"960\" height=\"640\" src=\"https:\/\/7culture.ci\/wp-content\/uploads\/2025\/11\/WhatsApp-Image-2025-11-03-at-18.44.53-1.jpeg\" alt=\"\" class=\"wp-image-27107\" style=\"width:735px;height:auto\" srcset=\"https:\/\/7culture.ci\/wp-content\/uploads\/2025\/11\/WhatsApp-Image-2025-11-03-at-18.44.53-1.jpeg 960w, https:\/\/7culture.ci\/wp-content\/uploads\/2025\/11\/WhatsApp-Image-2025-11-03-at-18.44.53-1-300x200.jpeg 300w, https:\/\/7culture.ci\/wp-content\/uploads\/2025\/11\/WhatsApp-Image-2025-11-03-at-18.44.53-1-768x512.jpeg 768w\" sizes=\"(max-width: 960px) 100vw, 960px\" \/><\/figure>\n\n\n\n<p>Au programme, des d\u00e9bats, des confidences d\u2019\u00e9crivains. Mais aussi ces moments privil\u00e9gi\u00e9s o\u00f9 le public peut dialoguer avec ceux qui fa\u00e7onnent les imaginaires. \u00ab <em>Peut-\u00eatre qu\u2019il nous faut communiquer beaucoup plus pour que les gens sachent ce qui se passe \u00e0 ce rendez-vous et nous rejoignent<\/em> \u00bb, expliquait Mme Diallo.<\/p>\n\n\n\n<p>En effet, c\u2019est surtout avec ses modestes moyens que la jeune femme se bat. Gr\u00e2ce \u00e0 sa r\u00e9gie Pulaarku, sp\u00e9cialis\u00e9e dans l\u2019\u00e9v\u00e9nementiel, elle parvient n\u00e9anmoins \u00e0 organiser des soir\u00e9es f\u00e9eriques. Cela permet de maintenir le cap, \u00e9paul\u00e9e par quelques partenaires fid\u00e8les, dont le minist\u00e8re de la Culture et de la Francophonie. Son r\u00eave est que chaque ville ivoirienne dispose d\u2019un Centre de lecture et d\u2019animation culturelle (Clac) ou d\u2019une biblioth\u00e8que municipale. Amadou Kon\u00e9, ministre des Transports et pr\u00e9sident de l\u2019Union des villes et communes de C\u00f4te d&#8217;Ivoire (Uvicoci) a accueilli avec faveur ce plaidoyer lors du Sila15. Reste \u00e0 trouver les appuis n\u00e9cessaires pour doter ces futurs espaces de livres et de personnel qualifi\u00e9. Un d\u00e9fi de taille que Karidjata Diallo aborde avec foi.<\/p>\n\n\n\n<figure class=\"wp-block-image aligncenter size-large is-resized\"><img loading=\"lazy\" decoding=\"async\" width=\"1024\" height=\"681\" src=\"https:\/\/7culture.ci\/wp-content\/uploads\/2025\/11\/WhatsApp-Image-2025-11-03-at-18.44.54-1024x681.jpeg\" alt=\"\" class=\"wp-image-27108\" style=\"width:586px;height:auto\" srcset=\"https:\/\/7culture.ci\/wp-content\/uploads\/2025\/11\/WhatsApp-Image-2025-11-03-at-18.44.54-1024x681.jpeg 1024w, https:\/\/7culture.ci\/wp-content\/uploads\/2025\/11\/WhatsApp-Image-2025-11-03-at-18.44.54-300x200.jpeg 300w, https:\/\/7culture.ci\/wp-content\/uploads\/2025\/11\/WhatsApp-Image-2025-11-03-at-18.44.54-768x511.jpeg 768w, https:\/\/7culture.ci\/wp-content\/uploads\/2025\/11\/WhatsApp-Image-2025-11-03-at-18.44.54.jpeg 1070w\" sizes=\"(max-width: 1024px) 100vw, 1024px\" \/><\/figure>\n\n\n\n<p><strong>Elle s\u00e8me les mots\u2026 et sa passion<\/strong><\/p>\n\n\n\n<p>Cette passion de Mme Diallo remonte \u00e0 sa jeunesse, nourrie de lecture. Elle va des thrillers aux fictions contemporaines, en passant par les romans classiques ou les essais de d\u00e9veloppement personnel. \u00ab <em>Les thrillers, c\u2019est comme des films !<\/em>\u00bb, affirme-t-elle. \u00ab J\u2019aime beaucoup Douglas Kennedy notamment son livre \u2018<em>\u2019L\u2019homme qui voulait vivre sa vie\u2019\u2019, ou encore John Grisham. Et puis, il y a Hampat\u00e9 B\u00e2, le \u201cp\u00e9p\u00e9\u201d, et bien s\u00fbr Thierno Mon\u00e9nembo que j\u2019admire \u00e9norm\u00e9ment<\/em> \u00bb.<\/p>\n\n\n\n<p>En d\u00e9cembre 2024, l\u2019Atl a eu l\u2019honneur d\u2019accueillir Dja\u00efli Amadou Amal, l\u2019auteure camerounaise multi-laur\u00e9ate, venue pr\u00e9senter \u2018<em>\u2019Les Impatientes\u2019\u2019<\/em>. Ces moments de partage sont aussi le symbole de la vocation panafricaine du projet qui cible les auteurs du continent.<\/p>\n\n\n\n<figure class=\"wp-block-image size-large is-resized\"><img loading=\"lazy\" decoding=\"async\" width=\"767\" height=\"1024\" src=\"https:\/\/7culture.ci\/wp-content\/uploads\/2025\/11\/WhatsApp-Image-2025-11-03-at-18.44.52-767x1024.jpeg\" alt=\"\" class=\"wp-image-27109\" style=\"width:404px;height:auto\" srcset=\"https:\/\/7culture.ci\/wp-content\/uploads\/2025\/11\/WhatsApp-Image-2025-11-03-at-18.44.52-767x1024.jpeg 767w, https:\/\/7culture.ci\/wp-content\/uploads\/2025\/11\/WhatsApp-Image-2025-11-03-at-18.44.52-225x300.jpeg 225w, https:\/\/7culture.ci\/wp-content\/uploads\/2025\/11\/WhatsApp-Image-2025-11-03-at-18.44.52-768x1025.jpeg 768w, https:\/\/7culture.ci\/wp-content\/uploads\/2025\/11\/WhatsApp-Image-2025-11-03-at-18.44.52.jpeg 959w\" sizes=\"(max-width: 767px) 100vw, 767px\" \/><\/figure>\n\n\n\n<p>L\u2019initiatrice d\u2019Atl est \u00e9galement pr\u00e9sidente de l\u2019Ong Actives (cr\u00e9\u00e9e en 2015) qui \u0153uvre pour le leadership et l\u2019autonomisation des femmes. Mais c\u2019est dans les livres qu\u2019elle puise sa force et sa vision. Pour elle, promouvoir la litt\u00e9rature, c\u2019est offrir \u00e0 la jeunesse un espace de libert\u00e9, d\u2019expression, de r\u00eave et d\u2019ouverture d\u2019esprit.<\/p>\n\n\n\n<p><strong>E. C.<\/strong><\/p>\n","protected":false},"excerpt":{"rendered":"<p>Rarement une femme aura incarn\u00e9 avec autant d\u2019ardeur la passion du livre et le d\u00e9sir de la partager. M\u00eame si elle n\u2019est pas (pour le moment) auteure, en C\u00f4te d\u2019Ivoire, Karidjata Diallo est une promotrice fervente de la lecture et du livre. Depuis 2022, ses \u2018\u2019Afterwork Toast et Litt\u00e9rature\u2019\u2019 (Atl), rendez-vous litt\u00e9raires bimestriels d\u2019Abidjan r\u00e9unissent &hellip;<\/p>\n<p class=\"read-more\"> <a class=\"\" href=\"https:\/\/7culture.ci\/index.php\/2025\/11\/05\/litterature-karidjata-diallo-veut-faire-de-la-cote-divoire-une-terre-du-livre\/\"> <span class=\"screen-reader-text\">Litt\u00e9rature\/Karidjata Diallo veut faire de la C\u00f4te d&#8217;Ivoire une terre du livre<\/span> Lire la suite\u00a0\u00bb<\/a><\/p>\n","protected":false},"author":1,"featured_media":27106,"comment_status":"open","ping_status":"open","sticky":false,"template":"","format":"standard","meta":{"_mi_skip_tracking":false,"_monsterinsights_sitenote_active":false,"_monsterinsights_sitenote_note":"","_monsterinsights_sitenote_category":0,"site-sidebar-layout":"default","site-content-layout":"default","ast-global-header-display":"","ast-main-header-display":"","ast-hfb-above-header-display":"","ast-hfb-below-header-display":"","ast-hfb-mobile-header-display":"","site-post-title":"","ast-breadcrumbs-content":"","ast-featured-img":"","footer-sml-layout":"","theme-transparent-header-meta":"","adv-header-id-meta":"","stick-header-meta":"","header-above-stick-meta":"","header-main-stick-meta":"","header-below-stick-meta":"","footnotes":"","jetpack_publicize_message":"","jetpack_is_tweetstorm":false,"jetpack_publicize_feature_enabled":true},"categories":[22],"tags":[],"jetpack_publicize_connections":[],"acf":[],"aioseo_notices":[],"yoast_head":"<!-- This site is optimized with the Yoast SEO plugin v19.6.1 - https:\/\/yoast.com\/wordpress\/plugins\/seo\/ -->\n<title>Litt\u00e9rature\/Karidjata Diallo veut faire de la C\u00f4te d&#039;Ivoire une terre du livre - 7culture<\/title>\n<meta name=\"robots\" content=\"index, follow, max-snippet:-1, max-image-preview:large, max-video-preview:-1\" \/>\n<link rel=\"canonical\" href=\"https:\/\/7culture.ci\/index.php\/2025\/11\/05\/litterature-karidjata-diallo-veut-faire-de-la-cote-divoire-une-terre-du-livre\/\" \/>\n<meta property=\"og:locale\" content=\"fr_FR\" \/>\n<meta property=\"og:type\" content=\"article\" \/>\n<meta property=\"og:title\" content=\"Litt\u00e9rature\/Karidjata Diallo veut faire de la C\u00f4te d&#039;Ivoire une terre du livre - 7culture\" \/>\n<meta property=\"og:description\" content=\"Rarement une femme aura incarn\u00e9 avec autant d\u2019ardeur la passion du livre et le d\u00e9sir de la partager. M\u00eame si elle n\u2019est pas (pour le moment) auteure, en C\u00f4te d\u2019Ivoire, Karidjata Diallo est une promotrice fervente de la lecture et du livre. Depuis 2022, ses \u2018\u2019Afterwork Toast et Litt\u00e9rature\u2019\u2019 (Atl), rendez-vous litt\u00e9raires bimestriels d\u2019Abidjan r\u00e9unissent &hellip; Litt\u00e9rature\/Karidjata Diallo veut faire de la C\u00f4te d&#8217;Ivoire une terre du livre Lire la suite\u00a0\u00bb\" \/>\n<meta property=\"og:url\" content=\"https:\/\/7culture.ci\/index.php\/2025\/11\/05\/litterature-karidjata-diallo-veut-faire-de-la-cote-divoire-une-terre-du-livre\/\" \/>\n<meta property=\"og:site_name\" content=\"7culture\" \/>\n<meta property=\"article:publisher\" content=\"https:\/\/www.facebook.com\/redchefclaude\" \/>\n<meta property=\"article:published_time\" content=\"2025-11-05T14:09:48+00:00\" \/>\n<meta property=\"article:modified_time\" content=\"2025-11-13T15:08:11+00:00\" \/>\n<meta property=\"og:image\" content=\"http:\/\/7culture.ci\/wp-content\/uploads\/2025\/11\/WhatsApp-Image-2025-11-03-at-18.44.53.jpeg\" \/>\n\t<meta property=\"og:image:width\" content=\"1070\" \/>\n\t<meta property=\"og:image:height\" content=\"713\" \/>\n\t<meta property=\"og:image:type\" content=\"image\/jpeg\" \/>\n<meta name=\"author\" content=\"7culture2020\" \/>\n<meta name=\"twitter:card\" content=\"summary_large_image\" \/>\n<meta name=\"twitter:creator\" content=\"@7culturec\" \/>\n<meta name=\"twitter:site\" content=\"@7culturec\" \/>\n<meta name=\"twitter:label1\" content=\"\u00c9crit par\" \/>\n\t<meta name=\"twitter:data1\" content=\"7culture2020\" \/>\n\t<meta name=\"twitter:label2\" content=\"Dur\u00e9e de lecture estim\u00e9e\" \/>\n\t<meta name=\"twitter:data2\" content=\"3 minutes\" \/>\n<script type=\"application\/ld+json\" class=\"yoast-schema-graph\">{\"@context\":\"https:\/\/schema.org\",\"@graph\":[{\"@type\":\"Article\",\"@id\":\"https:\/\/7culture.ci\/index.php\/2025\/11\/05\/litterature-karidjata-diallo-veut-faire-de-la-cote-divoire-une-terre-du-livre\/#article\",\"isPartOf\":{\"@id\":\"https:\/\/7culture.ci\/index.php\/2025\/11\/05\/litterature-karidjata-diallo-veut-faire-de-la-cote-divoire-une-terre-du-livre\/\"},\"author\":{\"name\":\"7culture2020\",\"@id\":\"https:\/\/7culture.ci\/#\/schema\/person\/16150d28d7ef66ba788c1f87f28c4426\"},\"headline\":\"Litt\u00e9rature\/Karidjata Diallo veut faire de la C\u00f4te d&#8217;Ivoire une terre du livre\",\"datePublished\":\"2025-11-05T14:09:48+00:00\",\"dateModified\":\"2025-11-13T15:08:11+00:00\",\"mainEntityOfPage\":{\"@id\":\"https:\/\/7culture.ci\/index.php\/2025\/11\/05\/litterature-karidjata-diallo-veut-faire-de-la-cote-divoire-une-terre-du-livre\/\"},\"wordCount\":643,\"commentCount\":0,\"publisher\":{\"@id\":\"https:\/\/7culture.ci\/#organization\"},\"articleSection\":[\"Actualit\u00e9\"],\"inLanguage\":\"fr-FR\",\"potentialAction\":[{\"@type\":\"CommentAction\",\"name\":\"Comment\",\"target\":[\"https:\/\/7culture.ci\/index.php\/2025\/11\/05\/litterature-karidjata-diallo-veut-faire-de-la-cote-divoire-une-terre-du-livre\/#respond\"]}]},{\"@type\":\"WebPage\",\"@id\":\"https:\/\/7culture.ci\/index.php\/2025\/11\/05\/litterature-karidjata-diallo-veut-faire-de-la-cote-divoire-une-terre-du-livre\/\",\"url\":\"https:\/\/7culture.ci\/index.php\/2025\/11\/05\/litterature-karidjata-diallo-veut-faire-de-la-cote-divoire-une-terre-du-livre\/\",\"name\":\"Litt\u00e9rature\/Karidjata Diallo veut faire de la C\u00f4te d'Ivoire une terre du livre - 7culture\",\"isPartOf\":{\"@id\":\"https:\/\/7culture.ci\/#website\"},\"datePublished\":\"2025-11-05T14:09:48+00:00\",\"dateModified\":\"2025-11-13T15:08:11+00:00\",\"breadcrumb\":{\"@id\":\"https:\/\/7culture.ci\/index.php\/2025\/11\/05\/litterature-karidjata-diallo-veut-faire-de-la-cote-divoire-une-terre-du-livre\/#breadcrumb\"},\"inLanguage\":\"fr-FR\",\"potentialAction\":[{\"@type\":\"ReadAction\",\"target\":[\"https:\/\/7culture.ci\/index.php\/2025\/11\/05\/litterature-karidjata-diallo-veut-faire-de-la-cote-divoire-une-terre-du-livre\/\"]}]},{\"@type\":\"BreadcrumbList\",\"@id\":\"https:\/\/7culture.ci\/index.php\/2025\/11\/05\/litterature-karidjata-diallo-veut-faire-de-la-cote-divoire-une-terre-du-livre\/#breadcrumb\",\"itemListElement\":[{\"@type\":\"ListItem\",\"position\":1,\"name\":\"Accueil\",\"item\":\"https:\/\/7culture.ci\/\"},{\"@type\":\"ListItem\",\"position\":2,\"name\":\"Litt\u00e9rature\/Karidjata Diallo veut faire de la C\u00f4te d&#8217;Ivoire une terre du livre\"}]},{\"@type\":\"WebSite\",\"@id\":\"https:\/\/7culture.ci\/#website\",\"url\":\"https:\/\/7culture.ci\/\",\"name\":\"7culture\",\"description\":\"Tout sur l&#039;actualit\u00e9\",\"publisher\":{\"@id\":\"https:\/\/7culture.ci\/#organization\"},\"potentialAction\":[{\"@type\":\"SearchAction\",\"target\":{\"@type\":\"EntryPoint\",\"urlTemplate\":\"https:\/\/7culture.ci\/?s={search_term_string}\"},\"query-input\":\"required name=search_term_string\"}],\"inLanguage\":\"fr-FR\"},{\"@type\":\"Organization\",\"@id\":\"https:\/\/7culture.ci\/#organization\",\"name\":\"7culture\",\"url\":\"https:\/\/7culture.ci\/\",\"sameAs\":[\"https:\/\/www.facebook.com\/redchefclaude\",\"https:\/\/twitter.com\/7culturec\"],\"logo\":{\"@type\":\"ImageObject\",\"inLanguage\":\"fr-FR\",\"@id\":\"https:\/\/7culture.ci\/#\/schema\/logo\/image\/\",\"url\":\"https:\/\/7culture.ci\/wp-content\/uploads\/2021\/12\/S1a-1.png\",\"contentUrl\":\"https:\/\/7culture.ci\/wp-content\/uploads\/2021\/12\/S1a-1.png\",\"width\":588,\"height\":192,\"caption\":\"7culture\"},\"image\":{\"@id\":\"https:\/\/7culture.ci\/#\/schema\/logo\/image\/\"}},{\"@type\":\"Person\",\"@id\":\"https:\/\/7culture.ci\/#\/schema\/person\/16150d28d7ef66ba788c1f87f28c4426\",\"name\":\"7culture2020\",\"image\":{\"@type\":\"ImageObject\",\"inLanguage\":\"fr-FR\",\"@id\":\"https:\/\/7culture.ci\/#\/schema\/person\/image\/\",\"url\":\"https:\/\/secure.gravatar.com\/avatar\/9a0784f951306c37bcd065f52844ef95?s=96&d=mm&r=g\",\"contentUrl\":\"https:\/\/secure.gravatar.com\/avatar\/9a0784f951306c37bcd065f52844ef95?s=96&d=mm&r=g\",\"caption\":\"7culture2020\"},\"sameAs\":[\"http:\/\/7culture.ci\",\"Claude.kipre\"],\"url\":\"https:\/\/7culture.ci\/index.php\/author\/7culture2020\/\"}]}<\/script>\n<!-- \/ Yoast SEO plugin. -->","yoast_head_json":{"title":"Litt\u00e9rature\/Karidjata Diallo veut faire de la C\u00f4te d'Ivoire une terre du livre - 7culture","robots":{"index":"index","follow":"follow","max-snippet":"max-snippet:-1","max-image-preview":"max-image-preview:large","max-video-preview":"max-video-preview:-1"},"canonical":"https:\/\/7culture.ci\/index.php\/2025\/11\/05\/litterature-karidjata-diallo-veut-faire-de-la-cote-divoire-une-terre-du-livre\/","og_locale":"fr_FR","og_type":"article","og_title":"Litt\u00e9rature\/Karidjata Diallo veut faire de la C\u00f4te d'Ivoire une terre du livre - 7culture","og_description":"Rarement une femme aura incarn\u00e9 avec autant d\u2019ardeur la passion du livre et le d\u00e9sir de la partager. M\u00eame si elle n\u2019est pas (pour le moment) auteure, en C\u00f4te d\u2019Ivoire, Karidjata Diallo est une promotrice fervente de la lecture et du livre. Depuis 2022, ses \u2018\u2019Afterwork Toast et Litt\u00e9rature\u2019\u2019 (Atl), rendez-vous litt\u00e9raires bimestriels d\u2019Abidjan r\u00e9unissent &hellip; Litt\u00e9rature\/Karidjata Diallo veut faire de la C\u00f4te d&#8217;Ivoire une terre du livre Lire la suite\u00a0\u00bb","og_url":"https:\/\/7culture.ci\/index.php\/2025\/11\/05\/litterature-karidjata-diallo-veut-faire-de-la-cote-divoire-une-terre-du-livre\/","og_site_name":"7culture","article_publisher":"https:\/\/www.facebook.com\/redchefclaude","article_published_time":"2025-11-05T14:09:48+00:00","article_modified_time":"2025-11-13T15:08:11+00:00","og_image":[{"width":1070,"height":713,"url":"http:\/\/7culture.ci\/wp-content\/uploads\/2025\/11\/WhatsApp-Image-2025-11-03-at-18.44.53.jpeg","type":"image\/jpeg"}],"author":"7culture2020","twitter_card":"summary_large_image","twitter_creator":"@7culturec","twitter_site":"@7culturec","twitter_misc":{"\u00c9crit par":"7culture2020","Dur\u00e9e de lecture estim\u00e9e":"3 minutes"},"schema":{"@context":"https:\/\/schema.org","@graph":[{"@type":"Article","@id":"https:\/\/7culture.ci\/index.php\/2025\/11\/05\/litterature-karidjata-diallo-veut-faire-de-la-cote-divoire-une-terre-du-livre\/#article","isPartOf":{"@id":"https:\/\/7culture.ci\/index.php\/2025\/11\/05\/litterature-karidjata-diallo-veut-faire-de-la-cote-divoire-une-terre-du-livre\/"},"author":{"name":"7culture2020","@id":"https:\/\/7culture.ci\/#\/schema\/person\/16150d28d7ef66ba788c1f87f28c4426"},"headline":"Litt\u00e9rature\/Karidjata Diallo veut faire de la C\u00f4te d&#8217;Ivoire une terre du livre","datePublished":"2025-11-05T14:09:48+00:00","dateModified":"2025-11-13T15:08:11+00:00","mainEntityOfPage":{"@id":"https:\/\/7culture.ci\/index.php\/2025\/11\/05\/litterature-karidjata-diallo-veut-faire-de-la-cote-divoire-une-terre-du-livre\/"},"wordCount":643,"commentCount":0,"publisher":{"@id":"https:\/\/7culture.ci\/#organization"},"articleSection":["Actualit\u00e9"],"inLanguage":"fr-FR","potentialAction":[{"@type":"CommentAction","name":"Comment","target":["https:\/\/7culture.ci\/index.php\/2025\/11\/05\/litterature-karidjata-diallo-veut-faire-de-la-cote-divoire-une-terre-du-livre\/#respond"]}]},{"@type":"WebPage","@id":"https:\/\/7culture.ci\/index.php\/2025\/11\/05\/litterature-karidjata-diallo-veut-faire-de-la-cote-divoire-une-terre-du-livre\/","url":"https:\/\/7culture.ci\/index.php\/2025\/11\/05\/litterature-karidjata-diallo-veut-faire-de-la-cote-divoire-une-terre-du-livre\/","name":"Litt\u00e9rature\/Karidjata Diallo veut faire de la C\u00f4te d'Ivoire une terre du livre - 7culture","isPartOf":{"@id":"https:\/\/7culture.ci\/#website"},"datePublished":"2025-11-05T14:09:48+00:00","dateModified":"2025-11-13T15:08:11+00:00","breadcrumb":{"@id":"https:\/\/7culture.ci\/index.php\/2025\/11\/05\/litterature-karidjata-diallo-veut-faire-de-la-cote-divoire-une-terre-du-livre\/#breadcrumb"},"inLanguage":"fr-FR","potentialAction":[{"@type":"ReadAction","target":["https:\/\/7culture.ci\/index.php\/2025\/11\/05\/litterature-karidjata-diallo-veut-faire-de-la-cote-divoire-une-terre-du-livre\/"]}]},{"@type":"BreadcrumbList","@id":"https:\/\/7culture.ci\/index.php\/2025\/11\/05\/litterature-karidjata-diallo-veut-faire-de-la-cote-divoire-une-terre-du-livre\/#breadcrumb","itemListElement":[{"@type":"ListItem","position":1,"name":"Accueil","item":"https:\/\/7culture.ci\/"},{"@type":"ListItem","position":2,"name":"Litt\u00e9rature\/Karidjata Diallo veut faire de la C\u00f4te d&#8217;Ivoire une terre du livre"}]},{"@type":"WebSite","@id":"https:\/\/7culture.ci\/#website","url":"https:\/\/7culture.ci\/","name":"7culture","description":"Tout sur l&#039;actualit\u00e9","publisher":{"@id":"https:\/\/7culture.ci\/#organization"},"potentialAction":[{"@type":"SearchAction","target":{"@type":"EntryPoint","urlTemplate":"https:\/\/7culture.ci\/?s={search_term_string}"},"query-input":"required name=search_term_string"}],"inLanguage":"fr-FR"},{"@type":"Organization","@id":"https:\/\/7culture.ci\/#organization","name":"7culture","url":"https:\/\/7culture.ci\/","sameAs":["https:\/\/www.facebook.com\/redchefclaude","https:\/\/twitter.com\/7culturec"],"logo":{"@type":"ImageObject","inLanguage":"fr-FR","@id":"https:\/\/7culture.ci\/#\/schema\/logo\/image\/","url":"https:\/\/7culture.ci\/wp-content\/uploads\/2021\/12\/S1a-1.png","contentUrl":"https:\/\/7culture.ci\/wp-content\/uploads\/2021\/12\/S1a-1.png","width":588,"height":192,"caption":"7culture"},"image":{"@id":"https:\/\/7culture.ci\/#\/schema\/logo\/image\/"}},{"@type":"Person","@id":"https:\/\/7culture.ci\/#\/schema\/person\/16150d28d7ef66ba788c1f87f28c4426","name":"7culture2020","image":{"@type":"ImageObject","inLanguage":"fr-FR","@id":"https:\/\/7culture.ci\/#\/schema\/person\/image\/","url":"https:\/\/secure.gravatar.com\/avatar\/9a0784f951306c37bcd065f52844ef95?s=96&d=mm&r=g","contentUrl":"https:\/\/secure.gravatar.com\/avatar\/9a0784f951306c37bcd065f52844ef95?s=96&d=mm&r=g","caption":"7culture2020"},"sameAs":["http:\/\/7culture.ci","Claude.kipre"],"url":"https:\/\/7culture.ci\/index.php\/author\/7culture2020\/"}]}},"jetpack_featured_media_url":"https:\/\/7culture.ci\/wp-content\/uploads\/2025\/11\/WhatsApp-Image-2025-11-03-at-18.44.53.jpeg","jetpack_likes_enabled":true,"jetpack_sharing_enabled":true,"_links":{"self":[{"href":"https:\/\/7culture.ci\/index.php\/wp-json\/wp\/v2\/posts\/27104"}],"collection":[{"href":"https:\/\/7culture.ci\/index.php\/wp-json\/wp\/v2\/posts"}],"about":[{"href":"https:\/\/7culture.ci\/index.php\/wp-json\/wp\/v2\/types\/post"}],"author":[{"embeddable":true,"href":"https:\/\/7culture.ci\/index.php\/wp-json\/wp\/v2\/users\/1"}],"replies":[{"embeddable":true,"href":"https:\/\/7culture.ci\/index.php\/wp-json\/wp\/v2\/comments?post=27104"}],"version-history":[{"count":1,"href":"https:\/\/7culture.ci\/index.php\/wp-json\/wp\/v2\/posts\/27104\/revisions"}],"predecessor-version":[{"id":27110,"href":"https:\/\/7culture.ci\/index.php\/wp-json\/wp\/v2\/posts\/27104\/revisions\/27110"}],"wp:featuredmedia":[{"embeddable":true,"href":"https:\/\/7culture.ci\/index.php\/wp-json\/wp\/v2\/media\/27106"}],"wp:attachment":[{"href":"https:\/\/7culture.ci\/index.php\/wp-json\/wp\/v2\/media?parent=27104"}],"wp:term":[{"taxonomy":"category","embeddable":true,"href":"https:\/\/7culture.ci\/index.php\/wp-json\/wp\/v2\/categories?post=27104"},{"taxonomy":"post_tag","embeddable":true,"href":"https:\/\/7culture.ci\/index.php\/wp-json\/wp\/v2\/tags?post=27104"}],"curies":[{"name":"wp","href":"https:\/\/api.w.org\/{rel}","templated":true}]}}