{"id":27087,"date":"2025-10-18T12:02:14","date_gmt":"2025-10-18T12:02:14","guid":{"rendered":"https:\/\/7culture.ci\/?p=27087"},"modified":"2025-10-30T15:57:46","modified_gmt":"2025-10-30T15:57:46","slug":"presidentielle-2025-fatim-sidime-mobilise-les-acteurs-de-la-mode-pour-ado","status":"publish","type":"post","link":"https:\/\/7culture.ci\/index.php\/2025\/10\/18\/presidentielle-2025-fatim-sidime-mobilise-les-acteurs-de-la-mode-pour-ado\/","title":{"rendered":"Pr\u00e9sidentielle 2025\u00a0: Fatim Sidim\u00e9 mobilise les acteurs de la mode pour ADO"},"content":{"rendered":"\n<p>Sous la conduite de la Responsable de campagne en charge des acteurs de la mode de l\u2019accueil et du mannequinat, Fatim Sidim\u00e9, pr\u00e9sidente du R\u00e9seau des agences et mannequins en C\u00f4te d\u2019Ivoire (RamCi), les acteurs de la mode, du mannequinat et de l\u2019accueil et se sont engag\u00e9s pour la victoire du candidat du Rassemblement des Houphou\u00e9tistes pour la d\u00e9mocratie et la paix, Alassane Ouattara, \u00e0 l\u2019\u00e9lection pr\u00e9sidentielle du 25 octobre 2025. Mme Sidim\u00e9 l\u2019a exprim\u00e9 haut et fort devant Kandia Camara, pr\u00e9sidente du S\u00e9nat ; Fran\u00e7oise Remarck, ministre de la culture et de la Francophonie et Nass\u00e9n\u00e9ba Tour\u00e9, ministre de la Femme, de la Famille et de l\u2019Enfant le jeudi 16 octobre 2025 au si\u00e8ge du Rhdp \u00e0 la Rue Lepic \u00e0 Abidjan-Cocody. \u00ab <em>Pour la paix, le d\u00e9veloppement et la coh\u00e9sion, allons voter Alassane Ouattara le 25 octobre 2025. Soyons reconnaissants au pr\u00e9sident de la R\u00e9publique qui a beaucoup fait pour le monde culturel et artistique depuis qu\u2019il est en fonction<\/em> \u00bb, a-t-elle dit. <\/p>\n\n\n\n<figure class=\"wp-block-gallery has-nested-images columns-default is-cropped wp-block-gallery-1 is-layout-flex wp-block-gallery-is-layout-flex\">\n<figure class=\"wp-block-image size-large\"><img loading=\"lazy\" decoding=\"async\" width=\"1024\" height=\"683\" data-id=\"27091\" src=\"https:\/\/7culture.ci\/wp-content\/uploads\/2025\/10\/soolimages-8864-1024x683.jpg\" alt=\"\" class=\"wp-image-27091\" srcset=\"https:\/\/7culture.ci\/wp-content\/uploads\/2025\/10\/soolimages-8864-1024x683.jpg 1024w, https:\/\/7culture.ci\/wp-content\/uploads\/2025\/10\/soolimages-8864-300x200.jpg 300w, https:\/\/7culture.ci\/wp-content\/uploads\/2025\/10\/soolimages-8864-768x513.jpg 768w, https:\/\/7culture.ci\/wp-content\/uploads\/2025\/10\/soolimages-8864-1536x1025.jpg 1536w, https:\/\/7culture.ci\/wp-content\/uploads\/2025\/10\/soolimages-8864-2048x1367.jpg 2048w\" sizes=\"(max-width: 1024px) 100vw, 1024px\" \/><figcaption class=\"wp-element-caption\">SOOLIMAGES<\/figcaption><\/figure>\n\n\n\n<figure class=\"wp-block-image size-large\"><img loading=\"lazy\" decoding=\"async\" width=\"1024\" height=\"683\" data-id=\"27090\" src=\"https:\/\/7culture.ci\/wp-content\/uploads\/2025\/10\/soolimages-8882-1024x683.jpg\" alt=\"\" class=\"wp-image-27090\" srcset=\"https:\/\/7culture.ci\/wp-content\/uploads\/2025\/10\/soolimages-8882-1024x683.jpg 1024w, https:\/\/7culture.ci\/wp-content\/uploads\/2025\/10\/soolimages-8882-300x200.jpg 300w, https:\/\/7culture.ci\/wp-content\/uploads\/2025\/10\/soolimages-8882-768x513.jpg 768w, https:\/\/7culture.ci\/wp-content\/uploads\/2025\/10\/soolimages-8882-1536x1025.jpg 1536w, https:\/\/7culture.ci\/wp-content\/uploads\/2025\/10\/soolimages-8882-2048x1367.jpg 2048w\" sizes=\"(max-width: 1024px) 100vw, 1024px\" \/><figcaption class=\"wp-element-caption\">SOOLIMAGES<\/figcaption><\/figure>\n\n\n\n<figure class=\"wp-block-image size-large\"><img loading=\"lazy\" decoding=\"async\" width=\"1024\" height=\"683\" data-id=\"27092\" src=\"https:\/\/7culture.ci\/wp-content\/uploads\/2025\/10\/soolimages-8898-1024x683.jpg\" alt=\"\" class=\"wp-image-27092\" srcset=\"https:\/\/7culture.ci\/wp-content\/uploads\/2025\/10\/soolimages-8898-1024x683.jpg 1024w, https:\/\/7culture.ci\/wp-content\/uploads\/2025\/10\/soolimages-8898-300x200.jpg 300w, https:\/\/7culture.ci\/wp-content\/uploads\/2025\/10\/soolimages-8898-768x513.jpg 768w, https:\/\/7culture.ci\/wp-content\/uploads\/2025\/10\/soolimages-8898-1536x1025.jpg 1536w, https:\/\/7culture.ci\/wp-content\/uploads\/2025\/10\/soolimages-8898-2048x1367.jpg 2048w\" sizes=\"(max-width: 1024px) 100vw, 1024px\" \/><figcaption class=\"wp-element-caption\">SOOLIMAGES<\/figcaption><\/figure>\n<\/figure>\n\n\n\n<p>Pour soutenir son id\u00e9e, la top model internationale a \u00e9gren\u00e9 quelques bonnes actions du pr\u00e9sident Ouattara envers son secteur comme les subventions, les distinctions et les conventions dont ont b\u00e9n\u00e9fici\u00e9 les industries culturelles et cr\u00e9atives (Icc). Pour ce faire, elle a pris le soin d\u2019exhorter les membres de sa corporation \u00e0 faire le meilleur choix en retirant d\u00e8s \u00e0 pr\u00e9sent leurs cartes d\u2019\u00e9lecteurs. \u00ab <em>Il faudra aussi vous rendre au bureau de vote pour faire montre de votre citoyennet\u00e9 et en votant notre candidat son excellence Alassane Ouattara<\/em> \u00bb, a-t-elle r\u00e9it\u00e9r\u00e9 avant d\u2019appeler \u00e0 la paix : \u00ab <em>Tout en souhaitant bonne chance pour notre candidat \u00e0 l\u2019\u00e9lection pr\u00e9sidentielle du 25 octobre 2025, vous voulons surtout vous inviter \u00e0 \u0153uvrer \u00e0 la pr\u00e9servation de la paix dans notre pays<\/em> \u00bb.<\/p>\n\n\n\n<figure class=\"wp-block-gallery has-nested-images columns-default is-cropped wp-block-gallery-2 is-layout-flex wp-block-gallery-is-layout-flex\">\n<figure class=\"wp-block-image size-large\"><img loading=\"lazy\" decoding=\"async\" width=\"683\" height=\"1024\" data-id=\"27093\" src=\"https:\/\/7culture.ci\/wp-content\/uploads\/2025\/10\/soolimages-8870-683x1024.jpg\" alt=\"\" class=\"wp-image-27093\" srcset=\"https:\/\/7culture.ci\/wp-content\/uploads\/2025\/10\/soolimages-8870-683x1024.jpg 683w, https:\/\/7culture.ci\/wp-content\/uploads\/2025\/10\/soolimages-8870-200x300.jpg 200w, https:\/\/7culture.ci\/wp-content\/uploads\/2025\/10\/soolimages-8870-768x1151.jpg 768w, https:\/\/7culture.ci\/wp-content\/uploads\/2025\/10\/soolimages-8870-1025x1536.jpg 1025w, https:\/\/7culture.ci\/wp-content\/uploads\/2025\/10\/soolimages-8870-1367x2048.jpg 1367w, https:\/\/7culture.ci\/wp-content\/uploads\/2025\/10\/soolimages-8870-scaled.jpg 1709w\" sizes=\"(max-width: 683px) 100vw, 683px\" \/><figcaption class=\"wp-element-caption\">SOOLIMAGES<\/figcaption><\/figure>\n\n\n\n<figure class=\"wp-block-image size-large\"><img loading=\"lazy\" decoding=\"async\" width=\"683\" height=\"1024\" data-id=\"27094\" src=\"https:\/\/7culture.ci\/wp-content\/uploads\/2025\/10\/soolimages-8877-2-683x1024.jpg\" alt=\"\" class=\"wp-image-27094\" srcset=\"https:\/\/7culture.ci\/wp-content\/uploads\/2025\/10\/soolimages-8877-2-683x1024.jpg 683w, https:\/\/7culture.ci\/wp-content\/uploads\/2025\/10\/soolimages-8877-2-200x300.jpg 200w, https:\/\/7culture.ci\/wp-content\/uploads\/2025\/10\/soolimages-8877-2-768x1151.jpg 768w, https:\/\/7culture.ci\/wp-content\/uploads\/2025\/10\/soolimages-8877-2-1025x1536.jpg 1025w, https:\/\/7culture.ci\/wp-content\/uploads\/2025\/10\/soolimages-8877-2-1367x2048.jpg 1367w, https:\/\/7culture.ci\/wp-content\/uploads\/2025\/10\/soolimages-8877-2-scaled.jpg 1709w\" sizes=\"(max-width: 683px) 100vw, 683px\" \/><figcaption class=\"wp-element-caption\">SOOLIMAGES<\/figcaption><\/figure>\n\n\n\n<figure class=\"wp-block-image size-large\"><img loading=\"lazy\" decoding=\"async\" width=\"939\" height=\"1024\" data-id=\"27095\" src=\"https:\/\/7culture.ci\/wp-content\/uploads\/2025\/10\/soolimages-9267-939x1024.jpg\" alt=\"\" class=\"wp-image-27095\" srcset=\"https:\/\/7culture.ci\/wp-content\/uploads\/2025\/10\/soolimages-9267-939x1024.jpg 939w, https:\/\/7culture.ci\/wp-content\/uploads\/2025\/10\/soolimages-9267-275x300.jpg 275w, https:\/\/7culture.ci\/wp-content\/uploads\/2025\/10\/soolimages-9267-768x838.jpg 768w, https:\/\/7culture.ci\/wp-content\/uploads\/2025\/10\/soolimages-9267-1408x1536.jpg 1408w, https:\/\/7culture.ci\/wp-content\/uploads\/2025\/10\/soolimages-9267-1878x2048.jpg 1878w\" sizes=\"(max-width: 939px) 100vw, 939px\" \/><figcaption class=\"wp-element-caption\">SOOLIMAGES<\/figcaption><\/figure>\n<\/figure>\n\n\n\n<p>Par DT<\/p>\n","protected":false},"excerpt":{"rendered":"<p>Sous la conduite de la Responsable de campagne en charge des acteurs de la mode de l\u2019accueil et du mannequinat, Fatim Sidim\u00e9, pr\u00e9sidente du R\u00e9seau des agences et mannequins en C\u00f4te d\u2019Ivoire (RamCi), les acteurs de la mode, du mannequinat et de l\u2019accueil et se sont engag\u00e9s pour la victoire du candidat du Rassemblement des &hellip;<\/p>\n<p class=\"read-more\"> <a class=\"\" href=\"https:\/\/7culture.ci\/index.php\/2025\/10\/18\/presidentielle-2025-fatim-sidime-mobilise-les-acteurs-de-la-mode-pour-ado\/\"> <span class=\"screen-reader-text\">Pr\u00e9sidentielle 2025\u00a0: Fatim Sidim\u00e9 mobilise les acteurs de la mode pour ADO<\/span> Lire la suite\u00a0\u00bb<\/a><\/p>\n","protected":false},"author":1,"featured_media":27089,"comment_status":"open","ping_status":"open","sticky":false,"template":"","format":"standard","meta":{"_mi_skip_tracking":false,"_monsterinsights_sitenote_active":false,"_monsterinsights_sitenote_note":"","_monsterinsights_sitenote_category":0,"site-sidebar-layout":"default","site-content-layout":"default","ast-global-header-display":"","ast-main-header-display":"","ast-hfb-above-header-display":"","ast-hfb-below-header-display":"","ast-hfb-mobile-header-display":"","site-post-title":"","ast-breadcrumbs-content":"","ast-featured-img":"","footer-sml-layout":"","theme-transparent-header-meta":"","adv-header-id-meta":"","stick-header-meta":"","header-above-stick-meta":"","header-main-stick-meta":"","header-below-stick-meta":"","footnotes":"","jetpack_publicize_message":"","jetpack_is_tweetstorm":false,"jetpack_publicize_feature_enabled":true},"categories":[22],"tags":[],"jetpack_publicize_connections":[],"acf":[],"aioseo_notices":[],"yoast_head":"<!-- This site is optimized with the Yoast SEO plugin v19.6.1 - https:\/\/yoast.com\/wordpress\/plugins\/seo\/ -->\n<title>Pr\u00e9sidentielle 2025\u00a0: Fatim Sidim\u00e9 mobilise les acteurs de la mode pour ADO - 7culture<\/title>\n<meta name=\"robots\" content=\"index, follow, max-snippet:-1, max-image-preview:large, max-video-preview:-1\" \/>\n<link rel=\"canonical\" href=\"https:\/\/7culture.ci\/index.php\/2025\/10\/18\/presidentielle-2025-fatim-sidime-mobilise-les-acteurs-de-la-mode-pour-ado\/\" \/>\n<meta property=\"og:locale\" content=\"fr_FR\" \/>\n<meta property=\"og:type\" content=\"article\" \/>\n<meta property=\"og:title\" content=\"Pr\u00e9sidentielle 2025\u00a0: Fatim Sidim\u00e9 mobilise les acteurs de la mode pour ADO - 7culture\" \/>\n<meta property=\"og:description\" content=\"Sous la conduite de la Responsable de campagne en charge des acteurs de la mode de l\u2019accueil et du mannequinat, Fatim Sidim\u00e9, pr\u00e9sidente du R\u00e9seau des agences et mannequins en C\u00f4te d\u2019Ivoire (RamCi), les acteurs de la mode, du mannequinat et de l\u2019accueil et se sont engag\u00e9s pour la victoire du candidat du Rassemblement des &hellip; Pr\u00e9sidentielle 2025\u00a0: Fatim Sidim\u00e9 mobilise les acteurs de la mode pour ADO Lire la suite\u00a0\u00bb\" \/>\n<meta property=\"og:url\" content=\"https:\/\/7culture.ci\/index.php\/2025\/10\/18\/presidentielle-2025-fatim-sidime-mobilise-les-acteurs-de-la-mode-pour-ado\/\" \/>\n<meta property=\"og:site_name\" content=\"7culture\" \/>\n<meta property=\"article:publisher\" content=\"https:\/\/www.facebook.com\/redchefclaude\" \/>\n<meta property=\"article:published_time\" content=\"2025-10-18T12:02:14+00:00\" \/>\n<meta property=\"article:modified_time\" content=\"2025-10-30T15:57:46+00:00\" \/>\n<meta property=\"og:image\" content=\"http:\/\/7culture.ci\/wp-content\/uploads\/2025\/10\/Fat3.jpg\" \/>\n\t<meta property=\"og:image:width\" content=\"1280\" \/>\n\t<meta property=\"og:image:height\" content=\"854\" \/>\n\t<meta property=\"og:image:type\" content=\"image\/jpeg\" \/>\n<meta name=\"author\" content=\"7culture2020\" \/>\n<meta name=\"twitter:card\" content=\"summary_large_image\" \/>\n<meta name=\"twitter:creator\" content=\"@7culturec\" \/>\n<meta name=\"twitter:site\" content=\"@7culturec\" \/>\n<meta name=\"twitter:label1\" content=\"\u00c9crit par\" \/>\n\t<meta name=\"twitter:data1\" content=\"7culture2020\" \/>\n\t<meta name=\"twitter:label2\" content=\"Dur\u00e9e de lecture estim\u00e9e\" \/>\n\t<meta name=\"twitter:data2\" content=\"2 minutes\" \/>\n<script type=\"application\/ld+json\" class=\"yoast-schema-graph\">{\"@context\":\"https:\/\/schema.org\",\"@graph\":[{\"@type\":\"Article\",\"@id\":\"https:\/\/7culture.ci\/index.php\/2025\/10\/18\/presidentielle-2025-fatim-sidime-mobilise-les-acteurs-de-la-mode-pour-ado\/#article\",\"isPartOf\":{\"@id\":\"https:\/\/7culture.ci\/index.php\/2025\/10\/18\/presidentielle-2025-fatim-sidime-mobilise-les-acteurs-de-la-mode-pour-ado\/\"},\"author\":{\"name\":\"7culture2020\",\"@id\":\"https:\/\/7culture.ci\/#\/schema\/person\/16150d28d7ef66ba788c1f87f28c4426\"},\"headline\":\"Pr\u00e9sidentielle 2025\u00a0: Fatim Sidim\u00e9 mobilise les acteurs de la mode pour ADO\",\"datePublished\":\"2025-10-18T12:02:14+00:00\",\"dateModified\":\"2025-10-30T15:57:46+00:00\",\"mainEntityOfPage\":{\"@id\":\"https:\/\/7culture.ci\/index.php\/2025\/10\/18\/presidentielle-2025-fatim-sidime-mobilise-les-acteurs-de-la-mode-pour-ado\/\"},\"wordCount\":329,\"commentCount\":0,\"publisher\":{\"@id\":\"https:\/\/7culture.ci\/#organization\"},\"articleSection\":[\"Actualit\u00e9\"],\"inLanguage\":\"fr-FR\",\"potentialAction\":[{\"@type\":\"CommentAction\",\"name\":\"Comment\",\"target\":[\"https:\/\/7culture.ci\/index.php\/2025\/10\/18\/presidentielle-2025-fatim-sidime-mobilise-les-acteurs-de-la-mode-pour-ado\/#respond\"]}]},{\"@type\":\"WebPage\",\"@id\":\"https:\/\/7culture.ci\/index.php\/2025\/10\/18\/presidentielle-2025-fatim-sidime-mobilise-les-acteurs-de-la-mode-pour-ado\/\",\"url\":\"https:\/\/7culture.ci\/index.php\/2025\/10\/18\/presidentielle-2025-fatim-sidime-mobilise-les-acteurs-de-la-mode-pour-ado\/\",\"name\":\"Pr\u00e9sidentielle 2025\u00a0: Fatim Sidim\u00e9 mobilise les acteurs de la mode pour ADO - 7culture\",\"isPartOf\":{\"@id\":\"https:\/\/7culture.ci\/#website\"},\"datePublished\":\"2025-10-18T12:02:14+00:00\",\"dateModified\":\"2025-10-30T15:57:46+00:00\",\"breadcrumb\":{\"@id\":\"https:\/\/7culture.ci\/index.php\/2025\/10\/18\/presidentielle-2025-fatim-sidime-mobilise-les-acteurs-de-la-mode-pour-ado\/#breadcrumb\"},\"inLanguage\":\"fr-FR\",\"potentialAction\":[{\"@type\":\"ReadAction\",\"target\":[\"https:\/\/7culture.ci\/index.php\/2025\/10\/18\/presidentielle-2025-fatim-sidime-mobilise-les-acteurs-de-la-mode-pour-ado\/\"]}]},{\"@type\":\"BreadcrumbList\",\"@id\":\"https:\/\/7culture.ci\/index.php\/2025\/10\/18\/presidentielle-2025-fatim-sidime-mobilise-les-acteurs-de-la-mode-pour-ado\/#breadcrumb\",\"itemListElement\":[{\"@type\":\"ListItem\",\"position\":1,\"name\":\"Accueil\",\"item\":\"https:\/\/7culture.ci\/\"},{\"@type\":\"ListItem\",\"position\":2,\"name\":\"Pr\u00e9sidentielle 2025\u00a0: Fatim Sidim\u00e9 mobilise les acteurs de la mode pour ADO\"}]},{\"@type\":\"WebSite\",\"@id\":\"https:\/\/7culture.ci\/#website\",\"url\":\"https:\/\/7culture.ci\/\",\"name\":\"7culture\",\"description\":\"Tout sur l&#039;actualit\u00e9\",\"publisher\":{\"@id\":\"https:\/\/7culture.ci\/#organization\"},\"potentialAction\":[{\"@type\":\"SearchAction\",\"target\":{\"@type\":\"EntryPoint\",\"urlTemplate\":\"https:\/\/7culture.ci\/?s={search_term_string}\"},\"query-input\":\"required name=search_term_string\"}],\"inLanguage\":\"fr-FR\"},{\"@type\":\"Organization\",\"@id\":\"https:\/\/7culture.ci\/#organization\",\"name\":\"7culture\",\"url\":\"https:\/\/7culture.ci\/\",\"sameAs\":[\"https:\/\/www.facebook.com\/redchefclaude\",\"https:\/\/twitter.com\/7culturec\"],\"logo\":{\"@type\":\"ImageObject\",\"inLanguage\":\"fr-FR\",\"@id\":\"https:\/\/7culture.ci\/#\/schema\/logo\/image\/\",\"url\":\"https:\/\/7culture.ci\/wp-content\/uploads\/2021\/12\/S1a-1.png\",\"contentUrl\":\"https:\/\/7culture.ci\/wp-content\/uploads\/2021\/12\/S1a-1.png\",\"width\":588,\"height\":192,\"caption\":\"7culture\"},\"image\":{\"@id\":\"https:\/\/7culture.ci\/#\/schema\/logo\/image\/\"}},{\"@type\":\"Person\",\"@id\":\"https:\/\/7culture.ci\/#\/schema\/person\/16150d28d7ef66ba788c1f87f28c4426\",\"name\":\"7culture2020\",\"image\":{\"@type\":\"ImageObject\",\"inLanguage\":\"fr-FR\",\"@id\":\"https:\/\/7culture.ci\/#\/schema\/person\/image\/\",\"url\":\"https:\/\/secure.gravatar.com\/avatar\/9a0784f951306c37bcd065f52844ef95?s=96&d=mm&r=g\",\"contentUrl\":\"https:\/\/secure.gravatar.com\/avatar\/9a0784f951306c37bcd065f52844ef95?s=96&d=mm&r=g\",\"caption\":\"7culture2020\"},\"sameAs\":[\"http:\/\/7culture.ci\",\"Claude.kipre\"],\"url\":\"https:\/\/7culture.ci\/index.php\/author\/7culture2020\/\"}]}<\/script>\n<!-- \/ Yoast SEO plugin. -->","yoast_head_json":{"title":"Pr\u00e9sidentielle 2025\u00a0: Fatim Sidim\u00e9 mobilise les acteurs de la mode pour ADO - 7culture","robots":{"index":"index","follow":"follow","max-snippet":"max-snippet:-1","max-image-preview":"max-image-preview:large","max-video-preview":"max-video-preview:-1"},"canonical":"https:\/\/7culture.ci\/index.php\/2025\/10\/18\/presidentielle-2025-fatim-sidime-mobilise-les-acteurs-de-la-mode-pour-ado\/","og_locale":"fr_FR","og_type":"article","og_title":"Pr\u00e9sidentielle 2025\u00a0: Fatim Sidim\u00e9 mobilise les acteurs de la mode pour ADO - 7culture","og_description":"Sous la conduite de la Responsable de campagne en charge des acteurs de la mode de l\u2019accueil et du mannequinat, Fatim Sidim\u00e9, pr\u00e9sidente du R\u00e9seau des agences et mannequins en C\u00f4te d\u2019Ivoire (RamCi), les acteurs de la mode, du mannequinat et de l\u2019accueil et se sont engag\u00e9s pour la victoire du candidat du Rassemblement des &hellip; Pr\u00e9sidentielle 2025\u00a0: Fatim Sidim\u00e9 mobilise les acteurs de la mode pour ADO Lire la suite\u00a0\u00bb","og_url":"https:\/\/7culture.ci\/index.php\/2025\/10\/18\/presidentielle-2025-fatim-sidime-mobilise-les-acteurs-de-la-mode-pour-ado\/","og_site_name":"7culture","article_publisher":"https:\/\/www.facebook.com\/redchefclaude","article_published_time":"2025-10-18T12:02:14+00:00","article_modified_time":"2025-10-30T15:57:46+00:00","og_image":[{"width":1280,"height":854,"url":"http:\/\/7culture.ci\/wp-content\/uploads\/2025\/10\/Fat3.jpg","type":"image\/jpeg"}],"author":"7culture2020","twitter_card":"summary_large_image","twitter_creator":"@7culturec","twitter_site":"@7culturec","twitter_misc":{"\u00c9crit par":"7culture2020","Dur\u00e9e de lecture estim\u00e9e":"2 minutes"},"schema":{"@context":"https:\/\/schema.org","@graph":[{"@type":"Article","@id":"https:\/\/7culture.ci\/index.php\/2025\/10\/18\/presidentielle-2025-fatim-sidime-mobilise-les-acteurs-de-la-mode-pour-ado\/#article","isPartOf":{"@id":"https:\/\/7culture.ci\/index.php\/2025\/10\/18\/presidentielle-2025-fatim-sidime-mobilise-les-acteurs-de-la-mode-pour-ado\/"},"author":{"name":"7culture2020","@id":"https:\/\/7culture.ci\/#\/schema\/person\/16150d28d7ef66ba788c1f87f28c4426"},"headline":"Pr\u00e9sidentielle 2025\u00a0: Fatim Sidim\u00e9 mobilise les acteurs de la mode pour ADO","datePublished":"2025-10-18T12:02:14+00:00","dateModified":"2025-10-30T15:57:46+00:00","mainEntityOfPage":{"@id":"https:\/\/7culture.ci\/index.php\/2025\/10\/18\/presidentielle-2025-fatim-sidime-mobilise-les-acteurs-de-la-mode-pour-ado\/"},"wordCount":329,"commentCount":0,"publisher":{"@id":"https:\/\/7culture.ci\/#organization"},"articleSection":["Actualit\u00e9"],"inLanguage":"fr-FR","potentialAction":[{"@type":"CommentAction","name":"Comment","target":["https:\/\/7culture.ci\/index.php\/2025\/10\/18\/presidentielle-2025-fatim-sidime-mobilise-les-acteurs-de-la-mode-pour-ado\/#respond"]}]},{"@type":"WebPage","@id":"https:\/\/7culture.ci\/index.php\/2025\/10\/18\/presidentielle-2025-fatim-sidime-mobilise-les-acteurs-de-la-mode-pour-ado\/","url":"https:\/\/7culture.ci\/index.php\/2025\/10\/18\/presidentielle-2025-fatim-sidime-mobilise-les-acteurs-de-la-mode-pour-ado\/","name":"Pr\u00e9sidentielle 2025\u00a0: Fatim Sidim\u00e9 mobilise les acteurs de la mode pour ADO - 7culture","isPartOf":{"@id":"https:\/\/7culture.ci\/#website"},"datePublished":"2025-10-18T12:02:14+00:00","dateModified":"2025-10-30T15:57:46+00:00","breadcrumb":{"@id":"https:\/\/7culture.ci\/index.php\/2025\/10\/18\/presidentielle-2025-fatim-sidime-mobilise-les-acteurs-de-la-mode-pour-ado\/#breadcrumb"},"inLanguage":"fr-FR","potentialAction":[{"@type":"ReadAction","target":["https:\/\/7culture.ci\/index.php\/2025\/10\/18\/presidentielle-2025-fatim-sidime-mobilise-les-acteurs-de-la-mode-pour-ado\/"]}]},{"@type":"BreadcrumbList","@id":"https:\/\/7culture.ci\/index.php\/2025\/10\/18\/presidentielle-2025-fatim-sidime-mobilise-les-acteurs-de-la-mode-pour-ado\/#breadcrumb","itemListElement":[{"@type":"ListItem","position":1,"name":"Accueil","item":"https:\/\/7culture.ci\/"},{"@type":"ListItem","position":2,"name":"Pr\u00e9sidentielle 2025\u00a0: Fatim Sidim\u00e9 mobilise les acteurs de la mode pour ADO"}]},{"@type":"WebSite","@id":"https:\/\/7culture.ci\/#website","url":"https:\/\/7culture.ci\/","name":"7culture","description":"Tout sur l&#039;actualit\u00e9","publisher":{"@id":"https:\/\/7culture.ci\/#organization"},"potentialAction":[{"@type":"SearchAction","target":{"@type":"EntryPoint","urlTemplate":"https:\/\/7culture.ci\/?s={search_term_string}"},"query-input":"required name=search_term_string"}],"inLanguage":"fr-FR"},{"@type":"Organization","@id":"https:\/\/7culture.ci\/#organization","name":"7culture","url":"https:\/\/7culture.ci\/","sameAs":["https:\/\/www.facebook.com\/redchefclaude","https:\/\/twitter.com\/7culturec"],"logo":{"@type":"ImageObject","inLanguage":"fr-FR","@id":"https:\/\/7culture.ci\/#\/schema\/logo\/image\/","url":"https:\/\/7culture.ci\/wp-content\/uploads\/2021\/12\/S1a-1.png","contentUrl":"https:\/\/7culture.ci\/wp-content\/uploads\/2021\/12\/S1a-1.png","width":588,"height":192,"caption":"7culture"},"image":{"@id":"https:\/\/7culture.ci\/#\/schema\/logo\/image\/"}},{"@type":"Person","@id":"https:\/\/7culture.ci\/#\/schema\/person\/16150d28d7ef66ba788c1f87f28c4426","name":"7culture2020","image":{"@type":"ImageObject","inLanguage":"fr-FR","@id":"https:\/\/7culture.ci\/#\/schema\/person\/image\/","url":"https:\/\/secure.gravatar.com\/avatar\/9a0784f951306c37bcd065f52844ef95?s=96&d=mm&r=g","contentUrl":"https:\/\/secure.gravatar.com\/avatar\/9a0784f951306c37bcd065f52844ef95?s=96&d=mm&r=g","caption":"7culture2020"},"sameAs":["http:\/\/7culture.ci","Claude.kipre"],"url":"https:\/\/7culture.ci\/index.php\/author\/7culture2020\/"}]}},"jetpack_featured_media_url":"https:\/\/7culture.ci\/wp-content\/uploads\/2025\/10\/Fat3.jpg","jetpack_likes_enabled":true,"jetpack_sharing_enabled":true,"_links":{"self":[{"href":"https:\/\/7culture.ci\/index.php\/wp-json\/wp\/v2\/posts\/27087"}],"collection":[{"href":"https:\/\/7culture.ci\/index.php\/wp-json\/wp\/v2\/posts"}],"about":[{"href":"https:\/\/7culture.ci\/index.php\/wp-json\/wp\/v2\/types\/post"}],"author":[{"embeddable":true,"href":"https:\/\/7culture.ci\/index.php\/wp-json\/wp\/v2\/users\/1"}],"replies":[{"embeddable":true,"href":"https:\/\/7culture.ci\/index.php\/wp-json\/wp\/v2\/comments?post=27087"}],"version-history":[{"count":1,"href":"https:\/\/7culture.ci\/index.php\/wp-json\/wp\/v2\/posts\/27087\/revisions"}],"predecessor-version":[{"id":27096,"href":"https:\/\/7culture.ci\/index.php\/wp-json\/wp\/v2\/posts\/27087\/revisions\/27096"}],"wp:featuredmedia":[{"embeddable":true,"href":"https:\/\/7culture.ci\/index.php\/wp-json\/wp\/v2\/media\/27089"}],"wp:attachment":[{"href":"https:\/\/7culture.ci\/index.php\/wp-json\/wp\/v2\/media?parent=27087"}],"wp:term":[{"taxonomy":"category","embeddable":true,"href":"https:\/\/7culture.ci\/index.php\/wp-json\/wp\/v2\/categories?post=27087"},{"taxonomy":"post_tag","embeddable":true,"href":"https:\/\/7culture.ci\/index.php\/wp-json\/wp\/v2\/tags?post=27087"}],"curies":[{"name":"wp","href":"https:\/\/api.w.org\/{rel}","templated":true}]}}