{"id":27046,"date":"2025-09-30T11:51:47","date_gmt":"2025-09-30T11:51:47","guid":{"rendered":"https:\/\/7culture.ci\/?p=27046"},"modified":"2025-10-15T11:51:42","modified_gmt":"2025-10-15T11:51:42","slug":"cinema-formation-16-scenaristes-renforcent-leurs-capacites","status":"publish","type":"post","link":"https:\/\/7culture.ci\/index.php\/2025\/09\/30\/cinema-formation-16-scenaristes-renforcent-leurs-capacites\/","title":{"rendered":"Cin\u00e9ma\/Formation\u00a0: 16 sc\u00e9naristes renforcent leurs capacit\u00e9s"},"content":{"rendered":"\n<p>Du 22 au 26 septembre 2025, 16 professionnels de cin\u00e9ma se sont form\u00e9s dans l\u2019\u00e9criture de sc\u00e9narios dans les locaux d\u2019Alma Production de la star Kadhy Tour\u00e9 \u00e0 Abidjan-Marcory. Cet atelier d\u2019\u00e9criture de long-m\u00e9trage dans le cadre du programme Alma Lab, avec le soutien de l\u2019Ambassade de France en C\u00f4te d\u2019Ivoire, s\u2019est achev\u00e9 le 26 septembre 2025 par la remise des certificats de fin de stages, toujours \u00e0 Marcory, dans une ambiance festive.<\/p>\n\n\n\n<p>Pendant cinq jours, 16 jeunes talents, s\u00e9lectionn\u00e9s parmi plus d\u2019une centaine de candidatures, se sont abreuv\u00e9s \u00e0 la source d\u2019Axel Guyot, producteur fran\u00e7ais et formateur international. Il les a donn\u00e9s les notions de la dramaturgie, du voyage du h\u00e9ros, du pitch afin qu\u2019ils b\u00e9n\u00e9ficient d\u2019un accompagnement personnalis\u00e9 sur leurs projets. \u00ab\u00a0<em>J&#8217;ai \u00e9t\u00e9 tr\u00e8s heureux de donner ma contribution \u00e0 l\u2019\u00e9criture de sc\u00e9narios. Je dois dire qu&#8217;on apprend tout le temps. Apr\u00e8s tant de films, moi-m\u00eame j&#8217;apprends toujours<\/em>\u00a0\u00bb, a dit M. Guyot \u00e0 la cl\u00f4ture du s\u00e9minaire. Producteur des films \u00e0 succ\u00e8s tels \u2018\u2019Les trois lascars\u2019\u2019, \u2018\u2019Marabou ch\u00e9ri\u2019\u2019 et \u2018\u2019L&#8217;\u0153il du cyclone\u2019\u2019 (Etalon de Bronze, Meilleur acteur, Meilleure actrice, Prix Oumarou Ganda du Meilleur Premier Film, Prix du Cedeao, Prix de l&#8217;Uemoa, Prix Semb\u00e8ne Ousmane Ecobank au Fespaco 2015, ndlr), le Fran\u00e7ais travaille depuis plus de 10 ans en Afrique de l&#8217;ouest. <\/p>\n\n\n\n<figure class=\"wp-block-gallery has-nested-images columns-default is-cropped wp-block-gallery-1 is-layout-flex wp-block-gallery-is-layout-flex\">\n<figure class=\"wp-block-image size-large\"><img loading=\"lazy\" decoding=\"async\" width=\"1024\" height=\"461\" data-id=\"27050\" src=\"https:\/\/7culture.ci\/wp-content\/uploads\/2025\/09\/IMG_20250926_140606-1024x461.jpg\" alt=\"\" class=\"wp-image-27050\" srcset=\"https:\/\/7culture.ci\/wp-content\/uploads\/2025\/09\/IMG_20250926_140606-1024x461.jpg 1024w, https:\/\/7culture.ci\/wp-content\/uploads\/2025\/09\/IMG_20250926_140606-300x135.jpg 300w, https:\/\/7culture.ci\/wp-content\/uploads\/2025\/09\/IMG_20250926_140606-768x345.jpg 768w, https:\/\/7culture.ci\/wp-content\/uploads\/2025\/09\/IMG_20250926_140606-1536x691.jpg 1536w, https:\/\/7culture.ci\/wp-content\/uploads\/2025\/09\/IMG_20250926_140606-2048x921.jpg 2048w\" sizes=\"(max-width: 1024px) 100vw, 1024px\" \/><figcaption class=\"wp-element-caption\">Exif_JPEG_420<\/figcaption><\/figure>\n\n\n\n<figure class=\"wp-block-image size-large\"><img loading=\"lazy\" decoding=\"async\" width=\"1024\" height=\"461\" data-id=\"27051\" src=\"https:\/\/7culture.ci\/wp-content\/uploads\/2025\/09\/IMG_20250926_140611-1024x461.jpg\" alt=\"\" class=\"wp-image-27051\" srcset=\"https:\/\/7culture.ci\/wp-content\/uploads\/2025\/09\/IMG_20250926_140611-1024x461.jpg 1024w, https:\/\/7culture.ci\/wp-content\/uploads\/2025\/09\/IMG_20250926_140611-300x135.jpg 300w, https:\/\/7culture.ci\/wp-content\/uploads\/2025\/09\/IMG_20250926_140611-768x345.jpg 768w, https:\/\/7culture.ci\/wp-content\/uploads\/2025\/09\/IMG_20250926_140611-1536x691.jpg 1536w, https:\/\/7culture.ci\/wp-content\/uploads\/2025\/09\/IMG_20250926_140611-2048x921.jpg 2048w\" sizes=\"(max-width: 1024px) 100vw, 1024px\" \/><figcaption class=\"wp-element-caption\">Exif_JPEG_420<\/figcaption><\/figure>\n\n\n\n<figure class=\"wp-block-image size-large\"><img loading=\"lazy\" decoding=\"async\" width=\"1024\" height=\"461\" data-id=\"27049\" src=\"https:\/\/7culture.ci\/wp-content\/uploads\/2025\/09\/IMG_20250926_140612-1-1024x461.jpg\" alt=\"\" class=\"wp-image-27049\" srcset=\"https:\/\/7culture.ci\/wp-content\/uploads\/2025\/09\/IMG_20250926_140612-1-1024x461.jpg 1024w, https:\/\/7culture.ci\/wp-content\/uploads\/2025\/09\/IMG_20250926_140612-1-300x135.jpg 300w, https:\/\/7culture.ci\/wp-content\/uploads\/2025\/09\/IMG_20250926_140612-1-768x345.jpg 768w, https:\/\/7culture.ci\/wp-content\/uploads\/2025\/09\/IMG_20250926_140612-1-1536x691.jpg 1536w, https:\/\/7culture.ci\/wp-content\/uploads\/2025\/09\/IMG_20250926_140612-1-2048x921.jpg 2048w\" sizes=\"(max-width: 1024px) 100vw, 1024px\" \/><figcaption class=\"wp-element-caption\">Exif_JPEG_420<\/figcaption><\/figure>\n<\/figure>\n\n\n\n<p>Avec Kadhy Tour\u00e9 et Luis Marqu\u00e8s, le formateur est co-initiateur du projet Alma Lab, destin\u00e9 \u00e0 soutenir les comp\u00e9tences des cin\u00e9astes en C\u00f4te d&#8217;Ivoire, les talents sur les sc\u00e9narios, le script\u2026 pour les longs m\u00e9trages&#8230; \u00ab\u00a0<em>L&#8217;id\u00e9e est de faire des sessions, des masterclasses d&#8217;une semaine pour renforcer les comp\u00e9tences des techniciens qui travaillent d\u00e9j\u00e0 ici en C\u00f4te d&#8217;Ivoire<\/em>\u00a0\u00bb, a dit le producteur prolifique et d\u2019ajouter\u00a0: \u00ab\u00a0<em>On est parti du principe qu&#8217;en C\u00f4te d&#8217;Ivoire, il y a beaucoup de productions de longs m\u00e9trages et de s\u00e9ries. Mais ce n&#8217;est pas \u00e9vident d&#8217;\u00e9crire un sc\u00e9nario. \u00c7a s&#8217;apprend. On a donn\u00e9 aux stagiaires le processus d&#8217;\u00e9criture<\/em>\u00a0\u00bb. Le programme Alma Lab soutient la formation aux m\u00e9tiers du cin\u00e9ma, des films destin\u00e9s \u00e0 la sortie en salles. \u00ab\u00a0<em>Le formateur a beaucoup d&#8217;exp\u00e9rience qu&#8217;il a partag\u00e9e avec 16 stagiaires qui ont d\u00e9j\u00e0 un pied dans le m\u00e9tier. Ce n&#8217;est pas pour les d\u00e9butants. C&#8217;est pour les gens qui sont d\u00e9j\u00e0 en train de travailler<\/em>\u00a0\u00bb, a expliqu\u00e9 Luis Marqu\u00e8s, Directeur d\u2019Alma Production, une soci\u00e9t\u00e9 de production de films. <\/p>\n\n\n\n<figure class=\"wp-block-gallery has-nested-images columns-default is-cropped wp-block-gallery-2 is-layout-flex wp-block-gallery-is-layout-flex\">\n<figure class=\"wp-block-image size-large\"><img loading=\"lazy\" decoding=\"async\" width=\"1024\" height=\"461\" data-id=\"27052\" src=\"https:\/\/7culture.ci\/wp-content\/uploads\/2025\/09\/IMG_20250926_135602-1024x461.jpg\" alt=\"\" class=\"wp-image-27052\" srcset=\"https:\/\/7culture.ci\/wp-content\/uploads\/2025\/09\/IMG_20250926_135602-1024x461.jpg 1024w, https:\/\/7culture.ci\/wp-content\/uploads\/2025\/09\/IMG_20250926_135602-300x135.jpg 300w, https:\/\/7culture.ci\/wp-content\/uploads\/2025\/09\/IMG_20250926_135602-768x345.jpg 768w, https:\/\/7culture.ci\/wp-content\/uploads\/2025\/09\/IMG_20250926_135602-1536x691.jpg 1536w, https:\/\/7culture.ci\/wp-content\/uploads\/2025\/09\/IMG_20250926_135602-2048x921.jpg 2048w\" sizes=\"(max-width: 1024px) 100vw, 1024px\" \/><figcaption class=\"wp-element-caption\">Exif_JPEG_420<\/figcaption><\/figure>\n\n\n\n<figure class=\"wp-block-image size-large\"><img loading=\"lazy\" decoding=\"async\" width=\"1024\" height=\"461\" data-id=\"27054\" src=\"https:\/\/7culture.ci\/wp-content\/uploads\/2025\/09\/IMG_20250926_135716-1024x461.jpg\" alt=\"\" class=\"wp-image-27054\" srcset=\"https:\/\/7culture.ci\/wp-content\/uploads\/2025\/09\/IMG_20250926_135716-1024x461.jpg 1024w, https:\/\/7culture.ci\/wp-content\/uploads\/2025\/09\/IMG_20250926_135716-300x135.jpg 300w, https:\/\/7culture.ci\/wp-content\/uploads\/2025\/09\/IMG_20250926_135716-768x345.jpg 768w, https:\/\/7culture.ci\/wp-content\/uploads\/2025\/09\/IMG_20250926_135716-1536x691.jpg 1536w, https:\/\/7culture.ci\/wp-content\/uploads\/2025\/09\/IMG_20250926_135716-2048x921.jpg 2048w\" sizes=\"(max-width: 1024px) 100vw, 1024px\" \/><figcaption class=\"wp-element-caption\">Exif_JPEG_420<\/figcaption><\/figure>\n\n\n\n<figure class=\"wp-block-image size-large\"><img loading=\"lazy\" decoding=\"async\" width=\"1024\" height=\"461\" data-id=\"27053\" src=\"https:\/\/7culture.ci\/wp-content\/uploads\/2025\/09\/IMG_20250926_135723-1024x461.jpg\" alt=\"\" class=\"wp-image-27053\" srcset=\"https:\/\/7culture.ci\/wp-content\/uploads\/2025\/09\/IMG_20250926_135723-1024x461.jpg 1024w, https:\/\/7culture.ci\/wp-content\/uploads\/2025\/09\/IMG_20250926_135723-300x135.jpg 300w, https:\/\/7culture.ci\/wp-content\/uploads\/2025\/09\/IMG_20250926_135723-768x345.jpg 768w, https:\/\/7culture.ci\/wp-content\/uploads\/2025\/09\/IMG_20250926_135723-1536x691.jpg 1536w, https:\/\/7culture.ci\/wp-content\/uploads\/2025\/09\/IMG_20250926_135723-2048x921.jpg 2048w\" sizes=\"(max-width: 1024px) 100vw, 1024px\" \/><figcaption class=\"wp-element-caption\">Exif_JPEG_420<\/figcaption><\/figure>\n<\/figure>\n\n\n\n<p>Pour le sc\u00e9nariste, le stage a \u00e9t\u00e9 tr\u00e8s intense et pointu et il esp\u00e8re qu\u2019il va donner aux stagiaires les outils n\u00e9cessaires pour am\u00e9liorer les \u00e9critures de leurs longs m\u00e9trages. \u00ab\u00a0On essaie de faire des formations qui sont destin\u00e9s \u00e0 des gens qui vont tout de suite travailler. La chose qui manque le moins en C\u00f4te d&#8217;Ivoire, c&#8217;est le talent. Alors on a essay\u00e9 de leur donner des rudiments pour \u00eatre plus performants dans leur pratique du m\u00e9tier\u00a0\u00bb, a relev\u00e9 M. Marqu\u00e8s avant de se satisfaire\u00a0: \u00ab\u00a0<em>\u00e7a a \u00e9t\u00e9 une formation d&#8217;une semaine tr\u00e8s intensive sur l&#8217;\u00e9criture de longs m\u00e9trages de cin\u00e9ma. Sachez qu&#8217;on cr\u00e9e une famille avec des ramifications qui vont se faire dans le domaine de l&#8217;\u00e9criture, de la diffusion entre festival et cin\u00e9ma ambulants&#8230;. \u00c7a a \u00e9t\u00e9 une fiert\u00e9 pour nous de vous accueillir venus d\u2019horizons divers. On aimerait avoir le maximum de stagiaires dans d&#8217;autres domaines\u00a0<\/em>\u00bb.<\/p>\n\n\n\n<p>Par DT<\/p>\n","protected":false},"excerpt":{"rendered":"<p>Du 22 au 26 septembre 2025, 16 professionnels de cin\u00e9ma se sont form\u00e9s dans l\u2019\u00e9criture de sc\u00e9narios dans les locaux d\u2019Alma Production de la star Kadhy Tour\u00e9 \u00e0 Abidjan-Marcory. Cet atelier d\u2019\u00e9criture de long-m\u00e9trage dans le cadre du programme Alma Lab, avec le soutien de l\u2019Ambassade de France en C\u00f4te d\u2019Ivoire, s\u2019est achev\u00e9 le 26 &hellip;<\/p>\n<p class=\"read-more\"> <a class=\"\" href=\"https:\/\/7culture.ci\/index.php\/2025\/09\/30\/cinema-formation-16-scenaristes-renforcent-leurs-capacites\/\"> <span class=\"screen-reader-text\">Cin\u00e9ma\/Formation\u00a0: 16 sc\u00e9naristes renforcent leurs capacit\u00e9s<\/span> Lire la suite\u00a0\u00bb<\/a><\/p>\n","protected":false},"author":1,"featured_media":27048,"comment_status":"open","ping_status":"open","sticky":false,"template":"","format":"standard","meta":{"_mi_skip_tracking":false,"_monsterinsights_sitenote_active":false,"_monsterinsights_sitenote_note":"","_monsterinsights_sitenote_category":0,"site-sidebar-layout":"default","site-content-layout":"default","ast-global-header-display":"","ast-main-header-display":"","ast-hfb-above-header-display":"","ast-hfb-below-header-display":"","ast-hfb-mobile-header-display":"","site-post-title":"","ast-breadcrumbs-content":"","ast-featured-img":"","footer-sml-layout":"","theme-transparent-header-meta":"","adv-header-id-meta":"","stick-header-meta":"","header-above-stick-meta":"","header-main-stick-meta":"","header-below-stick-meta":"","footnotes":"","jetpack_publicize_message":"","jetpack_is_tweetstorm":false,"jetpack_publicize_feature_enabled":true},"categories":[22],"tags":[],"jetpack_publicize_connections":[],"acf":[],"aioseo_notices":[],"yoast_head":"<!-- This site is optimized with the Yoast SEO plugin v19.6.1 - https:\/\/yoast.com\/wordpress\/plugins\/seo\/ -->\n<title>Cin\u00e9ma\/Formation\u00a0: 16 sc\u00e9naristes renforcent leurs capacit\u00e9s - 7culture<\/title>\n<meta name=\"robots\" content=\"index, follow, max-snippet:-1, max-image-preview:large, max-video-preview:-1\" \/>\n<link rel=\"canonical\" href=\"https:\/\/7culture.ci\/index.php\/2025\/09\/30\/cinema-formation-16-scenaristes-renforcent-leurs-capacites\/\" \/>\n<meta property=\"og:locale\" content=\"fr_FR\" \/>\n<meta property=\"og:type\" content=\"article\" \/>\n<meta property=\"og:title\" content=\"Cin\u00e9ma\/Formation\u00a0: 16 sc\u00e9naristes renforcent leurs capacit\u00e9s - 7culture\" \/>\n<meta property=\"og:description\" content=\"Du 22 au 26 septembre 2025, 16 professionnels de cin\u00e9ma se sont form\u00e9s dans l\u2019\u00e9criture de sc\u00e9narios dans les locaux d\u2019Alma Production de la star Kadhy Tour\u00e9 \u00e0 Abidjan-Marcory. Cet atelier d\u2019\u00e9criture de long-m\u00e9trage dans le cadre du programme Alma Lab, avec le soutien de l\u2019Ambassade de France en C\u00f4te d\u2019Ivoire, s\u2019est achev\u00e9 le 26 &hellip; Cin\u00e9ma\/Formation\u00a0: 16 sc\u00e9naristes renforcent leurs capacit\u00e9s Lire la suite\u00a0\u00bb\" \/>\n<meta property=\"og:url\" content=\"https:\/\/7culture.ci\/index.php\/2025\/09\/30\/cinema-formation-16-scenaristes-renforcent-leurs-capacites\/\" \/>\n<meta property=\"og:site_name\" content=\"7culture\" \/>\n<meta property=\"article:publisher\" content=\"https:\/\/www.facebook.com\/redchefclaude\" \/>\n<meta property=\"article:published_time\" content=\"2025-09-30T11:51:47+00:00\" \/>\n<meta property=\"article:modified_time\" content=\"2025-10-15T11:51:42+00:00\" \/>\n<meta property=\"og:image\" content=\"http:\/\/7culture.ci\/wp-content\/uploads\/2025\/09\/IMG_20250926_140612-scaled.jpg\" \/>\n\t<meta property=\"og:image:width\" content=\"2560\" \/>\n\t<meta property=\"og:image:height\" content=\"1151\" \/>\n\t<meta property=\"og:image:type\" content=\"image\/jpeg\" \/>\n<meta name=\"author\" content=\"7culture2020\" \/>\n<meta name=\"twitter:card\" content=\"summary_large_image\" \/>\n<meta name=\"twitter:creator\" content=\"@7culturec\" \/>\n<meta name=\"twitter:site\" content=\"@7culturec\" \/>\n<meta name=\"twitter:label1\" content=\"\u00c9crit par\" \/>\n\t<meta name=\"twitter:data1\" content=\"7culture2020\" \/>\n\t<meta name=\"twitter:label2\" content=\"Dur\u00e9e de lecture estim\u00e9e\" \/>\n\t<meta name=\"twitter:data2\" content=\"3 minutes\" \/>\n<script type=\"application\/ld+json\" class=\"yoast-schema-graph\">{\"@context\":\"https:\/\/schema.org\",\"@graph\":[{\"@type\":\"Article\",\"@id\":\"https:\/\/7culture.ci\/index.php\/2025\/09\/30\/cinema-formation-16-scenaristes-renforcent-leurs-capacites\/#article\",\"isPartOf\":{\"@id\":\"https:\/\/7culture.ci\/index.php\/2025\/09\/30\/cinema-formation-16-scenaristes-renforcent-leurs-capacites\/\"},\"author\":{\"name\":\"7culture2020\",\"@id\":\"https:\/\/7culture.ci\/#\/schema\/person\/16150d28d7ef66ba788c1f87f28c4426\"},\"headline\":\"Cin\u00e9ma\/Formation\u00a0: 16 sc\u00e9naristes renforcent leurs capacit\u00e9s\",\"datePublished\":\"2025-09-30T11:51:47+00:00\",\"dateModified\":\"2025-10-15T11:51:42+00:00\",\"mainEntityOfPage\":{\"@id\":\"https:\/\/7culture.ci\/index.php\/2025\/09\/30\/cinema-formation-16-scenaristes-renforcent-leurs-capacites\/\"},\"wordCount\":622,\"commentCount\":0,\"publisher\":{\"@id\":\"https:\/\/7culture.ci\/#organization\"},\"articleSection\":[\"Actualit\u00e9\"],\"inLanguage\":\"fr-FR\",\"potentialAction\":[{\"@type\":\"CommentAction\",\"name\":\"Comment\",\"target\":[\"https:\/\/7culture.ci\/index.php\/2025\/09\/30\/cinema-formation-16-scenaristes-renforcent-leurs-capacites\/#respond\"]}]},{\"@type\":\"WebPage\",\"@id\":\"https:\/\/7culture.ci\/index.php\/2025\/09\/30\/cinema-formation-16-scenaristes-renforcent-leurs-capacites\/\",\"url\":\"https:\/\/7culture.ci\/index.php\/2025\/09\/30\/cinema-formation-16-scenaristes-renforcent-leurs-capacites\/\",\"name\":\"Cin\u00e9ma\/Formation\u00a0: 16 sc\u00e9naristes renforcent leurs capacit\u00e9s - 7culture\",\"isPartOf\":{\"@id\":\"https:\/\/7culture.ci\/#website\"},\"datePublished\":\"2025-09-30T11:51:47+00:00\",\"dateModified\":\"2025-10-15T11:51:42+00:00\",\"breadcrumb\":{\"@id\":\"https:\/\/7culture.ci\/index.php\/2025\/09\/30\/cinema-formation-16-scenaristes-renforcent-leurs-capacites\/#breadcrumb\"},\"inLanguage\":\"fr-FR\",\"potentialAction\":[{\"@type\":\"ReadAction\",\"target\":[\"https:\/\/7culture.ci\/index.php\/2025\/09\/30\/cinema-formation-16-scenaristes-renforcent-leurs-capacites\/\"]}]},{\"@type\":\"BreadcrumbList\",\"@id\":\"https:\/\/7culture.ci\/index.php\/2025\/09\/30\/cinema-formation-16-scenaristes-renforcent-leurs-capacites\/#breadcrumb\",\"itemListElement\":[{\"@type\":\"ListItem\",\"position\":1,\"name\":\"Accueil\",\"item\":\"https:\/\/7culture.ci\/\"},{\"@type\":\"ListItem\",\"position\":2,\"name\":\"Cin\u00e9ma\/Formation\u00a0: 16 sc\u00e9naristes renforcent leurs capacit\u00e9s\"}]},{\"@type\":\"WebSite\",\"@id\":\"https:\/\/7culture.ci\/#website\",\"url\":\"https:\/\/7culture.ci\/\",\"name\":\"7culture\",\"description\":\"Tout sur l&#039;actualit\u00e9\",\"publisher\":{\"@id\":\"https:\/\/7culture.ci\/#organization\"},\"potentialAction\":[{\"@type\":\"SearchAction\",\"target\":{\"@type\":\"EntryPoint\",\"urlTemplate\":\"https:\/\/7culture.ci\/?s={search_term_string}\"},\"query-input\":\"required name=search_term_string\"}],\"inLanguage\":\"fr-FR\"},{\"@type\":\"Organization\",\"@id\":\"https:\/\/7culture.ci\/#organization\",\"name\":\"7culture\",\"url\":\"https:\/\/7culture.ci\/\",\"sameAs\":[\"https:\/\/www.facebook.com\/redchefclaude\",\"https:\/\/twitter.com\/7culturec\"],\"logo\":{\"@type\":\"ImageObject\",\"inLanguage\":\"fr-FR\",\"@id\":\"https:\/\/7culture.ci\/#\/schema\/logo\/image\/\",\"url\":\"https:\/\/7culture.ci\/wp-content\/uploads\/2021\/12\/S1a-1.png\",\"contentUrl\":\"https:\/\/7culture.ci\/wp-content\/uploads\/2021\/12\/S1a-1.png\",\"width\":588,\"height\":192,\"caption\":\"7culture\"},\"image\":{\"@id\":\"https:\/\/7culture.ci\/#\/schema\/logo\/image\/\"}},{\"@type\":\"Person\",\"@id\":\"https:\/\/7culture.ci\/#\/schema\/person\/16150d28d7ef66ba788c1f87f28c4426\",\"name\":\"7culture2020\",\"image\":{\"@type\":\"ImageObject\",\"inLanguage\":\"fr-FR\",\"@id\":\"https:\/\/7culture.ci\/#\/schema\/person\/image\/\",\"url\":\"https:\/\/secure.gravatar.com\/avatar\/9a0784f951306c37bcd065f52844ef95?s=96&d=mm&r=g\",\"contentUrl\":\"https:\/\/secure.gravatar.com\/avatar\/9a0784f951306c37bcd065f52844ef95?s=96&d=mm&r=g\",\"caption\":\"7culture2020\"},\"sameAs\":[\"http:\/\/7culture.ci\",\"Claude.kipre\"],\"url\":\"https:\/\/7culture.ci\/index.php\/author\/7culture2020\/\"}]}<\/script>\n<!-- \/ Yoast SEO plugin. -->","yoast_head_json":{"title":"Cin\u00e9ma\/Formation\u00a0: 16 sc\u00e9naristes renforcent leurs capacit\u00e9s - 7culture","robots":{"index":"index","follow":"follow","max-snippet":"max-snippet:-1","max-image-preview":"max-image-preview:large","max-video-preview":"max-video-preview:-1"},"canonical":"https:\/\/7culture.ci\/index.php\/2025\/09\/30\/cinema-formation-16-scenaristes-renforcent-leurs-capacites\/","og_locale":"fr_FR","og_type":"article","og_title":"Cin\u00e9ma\/Formation\u00a0: 16 sc\u00e9naristes renforcent leurs capacit\u00e9s - 7culture","og_description":"Du 22 au 26 septembre 2025, 16 professionnels de cin\u00e9ma se sont form\u00e9s dans l\u2019\u00e9criture de sc\u00e9narios dans les locaux d\u2019Alma Production de la star Kadhy Tour\u00e9 \u00e0 Abidjan-Marcory. Cet atelier d\u2019\u00e9criture de long-m\u00e9trage dans le cadre du programme Alma Lab, avec le soutien de l\u2019Ambassade de France en C\u00f4te d\u2019Ivoire, s\u2019est achev\u00e9 le 26 &hellip; Cin\u00e9ma\/Formation\u00a0: 16 sc\u00e9naristes renforcent leurs capacit\u00e9s Lire la suite\u00a0\u00bb","og_url":"https:\/\/7culture.ci\/index.php\/2025\/09\/30\/cinema-formation-16-scenaristes-renforcent-leurs-capacites\/","og_site_name":"7culture","article_publisher":"https:\/\/www.facebook.com\/redchefclaude","article_published_time":"2025-09-30T11:51:47+00:00","article_modified_time":"2025-10-15T11:51:42+00:00","og_image":[{"width":2560,"height":1151,"url":"http:\/\/7culture.ci\/wp-content\/uploads\/2025\/09\/IMG_20250926_140612-scaled.jpg","type":"image\/jpeg"}],"author":"7culture2020","twitter_card":"summary_large_image","twitter_creator":"@7culturec","twitter_site":"@7culturec","twitter_misc":{"\u00c9crit par":"7culture2020","Dur\u00e9e de lecture estim\u00e9e":"3 minutes"},"schema":{"@context":"https:\/\/schema.org","@graph":[{"@type":"Article","@id":"https:\/\/7culture.ci\/index.php\/2025\/09\/30\/cinema-formation-16-scenaristes-renforcent-leurs-capacites\/#article","isPartOf":{"@id":"https:\/\/7culture.ci\/index.php\/2025\/09\/30\/cinema-formation-16-scenaristes-renforcent-leurs-capacites\/"},"author":{"name":"7culture2020","@id":"https:\/\/7culture.ci\/#\/schema\/person\/16150d28d7ef66ba788c1f87f28c4426"},"headline":"Cin\u00e9ma\/Formation\u00a0: 16 sc\u00e9naristes renforcent leurs capacit\u00e9s","datePublished":"2025-09-30T11:51:47+00:00","dateModified":"2025-10-15T11:51:42+00:00","mainEntityOfPage":{"@id":"https:\/\/7culture.ci\/index.php\/2025\/09\/30\/cinema-formation-16-scenaristes-renforcent-leurs-capacites\/"},"wordCount":622,"commentCount":0,"publisher":{"@id":"https:\/\/7culture.ci\/#organization"},"articleSection":["Actualit\u00e9"],"inLanguage":"fr-FR","potentialAction":[{"@type":"CommentAction","name":"Comment","target":["https:\/\/7culture.ci\/index.php\/2025\/09\/30\/cinema-formation-16-scenaristes-renforcent-leurs-capacites\/#respond"]}]},{"@type":"WebPage","@id":"https:\/\/7culture.ci\/index.php\/2025\/09\/30\/cinema-formation-16-scenaristes-renforcent-leurs-capacites\/","url":"https:\/\/7culture.ci\/index.php\/2025\/09\/30\/cinema-formation-16-scenaristes-renforcent-leurs-capacites\/","name":"Cin\u00e9ma\/Formation\u00a0: 16 sc\u00e9naristes renforcent leurs capacit\u00e9s - 7culture","isPartOf":{"@id":"https:\/\/7culture.ci\/#website"},"datePublished":"2025-09-30T11:51:47+00:00","dateModified":"2025-10-15T11:51:42+00:00","breadcrumb":{"@id":"https:\/\/7culture.ci\/index.php\/2025\/09\/30\/cinema-formation-16-scenaristes-renforcent-leurs-capacites\/#breadcrumb"},"inLanguage":"fr-FR","potentialAction":[{"@type":"ReadAction","target":["https:\/\/7culture.ci\/index.php\/2025\/09\/30\/cinema-formation-16-scenaristes-renforcent-leurs-capacites\/"]}]},{"@type":"BreadcrumbList","@id":"https:\/\/7culture.ci\/index.php\/2025\/09\/30\/cinema-formation-16-scenaristes-renforcent-leurs-capacites\/#breadcrumb","itemListElement":[{"@type":"ListItem","position":1,"name":"Accueil","item":"https:\/\/7culture.ci\/"},{"@type":"ListItem","position":2,"name":"Cin\u00e9ma\/Formation\u00a0: 16 sc\u00e9naristes renforcent leurs capacit\u00e9s"}]},{"@type":"WebSite","@id":"https:\/\/7culture.ci\/#website","url":"https:\/\/7culture.ci\/","name":"7culture","description":"Tout sur l&#039;actualit\u00e9","publisher":{"@id":"https:\/\/7culture.ci\/#organization"},"potentialAction":[{"@type":"SearchAction","target":{"@type":"EntryPoint","urlTemplate":"https:\/\/7culture.ci\/?s={search_term_string}"},"query-input":"required name=search_term_string"}],"inLanguage":"fr-FR"},{"@type":"Organization","@id":"https:\/\/7culture.ci\/#organization","name":"7culture","url":"https:\/\/7culture.ci\/","sameAs":["https:\/\/www.facebook.com\/redchefclaude","https:\/\/twitter.com\/7culturec"],"logo":{"@type":"ImageObject","inLanguage":"fr-FR","@id":"https:\/\/7culture.ci\/#\/schema\/logo\/image\/","url":"https:\/\/7culture.ci\/wp-content\/uploads\/2021\/12\/S1a-1.png","contentUrl":"https:\/\/7culture.ci\/wp-content\/uploads\/2021\/12\/S1a-1.png","width":588,"height":192,"caption":"7culture"},"image":{"@id":"https:\/\/7culture.ci\/#\/schema\/logo\/image\/"}},{"@type":"Person","@id":"https:\/\/7culture.ci\/#\/schema\/person\/16150d28d7ef66ba788c1f87f28c4426","name":"7culture2020","image":{"@type":"ImageObject","inLanguage":"fr-FR","@id":"https:\/\/7culture.ci\/#\/schema\/person\/image\/","url":"https:\/\/secure.gravatar.com\/avatar\/9a0784f951306c37bcd065f52844ef95?s=96&d=mm&r=g","contentUrl":"https:\/\/secure.gravatar.com\/avatar\/9a0784f951306c37bcd065f52844ef95?s=96&d=mm&r=g","caption":"7culture2020"},"sameAs":["http:\/\/7culture.ci","Claude.kipre"],"url":"https:\/\/7culture.ci\/index.php\/author\/7culture2020\/"}]}},"jetpack_featured_media_url":"https:\/\/7culture.ci\/wp-content\/uploads\/2025\/09\/IMG_20250926_140612-scaled.jpg","jetpack_likes_enabled":true,"jetpack_sharing_enabled":true,"_links":{"self":[{"href":"https:\/\/7culture.ci\/index.php\/wp-json\/wp\/v2\/posts\/27046"}],"collection":[{"href":"https:\/\/7culture.ci\/index.php\/wp-json\/wp\/v2\/posts"}],"about":[{"href":"https:\/\/7culture.ci\/index.php\/wp-json\/wp\/v2\/types\/post"}],"author":[{"embeddable":true,"href":"https:\/\/7culture.ci\/index.php\/wp-json\/wp\/v2\/users\/1"}],"replies":[{"embeddable":true,"href":"https:\/\/7culture.ci\/index.php\/wp-json\/wp\/v2\/comments?post=27046"}],"version-history":[{"count":1,"href":"https:\/\/7culture.ci\/index.php\/wp-json\/wp\/v2\/posts\/27046\/revisions"}],"predecessor-version":[{"id":27055,"href":"https:\/\/7culture.ci\/index.php\/wp-json\/wp\/v2\/posts\/27046\/revisions\/27055"}],"wp:featuredmedia":[{"embeddable":true,"href":"https:\/\/7culture.ci\/index.php\/wp-json\/wp\/v2\/media\/27048"}],"wp:attachment":[{"href":"https:\/\/7culture.ci\/index.php\/wp-json\/wp\/v2\/media?parent=27046"}],"wp:term":[{"taxonomy":"category","embeddable":true,"href":"https:\/\/7culture.ci\/index.php\/wp-json\/wp\/v2\/categories?post=27046"},{"taxonomy":"post_tag","embeddable":true,"href":"https:\/\/7culture.ci\/index.php\/wp-json\/wp\/v2\/tags?post=27046"}],"curies":[{"name":"wp","href":"https:\/\/api.w.org\/{rel}","templated":true}]}}