{"id":27041,"date":"2025-09-30T10:53:18","date_gmt":"2025-09-30T10:53:18","guid":{"rendered":"https:\/\/7culture.ci\/?p=27041"},"modified":"2025-09-30T11:52:38","modified_gmt":"2025-09-30T11:52:38","slug":"autonomisation-des-femmes-a-odienne-rendez-vous-a-la-terrasse","status":"publish","type":"post","link":"https:\/\/7culture.ci\/index.php\/2025\/09\/30\/autonomisation-des-femmes-a-odienne-rendez-vous-a-la-terrasse\/","title":{"rendered":"Autonomisation des femmes \u00e0 Odienn\u00e9: Rendez-vous \u00e0 La Terrasse"},"content":{"rendered":"\n<p>Vous avez un petit creux et l\u2019envie vous prend de go\u00fbter autre chose que les succulents plats traditionnels d\u2019Odienn\u00e9&nbsp;? Il faut se rendre \u00e0 <em>La<\/em> <em>Terrasse<\/em>. C\u2019est un chic glacier o\u00f9 on trouve de la viennoiserie, de la p\u00e2tisserie, une pizz\u00e9ria, du fast-food\u2026<\/p>\n\n\n\n<p>Ce qui est int\u00e9ressant, c\u2019est que l\u2019espace propose des menus avec une dose africaine. Depuis son ouverture, c\u2019est devenu le coin des d\u00e9jeuners et d\u00eener entre copains ou en famille. Situ\u00e9e au quartier Libreville face \u00e0 la gare de Minignan, <em>La Terrasse<\/em> est administr\u00e9e par la Soci\u00e9t\u00e9 coop\u00e9rative simplifi\u00e9e des p\u00e2tissi\u00e8res dynamiques d\u2019Odienn\u00e9. Cette structure \u00e9mane elle aussi des largesses du ministre de l&#8217;Emploi et de la protection sociale, Adama Kamara. C\u2019est ce dernier qui a offert cette jeune PME aux femmes de sa ville. Ces femmes font tourner correctement l\u2019espace depuis un moment. A Odienn\u00e9, c\u2019est <em>La Terrasse<\/em> qui fait le bonheur des Odienneka.<\/p>\n\n\n\n<figure class=\"wp-block-image aligncenter size-full\"><img loading=\"lazy\" decoding=\"async\" width=\"800\" height=\"533\" src=\"https:\/\/7culture.ci\/wp-content\/uploads\/2025\/09\/Terrasse2.jpg\" alt=\"\" class=\"wp-image-27044\" srcset=\"https:\/\/7culture.ci\/wp-content\/uploads\/2025\/09\/Terrasse2.jpg 800w, https:\/\/7culture.ci\/wp-content\/uploads\/2025\/09\/Terrasse2-300x200.jpg 300w, https:\/\/7culture.ci\/wp-content\/uploads\/2025\/09\/Terrasse2-768x512.jpg 768w\" sizes=\"(max-width: 800px) 100vw, 800px\" \/><\/figure>\n\n\n\n<p>Par D.T<\/p>\n","protected":false},"excerpt":{"rendered":"<p>Vous avez un petit creux et l\u2019envie vous prend de go\u00fbter autre chose que les succulents plats traditionnels d\u2019Odienn\u00e9&nbsp;? Il faut se rendre \u00e0 La Terrasse. C\u2019est un chic glacier o\u00f9 on trouve de la viennoiserie, de la p\u00e2tisserie, une pizz\u00e9ria, du fast-food\u2026 Ce qui est int\u00e9ressant, c\u2019est que l\u2019espace propose des menus avec une &hellip;<\/p>\n<p class=\"read-more\"> <a class=\"\" href=\"https:\/\/7culture.ci\/index.php\/2025\/09\/30\/autonomisation-des-femmes-a-odienne-rendez-vous-a-la-terrasse\/\"> <span class=\"screen-reader-text\">Autonomisation des femmes \u00e0 Odienn\u00e9: Rendez-vous \u00e0 La Terrasse<\/span> Lire la suite\u00a0\u00bb<\/a><\/p>\n","protected":false},"author":1,"featured_media":27043,"comment_status":"open","ping_status":"open","sticky":false,"template":"","format":"standard","meta":{"_mi_skip_tracking":false,"_monsterinsights_sitenote_active":false,"_monsterinsights_sitenote_note":"","_monsterinsights_sitenote_category":0,"site-sidebar-layout":"default","site-content-layout":"default","ast-global-header-display":"","ast-main-header-display":"","ast-hfb-above-header-display":"","ast-hfb-below-header-display":"","ast-hfb-mobile-header-display":"","site-post-title":"","ast-breadcrumbs-content":"","ast-featured-img":"","footer-sml-layout":"","theme-transparent-header-meta":"","adv-header-id-meta":"","stick-header-meta":"","header-above-stick-meta":"","header-main-stick-meta":"","header-below-stick-meta":"","footnotes":"","jetpack_publicize_message":"","jetpack_is_tweetstorm":false,"jetpack_publicize_feature_enabled":true},"categories":[22],"tags":[],"jetpack_publicize_connections":[],"acf":[],"aioseo_notices":[],"yoast_head":"<!-- This site is optimized with the Yoast SEO plugin v19.6.1 - https:\/\/yoast.com\/wordpress\/plugins\/seo\/ -->\n<title>Autonomisation des femmes \u00e0 Odienn\u00e9: Rendez-vous \u00e0 La Terrasse - 7culture<\/title>\n<meta name=\"robots\" content=\"index, follow, max-snippet:-1, max-image-preview:large, max-video-preview:-1\" \/>\n<link rel=\"canonical\" href=\"https:\/\/7culture.ci\/index.php\/2025\/09\/30\/autonomisation-des-femmes-a-odienne-rendez-vous-a-la-terrasse\/\" \/>\n<meta property=\"og:locale\" content=\"fr_FR\" \/>\n<meta property=\"og:type\" content=\"article\" \/>\n<meta property=\"og:title\" content=\"Autonomisation des femmes \u00e0 Odienn\u00e9: Rendez-vous \u00e0 La Terrasse - 7culture\" \/>\n<meta property=\"og:description\" content=\"Vous avez un petit creux et l\u2019envie vous prend de go\u00fbter autre chose que les succulents plats traditionnels d\u2019Odienn\u00e9&nbsp;? Il faut se rendre \u00e0 La Terrasse. C\u2019est un chic glacier o\u00f9 on trouve de la viennoiserie, de la p\u00e2tisserie, une pizz\u00e9ria, du fast-food\u2026 Ce qui est int\u00e9ressant, c\u2019est que l\u2019espace propose des menus avec une &hellip; Autonomisation des femmes \u00e0 Odienn\u00e9: Rendez-vous \u00e0 La Terrasse Lire la suite\u00a0\u00bb\" \/>\n<meta property=\"og:url\" content=\"https:\/\/7culture.ci\/index.php\/2025\/09\/30\/autonomisation-des-femmes-a-odienne-rendez-vous-a-la-terrasse\/\" \/>\n<meta property=\"og:site_name\" content=\"7culture\" \/>\n<meta property=\"article:publisher\" content=\"https:\/\/www.facebook.com\/redchefclaude\" \/>\n<meta property=\"article:published_time\" content=\"2025-09-30T10:53:18+00:00\" \/>\n<meta property=\"article:modified_time\" content=\"2025-09-30T11:52:38+00:00\" \/>\n<meta property=\"og:image\" content=\"http:\/\/7culture.ci\/wp-content\/uploads\/2025\/09\/Terrasse1.png\" \/>\n\t<meta property=\"og:image:width\" content=\"1080\" \/>\n\t<meta property=\"og:image:height\" content=\"720\" \/>\n\t<meta property=\"og:image:type\" content=\"image\/png\" \/>\n<meta name=\"author\" content=\"7culture2020\" \/>\n<meta name=\"twitter:card\" content=\"summary_large_image\" \/>\n<meta name=\"twitter:creator\" content=\"@7culturec\" \/>\n<meta name=\"twitter:site\" content=\"@7culturec\" \/>\n<meta name=\"twitter:label1\" content=\"\u00c9crit par\" \/>\n\t<meta name=\"twitter:data1\" content=\"7culture2020\" \/>\n\t<meta name=\"twitter:label2\" content=\"Dur\u00e9e de lecture estim\u00e9e\" \/>\n\t<meta name=\"twitter:data2\" content=\"1 minute\" \/>\n<script type=\"application\/ld+json\" class=\"yoast-schema-graph\">{\"@context\":\"https:\/\/schema.org\",\"@graph\":[{\"@type\":\"Article\",\"@id\":\"https:\/\/7culture.ci\/index.php\/2025\/09\/30\/autonomisation-des-femmes-a-odienne-rendez-vous-a-la-terrasse\/#article\",\"isPartOf\":{\"@id\":\"https:\/\/7culture.ci\/index.php\/2025\/09\/30\/autonomisation-des-femmes-a-odienne-rendez-vous-a-la-terrasse\/\"},\"author\":{\"name\":\"7culture2020\",\"@id\":\"https:\/\/7culture.ci\/#\/schema\/person\/16150d28d7ef66ba788c1f87f28c4426\"},\"headline\":\"Autonomisation des femmes \u00e0 Odienn\u00e9: Rendez-vous \u00e0 La Terrasse\",\"datePublished\":\"2025-09-30T10:53:18+00:00\",\"dateModified\":\"2025-09-30T11:52:38+00:00\",\"mainEntityOfPage\":{\"@id\":\"https:\/\/7culture.ci\/index.php\/2025\/09\/30\/autonomisation-des-femmes-a-odienne-rendez-vous-a-la-terrasse\/\"},\"wordCount\":180,\"commentCount\":0,\"publisher\":{\"@id\":\"https:\/\/7culture.ci\/#organization\"},\"articleSection\":[\"Actualit\u00e9\"],\"inLanguage\":\"fr-FR\",\"potentialAction\":[{\"@type\":\"CommentAction\",\"name\":\"Comment\",\"target\":[\"https:\/\/7culture.ci\/index.php\/2025\/09\/30\/autonomisation-des-femmes-a-odienne-rendez-vous-a-la-terrasse\/#respond\"]}]},{\"@type\":\"WebPage\",\"@id\":\"https:\/\/7culture.ci\/index.php\/2025\/09\/30\/autonomisation-des-femmes-a-odienne-rendez-vous-a-la-terrasse\/\",\"url\":\"https:\/\/7culture.ci\/index.php\/2025\/09\/30\/autonomisation-des-femmes-a-odienne-rendez-vous-a-la-terrasse\/\",\"name\":\"Autonomisation des femmes \u00e0 Odienn\u00e9: Rendez-vous \u00e0 La Terrasse - 7culture\",\"isPartOf\":{\"@id\":\"https:\/\/7culture.ci\/#website\"},\"datePublished\":\"2025-09-30T10:53:18+00:00\",\"dateModified\":\"2025-09-30T11:52:38+00:00\",\"breadcrumb\":{\"@id\":\"https:\/\/7culture.ci\/index.php\/2025\/09\/30\/autonomisation-des-femmes-a-odienne-rendez-vous-a-la-terrasse\/#breadcrumb\"},\"inLanguage\":\"fr-FR\",\"potentialAction\":[{\"@type\":\"ReadAction\",\"target\":[\"https:\/\/7culture.ci\/index.php\/2025\/09\/30\/autonomisation-des-femmes-a-odienne-rendez-vous-a-la-terrasse\/\"]}]},{\"@type\":\"BreadcrumbList\",\"@id\":\"https:\/\/7culture.ci\/index.php\/2025\/09\/30\/autonomisation-des-femmes-a-odienne-rendez-vous-a-la-terrasse\/#breadcrumb\",\"itemListElement\":[{\"@type\":\"ListItem\",\"position\":1,\"name\":\"Accueil\",\"item\":\"https:\/\/7culture.ci\/\"},{\"@type\":\"ListItem\",\"position\":2,\"name\":\"Autonomisation des femmes \u00e0 Odienn\u00e9: Rendez-vous \u00e0 La Terrasse\"}]},{\"@type\":\"WebSite\",\"@id\":\"https:\/\/7culture.ci\/#website\",\"url\":\"https:\/\/7culture.ci\/\",\"name\":\"7culture\",\"description\":\"Tout sur l&#039;actualit\u00e9\",\"publisher\":{\"@id\":\"https:\/\/7culture.ci\/#organization\"},\"potentialAction\":[{\"@type\":\"SearchAction\",\"target\":{\"@type\":\"EntryPoint\",\"urlTemplate\":\"https:\/\/7culture.ci\/?s={search_term_string}\"},\"query-input\":\"required name=search_term_string\"}],\"inLanguage\":\"fr-FR\"},{\"@type\":\"Organization\",\"@id\":\"https:\/\/7culture.ci\/#organization\",\"name\":\"7culture\",\"url\":\"https:\/\/7culture.ci\/\",\"sameAs\":[\"https:\/\/www.facebook.com\/redchefclaude\",\"https:\/\/twitter.com\/7culturec\"],\"logo\":{\"@type\":\"ImageObject\",\"inLanguage\":\"fr-FR\",\"@id\":\"https:\/\/7culture.ci\/#\/schema\/logo\/image\/\",\"url\":\"https:\/\/7culture.ci\/wp-content\/uploads\/2021\/12\/S1a-1.png\",\"contentUrl\":\"https:\/\/7culture.ci\/wp-content\/uploads\/2021\/12\/S1a-1.png\",\"width\":588,\"height\":192,\"caption\":\"7culture\"},\"image\":{\"@id\":\"https:\/\/7culture.ci\/#\/schema\/logo\/image\/\"}},{\"@type\":\"Person\",\"@id\":\"https:\/\/7culture.ci\/#\/schema\/person\/16150d28d7ef66ba788c1f87f28c4426\",\"name\":\"7culture2020\",\"image\":{\"@type\":\"ImageObject\",\"inLanguage\":\"fr-FR\",\"@id\":\"https:\/\/7culture.ci\/#\/schema\/person\/image\/\",\"url\":\"https:\/\/secure.gravatar.com\/avatar\/9a0784f951306c37bcd065f52844ef95?s=96&d=mm&r=g\",\"contentUrl\":\"https:\/\/secure.gravatar.com\/avatar\/9a0784f951306c37bcd065f52844ef95?s=96&d=mm&r=g\",\"caption\":\"7culture2020\"},\"sameAs\":[\"http:\/\/7culture.ci\",\"Claude.kipre\"],\"url\":\"https:\/\/7culture.ci\/index.php\/author\/7culture2020\/\"}]}<\/script>\n<!-- \/ Yoast SEO plugin. -->","yoast_head_json":{"title":"Autonomisation des femmes \u00e0 Odienn\u00e9: Rendez-vous \u00e0 La Terrasse - 7culture","robots":{"index":"index","follow":"follow","max-snippet":"max-snippet:-1","max-image-preview":"max-image-preview:large","max-video-preview":"max-video-preview:-1"},"canonical":"https:\/\/7culture.ci\/index.php\/2025\/09\/30\/autonomisation-des-femmes-a-odienne-rendez-vous-a-la-terrasse\/","og_locale":"fr_FR","og_type":"article","og_title":"Autonomisation des femmes \u00e0 Odienn\u00e9: Rendez-vous \u00e0 La Terrasse - 7culture","og_description":"Vous avez un petit creux et l\u2019envie vous prend de go\u00fbter autre chose que les succulents plats traditionnels d\u2019Odienn\u00e9&nbsp;? Il faut se rendre \u00e0 La Terrasse. C\u2019est un chic glacier o\u00f9 on trouve de la viennoiserie, de la p\u00e2tisserie, une pizz\u00e9ria, du fast-food\u2026 Ce qui est int\u00e9ressant, c\u2019est que l\u2019espace propose des menus avec une &hellip; Autonomisation des femmes \u00e0 Odienn\u00e9: Rendez-vous \u00e0 La Terrasse Lire la suite\u00a0\u00bb","og_url":"https:\/\/7culture.ci\/index.php\/2025\/09\/30\/autonomisation-des-femmes-a-odienne-rendez-vous-a-la-terrasse\/","og_site_name":"7culture","article_publisher":"https:\/\/www.facebook.com\/redchefclaude","article_published_time":"2025-09-30T10:53:18+00:00","article_modified_time":"2025-09-30T11:52:38+00:00","og_image":[{"width":1080,"height":720,"url":"http:\/\/7culture.ci\/wp-content\/uploads\/2025\/09\/Terrasse1.png","type":"image\/png"}],"author":"7culture2020","twitter_card":"summary_large_image","twitter_creator":"@7culturec","twitter_site":"@7culturec","twitter_misc":{"\u00c9crit par":"7culture2020","Dur\u00e9e de lecture estim\u00e9e":"1 minute"},"schema":{"@context":"https:\/\/schema.org","@graph":[{"@type":"Article","@id":"https:\/\/7culture.ci\/index.php\/2025\/09\/30\/autonomisation-des-femmes-a-odienne-rendez-vous-a-la-terrasse\/#article","isPartOf":{"@id":"https:\/\/7culture.ci\/index.php\/2025\/09\/30\/autonomisation-des-femmes-a-odienne-rendez-vous-a-la-terrasse\/"},"author":{"name":"7culture2020","@id":"https:\/\/7culture.ci\/#\/schema\/person\/16150d28d7ef66ba788c1f87f28c4426"},"headline":"Autonomisation des femmes \u00e0 Odienn\u00e9: Rendez-vous \u00e0 La Terrasse","datePublished":"2025-09-30T10:53:18+00:00","dateModified":"2025-09-30T11:52:38+00:00","mainEntityOfPage":{"@id":"https:\/\/7culture.ci\/index.php\/2025\/09\/30\/autonomisation-des-femmes-a-odienne-rendez-vous-a-la-terrasse\/"},"wordCount":180,"commentCount":0,"publisher":{"@id":"https:\/\/7culture.ci\/#organization"},"articleSection":["Actualit\u00e9"],"inLanguage":"fr-FR","potentialAction":[{"@type":"CommentAction","name":"Comment","target":["https:\/\/7culture.ci\/index.php\/2025\/09\/30\/autonomisation-des-femmes-a-odienne-rendez-vous-a-la-terrasse\/#respond"]}]},{"@type":"WebPage","@id":"https:\/\/7culture.ci\/index.php\/2025\/09\/30\/autonomisation-des-femmes-a-odienne-rendez-vous-a-la-terrasse\/","url":"https:\/\/7culture.ci\/index.php\/2025\/09\/30\/autonomisation-des-femmes-a-odienne-rendez-vous-a-la-terrasse\/","name":"Autonomisation des femmes \u00e0 Odienn\u00e9: Rendez-vous \u00e0 La Terrasse - 7culture","isPartOf":{"@id":"https:\/\/7culture.ci\/#website"},"datePublished":"2025-09-30T10:53:18+00:00","dateModified":"2025-09-30T11:52:38+00:00","breadcrumb":{"@id":"https:\/\/7culture.ci\/index.php\/2025\/09\/30\/autonomisation-des-femmes-a-odienne-rendez-vous-a-la-terrasse\/#breadcrumb"},"inLanguage":"fr-FR","potentialAction":[{"@type":"ReadAction","target":["https:\/\/7culture.ci\/index.php\/2025\/09\/30\/autonomisation-des-femmes-a-odienne-rendez-vous-a-la-terrasse\/"]}]},{"@type":"BreadcrumbList","@id":"https:\/\/7culture.ci\/index.php\/2025\/09\/30\/autonomisation-des-femmes-a-odienne-rendez-vous-a-la-terrasse\/#breadcrumb","itemListElement":[{"@type":"ListItem","position":1,"name":"Accueil","item":"https:\/\/7culture.ci\/"},{"@type":"ListItem","position":2,"name":"Autonomisation des femmes \u00e0 Odienn\u00e9: Rendez-vous \u00e0 La Terrasse"}]},{"@type":"WebSite","@id":"https:\/\/7culture.ci\/#website","url":"https:\/\/7culture.ci\/","name":"7culture","description":"Tout sur l&#039;actualit\u00e9","publisher":{"@id":"https:\/\/7culture.ci\/#organization"},"potentialAction":[{"@type":"SearchAction","target":{"@type":"EntryPoint","urlTemplate":"https:\/\/7culture.ci\/?s={search_term_string}"},"query-input":"required name=search_term_string"}],"inLanguage":"fr-FR"},{"@type":"Organization","@id":"https:\/\/7culture.ci\/#organization","name":"7culture","url":"https:\/\/7culture.ci\/","sameAs":["https:\/\/www.facebook.com\/redchefclaude","https:\/\/twitter.com\/7culturec"],"logo":{"@type":"ImageObject","inLanguage":"fr-FR","@id":"https:\/\/7culture.ci\/#\/schema\/logo\/image\/","url":"https:\/\/7culture.ci\/wp-content\/uploads\/2021\/12\/S1a-1.png","contentUrl":"https:\/\/7culture.ci\/wp-content\/uploads\/2021\/12\/S1a-1.png","width":588,"height":192,"caption":"7culture"},"image":{"@id":"https:\/\/7culture.ci\/#\/schema\/logo\/image\/"}},{"@type":"Person","@id":"https:\/\/7culture.ci\/#\/schema\/person\/16150d28d7ef66ba788c1f87f28c4426","name":"7culture2020","image":{"@type":"ImageObject","inLanguage":"fr-FR","@id":"https:\/\/7culture.ci\/#\/schema\/person\/image\/","url":"https:\/\/secure.gravatar.com\/avatar\/9a0784f951306c37bcd065f52844ef95?s=96&d=mm&r=g","contentUrl":"https:\/\/secure.gravatar.com\/avatar\/9a0784f951306c37bcd065f52844ef95?s=96&d=mm&r=g","caption":"7culture2020"},"sameAs":["http:\/\/7culture.ci","Claude.kipre"],"url":"https:\/\/7culture.ci\/index.php\/author\/7culture2020\/"}]}},"jetpack_featured_media_url":"https:\/\/7culture.ci\/wp-content\/uploads\/2025\/09\/Terrasse1.png","jetpack_likes_enabled":true,"jetpack_sharing_enabled":true,"_links":{"self":[{"href":"https:\/\/7culture.ci\/index.php\/wp-json\/wp\/v2\/posts\/27041"}],"collection":[{"href":"https:\/\/7culture.ci\/index.php\/wp-json\/wp\/v2\/posts"}],"about":[{"href":"https:\/\/7culture.ci\/index.php\/wp-json\/wp\/v2\/types\/post"}],"author":[{"embeddable":true,"href":"https:\/\/7culture.ci\/index.php\/wp-json\/wp\/v2\/users\/1"}],"replies":[{"embeddable":true,"href":"https:\/\/7culture.ci\/index.php\/wp-json\/wp\/v2\/comments?post=27041"}],"version-history":[{"count":1,"href":"https:\/\/7culture.ci\/index.php\/wp-json\/wp\/v2\/posts\/27041\/revisions"}],"predecessor-version":[{"id":27045,"href":"https:\/\/7culture.ci\/index.php\/wp-json\/wp\/v2\/posts\/27041\/revisions\/27045"}],"wp:featuredmedia":[{"embeddable":true,"href":"https:\/\/7culture.ci\/index.php\/wp-json\/wp\/v2\/media\/27043"}],"wp:attachment":[{"href":"https:\/\/7culture.ci\/index.php\/wp-json\/wp\/v2\/media?parent=27041"}],"wp:term":[{"taxonomy":"category","embeddable":true,"href":"https:\/\/7culture.ci\/index.php\/wp-json\/wp\/v2\/categories?post=27041"},{"taxonomy":"post_tag","embeddable":true,"href":"https:\/\/7culture.ci\/index.php\/wp-json\/wp\/v2\/tags?post=27041"}],"curies":[{"name":"wp","href":"https:\/\/api.w.org\/{rel}","templated":true}]}}