{"id":27031,"date":"2025-09-04T12:13:21","date_gmt":"2025-09-04T12:13:21","guid":{"rendered":"https:\/\/7culture.ci\/?p=27031"},"modified":"2025-09-04T14:45:52","modified_gmt":"2025-09-04T14:45:52","slug":"soutenance-de-memoire-fin-de-cycle-infs-alimata-doumbia-obtient-la-mention-tres-bien-plus-les-felicitations-du-jury","status":"publish","type":"post","link":"https:\/\/7culture.ci\/index.php\/2025\/09\/04\/soutenance-de-memoire-fin-de-cycle-infs-alimata-doumbia-obtient-la-mention-tres-bien-plus-les-felicitations-du-jury\/","title":{"rendered":"Soutenance de m\u00e9moire fin de cycle\/Infs : Alimata Doumbia obtient la mention tr\u00e8s bien plus les f\u00e9licitations du jury"},"content":{"rendered":"\n<p>Alimata Doumbia est d\u00e9sormais titulaire d\u2019un dipl\u00f4me en assistant social. Elle a soutenu son m\u00e9moire de fin de cycle le mardi 2 septembre 2025, \u00e0 l\u2019Institut national de formation sociale (INFS) d\u2019Abidjan-Cocody. Le jury, compos\u00e9 de Olivier Lasme (pr\u00e9sident), de Doudou Gomis (assesseur) et de Gustave Anani (directeur) a jug\u00e9 recevable le m\u00e9moire et l&#8217;a unanimement d\u00e9cel\u00e9 la mention &#8220;Tr\u00e8s bien avec les f\u00e9licitations&#8221;.<\/p>\n\n\n\n<p>La recherche d\u2019Alimata Doumbia, intitul\u00e9e \u2018\u2019Communication pour le changement social et comportemental, strat\u00e9gie de lutte contre la malnutrition infantile\u2019\u2019 a relev\u00e9 le r\u00f4le d\u00e9terminant de la communication dans la r\u00e9duction de la malnutrition, la r\u00e9habilitation nutritionnelle et di\u00e9t\u00e9tique et l\u2019adoption d\u2019une alimentation adapt\u00e9e \u00e0 l\u2019\u00e2ge de l\u2019enfant. Elle a \u00e9galement mis en rapport les probl\u00e8mes inh\u00e9rents au milieu institutionnel de fa\u00e7on g\u00e9n\u00e9rale et particuli\u00e8rement, ceux du service social.<\/p>\n\n\n\n<figure class=\"wp-block-image aligncenter size-large is-resized\"><img loading=\"lazy\" decoding=\"async\" width=\"1024\" height=\"768\" src=\"https:\/\/7culture.ci\/wp-content\/uploads\/2025\/09\/AliD2-1024x768.jpg\" alt=\"\" class=\"wp-image-27034\" style=\"width:627px;height:auto\" srcset=\"https:\/\/7culture.ci\/wp-content\/uploads\/2025\/09\/AliD2-1024x768.jpg 1024w, https:\/\/7culture.ci\/wp-content\/uploads\/2025\/09\/AliD2-300x225.jpg 300w, https:\/\/7culture.ci\/wp-content\/uploads\/2025\/09\/AliD2-768x576.jpg 768w, https:\/\/7culture.ci\/wp-content\/uploads\/2025\/09\/AliD2.jpg 1040w\" sizes=\"(max-width: 1024px) 100vw, 1024px\" \/><\/figure>\n\n\n\n<p>Ce m\u00e9moire, selon Alimata Doumbia, avait pour objectif de restaurer l\u2019\u00e9quilibre psychosocial et nutritionnel de l\u2019enfant et de sa famille. La recherche consistait aussi \u00e0 am\u00e9liorer l\u2019\u00e9tat nutritionnel et sanitaire de l\u2019enfant et \u00e0 renforcer la capacit\u00e9 nutritionnelle et di\u00e9t\u00e9tique de la grand-m\u00e8re sur la Nutrition et D\u00e9veloppement de la petite enfance (NDPE).<\/p>\n\n\n\n<p>Ses r\u00e9sultats mettent en lumi\u00e8re des solutions des usagers souffrants de malnutrition en vue d\u2019une intervention efficace et efficiente. \u00ab <em>Le diagnostic \u00e9tant pos\u00e9, la recherche de solutions nous a permis d\u2019axer notre intervention sur la m\u00e9thode d\u2019intervention sociale individualis\u00e9e afin d\u2019aider notre usager Zouzou \u00e0 recouvrir la sant\u00e9, en orientant Gninin vers les structures de prises en charges d\u2019enfant malnutri<\/em> \u00bb, a-t-elle soulign\u00e9.<\/p>\n\n\n\n<p>Cette recherche apporte une contribution originale aux d\u00e9bats sur la prise en charge des personnes d\u00e9munies, en appelant \u00e0 une strat\u00e9gie coordonn\u00e9e, soutenue et durable.<\/p>\n\n\n\n<p>Par E.C<\/p>\n","protected":false},"excerpt":{"rendered":"<p>Alimata Doumbia est d\u00e9sormais titulaire d\u2019un dipl\u00f4me en assistant social. Elle a soutenu son m\u00e9moire de fin de cycle le mardi 2 septembre 2025, \u00e0 l\u2019Institut national de formation sociale (INFS) d\u2019Abidjan-Cocody. Le jury, compos\u00e9 de Olivier Lasme (pr\u00e9sident), de Doudou Gomis (assesseur) et de Gustave Anani (directeur) a jug\u00e9 recevable le m\u00e9moire et l&#8217;a &hellip;<\/p>\n<p class=\"read-more\"> <a class=\"\" href=\"https:\/\/7culture.ci\/index.php\/2025\/09\/04\/soutenance-de-memoire-fin-de-cycle-infs-alimata-doumbia-obtient-la-mention-tres-bien-plus-les-felicitations-du-jury\/\"> <span class=\"screen-reader-text\">Soutenance de m\u00e9moire fin de cycle\/Infs : Alimata Doumbia obtient la mention tr\u00e8s bien plus les f\u00e9licitations du jury<\/span> Lire la suite\u00a0\u00bb<\/a><\/p>\n","protected":false},"author":1,"featured_media":27033,"comment_status":"open","ping_status":"open","sticky":false,"template":"","format":"standard","meta":{"_mi_skip_tracking":false,"_monsterinsights_sitenote_active":false,"_monsterinsights_sitenote_note":"","_monsterinsights_sitenote_category":0,"site-sidebar-layout":"default","site-content-layout":"default","ast-global-header-display":"","ast-main-header-display":"","ast-hfb-above-header-display":"","ast-hfb-below-header-display":"","ast-hfb-mobile-header-display":"","site-post-title":"","ast-breadcrumbs-content":"","ast-featured-img":"","footer-sml-layout":"","theme-transparent-header-meta":"","adv-header-id-meta":"","stick-header-meta":"","header-above-stick-meta":"","header-main-stick-meta":"","header-below-stick-meta":"","footnotes":"","jetpack_publicize_message":"","jetpack_is_tweetstorm":false,"jetpack_publicize_feature_enabled":true},"categories":[22],"tags":[],"jetpack_publicize_connections":[],"acf":[],"aioseo_notices":[],"yoast_head":"<!-- This site is optimized with the Yoast SEO plugin v19.6.1 - https:\/\/yoast.com\/wordpress\/plugins\/seo\/ -->\n<title>Soutenance de m\u00e9moire fin de cycle\/Infs : Alimata Doumbia obtient la mention tr\u00e8s bien plus les f\u00e9licitations du jury - 7culture<\/title>\n<meta name=\"robots\" content=\"index, follow, max-snippet:-1, max-image-preview:large, max-video-preview:-1\" \/>\n<link rel=\"canonical\" href=\"https:\/\/7culture.ci\/index.php\/2025\/09\/04\/soutenance-de-memoire-fin-de-cycle-infs-alimata-doumbia-obtient-la-mention-tres-bien-plus-les-felicitations-du-jury\/\" \/>\n<meta property=\"og:locale\" content=\"fr_FR\" \/>\n<meta property=\"og:type\" content=\"article\" \/>\n<meta property=\"og:title\" content=\"Soutenance de m\u00e9moire fin de cycle\/Infs : Alimata Doumbia obtient la mention tr\u00e8s bien plus les f\u00e9licitations du jury - 7culture\" \/>\n<meta property=\"og:description\" content=\"Alimata Doumbia est d\u00e9sormais titulaire d\u2019un dipl\u00f4me en assistant social. Elle a soutenu son m\u00e9moire de fin de cycle le mardi 2 septembre 2025, \u00e0 l\u2019Institut national de formation sociale (INFS) d\u2019Abidjan-Cocody. Le jury, compos\u00e9 de Olivier Lasme (pr\u00e9sident), de Doudou Gomis (assesseur) et de Gustave Anani (directeur) a jug\u00e9 recevable le m\u00e9moire et l&#8217;a &hellip; Soutenance de m\u00e9moire fin de cycle\/Infs : Alimata Doumbia obtient la mention tr\u00e8s bien plus les f\u00e9licitations du jury Lire la suite\u00a0\u00bb\" \/>\n<meta property=\"og:url\" content=\"https:\/\/7culture.ci\/index.php\/2025\/09\/04\/soutenance-de-memoire-fin-de-cycle-infs-alimata-doumbia-obtient-la-mention-tres-bien-plus-les-felicitations-du-jury\/\" \/>\n<meta property=\"og:site_name\" content=\"7culture\" \/>\n<meta property=\"article:publisher\" content=\"https:\/\/www.facebook.com\/redchefclaude\" \/>\n<meta property=\"article:published_time\" content=\"2025-09-04T12:13:21+00:00\" \/>\n<meta property=\"article:modified_time\" content=\"2025-09-04T14:45:52+00:00\" \/>\n<meta property=\"og:image\" content=\"http:\/\/7culture.ci\/wp-content\/uploads\/2025\/09\/AliD1.jpg\" \/>\n\t<meta property=\"og:image:width\" content=\"1040\" \/>\n\t<meta property=\"og:image:height\" content=\"780\" \/>\n\t<meta property=\"og:image:type\" content=\"image\/jpeg\" \/>\n<meta name=\"author\" content=\"7culture2020\" \/>\n<meta name=\"twitter:card\" content=\"summary_large_image\" \/>\n<meta name=\"twitter:creator\" content=\"@7culturec\" \/>\n<meta name=\"twitter:site\" content=\"@7culturec\" \/>\n<meta name=\"twitter:label1\" content=\"\u00c9crit par\" \/>\n\t<meta name=\"twitter:data1\" content=\"7culture2020\" \/>\n\t<meta name=\"twitter:label2\" content=\"Dur\u00e9e de lecture estim\u00e9e\" \/>\n\t<meta name=\"twitter:data2\" content=\"2 minutes\" \/>\n<script type=\"application\/ld+json\" class=\"yoast-schema-graph\">{\"@context\":\"https:\/\/schema.org\",\"@graph\":[{\"@type\":\"Article\",\"@id\":\"https:\/\/7culture.ci\/index.php\/2025\/09\/04\/soutenance-de-memoire-fin-de-cycle-infs-alimata-doumbia-obtient-la-mention-tres-bien-plus-les-felicitations-du-jury\/#article\",\"isPartOf\":{\"@id\":\"https:\/\/7culture.ci\/index.php\/2025\/09\/04\/soutenance-de-memoire-fin-de-cycle-infs-alimata-doumbia-obtient-la-mention-tres-bien-plus-les-felicitations-du-jury\/\"},\"author\":{\"name\":\"7culture2020\",\"@id\":\"https:\/\/7culture.ci\/#\/schema\/person\/16150d28d7ef66ba788c1f87f28c4426\"},\"headline\":\"Soutenance de m\u00e9moire fin de cycle\/Infs : Alimata Doumbia obtient la mention tr\u00e8s bien plus les f\u00e9licitations du jury\",\"datePublished\":\"2025-09-04T12:13:21+00:00\",\"dateModified\":\"2025-09-04T14:45:52+00:00\",\"mainEntityOfPage\":{\"@id\":\"https:\/\/7culture.ci\/index.php\/2025\/09\/04\/soutenance-de-memoire-fin-de-cycle-infs-alimata-doumbia-obtient-la-mention-tres-bien-plus-les-felicitations-du-jury\/\"},\"wordCount\":343,\"commentCount\":0,\"publisher\":{\"@id\":\"https:\/\/7culture.ci\/#organization\"},\"articleSection\":[\"Actualit\u00e9\"],\"inLanguage\":\"fr-FR\",\"potentialAction\":[{\"@type\":\"CommentAction\",\"name\":\"Comment\",\"target\":[\"https:\/\/7culture.ci\/index.php\/2025\/09\/04\/soutenance-de-memoire-fin-de-cycle-infs-alimata-doumbia-obtient-la-mention-tres-bien-plus-les-felicitations-du-jury\/#respond\"]}]},{\"@type\":\"WebPage\",\"@id\":\"https:\/\/7culture.ci\/index.php\/2025\/09\/04\/soutenance-de-memoire-fin-de-cycle-infs-alimata-doumbia-obtient-la-mention-tres-bien-plus-les-felicitations-du-jury\/\",\"url\":\"https:\/\/7culture.ci\/index.php\/2025\/09\/04\/soutenance-de-memoire-fin-de-cycle-infs-alimata-doumbia-obtient-la-mention-tres-bien-plus-les-felicitations-du-jury\/\",\"name\":\"Soutenance de m\u00e9moire fin de cycle\/Infs : Alimata Doumbia obtient la mention tr\u00e8s bien plus les f\u00e9licitations du jury - 7culture\",\"isPartOf\":{\"@id\":\"https:\/\/7culture.ci\/#website\"},\"datePublished\":\"2025-09-04T12:13:21+00:00\",\"dateModified\":\"2025-09-04T14:45:52+00:00\",\"breadcrumb\":{\"@id\":\"https:\/\/7culture.ci\/index.php\/2025\/09\/04\/soutenance-de-memoire-fin-de-cycle-infs-alimata-doumbia-obtient-la-mention-tres-bien-plus-les-felicitations-du-jury\/#breadcrumb\"},\"inLanguage\":\"fr-FR\",\"potentialAction\":[{\"@type\":\"ReadAction\",\"target\":[\"https:\/\/7culture.ci\/index.php\/2025\/09\/04\/soutenance-de-memoire-fin-de-cycle-infs-alimata-doumbia-obtient-la-mention-tres-bien-plus-les-felicitations-du-jury\/\"]}]},{\"@type\":\"BreadcrumbList\",\"@id\":\"https:\/\/7culture.ci\/index.php\/2025\/09\/04\/soutenance-de-memoire-fin-de-cycle-infs-alimata-doumbia-obtient-la-mention-tres-bien-plus-les-felicitations-du-jury\/#breadcrumb\",\"itemListElement\":[{\"@type\":\"ListItem\",\"position\":1,\"name\":\"Accueil\",\"item\":\"https:\/\/7culture.ci\/\"},{\"@type\":\"ListItem\",\"position\":2,\"name\":\"Soutenance de m\u00e9moire fin de cycle\/Infs : Alimata Doumbia obtient la mention tr\u00e8s bien plus les f\u00e9licitations du jury\"}]},{\"@type\":\"WebSite\",\"@id\":\"https:\/\/7culture.ci\/#website\",\"url\":\"https:\/\/7culture.ci\/\",\"name\":\"7culture\",\"description\":\"Tout sur l&#039;actualit\u00e9\",\"publisher\":{\"@id\":\"https:\/\/7culture.ci\/#organization\"},\"potentialAction\":[{\"@type\":\"SearchAction\",\"target\":{\"@type\":\"EntryPoint\",\"urlTemplate\":\"https:\/\/7culture.ci\/?s={search_term_string}\"},\"query-input\":\"required name=search_term_string\"}],\"inLanguage\":\"fr-FR\"},{\"@type\":\"Organization\",\"@id\":\"https:\/\/7culture.ci\/#organization\",\"name\":\"7culture\",\"url\":\"https:\/\/7culture.ci\/\",\"sameAs\":[\"https:\/\/www.facebook.com\/redchefclaude\",\"https:\/\/twitter.com\/7culturec\"],\"logo\":{\"@type\":\"ImageObject\",\"inLanguage\":\"fr-FR\",\"@id\":\"https:\/\/7culture.ci\/#\/schema\/logo\/image\/\",\"url\":\"https:\/\/7culture.ci\/wp-content\/uploads\/2021\/12\/S1a-1.png\",\"contentUrl\":\"https:\/\/7culture.ci\/wp-content\/uploads\/2021\/12\/S1a-1.png\",\"width\":588,\"height\":192,\"caption\":\"7culture\"},\"image\":{\"@id\":\"https:\/\/7culture.ci\/#\/schema\/logo\/image\/\"}},{\"@type\":\"Person\",\"@id\":\"https:\/\/7culture.ci\/#\/schema\/person\/16150d28d7ef66ba788c1f87f28c4426\",\"name\":\"7culture2020\",\"image\":{\"@type\":\"ImageObject\",\"inLanguage\":\"fr-FR\",\"@id\":\"https:\/\/7culture.ci\/#\/schema\/person\/image\/\",\"url\":\"https:\/\/secure.gravatar.com\/avatar\/9a0784f951306c37bcd065f52844ef95?s=96&d=mm&r=g\",\"contentUrl\":\"https:\/\/secure.gravatar.com\/avatar\/9a0784f951306c37bcd065f52844ef95?s=96&d=mm&r=g\",\"caption\":\"7culture2020\"},\"sameAs\":[\"http:\/\/7culture.ci\",\"Claude.kipre\"],\"url\":\"https:\/\/7culture.ci\/index.php\/author\/7culture2020\/\"}]}<\/script>\n<!-- \/ Yoast SEO plugin. -->","yoast_head_json":{"title":"Soutenance de m\u00e9moire fin de cycle\/Infs : Alimata Doumbia obtient la mention tr\u00e8s bien plus les f\u00e9licitations du jury - 7culture","robots":{"index":"index","follow":"follow","max-snippet":"max-snippet:-1","max-image-preview":"max-image-preview:large","max-video-preview":"max-video-preview:-1"},"canonical":"https:\/\/7culture.ci\/index.php\/2025\/09\/04\/soutenance-de-memoire-fin-de-cycle-infs-alimata-doumbia-obtient-la-mention-tres-bien-plus-les-felicitations-du-jury\/","og_locale":"fr_FR","og_type":"article","og_title":"Soutenance de m\u00e9moire fin de cycle\/Infs : Alimata Doumbia obtient la mention tr\u00e8s bien plus les f\u00e9licitations du jury - 7culture","og_description":"Alimata Doumbia est d\u00e9sormais titulaire d\u2019un dipl\u00f4me en assistant social. Elle a soutenu son m\u00e9moire de fin de cycle le mardi 2 septembre 2025, \u00e0 l\u2019Institut national de formation sociale (INFS) d\u2019Abidjan-Cocody. Le jury, compos\u00e9 de Olivier Lasme (pr\u00e9sident), de Doudou Gomis (assesseur) et de Gustave Anani (directeur) a jug\u00e9 recevable le m\u00e9moire et l&#8217;a &hellip; Soutenance de m\u00e9moire fin de cycle\/Infs : Alimata Doumbia obtient la mention tr\u00e8s bien plus les f\u00e9licitations du jury Lire la suite\u00a0\u00bb","og_url":"https:\/\/7culture.ci\/index.php\/2025\/09\/04\/soutenance-de-memoire-fin-de-cycle-infs-alimata-doumbia-obtient-la-mention-tres-bien-plus-les-felicitations-du-jury\/","og_site_name":"7culture","article_publisher":"https:\/\/www.facebook.com\/redchefclaude","article_published_time":"2025-09-04T12:13:21+00:00","article_modified_time":"2025-09-04T14:45:52+00:00","og_image":[{"width":1040,"height":780,"url":"http:\/\/7culture.ci\/wp-content\/uploads\/2025\/09\/AliD1.jpg","type":"image\/jpeg"}],"author":"7culture2020","twitter_card":"summary_large_image","twitter_creator":"@7culturec","twitter_site":"@7culturec","twitter_misc":{"\u00c9crit par":"7culture2020","Dur\u00e9e de lecture estim\u00e9e":"2 minutes"},"schema":{"@context":"https:\/\/schema.org","@graph":[{"@type":"Article","@id":"https:\/\/7culture.ci\/index.php\/2025\/09\/04\/soutenance-de-memoire-fin-de-cycle-infs-alimata-doumbia-obtient-la-mention-tres-bien-plus-les-felicitations-du-jury\/#article","isPartOf":{"@id":"https:\/\/7culture.ci\/index.php\/2025\/09\/04\/soutenance-de-memoire-fin-de-cycle-infs-alimata-doumbia-obtient-la-mention-tres-bien-plus-les-felicitations-du-jury\/"},"author":{"name":"7culture2020","@id":"https:\/\/7culture.ci\/#\/schema\/person\/16150d28d7ef66ba788c1f87f28c4426"},"headline":"Soutenance de m\u00e9moire fin de cycle\/Infs : Alimata Doumbia obtient la mention tr\u00e8s bien plus les f\u00e9licitations du jury","datePublished":"2025-09-04T12:13:21+00:00","dateModified":"2025-09-04T14:45:52+00:00","mainEntityOfPage":{"@id":"https:\/\/7culture.ci\/index.php\/2025\/09\/04\/soutenance-de-memoire-fin-de-cycle-infs-alimata-doumbia-obtient-la-mention-tres-bien-plus-les-felicitations-du-jury\/"},"wordCount":343,"commentCount":0,"publisher":{"@id":"https:\/\/7culture.ci\/#organization"},"articleSection":["Actualit\u00e9"],"inLanguage":"fr-FR","potentialAction":[{"@type":"CommentAction","name":"Comment","target":["https:\/\/7culture.ci\/index.php\/2025\/09\/04\/soutenance-de-memoire-fin-de-cycle-infs-alimata-doumbia-obtient-la-mention-tres-bien-plus-les-felicitations-du-jury\/#respond"]}]},{"@type":"WebPage","@id":"https:\/\/7culture.ci\/index.php\/2025\/09\/04\/soutenance-de-memoire-fin-de-cycle-infs-alimata-doumbia-obtient-la-mention-tres-bien-plus-les-felicitations-du-jury\/","url":"https:\/\/7culture.ci\/index.php\/2025\/09\/04\/soutenance-de-memoire-fin-de-cycle-infs-alimata-doumbia-obtient-la-mention-tres-bien-plus-les-felicitations-du-jury\/","name":"Soutenance de m\u00e9moire fin de cycle\/Infs : Alimata Doumbia obtient la mention tr\u00e8s bien plus les f\u00e9licitations du jury - 7culture","isPartOf":{"@id":"https:\/\/7culture.ci\/#website"},"datePublished":"2025-09-04T12:13:21+00:00","dateModified":"2025-09-04T14:45:52+00:00","breadcrumb":{"@id":"https:\/\/7culture.ci\/index.php\/2025\/09\/04\/soutenance-de-memoire-fin-de-cycle-infs-alimata-doumbia-obtient-la-mention-tres-bien-plus-les-felicitations-du-jury\/#breadcrumb"},"inLanguage":"fr-FR","potentialAction":[{"@type":"ReadAction","target":["https:\/\/7culture.ci\/index.php\/2025\/09\/04\/soutenance-de-memoire-fin-de-cycle-infs-alimata-doumbia-obtient-la-mention-tres-bien-plus-les-felicitations-du-jury\/"]}]},{"@type":"BreadcrumbList","@id":"https:\/\/7culture.ci\/index.php\/2025\/09\/04\/soutenance-de-memoire-fin-de-cycle-infs-alimata-doumbia-obtient-la-mention-tres-bien-plus-les-felicitations-du-jury\/#breadcrumb","itemListElement":[{"@type":"ListItem","position":1,"name":"Accueil","item":"https:\/\/7culture.ci\/"},{"@type":"ListItem","position":2,"name":"Soutenance de m\u00e9moire fin de cycle\/Infs : Alimata Doumbia obtient la mention tr\u00e8s bien plus les f\u00e9licitations du jury"}]},{"@type":"WebSite","@id":"https:\/\/7culture.ci\/#website","url":"https:\/\/7culture.ci\/","name":"7culture","description":"Tout sur l&#039;actualit\u00e9","publisher":{"@id":"https:\/\/7culture.ci\/#organization"},"potentialAction":[{"@type":"SearchAction","target":{"@type":"EntryPoint","urlTemplate":"https:\/\/7culture.ci\/?s={search_term_string}"},"query-input":"required name=search_term_string"}],"inLanguage":"fr-FR"},{"@type":"Organization","@id":"https:\/\/7culture.ci\/#organization","name":"7culture","url":"https:\/\/7culture.ci\/","sameAs":["https:\/\/www.facebook.com\/redchefclaude","https:\/\/twitter.com\/7culturec"],"logo":{"@type":"ImageObject","inLanguage":"fr-FR","@id":"https:\/\/7culture.ci\/#\/schema\/logo\/image\/","url":"https:\/\/7culture.ci\/wp-content\/uploads\/2021\/12\/S1a-1.png","contentUrl":"https:\/\/7culture.ci\/wp-content\/uploads\/2021\/12\/S1a-1.png","width":588,"height":192,"caption":"7culture"},"image":{"@id":"https:\/\/7culture.ci\/#\/schema\/logo\/image\/"}},{"@type":"Person","@id":"https:\/\/7culture.ci\/#\/schema\/person\/16150d28d7ef66ba788c1f87f28c4426","name":"7culture2020","image":{"@type":"ImageObject","inLanguage":"fr-FR","@id":"https:\/\/7culture.ci\/#\/schema\/person\/image\/","url":"https:\/\/secure.gravatar.com\/avatar\/9a0784f951306c37bcd065f52844ef95?s=96&d=mm&r=g","contentUrl":"https:\/\/secure.gravatar.com\/avatar\/9a0784f951306c37bcd065f52844ef95?s=96&d=mm&r=g","caption":"7culture2020"},"sameAs":["http:\/\/7culture.ci","Claude.kipre"],"url":"https:\/\/7culture.ci\/index.php\/author\/7culture2020\/"}]}},"jetpack_featured_media_url":"https:\/\/7culture.ci\/wp-content\/uploads\/2025\/09\/AliD1.jpg","jetpack_likes_enabled":true,"jetpack_sharing_enabled":true,"_links":{"self":[{"href":"https:\/\/7culture.ci\/index.php\/wp-json\/wp\/v2\/posts\/27031"}],"collection":[{"href":"https:\/\/7culture.ci\/index.php\/wp-json\/wp\/v2\/posts"}],"about":[{"href":"https:\/\/7culture.ci\/index.php\/wp-json\/wp\/v2\/types\/post"}],"author":[{"embeddable":true,"href":"https:\/\/7culture.ci\/index.php\/wp-json\/wp\/v2\/users\/1"}],"replies":[{"embeddable":true,"href":"https:\/\/7culture.ci\/index.php\/wp-json\/wp\/v2\/comments?post=27031"}],"version-history":[{"count":1,"href":"https:\/\/7culture.ci\/index.php\/wp-json\/wp\/v2\/posts\/27031\/revisions"}],"predecessor-version":[{"id":27035,"href":"https:\/\/7culture.ci\/index.php\/wp-json\/wp\/v2\/posts\/27031\/revisions\/27035"}],"wp:featuredmedia":[{"embeddable":true,"href":"https:\/\/7culture.ci\/index.php\/wp-json\/wp\/v2\/media\/27033"}],"wp:attachment":[{"href":"https:\/\/7culture.ci\/index.php\/wp-json\/wp\/v2\/media?parent=27031"}],"wp:term":[{"taxonomy":"category","embeddable":true,"href":"https:\/\/7culture.ci\/index.php\/wp-json\/wp\/v2\/categories?post=27031"},{"taxonomy":"post_tag","embeddable":true,"href":"https:\/\/7culture.ci\/index.php\/wp-json\/wp\/v2\/tags?post=27031"}],"curies":[{"name":"wp","href":"https:\/\/api.w.org\/{rel}","templated":true}]}}