{"id":26984,"date":"2025-08-20T12:28:14","date_gmt":"2025-08-20T12:28:14","guid":{"rendered":"https:\/\/7culture.ci\/?p=26984"},"modified":"2025-08-20T20:58:10","modified_gmt":"2025-08-20T20:58:10","slug":"distinction-patheo-fait-officier-dans-lordre-du-merite-commercial","status":"publish","type":"post","link":"https:\/\/7culture.ci\/index.php\/2025\/08\/20\/distinction-patheo-fait-officier-dans-lordre-du-merite-commercial\/","title":{"rendered":"Distinction\u00a0: Path\u00e9\u2019O fait officier dans l\u2019Ordre du m\u00e9rite commercial"},"content":{"rendered":"\n<p>Elev\u00e9 au rang d\u2019Officier dans l\u2019ordre du m\u00e9rite commercial et industriel le jeudi 31 juillet 2025 au Sofitel Abidjan H\u00f4tel Ivoire, le cr\u00e9ateur Path\u00e9\u2019O a remerci\u00e9 tous ceux et celles qui ont cru en lui depuis le d\u00e9but de sa carri\u00e8re \u00e0 maintenant par t\u00e9l\u00e9phone le dimanche 3 ao\u00fbt 2025. \u00ab&nbsp;<em>Je traduis particuli\u00e8rement ma reconnaissance \u00e0 notre ministre de tutelle, Fran\u00e7oise Remarck qui a pens\u00e9 que ce que nous faisons m\u00e9rite d\u2019\u00eatre salu\u00e9 par nos autorit\u00e9s. C\u2019est une mani\u00e8re de nous dire que ce que nous faisons est utile alors que nous travaillons pour avoir de quoi nous nourrir<\/em>&nbsp;\u00bb, a dit Path\u00e9\u2019O. Il a poursuivi en \u00e9voquant le travail de formation qu\u2019il fait pour les jeunes couturiers et de promotion de la cr\u00e9ativit\u00e9 ivoirienne \u00e0 travers le monde. \u00ab&nbsp;<em>On fait parler du pays \u00e0 travers le monde par nos cr\u00e9ations et nos d\u00e9fil\u00e9s. Souvent, on est tr\u00e8s bien accueilli dans des pays qu\u2019on a l\u2019impression qu\u2019on est oubli\u00e9 dans notre base. Alors que c\u2019est faux. Les gens font attention \u00e0 nous et notre ministre vient de nous donner l\u2019exemple. Tous mes remerciements vont \u00e0 elle et \u00e0 travers elle, le ministre du Commerce et de l\u2019industrie et toutes les autorit\u00e9s ivoiriennes<\/em>&nbsp;\u00bb, a salu\u00e9 l\u2019habilleur des pr\u00e9sidents.<\/p>\n\n\n\n<figure class=\"wp-block-gallery has-nested-images columns-default is-cropped wp-block-gallery-1 is-layout-flex wp-block-gallery-is-layout-flex\">\n<figure class=\"wp-block-image size-large\"><img loading=\"lazy\" decoding=\"async\" width=\"1024\" height=\"683\" data-id=\"26987\" src=\"https:\/\/7culture.ci\/wp-content\/uploads\/2025\/08\/WhatsApp-Image-2025-08-01-at-12.27.57-1-1024x683.jpeg\" alt=\"\" class=\"wp-image-26987\" srcset=\"https:\/\/7culture.ci\/wp-content\/uploads\/2025\/08\/WhatsApp-Image-2025-08-01-at-12.27.57-1-1024x683.jpeg 1024w, https:\/\/7culture.ci\/wp-content\/uploads\/2025\/08\/WhatsApp-Image-2025-08-01-at-12.27.57-1-300x200.jpeg 300w, https:\/\/7culture.ci\/wp-content\/uploads\/2025\/08\/WhatsApp-Image-2025-08-01-at-12.27.57-1-768x512.jpeg 768w, https:\/\/7culture.ci\/wp-content\/uploads\/2025\/08\/WhatsApp-Image-2025-08-01-at-12.27.57-1.jpeg 1080w\" sizes=\"(max-width: 1024px) 100vw, 1024px\" \/><\/figure>\n\n\n\n<figure class=\"wp-block-image size-large\"><img loading=\"lazy\" decoding=\"async\" width=\"1024\" height=\"683\" data-id=\"26988\" src=\"https:\/\/7culture.ci\/wp-content\/uploads\/2025\/08\/WhatsApp-Image-2025-08-01-at-12.27.57-2-1024x683.jpeg\" alt=\"\" class=\"wp-image-26988\" srcset=\"https:\/\/7culture.ci\/wp-content\/uploads\/2025\/08\/WhatsApp-Image-2025-08-01-at-12.27.57-2-1024x683.jpeg 1024w, https:\/\/7culture.ci\/wp-content\/uploads\/2025\/08\/WhatsApp-Image-2025-08-01-at-12.27.57-2-300x200.jpeg 300w, https:\/\/7culture.ci\/wp-content\/uploads\/2025\/08\/WhatsApp-Image-2025-08-01-at-12.27.57-2-768x512.jpeg 768w, https:\/\/7culture.ci\/wp-content\/uploads\/2025\/08\/WhatsApp-Image-2025-08-01-at-12.27.57-2.jpeg 1080w\" sizes=\"(max-width: 1024px) 100vw, 1024px\" \/><\/figure>\n\n\n\n<figure class=\"wp-block-image size-large\"><img loading=\"lazy\" decoding=\"async\" width=\"1024\" height=\"683\" data-id=\"26989\" src=\"https:\/\/7culture.ci\/wp-content\/uploads\/2025\/08\/WhatsApp-Image-2025-08-01-at-12.27.59-1024x683.jpeg\" alt=\"\" class=\"wp-image-26989\" srcset=\"https:\/\/7culture.ci\/wp-content\/uploads\/2025\/08\/WhatsApp-Image-2025-08-01-at-12.27.59-1024x683.jpeg 1024w, https:\/\/7culture.ci\/wp-content\/uploads\/2025\/08\/WhatsApp-Image-2025-08-01-at-12.27.59-300x200.jpeg 300w, https:\/\/7culture.ci\/wp-content\/uploads\/2025\/08\/WhatsApp-Image-2025-08-01-at-12.27.59-768x512.jpeg 768w, https:\/\/7culture.ci\/wp-content\/uploads\/2025\/08\/WhatsApp-Image-2025-08-01-at-12.27.59.jpeg 1080w\" sizes=\"(max-width: 1024px) 100vw, 1024px\" \/><\/figure>\n<\/figure>\n\n\n\n<p>Path\u00e9\u2019O \u00e9tait les 110 personnalit\u00e9s issues du monde \u00e9conomique de la C\u00f4te d&#8217;Ivoire ont \u00e9t\u00e9 d\u00e9cor\u00e9es dans l&#8217;ordre du m\u00e9rite commercial et industriel, le jeudi 31 juillet 2025 \u00e0 la salle des f\u00eates de Sofitel Abidjan H\u00f4tel Ivoire. Le promoteur principal de la Maison de couture Path\u00e9\u2019O, l\u2019un des meilleurs ambassadeurs de la mode africaine, a \u00e9t\u00e9 \u00e9lev\u00e9 au rang d&#8217;Officier dans l&#8217;ordre du m\u00e9rite commercial et industriel de C\u00f4te d&#8217;Ivoire par le ministre du commerce et de l&#8217;industrie, Souleymane Diarrassouba. L\u2019\u00e9l\u00e9vation de celui qu\u2019on appelle affectueusement dans le milieu \u2018\u2019Papa Path\u00e9\u2019\u2019 au nom du pr\u00e9sident de la R\u00e9publique de C\u00f4te d\u2019Ivoire, Alassane Ouattara, s\u2019est faite avec 39 autres personnalit\u00e9s du secteur priv\u00e9 au grade d\u2019officier dans l\u2019ordre du m\u00e9rite commercial et industriel. \u00ab&nbsp;<em>Cette distinction vient saluer et encourager le travail acharn\u00e9 de la Maison Path\u00e9\u2019O au service du d\u00e9veloppement du secteur textile et habillement en C\u00f4te d\u2019Ivoire<\/em>&nbsp;\u00bb, a post\u00e9 l\u2019entreprise de mode sur sa page Facebook et d\u2019ajouter&nbsp;: \u00ab&nbsp;<em>La Maison Pathe\u2019O est reconnaissante de cette marque, qui se veut un coup de boost pour affronter les grands d\u00e9fis du secteur de la mode&nbsp;<\/em>\u00bb.<\/p>\n\n\n\n<figure class=\"wp-block-image aligncenter size-large is-resized\"><img loading=\"lazy\" decoding=\"async\" width=\"576\" height=\"1024\" src=\"https:\/\/7culture.ci\/wp-content\/uploads\/2025\/08\/WhatsApp-Image-2025-08-01-at-12.27.57-576x1024.jpeg\" alt=\"\" class=\"wp-image-26990\" style=\"width:433px;height:auto\" srcset=\"https:\/\/7culture.ci\/wp-content\/uploads\/2025\/08\/WhatsApp-Image-2025-08-01-at-12.27.57-576x1024.jpeg 576w, https:\/\/7culture.ci\/wp-content\/uploads\/2025\/08\/WhatsApp-Image-2025-08-01-at-12.27.57-169x300.jpeg 169w, https:\/\/7culture.ci\/wp-content\/uploads\/2025\/08\/WhatsApp-Image-2025-08-01-at-12.27.57.jpeg 608w\" sizes=\"(max-width: 576px) 100vw, 576px\" \/><\/figure>\n\n\n\n<p>Sur son profil Facebook, Souleymane Diarrassouba s\u2019est r\u00e9joui de l\u2019organisation de cette activit\u00e9 qui permet d\u2019accorder un regard particulier et un soutien permanent \u00e0 la reconnaissance du m\u00e9rite, du savoir-faire, du travail bien fait. \u00ab&nbsp;<em>La cr\u00e9ation de cette distinction honorifique a \u00e9t\u00e9 ressentie comme une n\u00e9cessit\u00e9 dans le cadre de l\u2019incitation des acteurs de l\u2019\u00e9cosyst\u00e8me industriel et commercial \u00e0 davantage d\u2019ardeur au travail, d\u2019ing\u00e9niosit\u00e9, d\u2019inventivit\u00e9 et d\u2019innovation<\/em>&nbsp;\u00bb, a-t-il post\u00e9 et d\u2019adresser ses f\u00e9licitations aux industriels, commer\u00e7ants, femmes du vivrier, artisans, chefs d\u2019entreprises, pour le travail de qualit\u00e9 qu\u2019ils ont abattu durant de longues ann\u00e9es et qui leur vaut d\u2019\u00eatre distingu\u00e9s et honor\u00e9s en pr\u00e9sence de leurs proches. \u00ab&nbsp;<em>Ils sont la preuve vivante que le travail acharn\u00e9, la cr\u00e9ativit\u00e9 et la vision peuvent transformer des d\u00e9fis en opportunit\u00e9s et faire avancer toute une nation<\/em>&nbsp;\u00bb, a relev\u00e9 le ministre du commerce et de l\u2019industrie.<\/p>\n\n\n\n<p><strong>Par D.T<\/strong><\/p>\n","protected":false},"excerpt":{"rendered":"<p>Elev\u00e9 au rang d\u2019Officier dans l\u2019ordre du m\u00e9rite commercial et industriel le jeudi 31 juillet 2025 au Sofitel Abidjan H\u00f4tel Ivoire, le cr\u00e9ateur Path\u00e9\u2019O a remerci\u00e9 tous ceux et celles qui ont cru en lui depuis le d\u00e9but de sa carri\u00e8re \u00e0 maintenant par t\u00e9l\u00e9phone le dimanche 3 ao\u00fbt 2025. \u00ab&nbsp;Je traduis particuli\u00e8rement ma reconnaissance &hellip;<\/p>\n<p class=\"read-more\"> <a class=\"\" href=\"https:\/\/7culture.ci\/index.php\/2025\/08\/20\/distinction-patheo-fait-officier-dans-lordre-du-merite-commercial\/\"> <span class=\"screen-reader-text\">Distinction\u00a0: Path\u00e9\u2019O fait officier dans l\u2019Ordre du m\u00e9rite commercial<\/span> Lire la suite\u00a0\u00bb<\/a><\/p>\n","protected":false},"author":1,"featured_media":26986,"comment_status":"open","ping_status":"open","sticky":false,"template":"","format":"standard","meta":{"_mi_skip_tracking":false,"_monsterinsights_sitenote_active":false,"_monsterinsights_sitenote_note":"","_monsterinsights_sitenote_category":0,"site-sidebar-layout":"default","site-content-layout":"default","ast-global-header-display":"","ast-main-header-display":"","ast-hfb-above-header-display":"","ast-hfb-below-header-display":"","ast-hfb-mobile-header-display":"","site-post-title":"","ast-breadcrumbs-content":"","ast-featured-img":"","footer-sml-layout":"","theme-transparent-header-meta":"","adv-header-id-meta":"","stick-header-meta":"","header-above-stick-meta":"","header-main-stick-meta":"","header-below-stick-meta":"","footnotes":"","jetpack_publicize_message":"","jetpack_is_tweetstorm":false,"jetpack_publicize_feature_enabled":true},"categories":[89],"tags":[],"jetpack_publicize_connections":[],"acf":[],"aioseo_notices":[],"yoast_head":"<!-- This site is optimized with the Yoast SEO plugin v19.6.1 - https:\/\/yoast.com\/wordpress\/plugins\/seo\/ -->\n<title>Distinction\u00a0: Path\u00e9\u2019O fait officier dans l\u2019Ordre du m\u00e9rite commercial - 7culture<\/title>\n<meta name=\"robots\" content=\"index, follow, max-snippet:-1, max-image-preview:large, max-video-preview:-1\" \/>\n<link rel=\"canonical\" href=\"https:\/\/7culture.ci\/index.php\/2025\/08\/20\/distinction-patheo-fait-officier-dans-lordre-du-merite-commercial\/\" \/>\n<meta property=\"og:locale\" content=\"fr_FR\" \/>\n<meta property=\"og:type\" content=\"article\" \/>\n<meta property=\"og:title\" content=\"Distinction\u00a0: Path\u00e9\u2019O fait officier dans l\u2019Ordre du m\u00e9rite commercial - 7culture\" \/>\n<meta property=\"og:description\" content=\"Elev\u00e9 au rang d\u2019Officier dans l\u2019ordre du m\u00e9rite commercial et industriel le jeudi 31 juillet 2025 au Sofitel Abidjan H\u00f4tel Ivoire, le cr\u00e9ateur Path\u00e9\u2019O a remerci\u00e9 tous ceux et celles qui ont cru en lui depuis le d\u00e9but de sa carri\u00e8re \u00e0 maintenant par t\u00e9l\u00e9phone le dimanche 3 ao\u00fbt 2025. \u00ab&nbsp;Je traduis particuli\u00e8rement ma reconnaissance &hellip; Distinction\u00a0: Path\u00e9\u2019O fait officier dans l\u2019Ordre du m\u00e9rite commercial Lire la suite\u00a0\u00bb\" \/>\n<meta property=\"og:url\" content=\"https:\/\/7culture.ci\/index.php\/2025\/08\/20\/distinction-patheo-fait-officier-dans-lordre-du-merite-commercial\/\" \/>\n<meta property=\"og:site_name\" content=\"7culture\" \/>\n<meta property=\"article:publisher\" content=\"https:\/\/www.facebook.com\/redchefclaude\" \/>\n<meta property=\"article:published_time\" content=\"2025-08-20T12:28:14+00:00\" \/>\n<meta property=\"article:modified_time\" content=\"2025-08-20T20:58:10+00:00\" \/>\n<meta property=\"og:image\" content=\"http:\/\/7culture.ci\/wp-content\/uploads\/2025\/08\/WhatsApp-Image-2025-08-01-at-12.27.59-1.jpeg\" \/>\n\t<meta property=\"og:image:width\" content=\"1080\" \/>\n\t<meta property=\"og:image:height\" content=\"720\" \/>\n\t<meta property=\"og:image:type\" content=\"image\/jpeg\" \/>\n<meta name=\"author\" content=\"7culture2020\" \/>\n<meta name=\"twitter:card\" content=\"summary_large_image\" \/>\n<meta name=\"twitter:creator\" content=\"@7culturec\" \/>\n<meta name=\"twitter:site\" content=\"@7culturec\" \/>\n<meta name=\"twitter:label1\" content=\"\u00c9crit par\" \/>\n\t<meta name=\"twitter:data1\" content=\"7culture2020\" \/>\n\t<meta name=\"twitter:label2\" content=\"Dur\u00e9e de lecture estim\u00e9e\" \/>\n\t<meta name=\"twitter:data2\" content=\"3 minutes\" \/>\n<script type=\"application\/ld+json\" class=\"yoast-schema-graph\">{\"@context\":\"https:\/\/schema.org\",\"@graph\":[{\"@type\":\"Article\",\"@id\":\"https:\/\/7culture.ci\/index.php\/2025\/08\/20\/distinction-patheo-fait-officier-dans-lordre-du-merite-commercial\/#article\",\"isPartOf\":{\"@id\":\"https:\/\/7culture.ci\/index.php\/2025\/08\/20\/distinction-patheo-fait-officier-dans-lordre-du-merite-commercial\/\"},\"author\":{\"name\":\"7culture2020\",\"@id\":\"https:\/\/7culture.ci\/#\/schema\/person\/16150d28d7ef66ba788c1f87f28c4426\"},\"headline\":\"Distinction\u00a0: Path\u00e9\u2019O fait officier dans l\u2019Ordre du m\u00e9rite commercial\",\"datePublished\":\"2025-08-20T12:28:14+00:00\",\"dateModified\":\"2025-08-20T20:58:10+00:00\",\"mainEntityOfPage\":{\"@id\":\"https:\/\/7culture.ci\/index.php\/2025\/08\/20\/distinction-patheo-fait-officier-dans-lordre-du-merite-commercial\/\"},\"wordCount\":637,\"commentCount\":0,\"publisher\":{\"@id\":\"https:\/\/7culture.ci\/#organization\"},\"articleSection\":[\"Accessories\"],\"inLanguage\":\"fr-FR\",\"potentialAction\":[{\"@type\":\"CommentAction\",\"name\":\"Comment\",\"target\":[\"https:\/\/7culture.ci\/index.php\/2025\/08\/20\/distinction-patheo-fait-officier-dans-lordre-du-merite-commercial\/#respond\"]}]},{\"@type\":\"WebPage\",\"@id\":\"https:\/\/7culture.ci\/index.php\/2025\/08\/20\/distinction-patheo-fait-officier-dans-lordre-du-merite-commercial\/\",\"url\":\"https:\/\/7culture.ci\/index.php\/2025\/08\/20\/distinction-patheo-fait-officier-dans-lordre-du-merite-commercial\/\",\"name\":\"Distinction\u00a0: Path\u00e9\u2019O fait officier dans l\u2019Ordre du m\u00e9rite commercial - 7culture\",\"isPartOf\":{\"@id\":\"https:\/\/7culture.ci\/#website\"},\"datePublished\":\"2025-08-20T12:28:14+00:00\",\"dateModified\":\"2025-08-20T20:58:10+00:00\",\"breadcrumb\":{\"@id\":\"https:\/\/7culture.ci\/index.php\/2025\/08\/20\/distinction-patheo-fait-officier-dans-lordre-du-merite-commercial\/#breadcrumb\"},\"inLanguage\":\"fr-FR\",\"potentialAction\":[{\"@type\":\"ReadAction\",\"target\":[\"https:\/\/7culture.ci\/index.php\/2025\/08\/20\/distinction-patheo-fait-officier-dans-lordre-du-merite-commercial\/\"]}]},{\"@type\":\"BreadcrumbList\",\"@id\":\"https:\/\/7culture.ci\/index.php\/2025\/08\/20\/distinction-patheo-fait-officier-dans-lordre-du-merite-commercial\/#breadcrumb\",\"itemListElement\":[{\"@type\":\"ListItem\",\"position\":1,\"name\":\"Accueil\",\"item\":\"https:\/\/7culture.ci\/\"},{\"@type\":\"ListItem\",\"position\":2,\"name\":\"Distinction\u00a0: Path\u00e9\u2019O fait officier dans l\u2019Ordre du m\u00e9rite commercial\"}]},{\"@type\":\"WebSite\",\"@id\":\"https:\/\/7culture.ci\/#website\",\"url\":\"https:\/\/7culture.ci\/\",\"name\":\"7culture\",\"description\":\"Tout sur l&#039;actualit\u00e9\",\"publisher\":{\"@id\":\"https:\/\/7culture.ci\/#organization\"},\"potentialAction\":[{\"@type\":\"SearchAction\",\"target\":{\"@type\":\"EntryPoint\",\"urlTemplate\":\"https:\/\/7culture.ci\/?s={search_term_string}\"},\"query-input\":\"required name=search_term_string\"}],\"inLanguage\":\"fr-FR\"},{\"@type\":\"Organization\",\"@id\":\"https:\/\/7culture.ci\/#organization\",\"name\":\"7culture\",\"url\":\"https:\/\/7culture.ci\/\",\"sameAs\":[\"https:\/\/www.facebook.com\/redchefclaude\",\"https:\/\/twitter.com\/7culturec\"],\"logo\":{\"@type\":\"ImageObject\",\"inLanguage\":\"fr-FR\",\"@id\":\"https:\/\/7culture.ci\/#\/schema\/logo\/image\/\",\"url\":\"https:\/\/7culture.ci\/wp-content\/uploads\/2021\/12\/S1a-1.png\",\"contentUrl\":\"https:\/\/7culture.ci\/wp-content\/uploads\/2021\/12\/S1a-1.png\",\"width\":588,\"height\":192,\"caption\":\"7culture\"},\"image\":{\"@id\":\"https:\/\/7culture.ci\/#\/schema\/logo\/image\/\"}},{\"@type\":\"Person\",\"@id\":\"https:\/\/7culture.ci\/#\/schema\/person\/16150d28d7ef66ba788c1f87f28c4426\",\"name\":\"7culture2020\",\"image\":{\"@type\":\"ImageObject\",\"inLanguage\":\"fr-FR\",\"@id\":\"https:\/\/7culture.ci\/#\/schema\/person\/image\/\",\"url\":\"https:\/\/secure.gravatar.com\/avatar\/9a0784f951306c37bcd065f52844ef95?s=96&d=mm&r=g\",\"contentUrl\":\"https:\/\/secure.gravatar.com\/avatar\/9a0784f951306c37bcd065f52844ef95?s=96&d=mm&r=g\",\"caption\":\"7culture2020\"},\"sameAs\":[\"http:\/\/7culture.ci\",\"Claude.kipre\"],\"url\":\"https:\/\/7culture.ci\/index.php\/author\/7culture2020\/\"}]}<\/script>\n<!-- \/ Yoast SEO plugin. -->","yoast_head_json":{"title":"Distinction\u00a0: Path\u00e9\u2019O fait officier dans l\u2019Ordre du m\u00e9rite commercial - 7culture","robots":{"index":"index","follow":"follow","max-snippet":"max-snippet:-1","max-image-preview":"max-image-preview:large","max-video-preview":"max-video-preview:-1"},"canonical":"https:\/\/7culture.ci\/index.php\/2025\/08\/20\/distinction-patheo-fait-officier-dans-lordre-du-merite-commercial\/","og_locale":"fr_FR","og_type":"article","og_title":"Distinction\u00a0: Path\u00e9\u2019O fait officier dans l\u2019Ordre du m\u00e9rite commercial - 7culture","og_description":"Elev\u00e9 au rang d\u2019Officier dans l\u2019ordre du m\u00e9rite commercial et industriel le jeudi 31 juillet 2025 au Sofitel Abidjan H\u00f4tel Ivoire, le cr\u00e9ateur Path\u00e9\u2019O a remerci\u00e9 tous ceux et celles qui ont cru en lui depuis le d\u00e9but de sa carri\u00e8re \u00e0 maintenant par t\u00e9l\u00e9phone le dimanche 3 ao\u00fbt 2025. \u00ab&nbsp;Je traduis particuli\u00e8rement ma reconnaissance &hellip; Distinction\u00a0: Path\u00e9\u2019O fait officier dans l\u2019Ordre du m\u00e9rite commercial Lire la suite\u00a0\u00bb","og_url":"https:\/\/7culture.ci\/index.php\/2025\/08\/20\/distinction-patheo-fait-officier-dans-lordre-du-merite-commercial\/","og_site_name":"7culture","article_publisher":"https:\/\/www.facebook.com\/redchefclaude","article_published_time":"2025-08-20T12:28:14+00:00","article_modified_time":"2025-08-20T20:58:10+00:00","og_image":[{"width":1080,"height":720,"url":"http:\/\/7culture.ci\/wp-content\/uploads\/2025\/08\/WhatsApp-Image-2025-08-01-at-12.27.59-1.jpeg","type":"image\/jpeg"}],"author":"7culture2020","twitter_card":"summary_large_image","twitter_creator":"@7culturec","twitter_site":"@7culturec","twitter_misc":{"\u00c9crit par":"7culture2020","Dur\u00e9e de lecture estim\u00e9e":"3 minutes"},"schema":{"@context":"https:\/\/schema.org","@graph":[{"@type":"Article","@id":"https:\/\/7culture.ci\/index.php\/2025\/08\/20\/distinction-patheo-fait-officier-dans-lordre-du-merite-commercial\/#article","isPartOf":{"@id":"https:\/\/7culture.ci\/index.php\/2025\/08\/20\/distinction-patheo-fait-officier-dans-lordre-du-merite-commercial\/"},"author":{"name":"7culture2020","@id":"https:\/\/7culture.ci\/#\/schema\/person\/16150d28d7ef66ba788c1f87f28c4426"},"headline":"Distinction\u00a0: Path\u00e9\u2019O fait officier dans l\u2019Ordre du m\u00e9rite commercial","datePublished":"2025-08-20T12:28:14+00:00","dateModified":"2025-08-20T20:58:10+00:00","mainEntityOfPage":{"@id":"https:\/\/7culture.ci\/index.php\/2025\/08\/20\/distinction-patheo-fait-officier-dans-lordre-du-merite-commercial\/"},"wordCount":637,"commentCount":0,"publisher":{"@id":"https:\/\/7culture.ci\/#organization"},"articleSection":["Accessories"],"inLanguage":"fr-FR","potentialAction":[{"@type":"CommentAction","name":"Comment","target":["https:\/\/7culture.ci\/index.php\/2025\/08\/20\/distinction-patheo-fait-officier-dans-lordre-du-merite-commercial\/#respond"]}]},{"@type":"WebPage","@id":"https:\/\/7culture.ci\/index.php\/2025\/08\/20\/distinction-patheo-fait-officier-dans-lordre-du-merite-commercial\/","url":"https:\/\/7culture.ci\/index.php\/2025\/08\/20\/distinction-patheo-fait-officier-dans-lordre-du-merite-commercial\/","name":"Distinction\u00a0: Path\u00e9\u2019O fait officier dans l\u2019Ordre du m\u00e9rite commercial - 7culture","isPartOf":{"@id":"https:\/\/7culture.ci\/#website"},"datePublished":"2025-08-20T12:28:14+00:00","dateModified":"2025-08-20T20:58:10+00:00","breadcrumb":{"@id":"https:\/\/7culture.ci\/index.php\/2025\/08\/20\/distinction-patheo-fait-officier-dans-lordre-du-merite-commercial\/#breadcrumb"},"inLanguage":"fr-FR","potentialAction":[{"@type":"ReadAction","target":["https:\/\/7culture.ci\/index.php\/2025\/08\/20\/distinction-patheo-fait-officier-dans-lordre-du-merite-commercial\/"]}]},{"@type":"BreadcrumbList","@id":"https:\/\/7culture.ci\/index.php\/2025\/08\/20\/distinction-patheo-fait-officier-dans-lordre-du-merite-commercial\/#breadcrumb","itemListElement":[{"@type":"ListItem","position":1,"name":"Accueil","item":"https:\/\/7culture.ci\/"},{"@type":"ListItem","position":2,"name":"Distinction\u00a0: Path\u00e9\u2019O fait officier dans l\u2019Ordre du m\u00e9rite commercial"}]},{"@type":"WebSite","@id":"https:\/\/7culture.ci\/#website","url":"https:\/\/7culture.ci\/","name":"7culture","description":"Tout sur l&#039;actualit\u00e9","publisher":{"@id":"https:\/\/7culture.ci\/#organization"},"potentialAction":[{"@type":"SearchAction","target":{"@type":"EntryPoint","urlTemplate":"https:\/\/7culture.ci\/?s={search_term_string}"},"query-input":"required name=search_term_string"}],"inLanguage":"fr-FR"},{"@type":"Organization","@id":"https:\/\/7culture.ci\/#organization","name":"7culture","url":"https:\/\/7culture.ci\/","sameAs":["https:\/\/www.facebook.com\/redchefclaude","https:\/\/twitter.com\/7culturec"],"logo":{"@type":"ImageObject","inLanguage":"fr-FR","@id":"https:\/\/7culture.ci\/#\/schema\/logo\/image\/","url":"https:\/\/7culture.ci\/wp-content\/uploads\/2021\/12\/S1a-1.png","contentUrl":"https:\/\/7culture.ci\/wp-content\/uploads\/2021\/12\/S1a-1.png","width":588,"height":192,"caption":"7culture"},"image":{"@id":"https:\/\/7culture.ci\/#\/schema\/logo\/image\/"}},{"@type":"Person","@id":"https:\/\/7culture.ci\/#\/schema\/person\/16150d28d7ef66ba788c1f87f28c4426","name":"7culture2020","image":{"@type":"ImageObject","inLanguage":"fr-FR","@id":"https:\/\/7culture.ci\/#\/schema\/person\/image\/","url":"https:\/\/secure.gravatar.com\/avatar\/9a0784f951306c37bcd065f52844ef95?s=96&d=mm&r=g","contentUrl":"https:\/\/secure.gravatar.com\/avatar\/9a0784f951306c37bcd065f52844ef95?s=96&d=mm&r=g","caption":"7culture2020"},"sameAs":["http:\/\/7culture.ci","Claude.kipre"],"url":"https:\/\/7culture.ci\/index.php\/author\/7culture2020\/"}]}},"jetpack_featured_media_url":"https:\/\/7culture.ci\/wp-content\/uploads\/2025\/08\/WhatsApp-Image-2025-08-01-at-12.27.59-1.jpeg","jetpack_likes_enabled":true,"jetpack_sharing_enabled":true,"_links":{"self":[{"href":"https:\/\/7culture.ci\/index.php\/wp-json\/wp\/v2\/posts\/26984"}],"collection":[{"href":"https:\/\/7culture.ci\/index.php\/wp-json\/wp\/v2\/posts"}],"about":[{"href":"https:\/\/7culture.ci\/index.php\/wp-json\/wp\/v2\/types\/post"}],"author":[{"embeddable":true,"href":"https:\/\/7culture.ci\/index.php\/wp-json\/wp\/v2\/users\/1"}],"replies":[{"embeddable":true,"href":"https:\/\/7culture.ci\/index.php\/wp-json\/wp\/v2\/comments?post=26984"}],"version-history":[{"count":1,"href":"https:\/\/7culture.ci\/index.php\/wp-json\/wp\/v2\/posts\/26984\/revisions"}],"predecessor-version":[{"id":26991,"href":"https:\/\/7culture.ci\/index.php\/wp-json\/wp\/v2\/posts\/26984\/revisions\/26991"}],"wp:featuredmedia":[{"embeddable":true,"href":"https:\/\/7culture.ci\/index.php\/wp-json\/wp\/v2\/media\/26986"}],"wp:attachment":[{"href":"https:\/\/7culture.ci\/index.php\/wp-json\/wp\/v2\/media?parent=26984"}],"wp:term":[{"taxonomy":"category","embeddable":true,"href":"https:\/\/7culture.ci\/index.php\/wp-json\/wp\/v2\/categories?post=26984"},{"taxonomy":"post_tag","embeddable":true,"href":"https:\/\/7culture.ci\/index.php\/wp-json\/wp\/v2\/tags?post=26984"}],"curies":[{"name":"wp","href":"https:\/\/api.w.org\/{rel}","templated":true}]}}