{"id":26971,"date":"2025-08-20T11:11:29","date_gmt":"2025-08-20T11:11:29","guid":{"rendered":"https:\/\/7culture.ci\/?p=26971"},"modified":"2025-08-20T12:29:26","modified_gmt":"2025-08-20T12:29:26","slug":"entreprenariat-et-bienfaisance-long-lame-afrique-soutient-ridissi-pour-lautonomisation-des-femmes","status":"publish","type":"post","link":"https:\/\/7culture.ci\/index.php\/2025\/08\/20\/entreprenariat-et-bienfaisance-long-lame-afrique-soutient-ridissi-pour-lautonomisation-des-femmes\/","title":{"rendered":"Entreprenariat et bienfaisance\u00a0: L\u2019Ong Lame Afrique soutient Ridissi pour l\u2019autonomisation des femmes"},"content":{"rendered":"\n<p>Toujours engag\u00e9e pour le bonheur des femmes, Mariame Diaby, pr\u00e9sidente de l\u2019Ong Lame Afrique, n\u2019a pas h\u00e9sit\u00e9 \u00e0 apporter son concours \u00e0 la c\u00e9r\u00e9monie de d\u00e9gustation du riz local Ridissi organis\u00e9e le vendredi 15 ao\u00fbt 2025 au Palais d&#8217;Alya d\u2019Abidjan-Cocody-Djorogobit\u00e9. \u00ab <em>On remercie l&#8217;Ong Lame Afrique qui se bat pour l&#8217;autonomisation de la femme. Et comme Ridissi m\u00e8ne \u00e9galement le m\u00eame combat, nous avons choisi Mme Diaby pour parrainer notre \u00e9v\u00e8nement. Nous tenons \u00e0 dire merci \u00e0 la pr\u00e9sidente fondatrice de l&#8217;Ong Lame Afrique et Pr\u00e9sidente directrice g\u00e9n\u00e9rale (Pdg) de Ayuf Holding<\/em> \u00bb, a salu\u00e9 Rock Gueu Tia dit St\u00e9phane Sucr\u00e9 de son surnom Pdg et g\u00e9rant de Ridissi et d\u2019ajouter : \u00ab <em>Mme la pr\u00e9sidente nous a beaucoup soutenus pour cette initiative et elle n&#8217;a pas h\u00e9sit\u00e9 \u00e0 \u00eatre la marraine de cet \u00e9v\u00e8nement. Sans elle, on n&#8217;allait r\u00e9ussir \u00e0 r\u00e9unir tout ce tas de monde <\/em>\u00bb.<\/p>\n\n\n\n<figure class=\"wp-block-gallery has-nested-images columns-default is-cropped wp-block-gallery-1 is-layout-flex wp-block-gallery-is-layout-flex\">\n<figure class=\"wp-block-image size-large\"><img loading=\"lazy\" decoding=\"async\" width=\"1024\" height=\"683\" data-id=\"26974\" src=\"https:\/\/7culture.ci\/wp-content\/uploads\/2025\/08\/WhatsApp-Image-2025-08-18-at-18.40.13-1024x683.jpeg\" alt=\"\" class=\"wp-image-26974\" srcset=\"https:\/\/7culture.ci\/wp-content\/uploads\/2025\/08\/WhatsApp-Image-2025-08-18-at-18.40.13-1024x683.jpeg 1024w, https:\/\/7culture.ci\/wp-content\/uploads\/2025\/08\/WhatsApp-Image-2025-08-18-at-18.40.13-300x200.jpeg 300w, https:\/\/7culture.ci\/wp-content\/uploads\/2025\/08\/WhatsApp-Image-2025-08-18-at-18.40.13-768x512.jpeg 768w, https:\/\/7culture.ci\/wp-content\/uploads\/2025\/08\/WhatsApp-Image-2025-08-18-at-18.40.13.jpeg 1080w\" sizes=\"(max-width: 1024px) 100vw, 1024px\" \/><\/figure>\n\n\n\n<figure class=\"wp-block-image size-large\"><img loading=\"lazy\" decoding=\"async\" width=\"1024\" height=\"683\" data-id=\"26975\" src=\"https:\/\/7culture.ci\/wp-content\/uploads\/2025\/08\/WhatsApp-Image-2025-08-18-at-18.40.17-1-1024x683.jpeg\" alt=\"\" class=\"wp-image-26975\" srcset=\"https:\/\/7culture.ci\/wp-content\/uploads\/2025\/08\/WhatsApp-Image-2025-08-18-at-18.40.17-1-1024x683.jpeg 1024w, https:\/\/7culture.ci\/wp-content\/uploads\/2025\/08\/WhatsApp-Image-2025-08-18-at-18.40.17-1-300x200.jpeg 300w, https:\/\/7culture.ci\/wp-content\/uploads\/2025\/08\/WhatsApp-Image-2025-08-18-at-18.40.17-1-768x512.jpeg 768w, https:\/\/7culture.ci\/wp-content\/uploads\/2025\/08\/WhatsApp-Image-2025-08-18-at-18.40.17-1.jpeg 1080w\" sizes=\"(max-width: 1024px) 100vw, 1024px\" \/><\/figure>\n\n\n\n<figure class=\"wp-block-image size-large\"><img loading=\"lazy\" decoding=\"async\" width=\"1024\" height=\"683\" data-id=\"26976\" src=\"https:\/\/7culture.ci\/wp-content\/uploads\/2025\/08\/WhatsApp-Image-2025-08-18-at-18.40.23-1-1024x683.jpeg\" alt=\"\" class=\"wp-image-26976\" srcset=\"https:\/\/7culture.ci\/wp-content\/uploads\/2025\/08\/WhatsApp-Image-2025-08-18-at-18.40.23-1-1024x683.jpeg 1024w, https:\/\/7culture.ci\/wp-content\/uploads\/2025\/08\/WhatsApp-Image-2025-08-18-at-18.40.23-1-300x200.jpeg 300w, https:\/\/7culture.ci\/wp-content\/uploads\/2025\/08\/WhatsApp-Image-2025-08-18-at-18.40.23-1-768x512.jpeg 768w, https:\/\/7culture.ci\/wp-content\/uploads\/2025\/08\/WhatsApp-Image-2025-08-18-at-18.40.23-1.jpeg 1080w\" sizes=\"(max-width: 1024px) 100vw, 1024px\" \/><\/figure>\n<\/figure>\n\n\n\n<p>Baptis\u00e9e Ridissi Village, l\u2019activit\u00e9 \u00e9tait est une journ\u00e9e de d\u00e9gustation de cette vari\u00e9t\u00e9 de riz ivoirien. Elle consistait \u00e0 faire la promotion de cette c\u00e9r\u00e9ale produite en C\u00f4te d&#8217;Ivoire. \u00ab <em>Le riz s&#8217;appelle Ridissi, un acronyme de riz d&#8217;ici. C&#8217;est un riz produit par les Ivoiriens et pour les Ivoiriens<\/em> \u00bb, a expliqu\u00e9 le Pdg Tia. Il est produit, transform\u00e9 et distribu\u00e9 par la soci\u00e9t\u00e9 Mouv-Agri Holding. Derri\u00e8re la promotion de ce riz local, l&#8217;\u00e9v\u00e9nement a mis en lumi\u00e8re les femmes qui sont dans la cha\u00eene de production. \u00ab <em>Car de la production \u00e0 la consommation en passant la transformation, nous collaborons avec plusieurs femmes qui sont dans une association du nom de Femme glorieuse qui est l\u2019une des filiales de Mouv-Agri Holding g\u00e9r\u00e9e par sa directrice g\u00e9n\u00e9rale, Aminata Sanogo<\/em> \u00bb, a relev\u00e9 le g\u00e9rant de la marque d\u2019aliments et d\u2019indiquer : \u00ab <em>Nous luttons pour l&#8217;autonomisation des femmes qui accompagnent tout ce travail<\/em> \u00bb.<\/p>\n\n\n\n<figure class=\"wp-block-gallery has-nested-images columns-default is-cropped wp-block-gallery-2 is-layout-flex wp-block-gallery-is-layout-flex\">\n<figure class=\"wp-block-image size-large\"><img loading=\"lazy\" decoding=\"async\" width=\"1024\" height=\"683\" data-id=\"26978\" src=\"https:\/\/7culture.ci\/wp-content\/uploads\/2025\/08\/WhatsApp-Image-2025-08-18-at-18.40.14-1024x683.jpeg\" alt=\"\" class=\"wp-image-26978\" srcset=\"https:\/\/7culture.ci\/wp-content\/uploads\/2025\/08\/WhatsApp-Image-2025-08-18-at-18.40.14-1024x683.jpeg 1024w, https:\/\/7culture.ci\/wp-content\/uploads\/2025\/08\/WhatsApp-Image-2025-08-18-at-18.40.14-300x200.jpeg 300w, https:\/\/7culture.ci\/wp-content\/uploads\/2025\/08\/WhatsApp-Image-2025-08-18-at-18.40.14-768x512.jpeg 768w, https:\/\/7culture.ci\/wp-content\/uploads\/2025\/08\/WhatsApp-Image-2025-08-18-at-18.40.14.jpeg 1080w\" sizes=\"(max-width: 1024px) 100vw, 1024px\" \/><\/figure>\n\n\n\n<figure class=\"wp-block-image size-large\"><img loading=\"lazy\" decoding=\"async\" width=\"1024\" height=\"683\" data-id=\"26977\" src=\"https:\/\/7culture.ci\/wp-content\/uploads\/2025\/08\/WhatsApp-Image-2025-08-18-at-18.40.20-1024x683.jpeg\" alt=\"\" class=\"wp-image-26977\" srcset=\"https:\/\/7culture.ci\/wp-content\/uploads\/2025\/08\/WhatsApp-Image-2025-08-18-at-18.40.20-1024x683.jpeg 1024w, https:\/\/7culture.ci\/wp-content\/uploads\/2025\/08\/WhatsApp-Image-2025-08-18-at-18.40.20-300x200.jpeg 300w, https:\/\/7culture.ci\/wp-content\/uploads\/2025\/08\/WhatsApp-Image-2025-08-18-at-18.40.20-768x512.jpeg 768w, https:\/\/7culture.ci\/wp-content\/uploads\/2025\/08\/WhatsApp-Image-2025-08-18-at-18.40.20.jpeg 1080w\" sizes=\"(max-width: 1024px) 100vw, 1024px\" \/><\/figure>\n\n\n\n<figure class=\"wp-block-image size-large\"><img loading=\"lazy\" decoding=\"async\" width=\"1024\" height=\"683\" data-id=\"26979\" src=\"https:\/\/7culture.ci\/wp-content\/uploads\/2025\/08\/WhatsApp-Image-2025-08-18-at-18.40.21-1024x683.jpeg\" alt=\"\" class=\"wp-image-26979\" srcset=\"https:\/\/7culture.ci\/wp-content\/uploads\/2025\/08\/WhatsApp-Image-2025-08-18-at-18.40.21-1024x683.jpeg 1024w, https:\/\/7culture.ci\/wp-content\/uploads\/2025\/08\/WhatsApp-Image-2025-08-18-at-18.40.21-300x200.jpeg 300w, https:\/\/7culture.ci\/wp-content\/uploads\/2025\/08\/WhatsApp-Image-2025-08-18-at-18.40.21-768x512.jpeg 768w, https:\/\/7culture.ci\/wp-content\/uploads\/2025\/08\/WhatsApp-Image-2025-08-18-at-18.40.21.jpeg 1080w\" sizes=\"(max-width: 1024px) 100vw, 1024px\" \/><\/figure>\n<\/figure>\n\n\n\n<p>La journ\u00e9e festive avait commenc\u00e9 pour la d\u00e9gustation de la bouillie au petit d\u00e9jeuner. A midi, c&#8217;\u00e9tait le plat de r\u00e9sistance et l&#8217;\u00e9v\u00e9nement a pris fin avec des desserts \u00e0 base de ce riz local comme g\u00e2teaux, souffl\u00e9, jus et Wommi de riz. L\u2019un des moments forts de l\u2019activit\u00e9 a \u00e9t\u00e9 la remise des prix \u00e0 toutes ces personnes qui ont contribu\u00e9 \u00e0 la mise en place de la soci\u00e9t\u00e9 comme les femmes, les usiniers, les producteurs, les vendeurs et m\u00eame les communicants.<\/p>\n\n\n\n<figure class=\"wp-block-gallery has-nested-images columns-default is-cropped wp-block-gallery-3 is-layout-flex wp-block-gallery-is-layout-flex\">\n<figure class=\"wp-block-image size-large\"><img loading=\"lazy\" decoding=\"async\" width=\"1024\" height=\"683\" data-id=\"26980\" src=\"https:\/\/7culture.ci\/wp-content\/uploads\/2025\/08\/WhatsApp-Image-2025-08-18-at-18.40.16-1024x683.jpeg\" alt=\"\" class=\"wp-image-26980\" srcset=\"https:\/\/7culture.ci\/wp-content\/uploads\/2025\/08\/WhatsApp-Image-2025-08-18-at-18.40.16-1024x683.jpeg 1024w, https:\/\/7culture.ci\/wp-content\/uploads\/2025\/08\/WhatsApp-Image-2025-08-18-at-18.40.16-300x200.jpeg 300w, https:\/\/7culture.ci\/wp-content\/uploads\/2025\/08\/WhatsApp-Image-2025-08-18-at-18.40.16-768x512.jpeg 768w, https:\/\/7culture.ci\/wp-content\/uploads\/2025\/08\/WhatsApp-Image-2025-08-18-at-18.40.16.jpeg 1080w\" sizes=\"(max-width: 1024px) 100vw, 1024px\" \/><\/figure>\n\n\n\n<figure class=\"wp-block-image size-large\"><img loading=\"lazy\" decoding=\"async\" width=\"1024\" height=\"683\" data-id=\"26981\" src=\"https:\/\/7culture.ci\/wp-content\/uploads\/2025\/08\/WhatsApp-Image-2025-08-18-at-18.40.18-1024x683.jpeg\" alt=\"\" class=\"wp-image-26981\" srcset=\"https:\/\/7culture.ci\/wp-content\/uploads\/2025\/08\/WhatsApp-Image-2025-08-18-at-18.40.18-1024x683.jpeg 1024w, https:\/\/7culture.ci\/wp-content\/uploads\/2025\/08\/WhatsApp-Image-2025-08-18-at-18.40.18-300x200.jpeg 300w, https:\/\/7culture.ci\/wp-content\/uploads\/2025\/08\/WhatsApp-Image-2025-08-18-at-18.40.18-768x512.jpeg 768w, https:\/\/7culture.ci\/wp-content\/uploads\/2025\/08\/WhatsApp-Image-2025-08-18-at-18.40.18.jpeg 1080w\" sizes=\"(max-width: 1024px) 100vw, 1024px\" \/><\/figure>\n\n\n\n<figure class=\"wp-block-image size-large\"><img loading=\"lazy\" decoding=\"async\" width=\"1024\" height=\"683\" data-id=\"26982\" src=\"https:\/\/7culture.ci\/wp-content\/uploads\/2025\/08\/WhatsApp-Image-2025-08-18-at-18.40.20-1-1024x683.jpeg\" alt=\"\" class=\"wp-image-26982\" srcset=\"https:\/\/7culture.ci\/wp-content\/uploads\/2025\/08\/WhatsApp-Image-2025-08-18-at-18.40.20-1-1024x683.jpeg 1024w, https:\/\/7culture.ci\/wp-content\/uploads\/2025\/08\/WhatsApp-Image-2025-08-18-at-18.40.20-1-300x200.jpeg 300w, https:\/\/7culture.ci\/wp-content\/uploads\/2025\/08\/WhatsApp-Image-2025-08-18-at-18.40.20-1-768x512.jpeg 768w, https:\/\/7culture.ci\/wp-content\/uploads\/2025\/08\/WhatsApp-Image-2025-08-18-at-18.40.20-1.jpeg 1080w\" sizes=\"(max-width: 1024px) 100vw, 1024px\" \/><\/figure>\n<\/figure>\n\n\n\n<p>En plus de leur produit phare, le groupement Mouv-Agri excelle dans les cultures mara\u00eech\u00e8res et vivri\u00e8res. Elle \u00e9l\u00e8ve \u00e9galement les animaux et tout ce qui va avec comme produits agricoles. Le riz est majoritairement produit dans la r\u00e9gion de la Marahou\u00e9 (plus de six-cents hectares d&#8217;exploitation \u00e0 Sinfra). En ce qui concerne l&#8217;\u00e9levage, c&#8217;est Agnibil\u00e9kro, Azagui\u00e9, Gagnoa et Yamoussoukro qui sont cibl\u00e9s. Quant aux cultures mara\u00eech\u00e8res et vivri\u00e8res, elles se font \u00e0 Yamoussoukro et \u00e0 Katiola. Selon M. Tia, son entreprise octroie 123 emplois directs. Les emplois indirects comme les contractuels sont au nombre de 450. \u00ab <em>Les femmes interviennent le plus dans la production de riz o\u00f9 nous utilisons des m\u00e8res c\u00e9libataires et des veuves qui ont de petites exploitations d&#8217;un hectare ou deux. Elles sont accompagn\u00e9es par nos soins avec la m\u00e9canisation des cultures. On leur donne aussi des engrais et semences <\/em>\u00bb, a expliqu\u00e9 le patron de la soci\u00e9t\u00e9 agricole. Ce qui est int\u00e9ressant, c&#8217;est que cette entreprise rach\u00e8te toutes les productions de ces dames-l\u00e0. \u00ab <em>Notre apport, c&#8217;est d&#8217;abord en mat\u00e9riel. On donne la semence, on apporte aussi tout ce qui est traitement de sol avec les tracteurs et tout ce qui va avec. On accompagne \u00e9galement ces femmes avec conseils et expertises pour que leurs productions soient une r\u00e9ussite<\/em> \u00bb, a soulign\u00e9 M. Tia et de terminer : \u00ab <em>Et derri\u00e8re, pour ne pas que la production reste ou pourrisse dans leurs mains, nous la rachetons enti\u00e8rement. On est oblig\u00e9 d&#8217;associer ces femmes pour augmenter notre production pour pouvoir avoir toujours du produit. Car chaque ann\u00e9e, nous arrivons \u00e0 \u00e9couler toute notre production<\/em> \u00bb.<\/p>\n\n\n\n<p><strong>Par D.T<\/strong><\/p>\n","protected":false},"excerpt":{"rendered":"<p>Toujours engag\u00e9e pour le bonheur des femmes, Mariame Diaby, pr\u00e9sidente de l\u2019Ong Lame Afrique, n\u2019a pas h\u00e9sit\u00e9 \u00e0 apporter son concours \u00e0 la c\u00e9r\u00e9monie de d\u00e9gustation du riz local Ridissi organis\u00e9e le vendredi 15 ao\u00fbt 2025 au Palais d&#8217;Alya d\u2019Abidjan-Cocody-Djorogobit\u00e9. \u00ab On remercie l&#8217;Ong Lame Afrique qui se bat pour l&#8217;autonomisation de la femme. Et &hellip;<\/p>\n<p class=\"read-more\"> <a class=\"\" href=\"https:\/\/7culture.ci\/index.php\/2025\/08\/20\/entreprenariat-et-bienfaisance-long-lame-afrique-soutient-ridissi-pour-lautonomisation-des-femmes\/\"> <span class=\"screen-reader-text\">Entreprenariat et bienfaisance\u00a0: L\u2019Ong Lame Afrique soutient Ridissi pour l\u2019autonomisation des femmes<\/span> Lire la suite\u00a0\u00bb<\/a><\/p>\n","protected":false},"author":1,"featured_media":26973,"comment_status":"open","ping_status":"open","sticky":false,"template":"","format":"standard","meta":{"_mi_skip_tracking":false,"_monsterinsights_sitenote_active":false,"_monsterinsights_sitenote_note":"","_monsterinsights_sitenote_category":0,"site-sidebar-layout":"default","site-content-layout":"default","ast-global-header-display":"","ast-main-header-display":"","ast-hfb-above-header-display":"","ast-hfb-below-header-display":"","ast-hfb-mobile-header-display":"","site-post-title":"","ast-breadcrumbs-content":"","ast-featured-img":"","footer-sml-layout":"","theme-transparent-header-meta":"","adv-header-id-meta":"","stick-header-meta":"","header-above-stick-meta":"","header-main-stick-meta":"","header-below-stick-meta":"","footnotes":"","jetpack_publicize_message":"","jetpack_is_tweetstorm":false,"jetpack_publicize_feature_enabled":true},"categories":[92],"tags":[],"jetpack_publicize_connections":[],"acf":[],"aioseo_notices":[],"yoast_head":"<!-- This site is optimized with the Yoast SEO plugin v19.6.1 - https:\/\/yoast.com\/wordpress\/plugins\/seo\/ -->\n<title>Entreprenariat et bienfaisance\u00a0: L\u2019Ong Lame Afrique soutient Ridissi pour l\u2019autonomisation des femmes - 7culture<\/title>\n<meta name=\"robots\" content=\"index, follow, max-snippet:-1, max-image-preview:large, max-video-preview:-1\" \/>\n<link rel=\"canonical\" href=\"https:\/\/7culture.ci\/index.php\/2025\/08\/20\/entreprenariat-et-bienfaisance-long-lame-afrique-soutient-ridissi-pour-lautonomisation-des-femmes\/\" \/>\n<meta property=\"og:locale\" content=\"fr_FR\" \/>\n<meta property=\"og:type\" content=\"article\" \/>\n<meta property=\"og:title\" content=\"Entreprenariat et bienfaisance\u00a0: L\u2019Ong Lame Afrique soutient Ridissi pour l\u2019autonomisation des femmes - 7culture\" \/>\n<meta property=\"og:description\" content=\"Toujours engag\u00e9e pour le bonheur des femmes, Mariame Diaby, pr\u00e9sidente de l\u2019Ong Lame Afrique, n\u2019a pas h\u00e9sit\u00e9 \u00e0 apporter son concours \u00e0 la c\u00e9r\u00e9monie de d\u00e9gustation du riz local Ridissi organis\u00e9e le vendredi 15 ao\u00fbt 2025 au Palais d&#8217;Alya d\u2019Abidjan-Cocody-Djorogobit\u00e9. \u00ab On remercie l&#8217;Ong Lame Afrique qui se bat pour l&#8217;autonomisation de la femme. Et &hellip; Entreprenariat et bienfaisance\u00a0: L\u2019Ong Lame Afrique soutient Ridissi pour l\u2019autonomisation des femmes Lire la suite\u00a0\u00bb\" \/>\n<meta property=\"og:url\" content=\"https:\/\/7culture.ci\/index.php\/2025\/08\/20\/entreprenariat-et-bienfaisance-long-lame-afrique-soutient-ridissi-pour-lautonomisation-des-femmes\/\" \/>\n<meta property=\"og:site_name\" content=\"7culture\" \/>\n<meta property=\"article:publisher\" content=\"https:\/\/www.facebook.com\/redchefclaude\" \/>\n<meta property=\"article:published_time\" content=\"2025-08-20T11:11:29+00:00\" \/>\n<meta property=\"article:modified_time\" content=\"2025-08-20T12:29:26+00:00\" \/>\n<meta property=\"og:image\" content=\"http:\/\/7culture.ci\/wp-content\/uploads\/2025\/08\/Ridissi_Oui.jpg\" \/>\n\t<meta property=\"og:image:width\" content=\"1080\" \/>\n\t<meta property=\"og:image:height\" content=\"720\" \/>\n\t<meta property=\"og:image:type\" content=\"image\/jpeg\" \/>\n<meta name=\"author\" content=\"7culture2020\" \/>\n<meta name=\"twitter:card\" content=\"summary_large_image\" \/>\n<meta name=\"twitter:creator\" content=\"@7culturec\" \/>\n<meta name=\"twitter:site\" content=\"@7culturec\" \/>\n<meta name=\"twitter:label1\" content=\"\u00c9crit par\" \/>\n\t<meta name=\"twitter:data1\" content=\"7culture2020\" \/>\n\t<meta name=\"twitter:label2\" content=\"Dur\u00e9e de lecture estim\u00e9e\" \/>\n\t<meta name=\"twitter:data2\" content=\"4 minutes\" \/>\n<script type=\"application\/ld+json\" class=\"yoast-schema-graph\">{\"@context\":\"https:\/\/schema.org\",\"@graph\":[{\"@type\":\"Article\",\"@id\":\"https:\/\/7culture.ci\/index.php\/2025\/08\/20\/entreprenariat-et-bienfaisance-long-lame-afrique-soutient-ridissi-pour-lautonomisation-des-femmes\/#article\",\"isPartOf\":{\"@id\":\"https:\/\/7culture.ci\/index.php\/2025\/08\/20\/entreprenariat-et-bienfaisance-long-lame-afrique-soutient-ridissi-pour-lautonomisation-des-femmes\/\"},\"author\":{\"name\":\"7culture2020\",\"@id\":\"https:\/\/7culture.ci\/#\/schema\/person\/16150d28d7ef66ba788c1f87f28c4426\"},\"headline\":\"Entreprenariat et bienfaisance\u00a0: L\u2019Ong Lame Afrique soutient Ridissi pour l\u2019autonomisation des femmes\",\"datePublished\":\"2025-08-20T11:11:29+00:00\",\"dateModified\":\"2025-08-20T12:29:26+00:00\",\"mainEntityOfPage\":{\"@id\":\"https:\/\/7culture.ci\/index.php\/2025\/08\/20\/entreprenariat-et-bienfaisance-long-lame-afrique-soutient-ridissi-pour-lautonomisation-des-femmes\/\"},\"wordCount\":717,\"commentCount\":0,\"publisher\":{\"@id\":\"https:\/\/7culture.ci\/#organization\"},\"articleSection\":[\"Events\"],\"inLanguage\":\"fr-FR\",\"potentialAction\":[{\"@type\":\"CommentAction\",\"name\":\"Comment\",\"target\":[\"https:\/\/7culture.ci\/index.php\/2025\/08\/20\/entreprenariat-et-bienfaisance-long-lame-afrique-soutient-ridissi-pour-lautonomisation-des-femmes\/#respond\"]}]},{\"@type\":\"WebPage\",\"@id\":\"https:\/\/7culture.ci\/index.php\/2025\/08\/20\/entreprenariat-et-bienfaisance-long-lame-afrique-soutient-ridissi-pour-lautonomisation-des-femmes\/\",\"url\":\"https:\/\/7culture.ci\/index.php\/2025\/08\/20\/entreprenariat-et-bienfaisance-long-lame-afrique-soutient-ridissi-pour-lautonomisation-des-femmes\/\",\"name\":\"Entreprenariat et bienfaisance\u00a0: L\u2019Ong Lame Afrique soutient Ridissi pour l\u2019autonomisation des femmes - 7culture\",\"isPartOf\":{\"@id\":\"https:\/\/7culture.ci\/#website\"},\"datePublished\":\"2025-08-20T11:11:29+00:00\",\"dateModified\":\"2025-08-20T12:29:26+00:00\",\"breadcrumb\":{\"@id\":\"https:\/\/7culture.ci\/index.php\/2025\/08\/20\/entreprenariat-et-bienfaisance-long-lame-afrique-soutient-ridissi-pour-lautonomisation-des-femmes\/#breadcrumb\"},\"inLanguage\":\"fr-FR\",\"potentialAction\":[{\"@type\":\"ReadAction\",\"target\":[\"https:\/\/7culture.ci\/index.php\/2025\/08\/20\/entreprenariat-et-bienfaisance-long-lame-afrique-soutient-ridissi-pour-lautonomisation-des-femmes\/\"]}]},{\"@type\":\"BreadcrumbList\",\"@id\":\"https:\/\/7culture.ci\/index.php\/2025\/08\/20\/entreprenariat-et-bienfaisance-long-lame-afrique-soutient-ridissi-pour-lautonomisation-des-femmes\/#breadcrumb\",\"itemListElement\":[{\"@type\":\"ListItem\",\"position\":1,\"name\":\"Accueil\",\"item\":\"https:\/\/7culture.ci\/\"},{\"@type\":\"ListItem\",\"position\":2,\"name\":\"Entreprenariat et bienfaisance\u00a0: L\u2019Ong Lame Afrique soutient Ridissi pour l\u2019autonomisation des femmes\"}]},{\"@type\":\"WebSite\",\"@id\":\"https:\/\/7culture.ci\/#website\",\"url\":\"https:\/\/7culture.ci\/\",\"name\":\"7culture\",\"description\":\"Tout sur l&#039;actualit\u00e9\",\"publisher\":{\"@id\":\"https:\/\/7culture.ci\/#organization\"},\"potentialAction\":[{\"@type\":\"SearchAction\",\"target\":{\"@type\":\"EntryPoint\",\"urlTemplate\":\"https:\/\/7culture.ci\/?s={search_term_string}\"},\"query-input\":\"required name=search_term_string\"}],\"inLanguage\":\"fr-FR\"},{\"@type\":\"Organization\",\"@id\":\"https:\/\/7culture.ci\/#organization\",\"name\":\"7culture\",\"url\":\"https:\/\/7culture.ci\/\",\"sameAs\":[\"https:\/\/www.facebook.com\/redchefclaude\",\"https:\/\/twitter.com\/7culturec\"],\"logo\":{\"@type\":\"ImageObject\",\"inLanguage\":\"fr-FR\",\"@id\":\"https:\/\/7culture.ci\/#\/schema\/logo\/image\/\",\"url\":\"https:\/\/7culture.ci\/wp-content\/uploads\/2021\/12\/S1a-1.png\",\"contentUrl\":\"https:\/\/7culture.ci\/wp-content\/uploads\/2021\/12\/S1a-1.png\",\"width\":588,\"height\":192,\"caption\":\"7culture\"},\"image\":{\"@id\":\"https:\/\/7culture.ci\/#\/schema\/logo\/image\/\"}},{\"@type\":\"Person\",\"@id\":\"https:\/\/7culture.ci\/#\/schema\/person\/16150d28d7ef66ba788c1f87f28c4426\",\"name\":\"7culture2020\",\"image\":{\"@type\":\"ImageObject\",\"inLanguage\":\"fr-FR\",\"@id\":\"https:\/\/7culture.ci\/#\/schema\/person\/image\/\",\"url\":\"https:\/\/secure.gravatar.com\/avatar\/9a0784f951306c37bcd065f52844ef95?s=96&d=mm&r=g\",\"contentUrl\":\"https:\/\/secure.gravatar.com\/avatar\/9a0784f951306c37bcd065f52844ef95?s=96&d=mm&r=g\",\"caption\":\"7culture2020\"},\"sameAs\":[\"http:\/\/7culture.ci\",\"Claude.kipre\"],\"url\":\"https:\/\/7culture.ci\/index.php\/author\/7culture2020\/\"}]}<\/script>\n<!-- \/ Yoast SEO plugin. -->","yoast_head_json":{"title":"Entreprenariat et bienfaisance\u00a0: L\u2019Ong Lame Afrique soutient Ridissi pour l\u2019autonomisation des femmes - 7culture","robots":{"index":"index","follow":"follow","max-snippet":"max-snippet:-1","max-image-preview":"max-image-preview:large","max-video-preview":"max-video-preview:-1"},"canonical":"https:\/\/7culture.ci\/index.php\/2025\/08\/20\/entreprenariat-et-bienfaisance-long-lame-afrique-soutient-ridissi-pour-lautonomisation-des-femmes\/","og_locale":"fr_FR","og_type":"article","og_title":"Entreprenariat et bienfaisance\u00a0: L\u2019Ong Lame Afrique soutient Ridissi pour l\u2019autonomisation des femmes - 7culture","og_description":"Toujours engag\u00e9e pour le bonheur des femmes, Mariame Diaby, pr\u00e9sidente de l\u2019Ong Lame Afrique, n\u2019a pas h\u00e9sit\u00e9 \u00e0 apporter son concours \u00e0 la c\u00e9r\u00e9monie de d\u00e9gustation du riz local Ridissi organis\u00e9e le vendredi 15 ao\u00fbt 2025 au Palais d&#8217;Alya d\u2019Abidjan-Cocody-Djorogobit\u00e9. \u00ab On remercie l&#8217;Ong Lame Afrique qui se bat pour l&#8217;autonomisation de la femme. Et &hellip; Entreprenariat et bienfaisance\u00a0: L\u2019Ong Lame Afrique soutient Ridissi pour l\u2019autonomisation des femmes Lire la suite\u00a0\u00bb","og_url":"https:\/\/7culture.ci\/index.php\/2025\/08\/20\/entreprenariat-et-bienfaisance-long-lame-afrique-soutient-ridissi-pour-lautonomisation-des-femmes\/","og_site_name":"7culture","article_publisher":"https:\/\/www.facebook.com\/redchefclaude","article_published_time":"2025-08-20T11:11:29+00:00","article_modified_time":"2025-08-20T12:29:26+00:00","og_image":[{"width":1080,"height":720,"url":"http:\/\/7culture.ci\/wp-content\/uploads\/2025\/08\/Ridissi_Oui.jpg","type":"image\/jpeg"}],"author":"7culture2020","twitter_card":"summary_large_image","twitter_creator":"@7culturec","twitter_site":"@7culturec","twitter_misc":{"\u00c9crit par":"7culture2020","Dur\u00e9e de lecture estim\u00e9e":"4 minutes"},"schema":{"@context":"https:\/\/schema.org","@graph":[{"@type":"Article","@id":"https:\/\/7culture.ci\/index.php\/2025\/08\/20\/entreprenariat-et-bienfaisance-long-lame-afrique-soutient-ridissi-pour-lautonomisation-des-femmes\/#article","isPartOf":{"@id":"https:\/\/7culture.ci\/index.php\/2025\/08\/20\/entreprenariat-et-bienfaisance-long-lame-afrique-soutient-ridissi-pour-lautonomisation-des-femmes\/"},"author":{"name":"7culture2020","@id":"https:\/\/7culture.ci\/#\/schema\/person\/16150d28d7ef66ba788c1f87f28c4426"},"headline":"Entreprenariat et bienfaisance\u00a0: L\u2019Ong Lame Afrique soutient Ridissi pour l\u2019autonomisation des femmes","datePublished":"2025-08-20T11:11:29+00:00","dateModified":"2025-08-20T12:29:26+00:00","mainEntityOfPage":{"@id":"https:\/\/7culture.ci\/index.php\/2025\/08\/20\/entreprenariat-et-bienfaisance-long-lame-afrique-soutient-ridissi-pour-lautonomisation-des-femmes\/"},"wordCount":717,"commentCount":0,"publisher":{"@id":"https:\/\/7culture.ci\/#organization"},"articleSection":["Events"],"inLanguage":"fr-FR","potentialAction":[{"@type":"CommentAction","name":"Comment","target":["https:\/\/7culture.ci\/index.php\/2025\/08\/20\/entreprenariat-et-bienfaisance-long-lame-afrique-soutient-ridissi-pour-lautonomisation-des-femmes\/#respond"]}]},{"@type":"WebPage","@id":"https:\/\/7culture.ci\/index.php\/2025\/08\/20\/entreprenariat-et-bienfaisance-long-lame-afrique-soutient-ridissi-pour-lautonomisation-des-femmes\/","url":"https:\/\/7culture.ci\/index.php\/2025\/08\/20\/entreprenariat-et-bienfaisance-long-lame-afrique-soutient-ridissi-pour-lautonomisation-des-femmes\/","name":"Entreprenariat et bienfaisance\u00a0: L\u2019Ong Lame Afrique soutient Ridissi pour l\u2019autonomisation des femmes - 7culture","isPartOf":{"@id":"https:\/\/7culture.ci\/#website"},"datePublished":"2025-08-20T11:11:29+00:00","dateModified":"2025-08-20T12:29:26+00:00","breadcrumb":{"@id":"https:\/\/7culture.ci\/index.php\/2025\/08\/20\/entreprenariat-et-bienfaisance-long-lame-afrique-soutient-ridissi-pour-lautonomisation-des-femmes\/#breadcrumb"},"inLanguage":"fr-FR","potentialAction":[{"@type":"ReadAction","target":["https:\/\/7culture.ci\/index.php\/2025\/08\/20\/entreprenariat-et-bienfaisance-long-lame-afrique-soutient-ridissi-pour-lautonomisation-des-femmes\/"]}]},{"@type":"BreadcrumbList","@id":"https:\/\/7culture.ci\/index.php\/2025\/08\/20\/entreprenariat-et-bienfaisance-long-lame-afrique-soutient-ridissi-pour-lautonomisation-des-femmes\/#breadcrumb","itemListElement":[{"@type":"ListItem","position":1,"name":"Accueil","item":"https:\/\/7culture.ci\/"},{"@type":"ListItem","position":2,"name":"Entreprenariat et bienfaisance\u00a0: L\u2019Ong Lame Afrique soutient Ridissi pour l\u2019autonomisation des femmes"}]},{"@type":"WebSite","@id":"https:\/\/7culture.ci\/#website","url":"https:\/\/7culture.ci\/","name":"7culture","description":"Tout sur l&#039;actualit\u00e9","publisher":{"@id":"https:\/\/7culture.ci\/#organization"},"potentialAction":[{"@type":"SearchAction","target":{"@type":"EntryPoint","urlTemplate":"https:\/\/7culture.ci\/?s={search_term_string}"},"query-input":"required name=search_term_string"}],"inLanguage":"fr-FR"},{"@type":"Organization","@id":"https:\/\/7culture.ci\/#organization","name":"7culture","url":"https:\/\/7culture.ci\/","sameAs":["https:\/\/www.facebook.com\/redchefclaude","https:\/\/twitter.com\/7culturec"],"logo":{"@type":"ImageObject","inLanguage":"fr-FR","@id":"https:\/\/7culture.ci\/#\/schema\/logo\/image\/","url":"https:\/\/7culture.ci\/wp-content\/uploads\/2021\/12\/S1a-1.png","contentUrl":"https:\/\/7culture.ci\/wp-content\/uploads\/2021\/12\/S1a-1.png","width":588,"height":192,"caption":"7culture"},"image":{"@id":"https:\/\/7culture.ci\/#\/schema\/logo\/image\/"}},{"@type":"Person","@id":"https:\/\/7culture.ci\/#\/schema\/person\/16150d28d7ef66ba788c1f87f28c4426","name":"7culture2020","image":{"@type":"ImageObject","inLanguage":"fr-FR","@id":"https:\/\/7culture.ci\/#\/schema\/person\/image\/","url":"https:\/\/secure.gravatar.com\/avatar\/9a0784f951306c37bcd065f52844ef95?s=96&d=mm&r=g","contentUrl":"https:\/\/secure.gravatar.com\/avatar\/9a0784f951306c37bcd065f52844ef95?s=96&d=mm&r=g","caption":"7culture2020"},"sameAs":["http:\/\/7culture.ci","Claude.kipre"],"url":"https:\/\/7culture.ci\/index.php\/author\/7culture2020\/"}]}},"jetpack_featured_media_url":"https:\/\/7culture.ci\/wp-content\/uploads\/2025\/08\/Ridissi_Oui.jpg","jetpack_likes_enabled":true,"jetpack_sharing_enabled":true,"_links":{"self":[{"href":"https:\/\/7culture.ci\/index.php\/wp-json\/wp\/v2\/posts\/26971"}],"collection":[{"href":"https:\/\/7culture.ci\/index.php\/wp-json\/wp\/v2\/posts"}],"about":[{"href":"https:\/\/7culture.ci\/index.php\/wp-json\/wp\/v2\/types\/post"}],"author":[{"embeddable":true,"href":"https:\/\/7culture.ci\/index.php\/wp-json\/wp\/v2\/users\/1"}],"replies":[{"embeddable":true,"href":"https:\/\/7culture.ci\/index.php\/wp-json\/wp\/v2\/comments?post=26971"}],"version-history":[{"count":1,"href":"https:\/\/7culture.ci\/index.php\/wp-json\/wp\/v2\/posts\/26971\/revisions"}],"predecessor-version":[{"id":26983,"href":"https:\/\/7culture.ci\/index.php\/wp-json\/wp\/v2\/posts\/26971\/revisions\/26983"}],"wp:featuredmedia":[{"embeddable":true,"href":"https:\/\/7culture.ci\/index.php\/wp-json\/wp\/v2\/media\/26973"}],"wp:attachment":[{"href":"https:\/\/7culture.ci\/index.php\/wp-json\/wp\/v2\/media?parent=26971"}],"wp:term":[{"taxonomy":"category","embeddable":true,"href":"https:\/\/7culture.ci\/index.php\/wp-json\/wp\/v2\/categories?post=26971"},{"taxonomy":"post_tag","embeddable":true,"href":"https:\/\/7culture.ci\/index.php\/wp-json\/wp\/v2\/tags?post=26971"}],"curies":[{"name":"wp","href":"https:\/\/api.w.org\/{rel}","templated":true}]}}