{"id":26949,"date":"2025-07-25T12:04:20","date_gmt":"2025-07-25T12:04:20","guid":{"rendered":"https:\/\/7culture.ci\/?p=26949"},"modified":"2025-08-08T14:45:39","modified_gmt":"2025-08-08T14:45:39","slug":"cinema-sortie-de-film-toukpe-parle-de-la-cohesion-sociale","status":"publish","type":"post","link":"https:\/\/7culture.ci\/index.php\/2025\/07\/25\/cinema-sortie-de-film-toukpe-parle-de-la-cohesion-sociale\/","title":{"rendered":"Cin\u00e9ma\/Sortie de film\u00a0:&#8221;Toukp\u00e8&#8221; parle de la coh\u00e9sion sociale"},"content":{"rendered":"\n<p>L\u2019h\u00f4tel Palm Club \u00e0 Abidjan-Cocody a abrit\u00e9 la conf\u00e9rence de presse du film \u2018\u2019Toukp\u00e8\u2019\u2019 le jeudi 24 ao\u00fbt 2025. C\u2019est une \u0153uvre cin\u00e9matographique inspir\u00e9e des alliances interethniques, mise en valeur dans le cadre du N\u2019zrama Festival qui se d\u00e9roule chaque ann\u00e9e dans le District autonome des Lacs. Cette initiative est port\u00e9e par la ministre, gouverneure Dr Raymonde Goudou Coffie. Le film a \u00e9t\u00e9 r\u00e9alis\u00e9 par Charles Kouakou, conseiller au District autonome des Lacs en charge de la culture et de la chefferie. Il a fait savoir que \u2018\u2019Toukp\u00e8\u2019\u2019 s\u2019inscrit dans une d\u00e9marche de r\u00e9conciliation, de promotion du vivre-ensemble, de la coh\u00e9sion sociale et de valorisation des traditions ivoiriennes. Le r\u00e9alisateur a aussi expliqu\u00e9 que son \u0153uvre est n\u00e9e d\u2019un besoin urgent de sensibiliser la jeunesse ivoirienne \u00e0 l\u2019approche des \u00e9lections, afin qu\u2019elle ne soit pas instrumentalis\u00e9e. Il a \u00e9galement annonc\u00e9 le lancement prochain d\u2019une caravane nationale destin\u00e9e \u00e0 diffuser le film dans toutes les r\u00e9gions du pays. Selon M. Kouakou, aucune difficult\u00e9 majeure n\u2019a entrav\u00e9 la production, gr\u00e2ce au soutien institutionnel constant tout au long du projet.<\/p>\n\n\n\n<p>\u2018\u2019Toukp\u00e8\u2019\u2019sera projet\u00e9 ce 28 juillet 2025 \u00e0 la Chambre des Rois et Chefs traditionnels, puis en avant-premi\u00e8re le 4 ao\u00fbt 2025 au cin\u00e9ma Majestic. Ces projections visent \u00e0 associer les diff\u00e9rentes couches sociales et les autorit\u00e9s coutumi\u00e8res au message de r\u00e9conciliation port\u00e9 par le film.<\/p>\n\n\n\n<figure class=\"wp-block-image aligncenter size-large is-resized\"><img loading=\"lazy\" decoding=\"async\" width=\"738\" height=\"1024\" src=\"https:\/\/7culture.ci\/wp-content\/uploads\/2025\/07\/Toukpe2-738x1024.jpg\" alt=\"\" class=\"wp-image-26952\" style=\"width:392px;height:auto\" srcset=\"https:\/\/7culture.ci\/wp-content\/uploads\/2025\/07\/Toukpe2-738x1024.jpg 738w, https:\/\/7culture.ci\/wp-content\/uploads\/2025\/07\/Toukpe2-216x300.jpg 216w, https:\/\/7culture.ci\/wp-content\/uploads\/2025\/07\/Toukpe2-768x1066.jpg 768w, https:\/\/7culture.ci\/wp-content\/uploads\/2025\/07\/Toukpe2.jpg 778w\" sizes=\"(max-width: 738px) 100vw, 738px\" \/><\/figure>\n\n\n\n<p>Apr\u00e8s la projection du film en exclusivit\u00e9 \u00e0 la presse, Lysson Diomand\u00e9 Fall, Directrice g\u00e9n\u00e9rale de l\u2019Office national du cin\u00e9ma de C\u00f4te d\u2019Ivoire (Onac-Ci) et repr\u00e9sentante de la ministre de la Culture et de la Francophonie, a salu\u00e9 cette production comme un v\u00e9ritable outil de pardon et d\u2019unit\u00e9 nationale. Elle a soulign\u00e9 le r\u00f4le du cin\u00e9ma dans la pr\u00e9servation et la promotion des traditions. De son c\u00f4t\u00e9, Maurice Adj\u00e9, Conseiller technique, repr\u00e9sentant la ministre de la Coh\u00e9sion nationale, de la solidarit\u00e9 et de la lutte contre la pauvret\u00e9, a rappel\u00e9 que les alliances interethniques et le 7<sup>e<\/sup> art sont des leviers essentiels pour renforcer la paix et la coh\u00e9sion sociale. Au nom de la ministre, gouverneure du district autonome des Lacs, le Directeur de Cabinet, Privat Yappy Kauphy, a not\u00e9 la volont\u00e9 du pr\u00e9sident de la R\u00e9publique, Alassane Ouattara, de faire des Districts des p\u00f4les de d\u00e9veloppement. Il a pr\u00e9cis\u00e9 que Dr. Raymonde Goudou Coffie, en tant que ministre, gouverneure du District autonome des Lacs, va plus loin en faisant de ce territoire un espace d\u2019attractivit\u00e9 culturelle et de promotion des valeurs de paix. C\u2019est dans cette dynamique qu\u2019est n\u00e9 le film \u2018\u2019Toukp\u00e8\u2019\u2019.<\/p>\n\n\n\n<p><strong>Par DT<\/strong><\/p>\n","protected":false},"excerpt":{"rendered":"<p>L\u2019h\u00f4tel Palm Club \u00e0 Abidjan-Cocody a abrit\u00e9 la conf\u00e9rence de presse du film \u2018\u2019Toukp\u00e8\u2019\u2019 le jeudi 24 ao\u00fbt 2025. C\u2019est une \u0153uvre cin\u00e9matographique inspir\u00e9e des alliances interethniques, mise en valeur dans le cadre du N\u2019zrama Festival qui se d\u00e9roule chaque ann\u00e9e dans le District autonome des Lacs. Cette initiative est port\u00e9e par la ministre, gouverneure &hellip;<\/p>\n<p class=\"read-more\"> <a class=\"\" href=\"https:\/\/7culture.ci\/index.php\/2025\/07\/25\/cinema-sortie-de-film-toukpe-parle-de-la-cohesion-sociale\/\"> <span class=\"screen-reader-text\">Cin\u00e9ma\/Sortie de film\u00a0:&#8221;Toukp\u00e8&#8221; parle de la coh\u00e9sion sociale<\/span> Lire la suite\u00a0\u00bb<\/a><\/p>\n","protected":false},"author":1,"featured_media":26951,"comment_status":"open","ping_status":"open","sticky":false,"template":"","format":"standard","meta":{"_mi_skip_tracking":false,"_monsterinsights_sitenote_active":false,"_monsterinsights_sitenote_note":"","_monsterinsights_sitenote_category":0,"site-sidebar-layout":"default","site-content-layout":"default","ast-global-header-display":"","ast-main-header-display":"","ast-hfb-above-header-display":"","ast-hfb-below-header-display":"","ast-hfb-mobile-header-display":"","site-post-title":"","ast-breadcrumbs-content":"","ast-featured-img":"","footer-sml-layout":"","theme-transparent-header-meta":"","adv-header-id-meta":"","stick-header-meta":"","header-above-stick-meta":"","header-main-stick-meta":"","header-below-stick-meta":"","footnotes":"","jetpack_publicize_message":"","jetpack_is_tweetstorm":false,"jetpack_publicize_feature_enabled":true},"categories":[36],"tags":[],"jetpack_publicize_connections":[],"acf":[],"aioseo_notices":[],"yoast_head":"<!-- This site is optimized with the Yoast SEO plugin v19.6.1 - https:\/\/yoast.com\/wordpress\/plugins\/seo\/ -->\n<title>Cin\u00e9ma\/Sortie de film\u00a0:&quot;Toukp\u00e8&quot; parle de la coh\u00e9sion sociale - 7culture<\/title>\n<meta name=\"robots\" content=\"index, follow, max-snippet:-1, max-image-preview:large, max-video-preview:-1\" \/>\n<link rel=\"canonical\" href=\"https:\/\/7culture.ci\/index.php\/2025\/07\/25\/cinema-sortie-de-film-toukpe-parle-de-la-cohesion-sociale\/\" \/>\n<meta property=\"og:locale\" content=\"fr_FR\" \/>\n<meta property=\"og:type\" content=\"article\" \/>\n<meta property=\"og:title\" content=\"Cin\u00e9ma\/Sortie de film\u00a0:&quot;Toukp\u00e8&quot; parle de la coh\u00e9sion sociale - 7culture\" \/>\n<meta property=\"og:description\" content=\"L\u2019h\u00f4tel Palm Club \u00e0 Abidjan-Cocody a abrit\u00e9 la conf\u00e9rence de presse du film \u2018\u2019Toukp\u00e8\u2019\u2019 le jeudi 24 ao\u00fbt 2025. C\u2019est une \u0153uvre cin\u00e9matographique inspir\u00e9e des alliances interethniques, mise en valeur dans le cadre du N\u2019zrama Festival qui se d\u00e9roule chaque ann\u00e9e dans le District autonome des Lacs. Cette initiative est port\u00e9e par la ministre, gouverneure &hellip; Cin\u00e9ma\/Sortie de film\u00a0:&#8221;Toukp\u00e8&#8221; parle de la coh\u00e9sion sociale Lire la suite\u00a0\u00bb\" \/>\n<meta property=\"og:url\" content=\"https:\/\/7culture.ci\/index.php\/2025\/07\/25\/cinema-sortie-de-film-toukpe-parle-de-la-cohesion-sociale\/\" \/>\n<meta property=\"og:site_name\" content=\"7culture\" \/>\n<meta property=\"article:publisher\" content=\"https:\/\/www.facebook.com\/redchefclaude\" \/>\n<meta property=\"article:published_time\" content=\"2025-07-25T12:04:20+00:00\" \/>\n<meta property=\"article:modified_time\" content=\"2025-08-08T14:45:39+00:00\" \/>\n<meta property=\"og:image\" content=\"http:\/\/7culture.ci\/wp-content\/uploads\/2025\/07\/Toupke1.jpg\" \/>\n\t<meta property=\"og:image:width\" content=\"1000\" \/>\n\t<meta property=\"og:image:height\" content=\"750\" \/>\n\t<meta property=\"og:image:type\" content=\"image\/jpeg\" \/>\n<meta name=\"author\" content=\"7culture2020\" \/>\n<meta name=\"twitter:card\" content=\"summary_large_image\" \/>\n<meta name=\"twitter:creator\" content=\"@7culturec\" \/>\n<meta name=\"twitter:site\" content=\"@7culturec\" \/>\n<meta name=\"twitter:label1\" content=\"\u00c9crit par\" \/>\n\t<meta name=\"twitter:data1\" content=\"7culture2020\" \/>\n\t<meta name=\"twitter:label2\" content=\"Dur\u00e9e de lecture estim\u00e9e\" \/>\n\t<meta name=\"twitter:data2\" content=\"2 minutes\" \/>\n<script type=\"application\/ld+json\" class=\"yoast-schema-graph\">{\"@context\":\"https:\/\/schema.org\",\"@graph\":[{\"@type\":\"Article\",\"@id\":\"https:\/\/7culture.ci\/index.php\/2025\/07\/25\/cinema-sortie-de-film-toukpe-parle-de-la-cohesion-sociale\/#article\",\"isPartOf\":{\"@id\":\"https:\/\/7culture.ci\/index.php\/2025\/07\/25\/cinema-sortie-de-film-toukpe-parle-de-la-cohesion-sociale\/\"},\"author\":{\"name\":\"7culture2020\",\"@id\":\"https:\/\/7culture.ci\/#\/schema\/person\/16150d28d7ef66ba788c1f87f28c4426\"},\"headline\":\"Cin\u00e9ma\/Sortie de film\u00a0:&#8221;Toukp\u00e8&#8221; parle de la coh\u00e9sion sociale\",\"datePublished\":\"2025-07-25T12:04:20+00:00\",\"dateModified\":\"2025-08-08T14:45:39+00:00\",\"mainEntityOfPage\":{\"@id\":\"https:\/\/7culture.ci\/index.php\/2025\/07\/25\/cinema-sortie-de-film-toukpe-parle-de-la-cohesion-sociale\/\"},\"wordCount\":477,\"commentCount\":0,\"publisher\":{\"@id\":\"https:\/\/7culture.ci\/#organization\"},\"articleSection\":[\"Cin\u00e9ma\"],\"inLanguage\":\"fr-FR\",\"potentialAction\":[{\"@type\":\"CommentAction\",\"name\":\"Comment\",\"target\":[\"https:\/\/7culture.ci\/index.php\/2025\/07\/25\/cinema-sortie-de-film-toukpe-parle-de-la-cohesion-sociale\/#respond\"]}]},{\"@type\":\"WebPage\",\"@id\":\"https:\/\/7culture.ci\/index.php\/2025\/07\/25\/cinema-sortie-de-film-toukpe-parle-de-la-cohesion-sociale\/\",\"url\":\"https:\/\/7culture.ci\/index.php\/2025\/07\/25\/cinema-sortie-de-film-toukpe-parle-de-la-cohesion-sociale\/\",\"name\":\"Cin\u00e9ma\/Sortie de film\u00a0:\\\"Toukp\u00e8\\\" parle de la coh\u00e9sion sociale - 7culture\",\"isPartOf\":{\"@id\":\"https:\/\/7culture.ci\/#website\"},\"datePublished\":\"2025-07-25T12:04:20+00:00\",\"dateModified\":\"2025-08-08T14:45:39+00:00\",\"breadcrumb\":{\"@id\":\"https:\/\/7culture.ci\/index.php\/2025\/07\/25\/cinema-sortie-de-film-toukpe-parle-de-la-cohesion-sociale\/#breadcrumb\"},\"inLanguage\":\"fr-FR\",\"potentialAction\":[{\"@type\":\"ReadAction\",\"target\":[\"https:\/\/7culture.ci\/index.php\/2025\/07\/25\/cinema-sortie-de-film-toukpe-parle-de-la-cohesion-sociale\/\"]}]},{\"@type\":\"BreadcrumbList\",\"@id\":\"https:\/\/7culture.ci\/index.php\/2025\/07\/25\/cinema-sortie-de-film-toukpe-parle-de-la-cohesion-sociale\/#breadcrumb\",\"itemListElement\":[{\"@type\":\"ListItem\",\"position\":1,\"name\":\"Accueil\",\"item\":\"https:\/\/7culture.ci\/\"},{\"@type\":\"ListItem\",\"position\":2,\"name\":\"Cin\u00e9ma\/Sortie de film\u00a0:&#8221;Toukp\u00e8&#8221; parle de la coh\u00e9sion sociale\"}]},{\"@type\":\"WebSite\",\"@id\":\"https:\/\/7culture.ci\/#website\",\"url\":\"https:\/\/7culture.ci\/\",\"name\":\"7culture\",\"description\":\"Tout sur l&#039;actualit\u00e9\",\"publisher\":{\"@id\":\"https:\/\/7culture.ci\/#organization\"},\"potentialAction\":[{\"@type\":\"SearchAction\",\"target\":{\"@type\":\"EntryPoint\",\"urlTemplate\":\"https:\/\/7culture.ci\/?s={search_term_string}\"},\"query-input\":\"required name=search_term_string\"}],\"inLanguage\":\"fr-FR\"},{\"@type\":\"Organization\",\"@id\":\"https:\/\/7culture.ci\/#organization\",\"name\":\"7culture\",\"url\":\"https:\/\/7culture.ci\/\",\"sameAs\":[\"https:\/\/www.facebook.com\/redchefclaude\",\"https:\/\/twitter.com\/7culturec\"],\"logo\":{\"@type\":\"ImageObject\",\"inLanguage\":\"fr-FR\",\"@id\":\"https:\/\/7culture.ci\/#\/schema\/logo\/image\/\",\"url\":\"https:\/\/7culture.ci\/wp-content\/uploads\/2021\/12\/S1a-1.png\",\"contentUrl\":\"https:\/\/7culture.ci\/wp-content\/uploads\/2021\/12\/S1a-1.png\",\"width\":588,\"height\":192,\"caption\":\"7culture\"},\"image\":{\"@id\":\"https:\/\/7culture.ci\/#\/schema\/logo\/image\/\"}},{\"@type\":\"Person\",\"@id\":\"https:\/\/7culture.ci\/#\/schema\/person\/16150d28d7ef66ba788c1f87f28c4426\",\"name\":\"7culture2020\",\"image\":{\"@type\":\"ImageObject\",\"inLanguage\":\"fr-FR\",\"@id\":\"https:\/\/7culture.ci\/#\/schema\/person\/image\/\",\"url\":\"https:\/\/secure.gravatar.com\/avatar\/9a0784f951306c37bcd065f52844ef95?s=96&d=mm&r=g\",\"contentUrl\":\"https:\/\/secure.gravatar.com\/avatar\/9a0784f951306c37bcd065f52844ef95?s=96&d=mm&r=g\",\"caption\":\"7culture2020\"},\"sameAs\":[\"http:\/\/7culture.ci\",\"Claude.kipre\"],\"url\":\"https:\/\/7culture.ci\/index.php\/author\/7culture2020\/\"}]}<\/script>\n<!-- \/ Yoast SEO plugin. -->","yoast_head_json":{"title":"Cin\u00e9ma\/Sortie de film\u00a0:\"Toukp\u00e8\" parle de la coh\u00e9sion sociale - 7culture","robots":{"index":"index","follow":"follow","max-snippet":"max-snippet:-1","max-image-preview":"max-image-preview:large","max-video-preview":"max-video-preview:-1"},"canonical":"https:\/\/7culture.ci\/index.php\/2025\/07\/25\/cinema-sortie-de-film-toukpe-parle-de-la-cohesion-sociale\/","og_locale":"fr_FR","og_type":"article","og_title":"Cin\u00e9ma\/Sortie de film\u00a0:\"Toukp\u00e8\" parle de la coh\u00e9sion sociale - 7culture","og_description":"L\u2019h\u00f4tel Palm Club \u00e0 Abidjan-Cocody a abrit\u00e9 la conf\u00e9rence de presse du film \u2018\u2019Toukp\u00e8\u2019\u2019 le jeudi 24 ao\u00fbt 2025. C\u2019est une \u0153uvre cin\u00e9matographique inspir\u00e9e des alliances interethniques, mise en valeur dans le cadre du N\u2019zrama Festival qui se d\u00e9roule chaque ann\u00e9e dans le District autonome des Lacs. Cette initiative est port\u00e9e par la ministre, gouverneure &hellip; Cin\u00e9ma\/Sortie de film\u00a0:&#8221;Toukp\u00e8&#8221; parle de la coh\u00e9sion sociale Lire la suite\u00a0\u00bb","og_url":"https:\/\/7culture.ci\/index.php\/2025\/07\/25\/cinema-sortie-de-film-toukpe-parle-de-la-cohesion-sociale\/","og_site_name":"7culture","article_publisher":"https:\/\/www.facebook.com\/redchefclaude","article_published_time":"2025-07-25T12:04:20+00:00","article_modified_time":"2025-08-08T14:45:39+00:00","og_image":[{"width":1000,"height":750,"url":"http:\/\/7culture.ci\/wp-content\/uploads\/2025\/07\/Toupke1.jpg","type":"image\/jpeg"}],"author":"7culture2020","twitter_card":"summary_large_image","twitter_creator":"@7culturec","twitter_site":"@7culturec","twitter_misc":{"\u00c9crit par":"7culture2020","Dur\u00e9e de lecture estim\u00e9e":"2 minutes"},"schema":{"@context":"https:\/\/schema.org","@graph":[{"@type":"Article","@id":"https:\/\/7culture.ci\/index.php\/2025\/07\/25\/cinema-sortie-de-film-toukpe-parle-de-la-cohesion-sociale\/#article","isPartOf":{"@id":"https:\/\/7culture.ci\/index.php\/2025\/07\/25\/cinema-sortie-de-film-toukpe-parle-de-la-cohesion-sociale\/"},"author":{"name":"7culture2020","@id":"https:\/\/7culture.ci\/#\/schema\/person\/16150d28d7ef66ba788c1f87f28c4426"},"headline":"Cin\u00e9ma\/Sortie de film\u00a0:&#8221;Toukp\u00e8&#8221; parle de la coh\u00e9sion sociale","datePublished":"2025-07-25T12:04:20+00:00","dateModified":"2025-08-08T14:45:39+00:00","mainEntityOfPage":{"@id":"https:\/\/7culture.ci\/index.php\/2025\/07\/25\/cinema-sortie-de-film-toukpe-parle-de-la-cohesion-sociale\/"},"wordCount":477,"commentCount":0,"publisher":{"@id":"https:\/\/7culture.ci\/#organization"},"articleSection":["Cin\u00e9ma"],"inLanguage":"fr-FR","potentialAction":[{"@type":"CommentAction","name":"Comment","target":["https:\/\/7culture.ci\/index.php\/2025\/07\/25\/cinema-sortie-de-film-toukpe-parle-de-la-cohesion-sociale\/#respond"]}]},{"@type":"WebPage","@id":"https:\/\/7culture.ci\/index.php\/2025\/07\/25\/cinema-sortie-de-film-toukpe-parle-de-la-cohesion-sociale\/","url":"https:\/\/7culture.ci\/index.php\/2025\/07\/25\/cinema-sortie-de-film-toukpe-parle-de-la-cohesion-sociale\/","name":"Cin\u00e9ma\/Sortie de film\u00a0:\"Toukp\u00e8\" parle de la coh\u00e9sion sociale - 7culture","isPartOf":{"@id":"https:\/\/7culture.ci\/#website"},"datePublished":"2025-07-25T12:04:20+00:00","dateModified":"2025-08-08T14:45:39+00:00","breadcrumb":{"@id":"https:\/\/7culture.ci\/index.php\/2025\/07\/25\/cinema-sortie-de-film-toukpe-parle-de-la-cohesion-sociale\/#breadcrumb"},"inLanguage":"fr-FR","potentialAction":[{"@type":"ReadAction","target":["https:\/\/7culture.ci\/index.php\/2025\/07\/25\/cinema-sortie-de-film-toukpe-parle-de-la-cohesion-sociale\/"]}]},{"@type":"BreadcrumbList","@id":"https:\/\/7culture.ci\/index.php\/2025\/07\/25\/cinema-sortie-de-film-toukpe-parle-de-la-cohesion-sociale\/#breadcrumb","itemListElement":[{"@type":"ListItem","position":1,"name":"Accueil","item":"https:\/\/7culture.ci\/"},{"@type":"ListItem","position":2,"name":"Cin\u00e9ma\/Sortie de film\u00a0:&#8221;Toukp\u00e8&#8221; parle de la coh\u00e9sion sociale"}]},{"@type":"WebSite","@id":"https:\/\/7culture.ci\/#website","url":"https:\/\/7culture.ci\/","name":"7culture","description":"Tout sur l&#039;actualit\u00e9","publisher":{"@id":"https:\/\/7culture.ci\/#organization"},"potentialAction":[{"@type":"SearchAction","target":{"@type":"EntryPoint","urlTemplate":"https:\/\/7culture.ci\/?s={search_term_string}"},"query-input":"required name=search_term_string"}],"inLanguage":"fr-FR"},{"@type":"Organization","@id":"https:\/\/7culture.ci\/#organization","name":"7culture","url":"https:\/\/7culture.ci\/","sameAs":["https:\/\/www.facebook.com\/redchefclaude","https:\/\/twitter.com\/7culturec"],"logo":{"@type":"ImageObject","inLanguage":"fr-FR","@id":"https:\/\/7culture.ci\/#\/schema\/logo\/image\/","url":"https:\/\/7culture.ci\/wp-content\/uploads\/2021\/12\/S1a-1.png","contentUrl":"https:\/\/7culture.ci\/wp-content\/uploads\/2021\/12\/S1a-1.png","width":588,"height":192,"caption":"7culture"},"image":{"@id":"https:\/\/7culture.ci\/#\/schema\/logo\/image\/"}},{"@type":"Person","@id":"https:\/\/7culture.ci\/#\/schema\/person\/16150d28d7ef66ba788c1f87f28c4426","name":"7culture2020","image":{"@type":"ImageObject","inLanguage":"fr-FR","@id":"https:\/\/7culture.ci\/#\/schema\/person\/image\/","url":"https:\/\/secure.gravatar.com\/avatar\/9a0784f951306c37bcd065f52844ef95?s=96&d=mm&r=g","contentUrl":"https:\/\/secure.gravatar.com\/avatar\/9a0784f951306c37bcd065f52844ef95?s=96&d=mm&r=g","caption":"7culture2020"},"sameAs":["http:\/\/7culture.ci","Claude.kipre"],"url":"https:\/\/7culture.ci\/index.php\/author\/7culture2020\/"}]}},"jetpack_featured_media_url":"https:\/\/7culture.ci\/wp-content\/uploads\/2025\/07\/Toupke1.jpg","jetpack_likes_enabled":true,"jetpack_sharing_enabled":true,"_links":{"self":[{"href":"https:\/\/7culture.ci\/index.php\/wp-json\/wp\/v2\/posts\/26949"}],"collection":[{"href":"https:\/\/7culture.ci\/index.php\/wp-json\/wp\/v2\/posts"}],"about":[{"href":"https:\/\/7culture.ci\/index.php\/wp-json\/wp\/v2\/types\/post"}],"author":[{"embeddable":true,"href":"https:\/\/7culture.ci\/index.php\/wp-json\/wp\/v2\/users\/1"}],"replies":[{"embeddable":true,"href":"https:\/\/7culture.ci\/index.php\/wp-json\/wp\/v2\/comments?post=26949"}],"version-history":[{"count":1,"href":"https:\/\/7culture.ci\/index.php\/wp-json\/wp\/v2\/posts\/26949\/revisions"}],"predecessor-version":[{"id":26953,"href":"https:\/\/7culture.ci\/index.php\/wp-json\/wp\/v2\/posts\/26949\/revisions\/26953"}],"wp:featuredmedia":[{"embeddable":true,"href":"https:\/\/7culture.ci\/index.php\/wp-json\/wp\/v2\/media\/26951"}],"wp:attachment":[{"href":"https:\/\/7culture.ci\/index.php\/wp-json\/wp\/v2\/media?parent=26949"}],"wp:term":[{"taxonomy":"category","embeddable":true,"href":"https:\/\/7culture.ci\/index.php\/wp-json\/wp\/v2\/categories?post=26949"},{"taxonomy":"post_tag","embeddable":true,"href":"https:\/\/7culture.ci\/index.php\/wp-json\/wp\/v2\/tags?post=26949"}],"curies":[{"name":"wp","href":"https:\/\/api.w.org\/{rel}","templated":true}]}}