{"id":26888,"date":"2025-07-04T10:34:55","date_gmt":"2025-07-04T10:34:55","guid":{"rendered":"https:\/\/7culture.ci\/?p=26888"},"modified":"2025-07-09T12:15:16","modified_gmt":"2025-07-09T12:15:16","slug":"mode-yorodehe-2025-guiglo-aux-couleurs-du-pagne-tisse","status":"publish","type":"post","link":"https:\/\/7culture.ci\/index.php\/2025\/07\/04\/mode-yorodehe-2025-guiglo-aux-couleurs-du-pagne-tisse\/","title":{"rendered":"Mode\/Yorod\u00e9h\u00e9 2025\u00a0: Guiglo aux couleurs du pagne tiss\u00e9\u00a0!"},"content":{"rendered":"\n<p>La 11<sup>e<\/sup> \u00e9dition du Festival de pagne tiss\u00e9, Yorod\u00e9h\u00e9, se d\u00e9roule les 4 et 5 juillet 2025 \u00e0 Guiglo. Apr\u00e8s 10 ans de si\u00e8ge \u00e0 Abidjan, le Yorod\u00e9h\u00e9 traduit en langue W\u00ea comme un nouveau soleil se d\u00e9localise cette ann\u00e9e. \u00ab&nbsp;<em>Je suis de la r\u00e9gion et il \u00e9tait quand important que depuis 11 ans aujourd&#8217;hui qu\u2019on valorise le pagne tiss\u00e9 de la zone, on y fasse un tour. C&#8217;est ce qu&#8217;on veut faire cette ann\u00e9e. Car on n&#8217;y avait jamais organis\u00e9 un d\u00e9fil\u00e9<\/em>&nbsp;\u00bb, a expliqu\u00e9 Ouli Pat, la commissaire g\u00e9n\u00e9rale de l&#8217;\u00e9v\u00e9nement au cours d\u2019un entretien dans sa boutique d\u2019Abidjan-2Plateaux-Vallons. Elle a poursuivi qu\u2019\u00e0 la 10<sup>e<\/sup> \u00e9dition, son organisation avait promis construire un centre des m\u00e9tiers de la couture \u00e0 Guiglo. \u00ab&nbsp;<em>On va y tenir cette ann\u00e9e le rendez-vous annuel du festival du pagne tiss\u00e9 pour rassurer les populations. En tant que fille de la r\u00e9gion, il est aussi de mon devoir de mettre en lumi\u00e8re les cr\u00e9ateurs de la localit\u00e9 surtout que c&#8217;est l\u00e0-bas qu&#8217;on tisse le pagne<\/em>&nbsp;\u00bb, a soutenu la commissaire g\u00e9n\u00e9rale du Yorod\u00e9h\u00e9.<\/p>\n\n\n\n<figure class=\"wp-block-gallery has-nested-images columns-default is-cropped wp-block-gallery-1 is-layout-flex wp-block-gallery-is-layout-flex\">\n<figure class=\"wp-block-image size-large\"><img loading=\"lazy\" decoding=\"async\" width=\"574\" height=\"1024\" data-id=\"26893\" src=\"https:\/\/7culture.ci\/wp-content\/uploads\/2025\/07\/pat11-574x1024.jpg\" alt=\"\" class=\"wp-image-26893\" srcset=\"https:\/\/7culture.ci\/wp-content\/uploads\/2025\/07\/pat11-574x1024.jpg 574w, https:\/\/7culture.ci\/wp-content\/uploads\/2025\/07\/pat11-168x300.jpg 168w, https:\/\/7culture.ci\/wp-content\/uploads\/2025\/07\/pat11-768x1369.jpg 768w, https:\/\/7culture.ci\/wp-content\/uploads\/2025\/07\/pat11-862x1536.jpg 862w, https:\/\/7culture.ci\/wp-content\/uploads\/2025\/07\/pat11-1149x2048.jpg 1149w, https:\/\/7culture.ci\/wp-content\/uploads\/2025\/07\/pat11.jpg 1370w\" sizes=\"(max-width: 574px) 100vw, 574px\" \/><\/figure>\n\n\n\n<figure class=\"wp-block-image size-large\"><img loading=\"lazy\" decoding=\"async\" width=\"512\" height=\"768\" data-id=\"26891\" src=\"https:\/\/7culture.ci\/wp-content\/uploads\/2025\/07\/pat12.jpg\" alt=\"\" class=\"wp-image-26891\" srcset=\"https:\/\/7culture.ci\/wp-content\/uploads\/2025\/07\/pat12.jpg 512w, https:\/\/7culture.ci\/wp-content\/uploads\/2025\/07\/pat12-200x300.jpg 200w\" sizes=\"(max-width: 512px) 100vw, 512px\" \/><\/figure>\n\n\n\n<figure class=\"wp-block-image size-large\"><img loading=\"lazy\" decoding=\"async\" width=\"683\" height=\"1024\" data-id=\"26892\" src=\"https:\/\/7culture.ci\/wp-content\/uploads\/2025\/07\/pat14-683x1024.jpg\" alt=\"\" class=\"wp-image-26892\" srcset=\"https:\/\/7culture.ci\/wp-content\/uploads\/2025\/07\/pat14-683x1024.jpg 683w, https:\/\/7culture.ci\/wp-content\/uploads\/2025\/07\/pat14-200x300.jpg 200w, https:\/\/7culture.ci\/wp-content\/uploads\/2025\/07\/pat14-768x1152.jpg 768w, https:\/\/7culture.ci\/wp-content\/uploads\/2025\/07\/pat14-1024x1536.jpg 1024w, https:\/\/7culture.ci\/wp-content\/uploads\/2025\/07\/pat14-1365x2048.jpg 1365w, https:\/\/7culture.ci\/wp-content\/uploads\/2025\/07\/pat14.jpg 1600w\" sizes=\"(max-width: 683px) 100vw, 683px\" \/><\/figure>\n<\/figure>\n\n\n\n<p>Cette \u00e9dition sp\u00e9ciale comprend un m\u00e9chant all\u00e9chant. D\u2019entr\u00e9e, il y a une expo-vendre les 4 et 5 juillet 2025. En plus des artisans et cr\u00e9ateurs locaux, la s\u00e9ance sera enrichie par les cr\u00e9ations des invit\u00e9s venus du village&nbsp;de Warani\u00e9n\u00e9&nbsp;pr\u00e8s de Korhogo. Ensuite, il y aura des panels et des visites de sites touristiques de la r\u00e9gion. Le th\u00e8me principal de cette \u00e9dition est &#8220;Entrepreneuriat f\u00e9minin et coh\u00e9sion sociale&#8221;. Il sera d\u00e9battu par des experts qui se prononceront sur des sous-th\u00e8mes comme : \u2018\u2019Coh\u00e9sion sociale et valorisation des identit\u00e9s culturelles \u00e0 travers la mode\u2019\u2019, \u2018\u2019Le pagne tiss\u00e9 comme levier d&#8217;autonomisation des femmes rurales\u2019\u2019 et \u2018\u2019Jeunes filles, \u00e9ducation et m\u00e9tiers du pagne tiss\u00e9 : investir dans l&#8217;avenir\u2019\u2019. Enfin, le final de ce 11<sup>e<\/sup> show du Yorod\u00e9h\u00e9 sera un grand d\u00e9fil\u00e9 le 5 juillet au cours d\u2019une soir\u00e9e de mode \u00e0 l&#8217;H\u00f4tel Tam-tam (Annexe). L\u2019initiatrice Ouli Pat Cr\u00e9ation prendra une part active \u00e0 cette pr\u00e9sentation avec des stylistes venus d&#8217;Abidjan. \u00ab&nbsp;<em>La maison Ouli Pat Cr\u00e9ation pr\u00e9sentera une nouvelle collection au cours de cette 11<sup>e<\/sup> \u00e9dition du Yorod\u00e9h\u00e9&nbsp;pour \u00e9gayer le public<\/em> \u00bb, a rassur\u00e9 Ouli Pat, premi\u00e8re laur\u00e9ate du Prix \u00c9dition limit\u00e9e de l\u2019Organisation internationale de la francophonie (Oif) en 2014. Mais le gros lot sera r\u00e9serv\u00e9 aux stylistes et mod\u00e9listes des r\u00e9gions du Cavally et du Gu\u00e9mon.<\/p>\n\n\n\n<figure class=\"wp-block-gallery has-nested-images columns-default is-cropped wp-block-gallery-2 is-layout-flex wp-block-gallery-is-layout-flex\">\n<figure class=\"wp-block-image size-large\"><img loading=\"lazy\" decoding=\"async\" width=\"881\" height=\"1024\" data-id=\"26895\" src=\"https:\/\/7culture.ci\/wp-content\/uploads\/2025\/07\/pat13-881x1024.jpg\" alt=\"\" class=\"wp-image-26895\" srcset=\"https:\/\/7culture.ci\/wp-content\/uploads\/2025\/07\/pat13-881x1024.jpg 881w, https:\/\/7culture.ci\/wp-content\/uploads\/2025\/07\/pat13-258x300.jpg 258w, https:\/\/7culture.ci\/wp-content\/uploads\/2025\/07\/pat13-768x893.jpg 768w, https:\/\/7culture.ci\/wp-content\/uploads\/2025\/07\/pat13.jpg 885w\" sizes=\"(max-width: 881px) 100vw, 881px\" \/><\/figure>\n\n\n\n<figure class=\"wp-block-image size-large\"><img loading=\"lazy\" decoding=\"async\" width=\"1024\" height=\"1024\" data-id=\"26894\" src=\"https:\/\/7culture.ci\/wp-content\/uploads\/2025\/07\/pat15-1024x1024.jpg\" alt=\"\" class=\"wp-image-26894\" srcset=\"https:\/\/7culture.ci\/wp-content\/uploads\/2025\/07\/pat15-1024x1024.jpg 1024w, https:\/\/7culture.ci\/wp-content\/uploads\/2025\/07\/pat15-300x300.jpg 300w, https:\/\/7culture.ci\/wp-content\/uploads\/2025\/07\/pat15-150x150.jpg 150w, https:\/\/7culture.ci\/wp-content\/uploads\/2025\/07\/pat15-768x768.jpg 768w, https:\/\/7culture.ci\/wp-content\/uploads\/2025\/07\/pat15-65x65.jpg 65w, https:\/\/7culture.ci\/wp-content\/uploads\/2025\/07\/pat15.jpg 1245w\" sizes=\"(max-width: 1024px) 100vw, 1024px\" \/><\/figure>\n<\/figure>\n\n\n\n<p>Le commissariat g\u00e9n\u00e9ral de ce festival de pagne tiss\u00e9 trouve que le bilan positif. \u00ab&nbsp;<em>A la premi\u00e8re \u00e9dition, il n&#8217;y avait pas trop d&#8217;engouement mais aujourd&#8217;hui, le pagne tiss\u00e9 est beaucoup plus command\u00e9. On a permis \u00e0 des jeunes qui sortaient de la crise post-\u00e9lectorale de pouvoir croire en ce qu\u2019ils faisaient. Cela a aussi permis de cr\u00e9er des emplois<\/em>&nbsp;\u00bb, a dit Ouli Pat. Sa 11<sup>e<\/sup> c\u00e9r\u00e9monie de valorisation du pagne tiss\u00e9 sera parrain\u00e9e Anne D\u00e9sir\u00e9e Ouloto, ministre d&#8217;Etat, ministre de la Fonction publique et de la modernisation de l&#8217;Administration. Elle est plac\u00e9e sous l\u2019assistance tut\u00e9laire de Fran\u00e7oise Remarck, ministre de la culture et de la francophonie. La cr\u00e9atrice Memel sera la marraine artistique.<\/p>\n\n\n\n<p>DT<\/p>\n","protected":false},"excerpt":{"rendered":"<p>La 11e \u00e9dition du Festival de pagne tiss\u00e9, Yorod\u00e9h\u00e9, se d\u00e9roule les 4 et 5 juillet 2025 \u00e0 Guiglo. Apr\u00e8s 10 ans de si\u00e8ge \u00e0 Abidjan, le Yorod\u00e9h\u00e9 traduit en langue W\u00ea comme un nouveau soleil se d\u00e9localise cette ann\u00e9e. \u00ab&nbsp;Je suis de la r\u00e9gion et il \u00e9tait quand important que depuis 11 ans aujourd&#8217;hui &hellip;<\/p>\n<p class=\"read-more\"> <a class=\"\" href=\"https:\/\/7culture.ci\/index.php\/2025\/07\/04\/mode-yorodehe-2025-guiglo-aux-couleurs-du-pagne-tisse\/\"> <span class=\"screen-reader-text\">Mode\/Yorod\u00e9h\u00e9 2025\u00a0: Guiglo aux couleurs du pagne tiss\u00e9\u00a0!<\/span> Lire la suite\u00a0\u00bb<\/a><\/p>\n","protected":false},"author":1,"featured_media":26890,"comment_status":"open","ping_status":"open","sticky":false,"template":"","format":"standard","meta":{"_mi_skip_tracking":false,"_monsterinsights_sitenote_active":false,"_monsterinsights_sitenote_note":"","_monsterinsights_sitenote_category":0,"site-sidebar-layout":"default","site-content-layout":"default","ast-global-header-display":"","ast-main-header-display":"","ast-hfb-above-header-display":"","ast-hfb-below-header-display":"","ast-hfb-mobile-header-display":"","site-post-title":"","ast-breadcrumbs-content":"","ast-featured-img":"","footer-sml-layout":"","theme-transparent-header-meta":"","adv-header-id-meta":"","stick-header-meta":"","header-above-stick-meta":"","header-main-stick-meta":"","header-below-stick-meta":"","footnotes":"","jetpack_publicize_message":"","jetpack_is_tweetstorm":false,"jetpack_publicize_feature_enabled":true},"categories":[39],"tags":[],"jetpack_publicize_connections":[],"acf":[],"aioseo_notices":[],"yoast_head":"<!-- This site is optimized with the Yoast SEO plugin v19.6.1 - https:\/\/yoast.com\/wordpress\/plugins\/seo\/ -->\n<title>Mode\/Yorod\u00e9h\u00e9 2025\u00a0: Guiglo aux couleurs du pagne tiss\u00e9\u00a0! - 7culture<\/title>\n<meta name=\"robots\" content=\"index, follow, max-snippet:-1, max-image-preview:large, max-video-preview:-1\" \/>\n<link rel=\"canonical\" href=\"https:\/\/7culture.ci\/index.php\/2025\/07\/04\/mode-yorodehe-2025-guiglo-aux-couleurs-du-pagne-tisse\/\" \/>\n<meta property=\"og:locale\" content=\"fr_FR\" \/>\n<meta property=\"og:type\" content=\"article\" \/>\n<meta property=\"og:title\" content=\"Mode\/Yorod\u00e9h\u00e9 2025\u00a0: Guiglo aux couleurs du pagne tiss\u00e9\u00a0! - 7culture\" \/>\n<meta property=\"og:description\" content=\"La 11e \u00e9dition du Festival de pagne tiss\u00e9, Yorod\u00e9h\u00e9, se d\u00e9roule les 4 et 5 juillet 2025 \u00e0 Guiglo. Apr\u00e8s 10 ans de si\u00e8ge \u00e0 Abidjan, le Yorod\u00e9h\u00e9 traduit en langue W\u00ea comme un nouveau soleil se d\u00e9localise cette ann\u00e9e. \u00ab&nbsp;Je suis de la r\u00e9gion et il \u00e9tait quand important que depuis 11 ans aujourd&#8217;hui &hellip; Mode\/Yorod\u00e9h\u00e9 2025\u00a0: Guiglo aux couleurs du pagne tiss\u00e9\u00a0! Lire la suite\u00a0\u00bb\" \/>\n<meta property=\"og:url\" content=\"https:\/\/7culture.ci\/index.php\/2025\/07\/04\/mode-yorodehe-2025-guiglo-aux-couleurs-du-pagne-tisse\/\" \/>\n<meta property=\"og:site_name\" content=\"7culture\" \/>\n<meta property=\"article:publisher\" content=\"https:\/\/www.facebook.com\/redchefclaude\" \/>\n<meta property=\"article:published_time\" content=\"2025-07-04T10:34:55+00:00\" \/>\n<meta property=\"article:modified_time\" content=\"2025-07-09T12:15:16+00:00\" \/>\n<meta property=\"og:image\" content=\"http:\/\/7culture.ci\/wp-content\/uploads\/2025\/07\/Yoro.jpg\" \/>\n\t<meta property=\"og:image:width\" content=\"1600\" \/>\n\t<meta property=\"og:image:height\" content=\"1066\" \/>\n\t<meta property=\"og:image:type\" content=\"image\/jpeg\" \/>\n<meta name=\"author\" content=\"7culture2020\" \/>\n<meta name=\"twitter:card\" content=\"summary_large_image\" \/>\n<meta name=\"twitter:creator\" content=\"@7culturec\" \/>\n<meta name=\"twitter:site\" content=\"@7culturec\" \/>\n<meta name=\"twitter:label1\" content=\"\u00c9crit par\" \/>\n\t<meta name=\"twitter:data1\" content=\"7culture2020\" \/>\n\t<meta name=\"twitter:label2\" content=\"Dur\u00e9e de lecture estim\u00e9e\" \/>\n\t<meta name=\"twitter:data2\" content=\"3 minutes\" \/>\n<script type=\"application\/ld+json\" class=\"yoast-schema-graph\">{\"@context\":\"https:\/\/schema.org\",\"@graph\":[{\"@type\":\"Article\",\"@id\":\"https:\/\/7culture.ci\/index.php\/2025\/07\/04\/mode-yorodehe-2025-guiglo-aux-couleurs-du-pagne-tisse\/#article\",\"isPartOf\":{\"@id\":\"https:\/\/7culture.ci\/index.php\/2025\/07\/04\/mode-yorodehe-2025-guiglo-aux-couleurs-du-pagne-tisse\/\"},\"author\":{\"name\":\"7culture2020\",\"@id\":\"https:\/\/7culture.ci\/#\/schema\/person\/16150d28d7ef66ba788c1f87f28c4426\"},\"headline\":\"Mode\/Yorod\u00e9h\u00e9 2025\u00a0: Guiglo aux couleurs du pagne tiss\u00e9\u00a0!\",\"datePublished\":\"2025-07-04T10:34:55+00:00\",\"dateModified\":\"2025-07-09T12:15:16+00:00\",\"mainEntityOfPage\":{\"@id\":\"https:\/\/7culture.ci\/index.php\/2025\/07\/04\/mode-yorodehe-2025-guiglo-aux-couleurs-du-pagne-tisse\/\"},\"wordCount\":589,\"commentCount\":0,\"publisher\":{\"@id\":\"https:\/\/7culture.ci\/#organization\"},\"articleSection\":[\"Mode\"],\"inLanguage\":\"fr-FR\",\"potentialAction\":[{\"@type\":\"CommentAction\",\"name\":\"Comment\",\"target\":[\"https:\/\/7culture.ci\/index.php\/2025\/07\/04\/mode-yorodehe-2025-guiglo-aux-couleurs-du-pagne-tisse\/#respond\"]}]},{\"@type\":\"WebPage\",\"@id\":\"https:\/\/7culture.ci\/index.php\/2025\/07\/04\/mode-yorodehe-2025-guiglo-aux-couleurs-du-pagne-tisse\/\",\"url\":\"https:\/\/7culture.ci\/index.php\/2025\/07\/04\/mode-yorodehe-2025-guiglo-aux-couleurs-du-pagne-tisse\/\",\"name\":\"Mode\/Yorod\u00e9h\u00e9 2025\u00a0: Guiglo aux couleurs du pagne tiss\u00e9\u00a0! - 7culture\",\"isPartOf\":{\"@id\":\"https:\/\/7culture.ci\/#website\"},\"datePublished\":\"2025-07-04T10:34:55+00:00\",\"dateModified\":\"2025-07-09T12:15:16+00:00\",\"breadcrumb\":{\"@id\":\"https:\/\/7culture.ci\/index.php\/2025\/07\/04\/mode-yorodehe-2025-guiglo-aux-couleurs-du-pagne-tisse\/#breadcrumb\"},\"inLanguage\":\"fr-FR\",\"potentialAction\":[{\"@type\":\"ReadAction\",\"target\":[\"https:\/\/7culture.ci\/index.php\/2025\/07\/04\/mode-yorodehe-2025-guiglo-aux-couleurs-du-pagne-tisse\/\"]}]},{\"@type\":\"BreadcrumbList\",\"@id\":\"https:\/\/7culture.ci\/index.php\/2025\/07\/04\/mode-yorodehe-2025-guiglo-aux-couleurs-du-pagne-tisse\/#breadcrumb\",\"itemListElement\":[{\"@type\":\"ListItem\",\"position\":1,\"name\":\"Accueil\",\"item\":\"https:\/\/7culture.ci\/\"},{\"@type\":\"ListItem\",\"position\":2,\"name\":\"Mode\/Yorod\u00e9h\u00e9 2025\u00a0: Guiglo aux couleurs du pagne tiss\u00e9\u00a0!\"}]},{\"@type\":\"WebSite\",\"@id\":\"https:\/\/7culture.ci\/#website\",\"url\":\"https:\/\/7culture.ci\/\",\"name\":\"7culture\",\"description\":\"Tout sur l&#039;actualit\u00e9\",\"publisher\":{\"@id\":\"https:\/\/7culture.ci\/#organization\"},\"potentialAction\":[{\"@type\":\"SearchAction\",\"target\":{\"@type\":\"EntryPoint\",\"urlTemplate\":\"https:\/\/7culture.ci\/?s={search_term_string}\"},\"query-input\":\"required name=search_term_string\"}],\"inLanguage\":\"fr-FR\"},{\"@type\":\"Organization\",\"@id\":\"https:\/\/7culture.ci\/#organization\",\"name\":\"7culture\",\"url\":\"https:\/\/7culture.ci\/\",\"sameAs\":[\"https:\/\/www.facebook.com\/redchefclaude\",\"https:\/\/twitter.com\/7culturec\"],\"logo\":{\"@type\":\"ImageObject\",\"inLanguage\":\"fr-FR\",\"@id\":\"https:\/\/7culture.ci\/#\/schema\/logo\/image\/\",\"url\":\"https:\/\/7culture.ci\/wp-content\/uploads\/2021\/12\/S1a-1.png\",\"contentUrl\":\"https:\/\/7culture.ci\/wp-content\/uploads\/2021\/12\/S1a-1.png\",\"width\":588,\"height\":192,\"caption\":\"7culture\"},\"image\":{\"@id\":\"https:\/\/7culture.ci\/#\/schema\/logo\/image\/\"}},{\"@type\":\"Person\",\"@id\":\"https:\/\/7culture.ci\/#\/schema\/person\/16150d28d7ef66ba788c1f87f28c4426\",\"name\":\"7culture2020\",\"image\":{\"@type\":\"ImageObject\",\"inLanguage\":\"fr-FR\",\"@id\":\"https:\/\/7culture.ci\/#\/schema\/person\/image\/\",\"url\":\"https:\/\/secure.gravatar.com\/avatar\/9a0784f951306c37bcd065f52844ef95?s=96&d=mm&r=g\",\"contentUrl\":\"https:\/\/secure.gravatar.com\/avatar\/9a0784f951306c37bcd065f52844ef95?s=96&d=mm&r=g\",\"caption\":\"7culture2020\"},\"sameAs\":[\"http:\/\/7culture.ci\",\"Claude.kipre\"],\"url\":\"https:\/\/7culture.ci\/index.php\/author\/7culture2020\/\"}]}<\/script>\n<!-- \/ Yoast SEO plugin. -->","yoast_head_json":{"title":"Mode\/Yorod\u00e9h\u00e9 2025\u00a0: Guiglo aux couleurs du pagne tiss\u00e9\u00a0! - 7culture","robots":{"index":"index","follow":"follow","max-snippet":"max-snippet:-1","max-image-preview":"max-image-preview:large","max-video-preview":"max-video-preview:-1"},"canonical":"https:\/\/7culture.ci\/index.php\/2025\/07\/04\/mode-yorodehe-2025-guiglo-aux-couleurs-du-pagne-tisse\/","og_locale":"fr_FR","og_type":"article","og_title":"Mode\/Yorod\u00e9h\u00e9 2025\u00a0: Guiglo aux couleurs du pagne tiss\u00e9\u00a0! - 7culture","og_description":"La 11e \u00e9dition du Festival de pagne tiss\u00e9, Yorod\u00e9h\u00e9, se d\u00e9roule les 4 et 5 juillet 2025 \u00e0 Guiglo. Apr\u00e8s 10 ans de si\u00e8ge \u00e0 Abidjan, le Yorod\u00e9h\u00e9 traduit en langue W\u00ea comme un nouveau soleil se d\u00e9localise cette ann\u00e9e. \u00ab&nbsp;Je suis de la r\u00e9gion et il \u00e9tait quand important que depuis 11 ans aujourd&#8217;hui &hellip; Mode\/Yorod\u00e9h\u00e9 2025\u00a0: Guiglo aux couleurs du pagne tiss\u00e9\u00a0! Lire la suite\u00a0\u00bb","og_url":"https:\/\/7culture.ci\/index.php\/2025\/07\/04\/mode-yorodehe-2025-guiglo-aux-couleurs-du-pagne-tisse\/","og_site_name":"7culture","article_publisher":"https:\/\/www.facebook.com\/redchefclaude","article_published_time":"2025-07-04T10:34:55+00:00","article_modified_time":"2025-07-09T12:15:16+00:00","og_image":[{"width":1600,"height":1066,"url":"http:\/\/7culture.ci\/wp-content\/uploads\/2025\/07\/Yoro.jpg","type":"image\/jpeg"}],"author":"7culture2020","twitter_card":"summary_large_image","twitter_creator":"@7culturec","twitter_site":"@7culturec","twitter_misc":{"\u00c9crit par":"7culture2020","Dur\u00e9e de lecture estim\u00e9e":"3 minutes"},"schema":{"@context":"https:\/\/schema.org","@graph":[{"@type":"Article","@id":"https:\/\/7culture.ci\/index.php\/2025\/07\/04\/mode-yorodehe-2025-guiglo-aux-couleurs-du-pagne-tisse\/#article","isPartOf":{"@id":"https:\/\/7culture.ci\/index.php\/2025\/07\/04\/mode-yorodehe-2025-guiglo-aux-couleurs-du-pagne-tisse\/"},"author":{"name":"7culture2020","@id":"https:\/\/7culture.ci\/#\/schema\/person\/16150d28d7ef66ba788c1f87f28c4426"},"headline":"Mode\/Yorod\u00e9h\u00e9 2025\u00a0: Guiglo aux couleurs du pagne tiss\u00e9\u00a0!","datePublished":"2025-07-04T10:34:55+00:00","dateModified":"2025-07-09T12:15:16+00:00","mainEntityOfPage":{"@id":"https:\/\/7culture.ci\/index.php\/2025\/07\/04\/mode-yorodehe-2025-guiglo-aux-couleurs-du-pagne-tisse\/"},"wordCount":589,"commentCount":0,"publisher":{"@id":"https:\/\/7culture.ci\/#organization"},"articleSection":["Mode"],"inLanguage":"fr-FR","potentialAction":[{"@type":"CommentAction","name":"Comment","target":["https:\/\/7culture.ci\/index.php\/2025\/07\/04\/mode-yorodehe-2025-guiglo-aux-couleurs-du-pagne-tisse\/#respond"]}]},{"@type":"WebPage","@id":"https:\/\/7culture.ci\/index.php\/2025\/07\/04\/mode-yorodehe-2025-guiglo-aux-couleurs-du-pagne-tisse\/","url":"https:\/\/7culture.ci\/index.php\/2025\/07\/04\/mode-yorodehe-2025-guiglo-aux-couleurs-du-pagne-tisse\/","name":"Mode\/Yorod\u00e9h\u00e9 2025\u00a0: Guiglo aux couleurs du pagne tiss\u00e9\u00a0! - 7culture","isPartOf":{"@id":"https:\/\/7culture.ci\/#website"},"datePublished":"2025-07-04T10:34:55+00:00","dateModified":"2025-07-09T12:15:16+00:00","breadcrumb":{"@id":"https:\/\/7culture.ci\/index.php\/2025\/07\/04\/mode-yorodehe-2025-guiglo-aux-couleurs-du-pagne-tisse\/#breadcrumb"},"inLanguage":"fr-FR","potentialAction":[{"@type":"ReadAction","target":["https:\/\/7culture.ci\/index.php\/2025\/07\/04\/mode-yorodehe-2025-guiglo-aux-couleurs-du-pagne-tisse\/"]}]},{"@type":"BreadcrumbList","@id":"https:\/\/7culture.ci\/index.php\/2025\/07\/04\/mode-yorodehe-2025-guiglo-aux-couleurs-du-pagne-tisse\/#breadcrumb","itemListElement":[{"@type":"ListItem","position":1,"name":"Accueil","item":"https:\/\/7culture.ci\/"},{"@type":"ListItem","position":2,"name":"Mode\/Yorod\u00e9h\u00e9 2025\u00a0: Guiglo aux couleurs du pagne tiss\u00e9\u00a0!"}]},{"@type":"WebSite","@id":"https:\/\/7culture.ci\/#website","url":"https:\/\/7culture.ci\/","name":"7culture","description":"Tout sur l&#039;actualit\u00e9","publisher":{"@id":"https:\/\/7culture.ci\/#organization"},"potentialAction":[{"@type":"SearchAction","target":{"@type":"EntryPoint","urlTemplate":"https:\/\/7culture.ci\/?s={search_term_string}"},"query-input":"required name=search_term_string"}],"inLanguage":"fr-FR"},{"@type":"Organization","@id":"https:\/\/7culture.ci\/#organization","name":"7culture","url":"https:\/\/7culture.ci\/","sameAs":["https:\/\/www.facebook.com\/redchefclaude","https:\/\/twitter.com\/7culturec"],"logo":{"@type":"ImageObject","inLanguage":"fr-FR","@id":"https:\/\/7culture.ci\/#\/schema\/logo\/image\/","url":"https:\/\/7culture.ci\/wp-content\/uploads\/2021\/12\/S1a-1.png","contentUrl":"https:\/\/7culture.ci\/wp-content\/uploads\/2021\/12\/S1a-1.png","width":588,"height":192,"caption":"7culture"},"image":{"@id":"https:\/\/7culture.ci\/#\/schema\/logo\/image\/"}},{"@type":"Person","@id":"https:\/\/7culture.ci\/#\/schema\/person\/16150d28d7ef66ba788c1f87f28c4426","name":"7culture2020","image":{"@type":"ImageObject","inLanguage":"fr-FR","@id":"https:\/\/7culture.ci\/#\/schema\/person\/image\/","url":"https:\/\/secure.gravatar.com\/avatar\/9a0784f951306c37bcd065f52844ef95?s=96&d=mm&r=g","contentUrl":"https:\/\/secure.gravatar.com\/avatar\/9a0784f951306c37bcd065f52844ef95?s=96&d=mm&r=g","caption":"7culture2020"},"sameAs":["http:\/\/7culture.ci","Claude.kipre"],"url":"https:\/\/7culture.ci\/index.php\/author\/7culture2020\/"}]}},"jetpack_featured_media_url":"https:\/\/7culture.ci\/wp-content\/uploads\/2025\/07\/Yoro.jpg","jetpack_likes_enabled":true,"jetpack_sharing_enabled":true,"_links":{"self":[{"href":"https:\/\/7culture.ci\/index.php\/wp-json\/wp\/v2\/posts\/26888"}],"collection":[{"href":"https:\/\/7culture.ci\/index.php\/wp-json\/wp\/v2\/posts"}],"about":[{"href":"https:\/\/7culture.ci\/index.php\/wp-json\/wp\/v2\/types\/post"}],"author":[{"embeddable":true,"href":"https:\/\/7culture.ci\/index.php\/wp-json\/wp\/v2\/users\/1"}],"replies":[{"embeddable":true,"href":"https:\/\/7culture.ci\/index.php\/wp-json\/wp\/v2\/comments?post=26888"}],"version-history":[{"count":1,"href":"https:\/\/7culture.ci\/index.php\/wp-json\/wp\/v2\/posts\/26888\/revisions"}],"predecessor-version":[{"id":26896,"href":"https:\/\/7culture.ci\/index.php\/wp-json\/wp\/v2\/posts\/26888\/revisions\/26896"}],"wp:featuredmedia":[{"embeddable":true,"href":"https:\/\/7culture.ci\/index.php\/wp-json\/wp\/v2\/media\/26890"}],"wp:attachment":[{"href":"https:\/\/7culture.ci\/index.php\/wp-json\/wp\/v2\/media?parent=26888"}],"wp:term":[{"taxonomy":"category","embeddable":true,"href":"https:\/\/7culture.ci\/index.php\/wp-json\/wp\/v2\/categories?post=26888"},{"taxonomy":"post_tag","embeddable":true,"href":"https:\/\/7culture.ci\/index.php\/wp-json\/wp\/v2\/tags?post=26888"}],"curies":[{"name":"wp","href":"https:\/\/api.w.org\/{rel}","templated":true}]}}