{"id":26829,"date":"2025-05-23T20:57:40","date_gmt":"2025-05-23T20:57:40","guid":{"rendered":"https:\/\/7culture.ci\/?p=26829"},"modified":"2025-05-29T20:10:09","modified_gmt":"2025-05-29T20:10:09","slug":"cannes-2025-cynthia-nassardine-et-paul-laurain-k-font-briller-la-cote-divoire-sur-la-croisette","status":"publish","type":"post","link":"https:\/\/7culture.ci\/index.php\/2025\/05\/23\/cannes-2025-cynthia-nassardine-et-paul-laurain-k-font-briller-la-cote-divoire-sur-la-croisette\/","title":{"rendered":"Cannes 2025\u00a0: Cynthia Nassardine et Paul-Laurain K font briller la C\u00f4te d\u2019Ivoire sur la Croisette"},"content":{"rendered":"\n<p>Le peu que l\u2019on puisse dire, c\u2019est que l\u2019actrice Cynthia Nassardine et le couturier Paul-Laurain K ont hiss\u00e9 haut le drapeau ivoirien \u00e0 la 78<sup>e<\/sup> \u00e9dition du Festival de Cannes en France qui se tient du 13 au 24 mai 2025. Au cours d\u2019une une mont\u00e9e des marches qui a marqu\u00e9 les festivaliers, les t\u00e9l\u00e9spectateurs et internautes, l\u2019actrice et productrice ivoirienne, Cynthia Nassardine a \u00e9bloui le tapis rouge. Elle \u00e9tait habill\u00e9e par Paul-Laurain K., jeune fleuron et belle promesse de la mode ivoirienne. La tenue qu\u2019arborait la star du cin\u00e9ma ivoirien, \u00e9tait audacieuse et raffin\u00e9e, symbole d\u2019une \u00e9l\u00e9gance engag\u00e9e et d\u2019un patriotisme culturel affirm\u00e9.<\/p>\n\n\n\n<p>Si depuis quelque temps, Cynthia Nassardine ne se faisait pas entendre sur les r\u00e9seaux sociaux, elle a bien sign\u00e9 son retour de fort belle mani\u00e8re sur la Croisette. Derri\u00e8re son jeu fluide qui d\u00e9sarme et captive les regards, Miss Nassardine a fond\u00e9 Golden Lioness Productions, sa maison de production. Elle lui sert de pi\u00e9destal pour promouvoir des talents africains \u00e0 travers le cin\u00e9ma, la t\u00e9l\u00e9vision et les contenus culturels. Sa pr\u00e9sence \u00e0 Cannes, v\u00eatue d\u2019une pi\u00e8ce issue de l\u2019artisanat ivoirien, traduit une volont\u00e9 claire : faire du style un outil diplomatique, et du v\u00eatement un manifeste.<\/p>\n\n\n\n<figure class=\"wp-block-image size-large\"><img loading=\"lazy\" decoding=\"async\" width=\"819\" height=\"1024\" src=\"https:\/\/7culture.ci\/wp-content\/uploads\/2025\/05\/Cannes-2025-Cynthia-Nassardine-819x1024.jpg\" alt=\"\" class=\"wp-image-26832\" srcset=\"https:\/\/7culture.ci\/wp-content\/uploads\/2025\/05\/Cannes-2025-Cynthia-Nassardine-819x1024.jpg 819w, https:\/\/7culture.ci\/wp-content\/uploads\/2025\/05\/Cannes-2025-Cynthia-Nassardine-240x300.jpg 240w, https:\/\/7culture.ci\/wp-content\/uploads\/2025\/05\/Cannes-2025-Cynthia-Nassardine-768x960.jpg 768w, https:\/\/7culture.ci\/wp-content\/uploads\/2025\/05\/Cannes-2025-Cynthia-Nassardine-1229x1536.jpg 1229w, https:\/\/7culture.ci\/wp-content\/uploads\/2025\/05\/Cannes-2025-Cynthia-Nassardine-1638x2048.jpg 1638w, https:\/\/7culture.ci\/wp-content\/uploads\/2025\/05\/Cannes-2025-Cynthia-Nassardine-scaled.jpg 2048w\" sizes=\"(max-width: 819px) 100vw, 819px\" \/><\/figure>\n\n\n\n<p>Avec une robe asym\u00e9trique et sculpturale qui d\u00e9gageait modernit\u00e9, raffinement et savoir-faire traditionnel, c\u2019est tout le g\u00e9nie de la cr\u00e9ation ivoirienne qui s\u2019est invit\u00e9e sur l\u2019une des sc\u00e8nes les plus prestigieuses du monde. Aid\u00e9 par sa remarquable \u00e9g\u00e9rie, Paul-Laurain Kasse, fondateur de la maison Paul-Laurain K., a confirm\u00e9 son ascension fulgurante dans l\u2019univers de la mode. Gr\u00e2ce \u00e0 cette vitrine internationale, son travail se pose d\u00e9sormais comme un ambassadeur du luxe africain.<\/p>\n\n\n\n<figure class=\"wp-block-gallery has-nested-images columns-default is-cropped wp-block-gallery-1 is-layout-flex wp-block-gallery-is-layout-flex\">\n<figure class=\"wp-block-image size-large\"><img loading=\"lazy\" decoding=\"async\" width=\"682\" height=\"1024\" data-id=\"26833\" src=\"https:\/\/7culture.ci\/wp-content\/uploads\/2025\/05\/Cynthia-Nassardine-Cannes2025-2-682x1024.jpg\" alt=\"\" class=\"wp-image-26833\" srcset=\"https:\/\/7culture.ci\/wp-content\/uploads\/2025\/05\/Cynthia-Nassardine-Cannes2025-2-682x1024.jpg 682w, https:\/\/7culture.ci\/wp-content\/uploads\/2025\/05\/Cynthia-Nassardine-Cannes2025-2-200x300.jpg 200w, https:\/\/7culture.ci\/wp-content\/uploads\/2025\/05\/Cynthia-Nassardine-Cannes2025-2-768x1154.jpg 768w, https:\/\/7culture.ci\/wp-content\/uploads\/2025\/05\/Cynthia-Nassardine-Cannes2025-2-1022x1536.jpg 1022w, https:\/\/7culture.ci\/wp-content\/uploads\/2025\/05\/Cynthia-Nassardine-Cannes2025-2-1363x2048.jpg 1363w, https:\/\/7culture.ci\/wp-content\/uploads\/2025\/05\/Cynthia-Nassardine-Cannes2025-2-scaled.jpg 1704w\" sizes=\"(max-width: 682px) 100vw, 682px\" \/><\/figure>\n\n\n\n<figure class=\"wp-block-image size-large\"><img loading=\"lazy\" decoding=\"async\" width=\"682\" height=\"1024\" data-id=\"26834\" src=\"https:\/\/7culture.ci\/wp-content\/uploads\/2025\/05\/Cynthia-Nassardine-x-Paul-Laurain-K-Cannes-2025-682x1024.jpg\" alt=\"\" class=\"wp-image-26834\" srcset=\"https:\/\/7culture.ci\/wp-content\/uploads\/2025\/05\/Cynthia-Nassardine-x-Paul-Laurain-K-Cannes-2025-682x1024.jpg 682w, https:\/\/7culture.ci\/wp-content\/uploads\/2025\/05\/Cynthia-Nassardine-x-Paul-Laurain-K-Cannes-2025-200x300.jpg 200w, https:\/\/7culture.ci\/wp-content\/uploads\/2025\/05\/Cynthia-Nassardine-x-Paul-Laurain-K-Cannes-2025-768x1154.jpg 768w, https:\/\/7culture.ci\/wp-content\/uploads\/2025\/05\/Cynthia-Nassardine-x-Paul-Laurain-K-Cannes-2025-1022x1536.jpg 1022w, https:\/\/7culture.ci\/wp-content\/uploads\/2025\/05\/Cynthia-Nassardine-x-Paul-Laurain-K-Cannes-2025-1363x2048.jpg 1363w, https:\/\/7culture.ci\/wp-content\/uploads\/2025\/05\/Cynthia-Nassardine-x-Paul-Laurain-K-Cannes-2025-scaled.jpg 1704w\" sizes=\"(max-width: 682px) 100vw, 682px\" \/><\/figure>\n<\/figure>\n\n\n\n<p>Ce geste fort, loin d\u2019\u00eatre purement esth\u00e9tique, s\u2019inscrit dans une d\u00e9marche de visibilit\u00e9 et de rayonnement. Cynthia Nassardine l\u2019affirme par son choix : la C\u00f4te d\u2019Ivoire a sa place \u00e0 Cannes, par le talent de ses artistes comme de ses cr\u00e9ateurs. Une robe, une mont\u00e9e des marches, un message : l\u2019Afrique est pr\u00e9sente, fi\u00e8re et r\u00e9solument tourn\u00e9e vers l\u2019excellence.<\/p>\n\n\n\n<p><strong>Par DT<\/strong><\/p>\n\n\n\n<p><strong>Cr\u00e9dit Photo : Agence Pressecrea (Marcelo Nlele) <\/strong><strong><\/strong><\/p>\n","protected":false},"excerpt":{"rendered":"<p>Le peu que l\u2019on puisse dire, c\u2019est que l\u2019actrice Cynthia Nassardine et le couturier Paul-Laurain K ont hiss\u00e9 haut le drapeau ivoirien \u00e0 la 78e \u00e9dition du Festival de Cannes en France qui se tient du 13 au 24 mai 2025. Au cours d\u2019une une mont\u00e9e des marches qui a marqu\u00e9 les festivaliers, les t\u00e9l\u00e9spectateurs &hellip;<\/p>\n<p class=\"read-more\"> <a class=\"\" href=\"https:\/\/7culture.ci\/index.php\/2025\/05\/23\/cannes-2025-cynthia-nassardine-et-paul-laurain-k-font-briller-la-cote-divoire-sur-la-croisette\/\"> <span class=\"screen-reader-text\">Cannes 2025\u00a0: Cynthia Nassardine et Paul-Laurain K font briller la C\u00f4te d\u2019Ivoire sur la Croisette<\/span> Lire la suite\u00a0\u00bb<\/a><\/p>\n","protected":false},"author":1,"featured_media":26831,"comment_status":"open","ping_status":"open","sticky":false,"template":"","format":"standard","meta":{"_mi_skip_tracking":false,"_monsterinsights_sitenote_active":false,"_monsterinsights_sitenote_note":"","_monsterinsights_sitenote_category":0,"site-sidebar-layout":"default","site-content-layout":"default","ast-global-header-display":"","ast-main-header-display":"","ast-hfb-above-header-display":"","ast-hfb-below-header-display":"","ast-hfb-mobile-header-display":"","site-post-title":"","ast-breadcrumbs-content":"","ast-featured-img":"","footer-sml-layout":"","theme-transparent-header-meta":"","adv-header-id-meta":"","stick-header-meta":"","header-above-stick-meta":"","header-main-stick-meta":"","header-below-stick-meta":"","footnotes":"","jetpack_publicize_message":"","jetpack_is_tweetstorm":false,"jetpack_publicize_feature_enabled":true},"categories":[36],"tags":[],"jetpack_publicize_connections":[],"acf":[],"aioseo_notices":[],"yoast_head":"<!-- This site is optimized with the Yoast SEO plugin v19.6.1 - https:\/\/yoast.com\/wordpress\/plugins\/seo\/ -->\n<title>Cannes 2025\u00a0: Cynthia Nassardine et Paul-Laurain K font briller la C\u00f4te d\u2019Ivoire sur la Croisette - 7culture<\/title>\n<meta name=\"robots\" content=\"index, follow, max-snippet:-1, max-image-preview:large, max-video-preview:-1\" \/>\n<link rel=\"canonical\" href=\"https:\/\/7culture.ci\/index.php\/2025\/05\/23\/cannes-2025-cynthia-nassardine-et-paul-laurain-k-font-briller-la-cote-divoire-sur-la-croisette\/\" \/>\n<meta property=\"og:locale\" content=\"fr_FR\" \/>\n<meta property=\"og:type\" content=\"article\" \/>\n<meta property=\"og:title\" content=\"Cannes 2025\u00a0: Cynthia Nassardine et Paul-Laurain K font briller la C\u00f4te d\u2019Ivoire sur la Croisette - 7culture\" \/>\n<meta property=\"og:description\" content=\"Le peu que l\u2019on puisse dire, c\u2019est que l\u2019actrice Cynthia Nassardine et le couturier Paul-Laurain K ont hiss\u00e9 haut le drapeau ivoirien \u00e0 la 78e \u00e9dition du Festival de Cannes en France qui se tient du 13 au 24 mai 2025. Au cours d\u2019une une mont\u00e9e des marches qui a marqu\u00e9 les festivaliers, les t\u00e9l\u00e9spectateurs &hellip; Cannes 2025\u00a0: Cynthia Nassardine et Paul-Laurain K font briller la C\u00f4te d\u2019Ivoire sur la Croisette Lire la suite\u00a0\u00bb\" \/>\n<meta property=\"og:url\" content=\"https:\/\/7culture.ci\/index.php\/2025\/05\/23\/cannes-2025-cynthia-nassardine-et-paul-laurain-k-font-briller-la-cote-divoire-sur-la-croisette\/\" \/>\n<meta property=\"og:site_name\" content=\"7culture\" \/>\n<meta property=\"article:publisher\" content=\"https:\/\/www.facebook.com\/redchefclaude\" \/>\n<meta property=\"article:published_time\" content=\"2025-05-23T20:57:40+00:00\" \/>\n<meta property=\"article:modified_time\" content=\"2025-05-29T20:10:09+00:00\" \/>\n<meta property=\"og:image\" content=\"http:\/\/7culture.ci\/wp-content\/uploads\/2025\/05\/Cynthia-Nassardine-Cannes-2025-3-scaled.jpg\" \/>\n\t<meta property=\"og:image:width\" content=\"2560\" \/>\n\t<meta property=\"og:image:height\" content=\"1704\" \/>\n\t<meta property=\"og:image:type\" content=\"image\/jpeg\" \/>\n<meta name=\"author\" content=\"7culture2020\" \/>\n<meta name=\"twitter:card\" content=\"summary_large_image\" \/>\n<meta name=\"twitter:creator\" content=\"@7culturec\" \/>\n<meta name=\"twitter:site\" content=\"@7culturec\" \/>\n<meta name=\"twitter:label1\" content=\"\u00c9crit par\" \/>\n\t<meta name=\"twitter:data1\" content=\"7culture2020\" \/>\n\t<meta name=\"twitter:label2\" content=\"Dur\u00e9e de lecture estim\u00e9e\" \/>\n\t<meta name=\"twitter:data2\" content=\"2 minutes\" \/>\n<script type=\"application\/ld+json\" class=\"yoast-schema-graph\">{\"@context\":\"https:\/\/schema.org\",\"@graph\":[{\"@type\":\"Article\",\"@id\":\"https:\/\/7culture.ci\/index.php\/2025\/05\/23\/cannes-2025-cynthia-nassardine-et-paul-laurain-k-font-briller-la-cote-divoire-sur-la-croisette\/#article\",\"isPartOf\":{\"@id\":\"https:\/\/7culture.ci\/index.php\/2025\/05\/23\/cannes-2025-cynthia-nassardine-et-paul-laurain-k-font-briller-la-cote-divoire-sur-la-croisette\/\"},\"author\":{\"name\":\"7culture2020\",\"@id\":\"https:\/\/7culture.ci\/#\/schema\/person\/16150d28d7ef66ba788c1f87f28c4426\"},\"headline\":\"Cannes 2025\u00a0: Cynthia Nassardine et Paul-Laurain K font briller la C\u00f4te d\u2019Ivoire sur la Croisette\",\"datePublished\":\"2025-05-23T20:57:40+00:00\",\"dateModified\":\"2025-05-29T20:10:09+00:00\",\"mainEntityOfPage\":{\"@id\":\"https:\/\/7culture.ci\/index.php\/2025\/05\/23\/cannes-2025-cynthia-nassardine-et-paul-laurain-k-font-briller-la-cote-divoire-sur-la-croisette\/\"},\"wordCount\":403,\"commentCount\":0,\"publisher\":{\"@id\":\"https:\/\/7culture.ci\/#organization\"},\"articleSection\":[\"Cin\u00e9ma\"],\"inLanguage\":\"fr-FR\",\"potentialAction\":[{\"@type\":\"CommentAction\",\"name\":\"Comment\",\"target\":[\"https:\/\/7culture.ci\/index.php\/2025\/05\/23\/cannes-2025-cynthia-nassardine-et-paul-laurain-k-font-briller-la-cote-divoire-sur-la-croisette\/#respond\"]}]},{\"@type\":\"WebPage\",\"@id\":\"https:\/\/7culture.ci\/index.php\/2025\/05\/23\/cannes-2025-cynthia-nassardine-et-paul-laurain-k-font-briller-la-cote-divoire-sur-la-croisette\/\",\"url\":\"https:\/\/7culture.ci\/index.php\/2025\/05\/23\/cannes-2025-cynthia-nassardine-et-paul-laurain-k-font-briller-la-cote-divoire-sur-la-croisette\/\",\"name\":\"Cannes 2025\u00a0: Cynthia Nassardine et Paul-Laurain K font briller la C\u00f4te d\u2019Ivoire sur la Croisette - 7culture\",\"isPartOf\":{\"@id\":\"https:\/\/7culture.ci\/#website\"},\"datePublished\":\"2025-05-23T20:57:40+00:00\",\"dateModified\":\"2025-05-29T20:10:09+00:00\",\"breadcrumb\":{\"@id\":\"https:\/\/7culture.ci\/index.php\/2025\/05\/23\/cannes-2025-cynthia-nassardine-et-paul-laurain-k-font-briller-la-cote-divoire-sur-la-croisette\/#breadcrumb\"},\"inLanguage\":\"fr-FR\",\"potentialAction\":[{\"@type\":\"ReadAction\",\"target\":[\"https:\/\/7culture.ci\/index.php\/2025\/05\/23\/cannes-2025-cynthia-nassardine-et-paul-laurain-k-font-briller-la-cote-divoire-sur-la-croisette\/\"]}]},{\"@type\":\"BreadcrumbList\",\"@id\":\"https:\/\/7culture.ci\/index.php\/2025\/05\/23\/cannes-2025-cynthia-nassardine-et-paul-laurain-k-font-briller-la-cote-divoire-sur-la-croisette\/#breadcrumb\",\"itemListElement\":[{\"@type\":\"ListItem\",\"position\":1,\"name\":\"Accueil\",\"item\":\"https:\/\/7culture.ci\/\"},{\"@type\":\"ListItem\",\"position\":2,\"name\":\"Cannes 2025\u00a0: Cynthia Nassardine et Paul-Laurain K font briller la C\u00f4te d\u2019Ivoire sur la Croisette\"}]},{\"@type\":\"WebSite\",\"@id\":\"https:\/\/7culture.ci\/#website\",\"url\":\"https:\/\/7culture.ci\/\",\"name\":\"7culture\",\"description\":\"Tout sur l&#039;actualit\u00e9\",\"publisher\":{\"@id\":\"https:\/\/7culture.ci\/#organization\"},\"potentialAction\":[{\"@type\":\"SearchAction\",\"target\":{\"@type\":\"EntryPoint\",\"urlTemplate\":\"https:\/\/7culture.ci\/?s={search_term_string}\"},\"query-input\":\"required name=search_term_string\"}],\"inLanguage\":\"fr-FR\"},{\"@type\":\"Organization\",\"@id\":\"https:\/\/7culture.ci\/#organization\",\"name\":\"7culture\",\"url\":\"https:\/\/7culture.ci\/\",\"sameAs\":[\"https:\/\/www.facebook.com\/redchefclaude\",\"https:\/\/twitter.com\/7culturec\"],\"logo\":{\"@type\":\"ImageObject\",\"inLanguage\":\"fr-FR\",\"@id\":\"https:\/\/7culture.ci\/#\/schema\/logo\/image\/\",\"url\":\"https:\/\/7culture.ci\/wp-content\/uploads\/2021\/12\/S1a-1.png\",\"contentUrl\":\"https:\/\/7culture.ci\/wp-content\/uploads\/2021\/12\/S1a-1.png\",\"width\":588,\"height\":192,\"caption\":\"7culture\"},\"image\":{\"@id\":\"https:\/\/7culture.ci\/#\/schema\/logo\/image\/\"}},{\"@type\":\"Person\",\"@id\":\"https:\/\/7culture.ci\/#\/schema\/person\/16150d28d7ef66ba788c1f87f28c4426\",\"name\":\"7culture2020\",\"image\":{\"@type\":\"ImageObject\",\"inLanguage\":\"fr-FR\",\"@id\":\"https:\/\/7culture.ci\/#\/schema\/person\/image\/\",\"url\":\"https:\/\/secure.gravatar.com\/avatar\/9a0784f951306c37bcd065f52844ef95?s=96&d=mm&r=g\",\"contentUrl\":\"https:\/\/secure.gravatar.com\/avatar\/9a0784f951306c37bcd065f52844ef95?s=96&d=mm&r=g\",\"caption\":\"7culture2020\"},\"sameAs\":[\"http:\/\/7culture.ci\",\"Claude.kipre\"],\"url\":\"https:\/\/7culture.ci\/index.php\/author\/7culture2020\/\"}]}<\/script>\n<!-- \/ Yoast SEO plugin. -->","yoast_head_json":{"title":"Cannes 2025\u00a0: Cynthia Nassardine et Paul-Laurain K font briller la C\u00f4te d\u2019Ivoire sur la Croisette - 7culture","robots":{"index":"index","follow":"follow","max-snippet":"max-snippet:-1","max-image-preview":"max-image-preview:large","max-video-preview":"max-video-preview:-1"},"canonical":"https:\/\/7culture.ci\/index.php\/2025\/05\/23\/cannes-2025-cynthia-nassardine-et-paul-laurain-k-font-briller-la-cote-divoire-sur-la-croisette\/","og_locale":"fr_FR","og_type":"article","og_title":"Cannes 2025\u00a0: Cynthia Nassardine et Paul-Laurain K font briller la C\u00f4te d\u2019Ivoire sur la Croisette - 7culture","og_description":"Le peu que l\u2019on puisse dire, c\u2019est que l\u2019actrice Cynthia Nassardine et le couturier Paul-Laurain K ont hiss\u00e9 haut le drapeau ivoirien \u00e0 la 78e \u00e9dition du Festival de Cannes en France qui se tient du 13 au 24 mai 2025. Au cours d\u2019une une mont\u00e9e des marches qui a marqu\u00e9 les festivaliers, les t\u00e9l\u00e9spectateurs &hellip; Cannes 2025\u00a0: Cynthia Nassardine et Paul-Laurain K font briller la C\u00f4te d\u2019Ivoire sur la Croisette Lire la suite\u00a0\u00bb","og_url":"https:\/\/7culture.ci\/index.php\/2025\/05\/23\/cannes-2025-cynthia-nassardine-et-paul-laurain-k-font-briller-la-cote-divoire-sur-la-croisette\/","og_site_name":"7culture","article_publisher":"https:\/\/www.facebook.com\/redchefclaude","article_published_time":"2025-05-23T20:57:40+00:00","article_modified_time":"2025-05-29T20:10:09+00:00","og_image":[{"width":2560,"height":1704,"url":"http:\/\/7culture.ci\/wp-content\/uploads\/2025\/05\/Cynthia-Nassardine-Cannes-2025-3-scaled.jpg","type":"image\/jpeg"}],"author":"7culture2020","twitter_card":"summary_large_image","twitter_creator":"@7culturec","twitter_site":"@7culturec","twitter_misc":{"\u00c9crit par":"7culture2020","Dur\u00e9e de lecture estim\u00e9e":"2 minutes"},"schema":{"@context":"https:\/\/schema.org","@graph":[{"@type":"Article","@id":"https:\/\/7culture.ci\/index.php\/2025\/05\/23\/cannes-2025-cynthia-nassardine-et-paul-laurain-k-font-briller-la-cote-divoire-sur-la-croisette\/#article","isPartOf":{"@id":"https:\/\/7culture.ci\/index.php\/2025\/05\/23\/cannes-2025-cynthia-nassardine-et-paul-laurain-k-font-briller-la-cote-divoire-sur-la-croisette\/"},"author":{"name":"7culture2020","@id":"https:\/\/7culture.ci\/#\/schema\/person\/16150d28d7ef66ba788c1f87f28c4426"},"headline":"Cannes 2025\u00a0: Cynthia Nassardine et Paul-Laurain K font briller la C\u00f4te d\u2019Ivoire sur la Croisette","datePublished":"2025-05-23T20:57:40+00:00","dateModified":"2025-05-29T20:10:09+00:00","mainEntityOfPage":{"@id":"https:\/\/7culture.ci\/index.php\/2025\/05\/23\/cannes-2025-cynthia-nassardine-et-paul-laurain-k-font-briller-la-cote-divoire-sur-la-croisette\/"},"wordCount":403,"commentCount":0,"publisher":{"@id":"https:\/\/7culture.ci\/#organization"},"articleSection":["Cin\u00e9ma"],"inLanguage":"fr-FR","potentialAction":[{"@type":"CommentAction","name":"Comment","target":["https:\/\/7culture.ci\/index.php\/2025\/05\/23\/cannes-2025-cynthia-nassardine-et-paul-laurain-k-font-briller-la-cote-divoire-sur-la-croisette\/#respond"]}]},{"@type":"WebPage","@id":"https:\/\/7culture.ci\/index.php\/2025\/05\/23\/cannes-2025-cynthia-nassardine-et-paul-laurain-k-font-briller-la-cote-divoire-sur-la-croisette\/","url":"https:\/\/7culture.ci\/index.php\/2025\/05\/23\/cannes-2025-cynthia-nassardine-et-paul-laurain-k-font-briller-la-cote-divoire-sur-la-croisette\/","name":"Cannes 2025\u00a0: Cynthia Nassardine et Paul-Laurain K font briller la C\u00f4te d\u2019Ivoire sur la Croisette - 7culture","isPartOf":{"@id":"https:\/\/7culture.ci\/#website"},"datePublished":"2025-05-23T20:57:40+00:00","dateModified":"2025-05-29T20:10:09+00:00","breadcrumb":{"@id":"https:\/\/7culture.ci\/index.php\/2025\/05\/23\/cannes-2025-cynthia-nassardine-et-paul-laurain-k-font-briller-la-cote-divoire-sur-la-croisette\/#breadcrumb"},"inLanguage":"fr-FR","potentialAction":[{"@type":"ReadAction","target":["https:\/\/7culture.ci\/index.php\/2025\/05\/23\/cannes-2025-cynthia-nassardine-et-paul-laurain-k-font-briller-la-cote-divoire-sur-la-croisette\/"]}]},{"@type":"BreadcrumbList","@id":"https:\/\/7culture.ci\/index.php\/2025\/05\/23\/cannes-2025-cynthia-nassardine-et-paul-laurain-k-font-briller-la-cote-divoire-sur-la-croisette\/#breadcrumb","itemListElement":[{"@type":"ListItem","position":1,"name":"Accueil","item":"https:\/\/7culture.ci\/"},{"@type":"ListItem","position":2,"name":"Cannes 2025\u00a0: Cynthia Nassardine et Paul-Laurain K font briller la C\u00f4te d\u2019Ivoire sur la Croisette"}]},{"@type":"WebSite","@id":"https:\/\/7culture.ci\/#website","url":"https:\/\/7culture.ci\/","name":"7culture","description":"Tout sur l&#039;actualit\u00e9","publisher":{"@id":"https:\/\/7culture.ci\/#organization"},"potentialAction":[{"@type":"SearchAction","target":{"@type":"EntryPoint","urlTemplate":"https:\/\/7culture.ci\/?s={search_term_string}"},"query-input":"required name=search_term_string"}],"inLanguage":"fr-FR"},{"@type":"Organization","@id":"https:\/\/7culture.ci\/#organization","name":"7culture","url":"https:\/\/7culture.ci\/","sameAs":["https:\/\/www.facebook.com\/redchefclaude","https:\/\/twitter.com\/7culturec"],"logo":{"@type":"ImageObject","inLanguage":"fr-FR","@id":"https:\/\/7culture.ci\/#\/schema\/logo\/image\/","url":"https:\/\/7culture.ci\/wp-content\/uploads\/2021\/12\/S1a-1.png","contentUrl":"https:\/\/7culture.ci\/wp-content\/uploads\/2021\/12\/S1a-1.png","width":588,"height":192,"caption":"7culture"},"image":{"@id":"https:\/\/7culture.ci\/#\/schema\/logo\/image\/"}},{"@type":"Person","@id":"https:\/\/7culture.ci\/#\/schema\/person\/16150d28d7ef66ba788c1f87f28c4426","name":"7culture2020","image":{"@type":"ImageObject","inLanguage":"fr-FR","@id":"https:\/\/7culture.ci\/#\/schema\/person\/image\/","url":"https:\/\/secure.gravatar.com\/avatar\/9a0784f951306c37bcd065f52844ef95?s=96&d=mm&r=g","contentUrl":"https:\/\/secure.gravatar.com\/avatar\/9a0784f951306c37bcd065f52844ef95?s=96&d=mm&r=g","caption":"7culture2020"},"sameAs":["http:\/\/7culture.ci","Claude.kipre"],"url":"https:\/\/7culture.ci\/index.php\/author\/7culture2020\/"}]}},"jetpack_featured_media_url":"https:\/\/7culture.ci\/wp-content\/uploads\/2025\/05\/Cynthia-Nassardine-Cannes-2025-3-scaled.jpg","jetpack_likes_enabled":true,"jetpack_sharing_enabled":true,"_links":{"self":[{"href":"https:\/\/7culture.ci\/index.php\/wp-json\/wp\/v2\/posts\/26829"}],"collection":[{"href":"https:\/\/7culture.ci\/index.php\/wp-json\/wp\/v2\/posts"}],"about":[{"href":"https:\/\/7culture.ci\/index.php\/wp-json\/wp\/v2\/types\/post"}],"author":[{"embeddable":true,"href":"https:\/\/7culture.ci\/index.php\/wp-json\/wp\/v2\/users\/1"}],"replies":[{"embeddable":true,"href":"https:\/\/7culture.ci\/index.php\/wp-json\/wp\/v2\/comments?post=26829"}],"version-history":[{"count":1,"href":"https:\/\/7culture.ci\/index.php\/wp-json\/wp\/v2\/posts\/26829\/revisions"}],"predecessor-version":[{"id":26835,"href":"https:\/\/7culture.ci\/index.php\/wp-json\/wp\/v2\/posts\/26829\/revisions\/26835"}],"wp:featuredmedia":[{"embeddable":true,"href":"https:\/\/7culture.ci\/index.php\/wp-json\/wp\/v2\/media\/26831"}],"wp:attachment":[{"href":"https:\/\/7culture.ci\/index.php\/wp-json\/wp\/v2\/media?parent=26829"}],"wp:term":[{"taxonomy":"category","embeddable":true,"href":"https:\/\/7culture.ci\/index.php\/wp-json\/wp\/v2\/categories?post=26829"},{"taxonomy":"post_tag","embeddable":true,"href":"https:\/\/7culture.ci\/index.php\/wp-json\/wp\/v2\/tags?post=26829"}],"curies":[{"name":"wp","href":"https:\/\/api.w.org\/{rel}","templated":true}]}}