{"id":26810,"date":"2025-04-21T09:06:15","date_gmt":"2025-04-21T09:06:15","guid":{"rendered":"https:\/\/7culture.ci\/?p=26810"},"modified":"2025-05-08T21:18:11","modified_gmt":"2025-05-08T21:18:11","slug":"people-deuil-francois-le-pape-de-desherites-est-mort-a-88-ans","status":"publish","type":"post","link":"https:\/\/7culture.ci\/index.php\/2025\/04\/21\/people-deuil-francois-le-pape-de-desherites-est-mort-a-88-ans\/","title":{"rendered":"People\/Deuil\u00a0: Fran\u00e7ois, le pape des d\u00e9sh\u00e9rit\u00e9s est mort \u00e0 88 ans!"},"content":{"rendered":"\n<p>Fran\u00e7ois s\u2019\u00e9tait, d\u00e8s le choix de son nom, rang\u00e9 du c\u00f4t\u00e9 des d\u00e9sh\u00e9rit\u00e9s. Et tout au long de son pontificat, le 266e pape, qui s\u2019est \u00e9teint ce lundi 21 avril, a tent\u00e9 par des prises de position et des d\u00e9clarations parfois fracassantes, de faire bouger l\u2019\u00c9glise.<\/p>\n\n\n\n<p>\u00ab Carri\u00e9risme \u00bb, \u00ab fossilisation mentale \u00bb, \u00ab vantardise \u00bb, \u00ab duret\u00e9 \u00bb, \u00ab arrogance \u00bb, \u00ab vanit\u00e9 \u00bb, \u00ab faux qui\u00e9tisme \u00bb, \u00ab vie cach\u00e9e, souvent dissolue \u00bb. Ce 22 d\u00e9cembre 2014, \u00e0 quelques jours de la nativit\u00e9, les membres de la curie romaine courbent l\u2019\u00e9chine sous l\u2019avalanche. Debout, devant son pupitre, le pape Fran\u00e7ois, qui a rendu son dernier soupir ce lundi 21 avril \u00e0 l\u2019\u00e2ge de 88 ans, leur passe une sacr\u00e9e avoin\u00e9e. \u00c9lu un an avant pour remettre de l\u2019ordre dans la maison, apr\u00e8s le scandale de corruption qui l\u2019avait \u00e9clabouss\u00e9 et qui avait d\u00e9cid\u00e9 son pr\u00e9d\u00e9cesseur, Beno\u00eet XVI, \u00e0 d\u00e9gainer l\u2019arme de la r\u00e9signation, Fran\u00e7ois, l\u2019Argentin, fait passer le message qu\u2019il ne pliera pas. C\u2019est que la lune de miel a \u00e9t\u00e9 courte pour ce petit-fils de migrants pi\u00e9montais, choisi le 13 mars 2013, \u00e0 la surprise g\u00e9n\u00e9rale, comme \u00e9v\u00eaque de Rome. Un Sud-Am\u00e9ricain\u2026<a href=\"https:\/\/www.leparisien.fr\/societe\/religions\/mort-du-pape-francois-a-lage-de-88-ans-21-04-2025-6YNI7GB4CJHVDJUQTLR6NFHSJU.php\">https:\/\/www.leparisien.fr\/societe\/religions\/mort-du-pape-francois-a-lage-de-88-ans-21-04-2025-6YNI7GB4CJHVDJUQTLR6NFHSJU.php<\/a><\/p>\n","protected":false},"excerpt":{"rendered":"<p>Fran\u00e7ois s\u2019\u00e9tait, d\u00e8s le choix de son nom, rang\u00e9 du c\u00f4t\u00e9 des d\u00e9sh\u00e9rit\u00e9s. Et tout au long de son pontificat, le 266e pape, qui s\u2019est \u00e9teint ce lundi 21 avril, a tent\u00e9 par des prises de position et des d\u00e9clarations parfois fracassantes, de faire bouger l\u2019\u00c9glise. \u00ab Carri\u00e9risme \u00bb, \u00ab fossilisation mentale \u00bb, \u00ab vantardise &hellip;<\/p>\n<p class=\"read-more\"> <a class=\"\" href=\"https:\/\/7culture.ci\/index.php\/2025\/04\/21\/people-deuil-francois-le-pape-de-desherites-est-mort-a-88-ans\/\"> <span class=\"screen-reader-text\">People\/Deuil\u00a0: Fran\u00e7ois, le pape des d\u00e9sh\u00e9rit\u00e9s est mort \u00e0 88 ans!<\/span> Lire la suite\u00a0\u00bb<\/a><\/p>\n","protected":false},"author":1,"featured_media":26812,"comment_status":"open","ping_status":"open","sticky":false,"template":"","format":"standard","meta":{"_mi_skip_tracking":false,"_monsterinsights_sitenote_active":false,"_monsterinsights_sitenote_note":"","_monsterinsights_sitenote_category":0,"site-sidebar-layout":"default","site-content-layout":"default","ast-global-header-display":"","ast-main-header-display":"","ast-hfb-above-header-display":"","ast-hfb-below-header-display":"","ast-hfb-mobile-header-display":"","site-post-title":"","ast-breadcrumbs-content":"","ast-featured-img":"","footer-sml-layout":"","theme-transparent-header-meta":"","adv-header-id-meta":"","stick-header-meta":"","header-above-stick-meta":"","header-main-stick-meta":"","header-below-stick-meta":"","footnotes":"","jetpack_publicize_message":"","jetpack_is_tweetstorm":false,"jetpack_publicize_feature_enabled":true},"categories":[22],"tags":[],"jetpack_publicize_connections":[],"acf":[],"aioseo_notices":[],"yoast_head":"<!-- This site is optimized with the Yoast SEO plugin v19.6.1 - https:\/\/yoast.com\/wordpress\/plugins\/seo\/ -->\n<title>People\/Deuil\u00a0: Fran\u00e7ois, le pape des d\u00e9sh\u00e9rit\u00e9s est mort \u00e0 88 ans! - 7culture<\/title>\n<meta name=\"robots\" content=\"index, follow, max-snippet:-1, max-image-preview:large, max-video-preview:-1\" \/>\n<link rel=\"canonical\" href=\"https:\/\/7culture.ci\/index.php\/2025\/04\/21\/people-deuil-francois-le-pape-de-desherites-est-mort-a-88-ans\/\" \/>\n<meta property=\"og:locale\" content=\"fr_FR\" \/>\n<meta property=\"og:type\" content=\"article\" \/>\n<meta property=\"og:title\" content=\"People\/Deuil\u00a0: Fran\u00e7ois, le pape des d\u00e9sh\u00e9rit\u00e9s est mort \u00e0 88 ans! - 7culture\" \/>\n<meta property=\"og:description\" content=\"Fran\u00e7ois s\u2019\u00e9tait, d\u00e8s le choix de son nom, rang\u00e9 du c\u00f4t\u00e9 des d\u00e9sh\u00e9rit\u00e9s. Et tout au long de son pontificat, le 266e pape, qui s\u2019est \u00e9teint ce lundi 21 avril, a tent\u00e9 par des prises de position et des d\u00e9clarations parfois fracassantes, de faire bouger l\u2019\u00c9glise. \u00ab Carri\u00e9risme \u00bb, \u00ab fossilisation mentale \u00bb, \u00ab vantardise &hellip; People\/Deuil\u00a0: Fran\u00e7ois, le pape des d\u00e9sh\u00e9rit\u00e9s est mort \u00e0 88 ans! Lire la suite\u00a0\u00bb\" \/>\n<meta property=\"og:url\" content=\"https:\/\/7culture.ci\/index.php\/2025\/04\/21\/people-deuil-francois-le-pape-de-desherites-est-mort-a-88-ans\/\" \/>\n<meta property=\"og:site_name\" content=\"7culture\" \/>\n<meta property=\"article:publisher\" content=\"https:\/\/www.facebook.com\/redchefclaude\" \/>\n<meta property=\"article:published_time\" content=\"2025-04-21T09:06:15+00:00\" \/>\n<meta property=\"article:modified_time\" content=\"2025-05-08T21:18:11+00:00\" \/>\n<meta property=\"og:image\" content=\"http:\/\/7culture.ci\/wp-content\/uploads\/2025\/04\/Pape.jpg\" \/>\n\t<meta property=\"og:image:width\" content=\"960\" \/>\n\t<meta property=\"og:image:height\" content=\"656\" \/>\n\t<meta property=\"og:image:type\" content=\"image\/jpeg\" \/>\n<meta name=\"author\" content=\"7culture2020\" \/>\n<meta name=\"twitter:card\" content=\"summary_large_image\" \/>\n<meta name=\"twitter:creator\" content=\"@7culturec\" \/>\n<meta name=\"twitter:site\" content=\"@7culturec\" \/>\n<meta name=\"twitter:label1\" content=\"\u00c9crit par\" \/>\n\t<meta name=\"twitter:data1\" content=\"7culture2020\" \/>\n\t<meta name=\"twitter:label2\" content=\"Dur\u00e9e de lecture estim\u00e9e\" \/>\n\t<meta name=\"twitter:data2\" content=\"1 minute\" \/>\n<script type=\"application\/ld+json\" class=\"yoast-schema-graph\">{\"@context\":\"https:\/\/schema.org\",\"@graph\":[{\"@type\":\"Article\",\"@id\":\"https:\/\/7culture.ci\/index.php\/2025\/04\/21\/people-deuil-francois-le-pape-de-desherites-est-mort-a-88-ans\/#article\",\"isPartOf\":{\"@id\":\"https:\/\/7culture.ci\/index.php\/2025\/04\/21\/people-deuil-francois-le-pape-de-desherites-est-mort-a-88-ans\/\"},\"author\":{\"name\":\"7culture2020\",\"@id\":\"https:\/\/7culture.ci\/#\/schema\/person\/16150d28d7ef66ba788c1f87f28c4426\"},\"headline\":\"People\/Deuil\u00a0: Fran\u00e7ois, le pape des d\u00e9sh\u00e9rit\u00e9s est mort \u00e0 88 ans!\",\"datePublished\":\"2025-04-21T09:06:15+00:00\",\"dateModified\":\"2025-05-08T21:18:11+00:00\",\"mainEntityOfPage\":{\"@id\":\"https:\/\/7culture.ci\/index.php\/2025\/04\/21\/people-deuil-francois-le-pape-de-desherites-est-mort-a-88-ans\/\"},\"wordCount\":237,\"commentCount\":0,\"publisher\":{\"@id\":\"https:\/\/7culture.ci\/#organization\"},\"articleSection\":[\"Actualit\u00e9\"],\"inLanguage\":\"fr-FR\",\"potentialAction\":[{\"@type\":\"CommentAction\",\"name\":\"Comment\",\"target\":[\"https:\/\/7culture.ci\/index.php\/2025\/04\/21\/people-deuil-francois-le-pape-de-desherites-est-mort-a-88-ans\/#respond\"]}]},{\"@type\":\"WebPage\",\"@id\":\"https:\/\/7culture.ci\/index.php\/2025\/04\/21\/people-deuil-francois-le-pape-de-desherites-est-mort-a-88-ans\/\",\"url\":\"https:\/\/7culture.ci\/index.php\/2025\/04\/21\/people-deuil-francois-le-pape-de-desherites-est-mort-a-88-ans\/\",\"name\":\"People\/Deuil\u00a0: Fran\u00e7ois, le pape des d\u00e9sh\u00e9rit\u00e9s est mort \u00e0 88 ans! - 7culture\",\"isPartOf\":{\"@id\":\"https:\/\/7culture.ci\/#website\"},\"datePublished\":\"2025-04-21T09:06:15+00:00\",\"dateModified\":\"2025-05-08T21:18:11+00:00\",\"breadcrumb\":{\"@id\":\"https:\/\/7culture.ci\/index.php\/2025\/04\/21\/people-deuil-francois-le-pape-de-desherites-est-mort-a-88-ans\/#breadcrumb\"},\"inLanguage\":\"fr-FR\",\"potentialAction\":[{\"@type\":\"ReadAction\",\"target\":[\"https:\/\/7culture.ci\/index.php\/2025\/04\/21\/people-deuil-francois-le-pape-de-desherites-est-mort-a-88-ans\/\"]}]},{\"@type\":\"BreadcrumbList\",\"@id\":\"https:\/\/7culture.ci\/index.php\/2025\/04\/21\/people-deuil-francois-le-pape-de-desherites-est-mort-a-88-ans\/#breadcrumb\",\"itemListElement\":[{\"@type\":\"ListItem\",\"position\":1,\"name\":\"Accueil\",\"item\":\"https:\/\/7culture.ci\/\"},{\"@type\":\"ListItem\",\"position\":2,\"name\":\"People\/Deuil\u00a0: Fran\u00e7ois, le pape des d\u00e9sh\u00e9rit\u00e9s est mort \u00e0 88 ans!\"}]},{\"@type\":\"WebSite\",\"@id\":\"https:\/\/7culture.ci\/#website\",\"url\":\"https:\/\/7culture.ci\/\",\"name\":\"7culture\",\"description\":\"Tout sur l&#039;actualit\u00e9\",\"publisher\":{\"@id\":\"https:\/\/7culture.ci\/#organization\"},\"potentialAction\":[{\"@type\":\"SearchAction\",\"target\":{\"@type\":\"EntryPoint\",\"urlTemplate\":\"https:\/\/7culture.ci\/?s={search_term_string}\"},\"query-input\":\"required name=search_term_string\"}],\"inLanguage\":\"fr-FR\"},{\"@type\":\"Organization\",\"@id\":\"https:\/\/7culture.ci\/#organization\",\"name\":\"7culture\",\"url\":\"https:\/\/7culture.ci\/\",\"sameAs\":[\"https:\/\/www.facebook.com\/redchefclaude\",\"https:\/\/twitter.com\/7culturec\"],\"logo\":{\"@type\":\"ImageObject\",\"inLanguage\":\"fr-FR\",\"@id\":\"https:\/\/7culture.ci\/#\/schema\/logo\/image\/\",\"url\":\"https:\/\/7culture.ci\/wp-content\/uploads\/2021\/12\/S1a-1.png\",\"contentUrl\":\"https:\/\/7culture.ci\/wp-content\/uploads\/2021\/12\/S1a-1.png\",\"width\":588,\"height\":192,\"caption\":\"7culture\"},\"image\":{\"@id\":\"https:\/\/7culture.ci\/#\/schema\/logo\/image\/\"}},{\"@type\":\"Person\",\"@id\":\"https:\/\/7culture.ci\/#\/schema\/person\/16150d28d7ef66ba788c1f87f28c4426\",\"name\":\"7culture2020\",\"image\":{\"@type\":\"ImageObject\",\"inLanguage\":\"fr-FR\",\"@id\":\"https:\/\/7culture.ci\/#\/schema\/person\/image\/\",\"url\":\"https:\/\/secure.gravatar.com\/avatar\/9a0784f951306c37bcd065f52844ef95?s=96&d=mm&r=g\",\"contentUrl\":\"https:\/\/secure.gravatar.com\/avatar\/9a0784f951306c37bcd065f52844ef95?s=96&d=mm&r=g\",\"caption\":\"7culture2020\"},\"sameAs\":[\"http:\/\/7culture.ci\",\"Claude.kipre\"],\"url\":\"https:\/\/7culture.ci\/index.php\/author\/7culture2020\/\"}]}<\/script>\n<!-- \/ Yoast SEO plugin. -->","yoast_head_json":{"title":"People\/Deuil\u00a0: Fran\u00e7ois, le pape des d\u00e9sh\u00e9rit\u00e9s est mort \u00e0 88 ans! - 7culture","robots":{"index":"index","follow":"follow","max-snippet":"max-snippet:-1","max-image-preview":"max-image-preview:large","max-video-preview":"max-video-preview:-1"},"canonical":"https:\/\/7culture.ci\/index.php\/2025\/04\/21\/people-deuil-francois-le-pape-de-desherites-est-mort-a-88-ans\/","og_locale":"fr_FR","og_type":"article","og_title":"People\/Deuil\u00a0: Fran\u00e7ois, le pape des d\u00e9sh\u00e9rit\u00e9s est mort \u00e0 88 ans! - 7culture","og_description":"Fran\u00e7ois s\u2019\u00e9tait, d\u00e8s le choix de son nom, rang\u00e9 du c\u00f4t\u00e9 des d\u00e9sh\u00e9rit\u00e9s. Et tout au long de son pontificat, le 266e pape, qui s\u2019est \u00e9teint ce lundi 21 avril, a tent\u00e9 par des prises de position et des d\u00e9clarations parfois fracassantes, de faire bouger l\u2019\u00c9glise. \u00ab Carri\u00e9risme \u00bb, \u00ab fossilisation mentale \u00bb, \u00ab vantardise &hellip; People\/Deuil\u00a0: Fran\u00e7ois, le pape des d\u00e9sh\u00e9rit\u00e9s est mort \u00e0 88 ans! Lire la suite\u00a0\u00bb","og_url":"https:\/\/7culture.ci\/index.php\/2025\/04\/21\/people-deuil-francois-le-pape-de-desherites-est-mort-a-88-ans\/","og_site_name":"7culture","article_publisher":"https:\/\/www.facebook.com\/redchefclaude","article_published_time":"2025-04-21T09:06:15+00:00","article_modified_time":"2025-05-08T21:18:11+00:00","og_image":[{"width":960,"height":656,"url":"http:\/\/7culture.ci\/wp-content\/uploads\/2025\/04\/Pape.jpg","type":"image\/jpeg"}],"author":"7culture2020","twitter_card":"summary_large_image","twitter_creator":"@7culturec","twitter_site":"@7culturec","twitter_misc":{"\u00c9crit par":"7culture2020","Dur\u00e9e de lecture estim\u00e9e":"1 minute"},"schema":{"@context":"https:\/\/schema.org","@graph":[{"@type":"Article","@id":"https:\/\/7culture.ci\/index.php\/2025\/04\/21\/people-deuil-francois-le-pape-de-desherites-est-mort-a-88-ans\/#article","isPartOf":{"@id":"https:\/\/7culture.ci\/index.php\/2025\/04\/21\/people-deuil-francois-le-pape-de-desherites-est-mort-a-88-ans\/"},"author":{"name":"7culture2020","@id":"https:\/\/7culture.ci\/#\/schema\/person\/16150d28d7ef66ba788c1f87f28c4426"},"headline":"People\/Deuil\u00a0: Fran\u00e7ois, le pape des d\u00e9sh\u00e9rit\u00e9s est mort \u00e0 88 ans!","datePublished":"2025-04-21T09:06:15+00:00","dateModified":"2025-05-08T21:18:11+00:00","mainEntityOfPage":{"@id":"https:\/\/7culture.ci\/index.php\/2025\/04\/21\/people-deuil-francois-le-pape-de-desherites-est-mort-a-88-ans\/"},"wordCount":237,"commentCount":0,"publisher":{"@id":"https:\/\/7culture.ci\/#organization"},"articleSection":["Actualit\u00e9"],"inLanguage":"fr-FR","potentialAction":[{"@type":"CommentAction","name":"Comment","target":["https:\/\/7culture.ci\/index.php\/2025\/04\/21\/people-deuil-francois-le-pape-de-desherites-est-mort-a-88-ans\/#respond"]}]},{"@type":"WebPage","@id":"https:\/\/7culture.ci\/index.php\/2025\/04\/21\/people-deuil-francois-le-pape-de-desherites-est-mort-a-88-ans\/","url":"https:\/\/7culture.ci\/index.php\/2025\/04\/21\/people-deuil-francois-le-pape-de-desherites-est-mort-a-88-ans\/","name":"People\/Deuil\u00a0: Fran\u00e7ois, le pape des d\u00e9sh\u00e9rit\u00e9s est mort \u00e0 88 ans! - 7culture","isPartOf":{"@id":"https:\/\/7culture.ci\/#website"},"datePublished":"2025-04-21T09:06:15+00:00","dateModified":"2025-05-08T21:18:11+00:00","breadcrumb":{"@id":"https:\/\/7culture.ci\/index.php\/2025\/04\/21\/people-deuil-francois-le-pape-de-desherites-est-mort-a-88-ans\/#breadcrumb"},"inLanguage":"fr-FR","potentialAction":[{"@type":"ReadAction","target":["https:\/\/7culture.ci\/index.php\/2025\/04\/21\/people-deuil-francois-le-pape-de-desherites-est-mort-a-88-ans\/"]}]},{"@type":"BreadcrumbList","@id":"https:\/\/7culture.ci\/index.php\/2025\/04\/21\/people-deuil-francois-le-pape-de-desherites-est-mort-a-88-ans\/#breadcrumb","itemListElement":[{"@type":"ListItem","position":1,"name":"Accueil","item":"https:\/\/7culture.ci\/"},{"@type":"ListItem","position":2,"name":"People\/Deuil\u00a0: Fran\u00e7ois, le pape des d\u00e9sh\u00e9rit\u00e9s est mort \u00e0 88 ans!"}]},{"@type":"WebSite","@id":"https:\/\/7culture.ci\/#website","url":"https:\/\/7culture.ci\/","name":"7culture","description":"Tout sur l&#039;actualit\u00e9","publisher":{"@id":"https:\/\/7culture.ci\/#organization"},"potentialAction":[{"@type":"SearchAction","target":{"@type":"EntryPoint","urlTemplate":"https:\/\/7culture.ci\/?s={search_term_string}"},"query-input":"required name=search_term_string"}],"inLanguage":"fr-FR"},{"@type":"Organization","@id":"https:\/\/7culture.ci\/#organization","name":"7culture","url":"https:\/\/7culture.ci\/","sameAs":["https:\/\/www.facebook.com\/redchefclaude","https:\/\/twitter.com\/7culturec"],"logo":{"@type":"ImageObject","inLanguage":"fr-FR","@id":"https:\/\/7culture.ci\/#\/schema\/logo\/image\/","url":"https:\/\/7culture.ci\/wp-content\/uploads\/2021\/12\/S1a-1.png","contentUrl":"https:\/\/7culture.ci\/wp-content\/uploads\/2021\/12\/S1a-1.png","width":588,"height":192,"caption":"7culture"},"image":{"@id":"https:\/\/7culture.ci\/#\/schema\/logo\/image\/"}},{"@type":"Person","@id":"https:\/\/7culture.ci\/#\/schema\/person\/16150d28d7ef66ba788c1f87f28c4426","name":"7culture2020","image":{"@type":"ImageObject","inLanguage":"fr-FR","@id":"https:\/\/7culture.ci\/#\/schema\/person\/image\/","url":"https:\/\/secure.gravatar.com\/avatar\/9a0784f951306c37bcd065f52844ef95?s=96&d=mm&r=g","contentUrl":"https:\/\/secure.gravatar.com\/avatar\/9a0784f951306c37bcd065f52844ef95?s=96&d=mm&r=g","caption":"7culture2020"},"sameAs":["http:\/\/7culture.ci","Claude.kipre"],"url":"https:\/\/7culture.ci\/index.php\/author\/7culture2020\/"}]}},"jetpack_featured_media_url":"https:\/\/7culture.ci\/wp-content\/uploads\/2025\/04\/Pape.jpg","jetpack_likes_enabled":true,"jetpack_sharing_enabled":true,"_links":{"self":[{"href":"https:\/\/7culture.ci\/index.php\/wp-json\/wp\/v2\/posts\/26810"}],"collection":[{"href":"https:\/\/7culture.ci\/index.php\/wp-json\/wp\/v2\/posts"}],"about":[{"href":"https:\/\/7culture.ci\/index.php\/wp-json\/wp\/v2\/types\/post"}],"author":[{"embeddable":true,"href":"https:\/\/7culture.ci\/index.php\/wp-json\/wp\/v2\/users\/1"}],"replies":[{"embeddable":true,"href":"https:\/\/7culture.ci\/index.php\/wp-json\/wp\/v2\/comments?post=26810"}],"version-history":[{"count":2,"href":"https:\/\/7culture.ci\/index.php\/wp-json\/wp\/v2\/posts\/26810\/revisions"}],"predecessor-version":[{"id":26814,"href":"https:\/\/7culture.ci\/index.php\/wp-json\/wp\/v2\/posts\/26810\/revisions\/26814"}],"wp:featuredmedia":[{"embeddable":true,"href":"https:\/\/7culture.ci\/index.php\/wp-json\/wp\/v2\/media\/26812"}],"wp:attachment":[{"href":"https:\/\/7culture.ci\/index.php\/wp-json\/wp\/v2\/media?parent=26810"}],"wp:term":[{"taxonomy":"category","embeddable":true,"href":"https:\/\/7culture.ci\/index.php\/wp-json\/wp\/v2\/categories?post=26810"},{"taxonomy":"post_tag","embeddable":true,"href":"https:\/\/7culture.ci\/index.php\/wp-json\/wp\/v2\/tags?post=26810"}],"curies":[{"name":"wp","href":"https:\/\/api.w.org\/{rel}","templated":true}]}}