{"id":26790,"date":"2025-04-02T09:52:05","date_gmt":"2025-04-02T09:52:05","guid":{"rendered":"https:\/\/7culture.ci\/?p=26790"},"modified":"2025-04-15T09:07:30","modified_gmt":"2025-04-15T09:07:30","slug":"concert-despoir-2000-pat-sako-le-defi-en-solo-apres-valery","status":"publish","type":"post","link":"https:\/\/7culture.ci\/index.php\/2025\/04\/02\/concert-despoir-2000-pat-sako-le-defi-en-solo-apres-valery\/","title":{"rendered":"Concert d\u2019Espoir 2000\u00a0: Pat Sako, le d\u00e9fi en solo apr\u00e8s Val\u00e9ry"},"content":{"rendered":"\n<p>Le groupe de zouglou Espoir 2000 organise un concert, le 1<sup>er<\/sup> mai 2025, au palais des congr\u00e8s de Sofitel Abidjan H\u00f4tel Ivoire, \u00e0 Cocody. \u00a0C\u2019est Pat Sako, le leader de cette formation musicale, qui a r\u00e9v\u00e9l\u00e9 l\u2019info le mercredi 26 mars dernier au Capitol h\u00f4tel \u00e0 Cocody-Riviera-Golf, au cours d\u2019une conf\u00e9rence de presse. \u00ab <strong>C\u2019est un concert \u00e9v\u00e8nement que nous allons organiser<\/strong> \u00bb, a annonc\u00e9 Pat Sako, \u00e0 l\u2019\u00e9tat civil Hughes-Patrick Ossohou. Selon le chanteur, ce concert fera une part belle au dernier album \u2018\u2019Tableau blanc\u2019\u2019. L\u2019\u00e9v\u00e8nement permettra \u00e9galement de rendre hommage \u00e0 son condisciple Val\u00e9ry, d\u00e9c\u00e9d\u00e9 le samedi 12 octobre 2024 \u00e0 Rennes en France. \u00ab <em>Nous n\u2019avons pas de crainte pour le concert. Le peuple est avec nous donc nous ne craignons rien<\/em> \u00bb, a rassur\u00e9 Pat Sako qui \u00e9volue d\u00e9sormais en solo. L\u2019artiste sera sur la sc\u00e8ne pendant deux heures au maximum.<\/p>\n\n\n\n<figure class=\"wp-block-gallery has-nested-images columns-default is-cropped wp-block-gallery-1 is-layout-flex wp-block-gallery-is-layout-flex\">\n<figure class=\"wp-block-image size-large\"><img loading=\"lazy\" decoding=\"async\" width=\"1024\" height=\"682\" data-id=\"26793\" src=\"https:\/\/7culture.ci\/wp-content\/uploads\/2025\/04\/par2-1024x682.jpg\" alt=\"\" class=\"wp-image-26793\" srcset=\"https:\/\/7culture.ci\/wp-content\/uploads\/2025\/04\/par2-1024x682.jpg 1024w, https:\/\/7culture.ci\/wp-content\/uploads\/2025\/04\/par2-300x200.jpg 300w, https:\/\/7culture.ci\/wp-content\/uploads\/2025\/04\/par2-768x512.jpg 768w, https:\/\/7culture.ci\/wp-content\/uploads\/2025\/04\/par2.jpg 1280w\" sizes=\"(max-width: 1024px) 100vw, 1024px\" \/><\/figure>\n\n\n\n<figure class=\"wp-block-image size-large\"><img loading=\"lazy\" decoding=\"async\" width=\"1024\" height=\"682\" data-id=\"26794\" src=\"https:\/\/7culture.ci\/wp-content\/uploads\/2025\/04\/par3-1024x682.jpg\" alt=\"\" class=\"wp-image-26794\" srcset=\"https:\/\/7culture.ci\/wp-content\/uploads\/2025\/04\/par3-1024x682.jpg 1024w, https:\/\/7culture.ci\/wp-content\/uploads\/2025\/04\/par3-300x200.jpg 300w, https:\/\/7culture.ci\/wp-content\/uploads\/2025\/04\/par3-768x512.jpg 768w, https:\/\/7culture.ci\/wp-content\/uploads\/2025\/04\/par3.jpg 1280w\" sizes=\"(max-width: 1024px) 100vw, 1024px\" \/><\/figure>\n<\/figure>\n\n\n\n<p>Par DT<\/p>\n","protected":false},"excerpt":{"rendered":"<p>Le groupe de zouglou Espoir 2000 organise un concert, le 1er mai 2025, au palais des congr\u00e8s de Sofitel Abidjan H\u00f4tel Ivoire, \u00e0 Cocody. \u00a0C\u2019est Pat Sako, le leader de cette formation musicale, qui a r\u00e9v\u00e9l\u00e9 l\u2019info le mercredi 26 mars dernier au Capitol h\u00f4tel \u00e0 Cocody-Riviera-Golf, au cours d\u2019une conf\u00e9rence de presse. \u00ab C\u2019est &hellip;<\/p>\n<p class=\"read-more\"> <a class=\"\" href=\"https:\/\/7culture.ci\/index.php\/2025\/04\/02\/concert-despoir-2000-pat-sako-le-defi-en-solo-apres-valery\/\"> <span class=\"screen-reader-text\">Concert d\u2019Espoir 2000\u00a0: Pat Sako, le d\u00e9fi en solo apr\u00e8s Val\u00e9ry<\/span> Lire la suite\u00a0\u00bb<\/a><\/p>\n","protected":false},"author":1,"featured_media":26792,"comment_status":"open","ping_status":"open","sticky":false,"template":"","format":"standard","meta":{"_mi_skip_tracking":false,"_monsterinsights_sitenote_active":false,"_monsterinsights_sitenote_note":"","_monsterinsights_sitenote_category":0,"site-sidebar-layout":"default","site-content-layout":"default","ast-global-header-display":"","ast-main-header-display":"","ast-hfb-above-header-display":"","ast-hfb-below-header-display":"","ast-hfb-mobile-header-display":"","site-post-title":"","ast-breadcrumbs-content":"","ast-featured-img":"","footer-sml-layout":"","theme-transparent-header-meta":"","adv-header-id-meta":"","stick-header-meta":"","header-above-stick-meta":"","header-main-stick-meta":"","header-below-stick-meta":"","footnotes":"","jetpack_publicize_message":"","jetpack_is_tweetstorm":false,"jetpack_publicize_feature_enabled":true},"categories":[22],"tags":[],"jetpack_publicize_connections":[],"acf":[],"aioseo_notices":[],"yoast_head":"<!-- This site is optimized with the Yoast SEO plugin v19.6.1 - https:\/\/yoast.com\/wordpress\/plugins\/seo\/ -->\n<title>Concert d\u2019Espoir 2000\u00a0: Pat Sako, le d\u00e9fi en solo apr\u00e8s Val\u00e9ry - 7culture<\/title>\n<meta name=\"robots\" content=\"index, follow, max-snippet:-1, max-image-preview:large, max-video-preview:-1\" \/>\n<link rel=\"canonical\" href=\"https:\/\/7culture.ci\/index.php\/2025\/04\/02\/concert-despoir-2000-pat-sako-le-defi-en-solo-apres-valery\/\" \/>\n<meta property=\"og:locale\" content=\"fr_FR\" \/>\n<meta property=\"og:type\" content=\"article\" \/>\n<meta property=\"og:title\" content=\"Concert d\u2019Espoir 2000\u00a0: Pat Sako, le d\u00e9fi en solo apr\u00e8s Val\u00e9ry - 7culture\" \/>\n<meta property=\"og:description\" content=\"Le groupe de zouglou Espoir 2000 organise un concert, le 1er mai 2025, au palais des congr\u00e8s de Sofitel Abidjan H\u00f4tel Ivoire, \u00e0 Cocody. \u00a0C\u2019est Pat Sako, le leader de cette formation musicale, qui a r\u00e9v\u00e9l\u00e9 l\u2019info le mercredi 26 mars dernier au Capitol h\u00f4tel \u00e0 Cocody-Riviera-Golf, au cours d\u2019une conf\u00e9rence de presse. \u00ab C\u2019est &hellip; Concert d\u2019Espoir 2000\u00a0: Pat Sako, le d\u00e9fi en solo apr\u00e8s Val\u00e9ry Lire la suite\u00a0\u00bb\" \/>\n<meta property=\"og:url\" content=\"https:\/\/7culture.ci\/index.php\/2025\/04\/02\/concert-despoir-2000-pat-sako-le-defi-en-solo-apres-valery\/\" \/>\n<meta property=\"og:site_name\" content=\"7culture\" \/>\n<meta property=\"article:publisher\" content=\"https:\/\/www.facebook.com\/redchefclaude\" \/>\n<meta property=\"article:published_time\" content=\"2025-04-02T09:52:05+00:00\" \/>\n<meta property=\"article:modified_time\" content=\"2025-04-15T09:07:30+00:00\" \/>\n<meta property=\"og:image\" content=\"http:\/\/7culture.ci\/wp-content\/uploads\/2025\/04\/par1.jpg\" \/>\n\t<meta property=\"og:image:width\" content=\"1280\" \/>\n\t<meta property=\"og:image:height\" content=\"853\" \/>\n\t<meta property=\"og:image:type\" content=\"image\/jpeg\" \/>\n<meta name=\"author\" content=\"7culture2020\" \/>\n<meta name=\"twitter:card\" content=\"summary_large_image\" \/>\n<meta name=\"twitter:creator\" content=\"@7culturec\" \/>\n<meta name=\"twitter:site\" content=\"@7culturec\" \/>\n<meta name=\"twitter:label1\" content=\"\u00c9crit par\" \/>\n\t<meta name=\"twitter:data1\" content=\"7culture2020\" \/>\n\t<meta name=\"twitter:label2\" content=\"Dur\u00e9e de lecture estim\u00e9e\" \/>\n\t<meta name=\"twitter:data2\" content=\"1 minute\" \/>\n<script type=\"application\/ld+json\" class=\"yoast-schema-graph\">{\"@context\":\"https:\/\/schema.org\",\"@graph\":[{\"@type\":\"Article\",\"@id\":\"https:\/\/7culture.ci\/index.php\/2025\/04\/02\/concert-despoir-2000-pat-sako-le-defi-en-solo-apres-valery\/#article\",\"isPartOf\":{\"@id\":\"https:\/\/7culture.ci\/index.php\/2025\/04\/02\/concert-despoir-2000-pat-sako-le-defi-en-solo-apres-valery\/\"},\"author\":{\"name\":\"7culture2020\",\"@id\":\"https:\/\/7culture.ci\/#\/schema\/person\/16150d28d7ef66ba788c1f87f28c4426\"},\"headline\":\"Concert d\u2019Espoir 2000\u00a0: Pat Sako, le d\u00e9fi en solo apr\u00e8s Val\u00e9ry\",\"datePublished\":\"2025-04-02T09:52:05+00:00\",\"dateModified\":\"2025-04-15T09:07:30+00:00\",\"mainEntityOfPage\":{\"@id\":\"https:\/\/7culture.ci\/index.php\/2025\/04\/02\/concert-despoir-2000-pat-sako-le-defi-en-solo-apres-valery\/\"},\"wordCount\":168,\"commentCount\":0,\"publisher\":{\"@id\":\"https:\/\/7culture.ci\/#organization\"},\"articleSection\":[\"Actualit\u00e9\"],\"inLanguage\":\"fr-FR\",\"potentialAction\":[{\"@type\":\"CommentAction\",\"name\":\"Comment\",\"target\":[\"https:\/\/7culture.ci\/index.php\/2025\/04\/02\/concert-despoir-2000-pat-sako-le-defi-en-solo-apres-valery\/#respond\"]}]},{\"@type\":\"WebPage\",\"@id\":\"https:\/\/7culture.ci\/index.php\/2025\/04\/02\/concert-despoir-2000-pat-sako-le-defi-en-solo-apres-valery\/\",\"url\":\"https:\/\/7culture.ci\/index.php\/2025\/04\/02\/concert-despoir-2000-pat-sako-le-defi-en-solo-apres-valery\/\",\"name\":\"Concert d\u2019Espoir 2000\u00a0: Pat Sako, le d\u00e9fi en solo apr\u00e8s Val\u00e9ry - 7culture\",\"isPartOf\":{\"@id\":\"https:\/\/7culture.ci\/#website\"},\"datePublished\":\"2025-04-02T09:52:05+00:00\",\"dateModified\":\"2025-04-15T09:07:30+00:00\",\"breadcrumb\":{\"@id\":\"https:\/\/7culture.ci\/index.php\/2025\/04\/02\/concert-despoir-2000-pat-sako-le-defi-en-solo-apres-valery\/#breadcrumb\"},\"inLanguage\":\"fr-FR\",\"potentialAction\":[{\"@type\":\"ReadAction\",\"target\":[\"https:\/\/7culture.ci\/index.php\/2025\/04\/02\/concert-despoir-2000-pat-sako-le-defi-en-solo-apres-valery\/\"]}]},{\"@type\":\"BreadcrumbList\",\"@id\":\"https:\/\/7culture.ci\/index.php\/2025\/04\/02\/concert-despoir-2000-pat-sako-le-defi-en-solo-apres-valery\/#breadcrumb\",\"itemListElement\":[{\"@type\":\"ListItem\",\"position\":1,\"name\":\"Accueil\",\"item\":\"https:\/\/7culture.ci\/\"},{\"@type\":\"ListItem\",\"position\":2,\"name\":\"Concert d\u2019Espoir 2000\u00a0: Pat Sako, le d\u00e9fi en solo apr\u00e8s Val\u00e9ry\"}]},{\"@type\":\"WebSite\",\"@id\":\"https:\/\/7culture.ci\/#website\",\"url\":\"https:\/\/7culture.ci\/\",\"name\":\"7culture\",\"description\":\"Tout sur l&#039;actualit\u00e9\",\"publisher\":{\"@id\":\"https:\/\/7culture.ci\/#organization\"},\"potentialAction\":[{\"@type\":\"SearchAction\",\"target\":{\"@type\":\"EntryPoint\",\"urlTemplate\":\"https:\/\/7culture.ci\/?s={search_term_string}\"},\"query-input\":\"required name=search_term_string\"}],\"inLanguage\":\"fr-FR\"},{\"@type\":\"Organization\",\"@id\":\"https:\/\/7culture.ci\/#organization\",\"name\":\"7culture\",\"url\":\"https:\/\/7culture.ci\/\",\"sameAs\":[\"https:\/\/www.facebook.com\/redchefclaude\",\"https:\/\/twitter.com\/7culturec\"],\"logo\":{\"@type\":\"ImageObject\",\"inLanguage\":\"fr-FR\",\"@id\":\"https:\/\/7culture.ci\/#\/schema\/logo\/image\/\",\"url\":\"https:\/\/7culture.ci\/wp-content\/uploads\/2021\/12\/S1a-1.png\",\"contentUrl\":\"https:\/\/7culture.ci\/wp-content\/uploads\/2021\/12\/S1a-1.png\",\"width\":588,\"height\":192,\"caption\":\"7culture\"},\"image\":{\"@id\":\"https:\/\/7culture.ci\/#\/schema\/logo\/image\/\"}},{\"@type\":\"Person\",\"@id\":\"https:\/\/7culture.ci\/#\/schema\/person\/16150d28d7ef66ba788c1f87f28c4426\",\"name\":\"7culture2020\",\"image\":{\"@type\":\"ImageObject\",\"inLanguage\":\"fr-FR\",\"@id\":\"https:\/\/7culture.ci\/#\/schema\/person\/image\/\",\"url\":\"https:\/\/secure.gravatar.com\/avatar\/9a0784f951306c37bcd065f52844ef95?s=96&d=mm&r=g\",\"contentUrl\":\"https:\/\/secure.gravatar.com\/avatar\/9a0784f951306c37bcd065f52844ef95?s=96&d=mm&r=g\",\"caption\":\"7culture2020\"},\"sameAs\":[\"http:\/\/7culture.ci\",\"Claude.kipre\"],\"url\":\"https:\/\/7culture.ci\/index.php\/author\/7culture2020\/\"}]}<\/script>\n<!-- \/ Yoast SEO plugin. -->","yoast_head_json":{"title":"Concert d\u2019Espoir 2000\u00a0: Pat Sako, le d\u00e9fi en solo apr\u00e8s Val\u00e9ry - 7culture","robots":{"index":"index","follow":"follow","max-snippet":"max-snippet:-1","max-image-preview":"max-image-preview:large","max-video-preview":"max-video-preview:-1"},"canonical":"https:\/\/7culture.ci\/index.php\/2025\/04\/02\/concert-despoir-2000-pat-sako-le-defi-en-solo-apres-valery\/","og_locale":"fr_FR","og_type":"article","og_title":"Concert d\u2019Espoir 2000\u00a0: Pat Sako, le d\u00e9fi en solo apr\u00e8s Val\u00e9ry - 7culture","og_description":"Le groupe de zouglou Espoir 2000 organise un concert, le 1er mai 2025, au palais des congr\u00e8s de Sofitel Abidjan H\u00f4tel Ivoire, \u00e0 Cocody. \u00a0C\u2019est Pat Sako, le leader de cette formation musicale, qui a r\u00e9v\u00e9l\u00e9 l\u2019info le mercredi 26 mars dernier au Capitol h\u00f4tel \u00e0 Cocody-Riviera-Golf, au cours d\u2019une conf\u00e9rence de presse. \u00ab C\u2019est &hellip; Concert d\u2019Espoir 2000\u00a0: Pat Sako, le d\u00e9fi en solo apr\u00e8s Val\u00e9ry Lire la suite\u00a0\u00bb","og_url":"https:\/\/7culture.ci\/index.php\/2025\/04\/02\/concert-despoir-2000-pat-sako-le-defi-en-solo-apres-valery\/","og_site_name":"7culture","article_publisher":"https:\/\/www.facebook.com\/redchefclaude","article_published_time":"2025-04-02T09:52:05+00:00","article_modified_time":"2025-04-15T09:07:30+00:00","og_image":[{"width":1280,"height":853,"url":"http:\/\/7culture.ci\/wp-content\/uploads\/2025\/04\/par1.jpg","type":"image\/jpeg"}],"author":"7culture2020","twitter_card":"summary_large_image","twitter_creator":"@7culturec","twitter_site":"@7culturec","twitter_misc":{"\u00c9crit par":"7culture2020","Dur\u00e9e de lecture estim\u00e9e":"1 minute"},"schema":{"@context":"https:\/\/schema.org","@graph":[{"@type":"Article","@id":"https:\/\/7culture.ci\/index.php\/2025\/04\/02\/concert-despoir-2000-pat-sako-le-defi-en-solo-apres-valery\/#article","isPartOf":{"@id":"https:\/\/7culture.ci\/index.php\/2025\/04\/02\/concert-despoir-2000-pat-sako-le-defi-en-solo-apres-valery\/"},"author":{"name":"7culture2020","@id":"https:\/\/7culture.ci\/#\/schema\/person\/16150d28d7ef66ba788c1f87f28c4426"},"headline":"Concert d\u2019Espoir 2000\u00a0: Pat Sako, le d\u00e9fi en solo apr\u00e8s Val\u00e9ry","datePublished":"2025-04-02T09:52:05+00:00","dateModified":"2025-04-15T09:07:30+00:00","mainEntityOfPage":{"@id":"https:\/\/7culture.ci\/index.php\/2025\/04\/02\/concert-despoir-2000-pat-sako-le-defi-en-solo-apres-valery\/"},"wordCount":168,"commentCount":0,"publisher":{"@id":"https:\/\/7culture.ci\/#organization"},"articleSection":["Actualit\u00e9"],"inLanguage":"fr-FR","potentialAction":[{"@type":"CommentAction","name":"Comment","target":["https:\/\/7culture.ci\/index.php\/2025\/04\/02\/concert-despoir-2000-pat-sako-le-defi-en-solo-apres-valery\/#respond"]}]},{"@type":"WebPage","@id":"https:\/\/7culture.ci\/index.php\/2025\/04\/02\/concert-despoir-2000-pat-sako-le-defi-en-solo-apres-valery\/","url":"https:\/\/7culture.ci\/index.php\/2025\/04\/02\/concert-despoir-2000-pat-sako-le-defi-en-solo-apres-valery\/","name":"Concert d\u2019Espoir 2000\u00a0: Pat Sako, le d\u00e9fi en solo apr\u00e8s Val\u00e9ry - 7culture","isPartOf":{"@id":"https:\/\/7culture.ci\/#website"},"datePublished":"2025-04-02T09:52:05+00:00","dateModified":"2025-04-15T09:07:30+00:00","breadcrumb":{"@id":"https:\/\/7culture.ci\/index.php\/2025\/04\/02\/concert-despoir-2000-pat-sako-le-defi-en-solo-apres-valery\/#breadcrumb"},"inLanguage":"fr-FR","potentialAction":[{"@type":"ReadAction","target":["https:\/\/7culture.ci\/index.php\/2025\/04\/02\/concert-despoir-2000-pat-sako-le-defi-en-solo-apres-valery\/"]}]},{"@type":"BreadcrumbList","@id":"https:\/\/7culture.ci\/index.php\/2025\/04\/02\/concert-despoir-2000-pat-sako-le-defi-en-solo-apres-valery\/#breadcrumb","itemListElement":[{"@type":"ListItem","position":1,"name":"Accueil","item":"https:\/\/7culture.ci\/"},{"@type":"ListItem","position":2,"name":"Concert d\u2019Espoir 2000\u00a0: Pat Sako, le d\u00e9fi en solo apr\u00e8s Val\u00e9ry"}]},{"@type":"WebSite","@id":"https:\/\/7culture.ci\/#website","url":"https:\/\/7culture.ci\/","name":"7culture","description":"Tout sur l&#039;actualit\u00e9","publisher":{"@id":"https:\/\/7culture.ci\/#organization"},"potentialAction":[{"@type":"SearchAction","target":{"@type":"EntryPoint","urlTemplate":"https:\/\/7culture.ci\/?s={search_term_string}"},"query-input":"required name=search_term_string"}],"inLanguage":"fr-FR"},{"@type":"Organization","@id":"https:\/\/7culture.ci\/#organization","name":"7culture","url":"https:\/\/7culture.ci\/","sameAs":["https:\/\/www.facebook.com\/redchefclaude","https:\/\/twitter.com\/7culturec"],"logo":{"@type":"ImageObject","inLanguage":"fr-FR","@id":"https:\/\/7culture.ci\/#\/schema\/logo\/image\/","url":"https:\/\/7culture.ci\/wp-content\/uploads\/2021\/12\/S1a-1.png","contentUrl":"https:\/\/7culture.ci\/wp-content\/uploads\/2021\/12\/S1a-1.png","width":588,"height":192,"caption":"7culture"},"image":{"@id":"https:\/\/7culture.ci\/#\/schema\/logo\/image\/"}},{"@type":"Person","@id":"https:\/\/7culture.ci\/#\/schema\/person\/16150d28d7ef66ba788c1f87f28c4426","name":"7culture2020","image":{"@type":"ImageObject","inLanguage":"fr-FR","@id":"https:\/\/7culture.ci\/#\/schema\/person\/image\/","url":"https:\/\/secure.gravatar.com\/avatar\/9a0784f951306c37bcd065f52844ef95?s=96&d=mm&r=g","contentUrl":"https:\/\/secure.gravatar.com\/avatar\/9a0784f951306c37bcd065f52844ef95?s=96&d=mm&r=g","caption":"7culture2020"},"sameAs":["http:\/\/7culture.ci","Claude.kipre"],"url":"https:\/\/7culture.ci\/index.php\/author\/7culture2020\/"}]}},"jetpack_featured_media_url":"https:\/\/7culture.ci\/wp-content\/uploads\/2025\/04\/par1.jpg","jetpack_likes_enabled":true,"jetpack_sharing_enabled":true,"_links":{"self":[{"href":"https:\/\/7culture.ci\/index.php\/wp-json\/wp\/v2\/posts\/26790"}],"collection":[{"href":"https:\/\/7culture.ci\/index.php\/wp-json\/wp\/v2\/posts"}],"about":[{"href":"https:\/\/7culture.ci\/index.php\/wp-json\/wp\/v2\/types\/post"}],"author":[{"embeddable":true,"href":"https:\/\/7culture.ci\/index.php\/wp-json\/wp\/v2\/users\/1"}],"replies":[{"embeddable":true,"href":"https:\/\/7culture.ci\/index.php\/wp-json\/wp\/v2\/comments?post=26790"}],"version-history":[{"count":1,"href":"https:\/\/7culture.ci\/index.php\/wp-json\/wp\/v2\/posts\/26790\/revisions"}],"predecessor-version":[{"id":26795,"href":"https:\/\/7culture.ci\/index.php\/wp-json\/wp\/v2\/posts\/26790\/revisions\/26795"}],"wp:featuredmedia":[{"embeddable":true,"href":"https:\/\/7culture.ci\/index.php\/wp-json\/wp\/v2\/media\/26792"}],"wp:attachment":[{"href":"https:\/\/7culture.ci\/index.php\/wp-json\/wp\/v2\/media?parent=26790"}],"wp:term":[{"taxonomy":"category","embeddable":true,"href":"https:\/\/7culture.ci\/index.php\/wp-json\/wp\/v2\/categories?post=26790"},{"taxonomy":"post_tag","embeddable":true,"href":"https:\/\/7culture.ci\/index.php\/wp-json\/wp\/v2\/tags?post=26790"}],"curies":[{"name":"wp","href":"https:\/\/api.w.org\/{rel}","templated":true}]}}