{"id":26782,"date":"2025-03-22T16:00:26","date_gmt":"2025-03-22T16:00:26","guid":{"rendered":"https:\/\/7culture.ci\/?p=26782"},"modified":"2025-04-02T09:53:22","modified_gmt":"2025-04-02T09:53:22","slug":"deuil-george-foreman-legende-de-la-boxe-est-mort-a-76-ans","status":"publish","type":"post","link":"https:\/\/7culture.ci\/index.php\/2025\/03\/22\/deuil-george-foreman-legende-de-la-boxe-est-mort-a-76-ans\/","title":{"rendered":"Deuil\u00a0: George Foreman, l\u00e9gende de la boxe, est mort \u00e0 76 ans"},"content":{"rendered":"\n<p>L\u2019Am\u00e9ricain George Foreman, ancien adversaire de Mohamed Ali lors du mythique combat \u00ab Rumble in the Jungle \u00bb en 1974 \u00e0 Kinshasa, est mort \u00e0 76 ans. Champion du monde et olympique des poids lourds, il a remport\u00e9 76 de ses 81 combats chez les professionnels.<\/p>\n\n\n\n<p>Le boxeur am\u00e9ricain George Foreman, l\u00e9gende des poids lourds, est mort \u00e0 76 ans, a annonc\u00e9 sa famille vendredi.<\/p>\n\n\n\n<figure class=\"wp-block-image aligncenter size-full is-resized\"><img loading=\"lazy\" decoding=\"async\" width=\"720\" height=\"907\" src=\"https:\/\/7culture.ci\/wp-content\/uploads\/2025\/03\/George2.jpg\" alt=\"\" class=\"wp-image-26785\" style=\"width:467px;height:auto\" srcset=\"https:\/\/7culture.ci\/wp-content\/uploads\/2025\/03\/George2.jpg 720w, https:\/\/7culture.ci\/wp-content\/uploads\/2025\/03\/George2-238x300.jpg 238w\" sizes=\"(max-width: 720px) 100vw, 720px\" \/><\/figure>\n\n\n\n<p>Foreman, ancien champion du monde, \u00e9tait entr\u00e9 dans l\u2019histoire de la boxe suite \u00e0 sa d\u00e9faite face \u00e0 Mohamed Ali lors du mythique combat \u00ab Rumble in the Jungle \u00bb en 1974 \u00e0 Kinshasa.<\/p>\n\n\n\n<p>\u00c0 l\u2019annonce de son d\u00e9c\u00e8s, de nombreuses personnalit\u00e9s lui ont rendu hommage, dont Mike Tyson, une autre l\u00e9gende du noble art.<\/p>\n\n\n\n<p>Dans le fameux \u00ab combat dans la jungle \u00bb du 30 octobre 1974 \u00e0 Kinshasa, affrontement mythique qui consacra la renaissance de Mohamed Ali alors \u00e2g\u00e9 de 32 ans, Foreman, qui lui en rendait sept, joua le r\u00f4le du m\u00e9chant. Et du perdant.<\/p>\n\n\n\n<figure class=\"wp-block-image size-full\"><img loading=\"lazy\" decoding=\"async\" width=\"720\" height=\"570\" src=\"https:\/\/7culture.ci\/wp-content\/uploads\/2025\/03\/George3.jpg\" alt=\"\" class=\"wp-image-26786\" srcset=\"https:\/\/7culture.ci\/wp-content\/uploads\/2025\/03\/George3.jpg 720w, https:\/\/7culture.ci\/wp-content\/uploads\/2025\/03\/George3-300x238.jpg 300w\" sizes=\"(max-width: 720px) 100vw, 720px\" \/><\/figure>\n\n\n\n<p>\u00ab <strong><em>\u00c7a a an\u00e9anti ma vie, de haut en bas. Je n\u2019arrivais m\u00eame plus \u00e0 dormir, je pensais que je n\u2019\u00e9tais m\u00eame plus un homme<\/em><\/strong> \u00bb, confiait-il encore tr\u00e8s marqu\u00e9 bien des ann\u00e9es apr\u00e8s. <\/p>\n\n\n\n<figure class=\"wp-block-image aligncenter size-full\"><img loading=\"lazy\" decoding=\"async\" width=\"458\" height=\"670\" src=\"https:\/\/7culture.ci\/wp-content\/uploads\/2025\/03\/George4.jpg\" alt=\"\" class=\"wp-image-26787\" srcset=\"https:\/\/7culture.ci\/wp-content\/uploads\/2025\/03\/George4.jpg 458w, https:\/\/7culture.ci\/wp-content\/uploads\/2025\/03\/George4-205x300.jpg 205w\" sizes=\"(max-width: 458px) 100vw, 458px\" \/><\/figure>\n\n\n\n<p>La suite <a href=\"https:\/\/www.ouest-france.fr\/sport\/boxe\/george-foreman-legende-de-la-boxe-est-mort-a-76-ans-3d3dda4e-06c3-11f0-b36c-40f949dc6455\">https:\/\/www.ouest-france.fr\/sport\/boxe\/george-foreman-legende-de-la-boxe-est-mort-a-76-ans-3d3dda4e-06c3-11f0-b36c-40f949dc6455<\/a><\/p>\n","protected":false},"excerpt":{"rendered":"<p>L\u2019Am\u00e9ricain George Foreman, ancien adversaire de Mohamed Ali lors du mythique combat \u00ab Rumble in the Jungle \u00bb en 1974 \u00e0 Kinshasa, est mort \u00e0 76 ans. Champion du monde et olympique des poids lourds, il a remport\u00e9 76 de ses 81 combats chez les professionnels. Le boxeur am\u00e9ricain George Foreman, l\u00e9gende des poids lourds, &hellip;<\/p>\n<p class=\"read-more\"> <a class=\"\" href=\"https:\/\/7culture.ci\/index.php\/2025\/03\/22\/deuil-george-foreman-legende-de-la-boxe-est-mort-a-76-ans\/\"> <span class=\"screen-reader-text\">Deuil\u00a0: George Foreman, l\u00e9gende de la boxe, est mort \u00e0 76 ans<\/span> Lire la suite\u00a0\u00bb<\/a><\/p>\n","protected":false},"author":1,"featured_media":26784,"comment_status":"open","ping_status":"open","sticky":false,"template":"","format":"standard","meta":{"_mi_skip_tracking":false,"_monsterinsights_sitenote_active":false,"_monsterinsights_sitenote_note":"","_monsterinsights_sitenote_category":0,"site-sidebar-layout":"default","site-content-layout":"default","ast-global-header-display":"","ast-main-header-display":"","ast-hfb-above-header-display":"","ast-hfb-below-header-display":"","ast-hfb-mobile-header-display":"","site-post-title":"","ast-breadcrumbs-content":"","ast-featured-img":"","footer-sml-layout":"","theme-transparent-header-meta":"","adv-header-id-meta":"","stick-header-meta":"","header-above-stick-meta":"","header-main-stick-meta":"","header-below-stick-meta":"","footnotes":"","jetpack_publicize_message":"","jetpack_is_tweetstorm":false,"jetpack_publicize_feature_enabled":true},"categories":[22],"tags":[],"jetpack_publicize_connections":[],"acf":[],"aioseo_notices":[],"yoast_head":"<!-- This site is optimized with the Yoast SEO plugin v19.6.1 - https:\/\/yoast.com\/wordpress\/plugins\/seo\/ -->\n<title>Deuil\u00a0: George Foreman, l\u00e9gende de la boxe, est mort \u00e0 76 ans - 7culture<\/title>\n<meta name=\"robots\" content=\"index, follow, max-snippet:-1, max-image-preview:large, max-video-preview:-1\" \/>\n<link rel=\"canonical\" href=\"https:\/\/7culture.ci\/index.php\/2025\/03\/22\/deuil-george-foreman-legende-de-la-boxe-est-mort-a-76-ans\/\" \/>\n<meta property=\"og:locale\" content=\"fr_FR\" \/>\n<meta property=\"og:type\" content=\"article\" \/>\n<meta property=\"og:title\" content=\"Deuil\u00a0: George Foreman, l\u00e9gende de la boxe, est mort \u00e0 76 ans - 7culture\" \/>\n<meta property=\"og:description\" content=\"L\u2019Am\u00e9ricain George Foreman, ancien adversaire de Mohamed Ali lors du mythique combat \u00ab Rumble in the Jungle \u00bb en 1974 \u00e0 Kinshasa, est mort \u00e0 76 ans. Champion du monde et olympique des poids lourds, il a remport\u00e9 76 de ses 81 combats chez les professionnels. Le boxeur am\u00e9ricain George Foreman, l\u00e9gende des poids lourds, &hellip; Deuil\u00a0: George Foreman, l\u00e9gende de la boxe, est mort \u00e0 76 ans Lire la suite\u00a0\u00bb\" \/>\n<meta property=\"og:url\" content=\"https:\/\/7culture.ci\/index.php\/2025\/03\/22\/deuil-george-foreman-legende-de-la-boxe-est-mort-a-76-ans\/\" \/>\n<meta property=\"og:site_name\" content=\"7culture\" \/>\n<meta property=\"article:publisher\" content=\"https:\/\/www.facebook.com\/redchefclaude\" \/>\n<meta property=\"article:published_time\" content=\"2025-03-22T16:00:26+00:00\" \/>\n<meta property=\"article:modified_time\" content=\"2025-04-02T09:53:22+00:00\" \/>\n<meta property=\"og:image\" content=\"http:\/\/7culture.ci\/wp-content\/uploads\/2025\/03\/George1.jpg\" \/>\n\t<meta property=\"og:image:width\" content=\"1280\" \/>\n\t<meta property=\"og:image:height\" content=\"720\" \/>\n\t<meta property=\"og:image:type\" content=\"image\/jpeg\" \/>\n<meta name=\"author\" content=\"7culture2020\" \/>\n<meta name=\"twitter:card\" content=\"summary_large_image\" \/>\n<meta name=\"twitter:creator\" content=\"@7culturec\" \/>\n<meta name=\"twitter:site\" content=\"@7culturec\" \/>\n<meta name=\"twitter:label1\" content=\"\u00c9crit par\" \/>\n\t<meta name=\"twitter:data1\" content=\"7culture2020\" \/>\n\t<meta name=\"twitter:label2\" content=\"Dur\u00e9e de lecture estim\u00e9e\" \/>\n\t<meta name=\"twitter:data2\" content=\"1 minute\" \/>\n<script type=\"application\/ld+json\" class=\"yoast-schema-graph\">{\"@context\":\"https:\/\/schema.org\",\"@graph\":[{\"@type\":\"Article\",\"@id\":\"https:\/\/7culture.ci\/index.php\/2025\/03\/22\/deuil-george-foreman-legende-de-la-boxe-est-mort-a-76-ans\/#article\",\"isPartOf\":{\"@id\":\"https:\/\/7culture.ci\/index.php\/2025\/03\/22\/deuil-george-foreman-legende-de-la-boxe-est-mort-a-76-ans\/\"},\"author\":{\"name\":\"7culture2020\",\"@id\":\"https:\/\/7culture.ci\/#\/schema\/person\/16150d28d7ef66ba788c1f87f28c4426\"},\"headline\":\"Deuil\u00a0: George Foreman, l\u00e9gende de la boxe, est mort \u00e0 76 ans\",\"datePublished\":\"2025-03-22T16:00:26+00:00\",\"dateModified\":\"2025-04-02T09:53:22+00:00\",\"mainEntityOfPage\":{\"@id\":\"https:\/\/7culture.ci\/index.php\/2025\/03\/22\/deuil-george-foreman-legende-de-la-boxe-est-mort-a-76-ans\/\"},\"wordCount\":223,\"commentCount\":0,\"publisher\":{\"@id\":\"https:\/\/7culture.ci\/#organization\"},\"articleSection\":[\"Actualit\u00e9\"],\"inLanguage\":\"fr-FR\",\"potentialAction\":[{\"@type\":\"CommentAction\",\"name\":\"Comment\",\"target\":[\"https:\/\/7culture.ci\/index.php\/2025\/03\/22\/deuil-george-foreman-legende-de-la-boxe-est-mort-a-76-ans\/#respond\"]}]},{\"@type\":\"WebPage\",\"@id\":\"https:\/\/7culture.ci\/index.php\/2025\/03\/22\/deuil-george-foreman-legende-de-la-boxe-est-mort-a-76-ans\/\",\"url\":\"https:\/\/7culture.ci\/index.php\/2025\/03\/22\/deuil-george-foreman-legende-de-la-boxe-est-mort-a-76-ans\/\",\"name\":\"Deuil\u00a0: George Foreman, l\u00e9gende de la boxe, est mort \u00e0 76 ans - 7culture\",\"isPartOf\":{\"@id\":\"https:\/\/7culture.ci\/#website\"},\"datePublished\":\"2025-03-22T16:00:26+00:00\",\"dateModified\":\"2025-04-02T09:53:22+00:00\",\"breadcrumb\":{\"@id\":\"https:\/\/7culture.ci\/index.php\/2025\/03\/22\/deuil-george-foreman-legende-de-la-boxe-est-mort-a-76-ans\/#breadcrumb\"},\"inLanguage\":\"fr-FR\",\"potentialAction\":[{\"@type\":\"ReadAction\",\"target\":[\"https:\/\/7culture.ci\/index.php\/2025\/03\/22\/deuil-george-foreman-legende-de-la-boxe-est-mort-a-76-ans\/\"]}]},{\"@type\":\"BreadcrumbList\",\"@id\":\"https:\/\/7culture.ci\/index.php\/2025\/03\/22\/deuil-george-foreman-legende-de-la-boxe-est-mort-a-76-ans\/#breadcrumb\",\"itemListElement\":[{\"@type\":\"ListItem\",\"position\":1,\"name\":\"Accueil\",\"item\":\"https:\/\/7culture.ci\/\"},{\"@type\":\"ListItem\",\"position\":2,\"name\":\"Deuil\u00a0: George Foreman, l\u00e9gende de la boxe, est mort \u00e0 76 ans\"}]},{\"@type\":\"WebSite\",\"@id\":\"https:\/\/7culture.ci\/#website\",\"url\":\"https:\/\/7culture.ci\/\",\"name\":\"7culture\",\"description\":\"Tout sur l&#039;actualit\u00e9\",\"publisher\":{\"@id\":\"https:\/\/7culture.ci\/#organization\"},\"potentialAction\":[{\"@type\":\"SearchAction\",\"target\":{\"@type\":\"EntryPoint\",\"urlTemplate\":\"https:\/\/7culture.ci\/?s={search_term_string}\"},\"query-input\":\"required name=search_term_string\"}],\"inLanguage\":\"fr-FR\"},{\"@type\":\"Organization\",\"@id\":\"https:\/\/7culture.ci\/#organization\",\"name\":\"7culture\",\"url\":\"https:\/\/7culture.ci\/\",\"sameAs\":[\"https:\/\/www.facebook.com\/redchefclaude\",\"https:\/\/twitter.com\/7culturec\"],\"logo\":{\"@type\":\"ImageObject\",\"inLanguage\":\"fr-FR\",\"@id\":\"https:\/\/7culture.ci\/#\/schema\/logo\/image\/\",\"url\":\"https:\/\/7culture.ci\/wp-content\/uploads\/2021\/12\/S1a-1.png\",\"contentUrl\":\"https:\/\/7culture.ci\/wp-content\/uploads\/2021\/12\/S1a-1.png\",\"width\":588,\"height\":192,\"caption\":\"7culture\"},\"image\":{\"@id\":\"https:\/\/7culture.ci\/#\/schema\/logo\/image\/\"}},{\"@type\":\"Person\",\"@id\":\"https:\/\/7culture.ci\/#\/schema\/person\/16150d28d7ef66ba788c1f87f28c4426\",\"name\":\"7culture2020\",\"image\":{\"@type\":\"ImageObject\",\"inLanguage\":\"fr-FR\",\"@id\":\"https:\/\/7culture.ci\/#\/schema\/person\/image\/\",\"url\":\"https:\/\/secure.gravatar.com\/avatar\/9a0784f951306c37bcd065f52844ef95?s=96&d=mm&r=g\",\"contentUrl\":\"https:\/\/secure.gravatar.com\/avatar\/9a0784f951306c37bcd065f52844ef95?s=96&d=mm&r=g\",\"caption\":\"7culture2020\"},\"sameAs\":[\"http:\/\/7culture.ci\",\"Claude.kipre\"],\"url\":\"https:\/\/7culture.ci\/index.php\/author\/7culture2020\/\"}]}<\/script>\n<!-- \/ Yoast SEO plugin. -->","yoast_head_json":{"title":"Deuil\u00a0: George Foreman, l\u00e9gende de la boxe, est mort \u00e0 76 ans - 7culture","robots":{"index":"index","follow":"follow","max-snippet":"max-snippet:-1","max-image-preview":"max-image-preview:large","max-video-preview":"max-video-preview:-1"},"canonical":"https:\/\/7culture.ci\/index.php\/2025\/03\/22\/deuil-george-foreman-legende-de-la-boxe-est-mort-a-76-ans\/","og_locale":"fr_FR","og_type":"article","og_title":"Deuil\u00a0: George Foreman, l\u00e9gende de la boxe, est mort \u00e0 76 ans - 7culture","og_description":"L\u2019Am\u00e9ricain George Foreman, ancien adversaire de Mohamed Ali lors du mythique combat \u00ab Rumble in the Jungle \u00bb en 1974 \u00e0 Kinshasa, est mort \u00e0 76 ans. Champion du monde et olympique des poids lourds, il a remport\u00e9 76 de ses 81 combats chez les professionnels. Le boxeur am\u00e9ricain George Foreman, l\u00e9gende des poids lourds, &hellip; Deuil\u00a0: George Foreman, l\u00e9gende de la boxe, est mort \u00e0 76 ans Lire la suite\u00a0\u00bb","og_url":"https:\/\/7culture.ci\/index.php\/2025\/03\/22\/deuil-george-foreman-legende-de-la-boxe-est-mort-a-76-ans\/","og_site_name":"7culture","article_publisher":"https:\/\/www.facebook.com\/redchefclaude","article_published_time":"2025-03-22T16:00:26+00:00","article_modified_time":"2025-04-02T09:53:22+00:00","og_image":[{"width":1280,"height":720,"url":"http:\/\/7culture.ci\/wp-content\/uploads\/2025\/03\/George1.jpg","type":"image\/jpeg"}],"author":"7culture2020","twitter_card":"summary_large_image","twitter_creator":"@7culturec","twitter_site":"@7culturec","twitter_misc":{"\u00c9crit par":"7culture2020","Dur\u00e9e de lecture estim\u00e9e":"1 minute"},"schema":{"@context":"https:\/\/schema.org","@graph":[{"@type":"Article","@id":"https:\/\/7culture.ci\/index.php\/2025\/03\/22\/deuil-george-foreman-legende-de-la-boxe-est-mort-a-76-ans\/#article","isPartOf":{"@id":"https:\/\/7culture.ci\/index.php\/2025\/03\/22\/deuil-george-foreman-legende-de-la-boxe-est-mort-a-76-ans\/"},"author":{"name":"7culture2020","@id":"https:\/\/7culture.ci\/#\/schema\/person\/16150d28d7ef66ba788c1f87f28c4426"},"headline":"Deuil\u00a0: George Foreman, l\u00e9gende de la boxe, est mort \u00e0 76 ans","datePublished":"2025-03-22T16:00:26+00:00","dateModified":"2025-04-02T09:53:22+00:00","mainEntityOfPage":{"@id":"https:\/\/7culture.ci\/index.php\/2025\/03\/22\/deuil-george-foreman-legende-de-la-boxe-est-mort-a-76-ans\/"},"wordCount":223,"commentCount":0,"publisher":{"@id":"https:\/\/7culture.ci\/#organization"},"articleSection":["Actualit\u00e9"],"inLanguage":"fr-FR","potentialAction":[{"@type":"CommentAction","name":"Comment","target":["https:\/\/7culture.ci\/index.php\/2025\/03\/22\/deuil-george-foreman-legende-de-la-boxe-est-mort-a-76-ans\/#respond"]}]},{"@type":"WebPage","@id":"https:\/\/7culture.ci\/index.php\/2025\/03\/22\/deuil-george-foreman-legende-de-la-boxe-est-mort-a-76-ans\/","url":"https:\/\/7culture.ci\/index.php\/2025\/03\/22\/deuil-george-foreman-legende-de-la-boxe-est-mort-a-76-ans\/","name":"Deuil\u00a0: George Foreman, l\u00e9gende de la boxe, est mort \u00e0 76 ans - 7culture","isPartOf":{"@id":"https:\/\/7culture.ci\/#website"},"datePublished":"2025-03-22T16:00:26+00:00","dateModified":"2025-04-02T09:53:22+00:00","breadcrumb":{"@id":"https:\/\/7culture.ci\/index.php\/2025\/03\/22\/deuil-george-foreman-legende-de-la-boxe-est-mort-a-76-ans\/#breadcrumb"},"inLanguage":"fr-FR","potentialAction":[{"@type":"ReadAction","target":["https:\/\/7culture.ci\/index.php\/2025\/03\/22\/deuil-george-foreman-legende-de-la-boxe-est-mort-a-76-ans\/"]}]},{"@type":"BreadcrumbList","@id":"https:\/\/7culture.ci\/index.php\/2025\/03\/22\/deuil-george-foreman-legende-de-la-boxe-est-mort-a-76-ans\/#breadcrumb","itemListElement":[{"@type":"ListItem","position":1,"name":"Accueil","item":"https:\/\/7culture.ci\/"},{"@type":"ListItem","position":2,"name":"Deuil\u00a0: George Foreman, l\u00e9gende de la boxe, est mort \u00e0 76 ans"}]},{"@type":"WebSite","@id":"https:\/\/7culture.ci\/#website","url":"https:\/\/7culture.ci\/","name":"7culture","description":"Tout sur l&#039;actualit\u00e9","publisher":{"@id":"https:\/\/7culture.ci\/#organization"},"potentialAction":[{"@type":"SearchAction","target":{"@type":"EntryPoint","urlTemplate":"https:\/\/7culture.ci\/?s={search_term_string}"},"query-input":"required name=search_term_string"}],"inLanguage":"fr-FR"},{"@type":"Organization","@id":"https:\/\/7culture.ci\/#organization","name":"7culture","url":"https:\/\/7culture.ci\/","sameAs":["https:\/\/www.facebook.com\/redchefclaude","https:\/\/twitter.com\/7culturec"],"logo":{"@type":"ImageObject","inLanguage":"fr-FR","@id":"https:\/\/7culture.ci\/#\/schema\/logo\/image\/","url":"https:\/\/7culture.ci\/wp-content\/uploads\/2021\/12\/S1a-1.png","contentUrl":"https:\/\/7culture.ci\/wp-content\/uploads\/2021\/12\/S1a-1.png","width":588,"height":192,"caption":"7culture"},"image":{"@id":"https:\/\/7culture.ci\/#\/schema\/logo\/image\/"}},{"@type":"Person","@id":"https:\/\/7culture.ci\/#\/schema\/person\/16150d28d7ef66ba788c1f87f28c4426","name":"7culture2020","image":{"@type":"ImageObject","inLanguage":"fr-FR","@id":"https:\/\/7culture.ci\/#\/schema\/person\/image\/","url":"https:\/\/secure.gravatar.com\/avatar\/9a0784f951306c37bcd065f52844ef95?s=96&d=mm&r=g","contentUrl":"https:\/\/secure.gravatar.com\/avatar\/9a0784f951306c37bcd065f52844ef95?s=96&d=mm&r=g","caption":"7culture2020"},"sameAs":["http:\/\/7culture.ci","Claude.kipre"],"url":"https:\/\/7culture.ci\/index.php\/author\/7culture2020\/"}]}},"jetpack_featured_media_url":"https:\/\/7culture.ci\/wp-content\/uploads\/2025\/03\/George1.jpg","jetpack_likes_enabled":true,"jetpack_sharing_enabled":true,"_links":{"self":[{"href":"https:\/\/7culture.ci\/index.php\/wp-json\/wp\/v2\/posts\/26782"}],"collection":[{"href":"https:\/\/7culture.ci\/index.php\/wp-json\/wp\/v2\/posts"}],"about":[{"href":"https:\/\/7culture.ci\/index.php\/wp-json\/wp\/v2\/types\/post"}],"author":[{"embeddable":true,"href":"https:\/\/7culture.ci\/index.php\/wp-json\/wp\/v2\/users\/1"}],"replies":[{"embeddable":true,"href":"https:\/\/7culture.ci\/index.php\/wp-json\/wp\/v2\/comments?post=26782"}],"version-history":[{"count":1,"href":"https:\/\/7culture.ci\/index.php\/wp-json\/wp\/v2\/posts\/26782\/revisions"}],"predecessor-version":[{"id":26788,"href":"https:\/\/7culture.ci\/index.php\/wp-json\/wp\/v2\/posts\/26782\/revisions\/26788"}],"wp:featuredmedia":[{"embeddable":true,"href":"https:\/\/7culture.ci\/index.php\/wp-json\/wp\/v2\/media\/26784"}],"wp:attachment":[{"href":"https:\/\/7culture.ci\/index.php\/wp-json\/wp\/v2\/media?parent=26782"}],"wp:term":[{"taxonomy":"category","embeddable":true,"href":"https:\/\/7culture.ci\/index.php\/wp-json\/wp\/v2\/categories?post=26782"},{"taxonomy":"post_tag","embeddable":true,"href":"https:\/\/7culture.ci\/index.php\/wp-json\/wp\/v2\/tags?post=26782"}],"curies":[{"name":"wp","href":"https:\/\/api.w.org\/{rel}","templated":true}]}}